{"id":336,"date":"2006-12-01T08:42:27","date_gmt":"2006-12-01T14:42:27","guid":{"rendered":"http:\/\/quechilero.com\/blog\/2006\/12\/01\/el-saber-valorar\/"},"modified":"2006-12-01T08:42:27","modified_gmt":"2006-12-01T14:42:27","slug":"el-saber-valorar","status":"publish","type":"post","link":"https:\/\/quechilero.com\/blog\/2006\/12\/01\/el-saber-valorar\/","title":{"rendered":"El saber valorar"},"content":{"rendered":"<p>Sabes que lo tienes todo, o por lo menos eso crees, piensas que eres feliz,  \u00bfpero c\u00f3mo?<\/p>\n<p>No sabemos reconocer el verdadero valor de las cosas. S\u00f3lo preg\u00fantale a un  viudo tras la p\u00e9rdida de su esposa cu\u00e1nto la extra\u00f1a; o al peque\u00f1o hu\u00e9rfano que  est\u00e1 en la calle cu\u00e1nto vale el calor de un hogar; o a ti mismo preg\u00fantate si  vale la pena cambiar el amor y la verdadera felicidad por una vida sin  sabor.<\/p>\n<p>\u00bfPor qu\u00e9 no nos damos tiempo para amar? No lamentemos luego lo que se  derram\u00f3. Sabemos que Dios est\u00e1 sobre todas las cosas, pero lo vemos tan grande  que creemos que \u00c9l no se ocupa de nosotros, o lo vemos tan peque\u00f1o que pensamos,  \u00abMa\u00f1ana me ocupar\u00e9 de \u00c9l\u00bb&#8230; y ese ma\u00f1ana, nunca llega.<\/p>\n<p>No esperes ver a Dios en un trono, con una t\u00fanica de oro, o en el m\u00e1s famoso  hotel de la ciudad; m\u00e1s bien, puedes verlo en ese peque\u00f1o hu\u00e9rfano, o en el  viudo que necesita aliento y compa\u00f1\u00eda.<\/p>\n<p>D\u00e9monos tiempo para lo que en realidad vale, aprendamos a darle un verdadero  valor a las cosas que en realidad dan la felicidad, recuerda que nuestro Padre  nos hace ver, que en cada uno de esos peque\u00f1itos est\u00e1 \u00c9l.<\/p>\n","protected":false},"excerpt":{"rendered":"<p>Sabes que lo tienes todo, o por lo menos eso crees, piensas que eres feliz, \u00bfpero c\u00f3mo? No sabemos reconocer el verdadero valor de las cosas. S\u00f3lo preg\u00fantale a un viudo tras la p\u00e9rdida de su esposa cu\u00e1nto la extra\u00f1a; o al peque\u00f1o hu\u00e9rfano que est\u00e1 en la calle cu\u00e1nto vale el calor de un &#8230; <a title=\"El saber valorar\" class=\"read-more\" href=\"https:\/\/quechilero.com\/blog\/2006\/12\/01\/el-saber-valorar\/\" aria-label=\"Leer m\u00e1s sobre El saber valorar\">Leer m\u00e1s<\/a><\/p>\n","protected":false},"author":1,"featured_media":0,"comment_status":"open","ping_status":"open","sticky":false,"template":"","format":"standard","meta":{"advanced_seo_description":"","jetpack_seo_html_title":"","jetpack_seo_noindex":false,"jetpack_seo_schema_type":"","episode_type":"","audio_file":"","podmotor_file_id":"","podmotor_episode_id":"","cover_image":"","cover_image_id":"","duration":"","filesize":"","filesize_raw":"","date_recorded":"","explicit":"","block":"","_jetpack_newsletter_access":"","_jetpack_dont_email_post_to_subs":false,"_jetpack_newsletter_tier_id":0,"_jetpack_memberships_contains_paywalled_content":false,"_jetpack_feature_clip_id":0,"_jetpack_memberships_contains_paid_content":false,"footnotes":"","jetpack_publicize_message":"","jetpack_publicize_feature_enabled":true,"jetpack_social_post_already_shared":false,"jetpack_social_options":{"image_generator_settings":{"template":"highway","default_image_id":0,"font":"","enabled":false},"version":2},"jetpack_post_was_ever_published":false},"categories":[2],"tags":[15,12,51,46,5,41,24],"series":[],"class_list":["post-336","post","type-post","status-publish","format-standard","hentry","category-limones","tag-amor","tag-cosas","tag-dios","tag-feliz","tag-tiempo","tag-verdad","tag-vida"],"episode_featured_image":false,"episode_player_image":"https:\/\/i0.wp.com\/quechilero.com\/blog\/imagenes\/podcast.png?fit=1831%2C1831&ssl=1","download_link":"","player_link":"","audio_player":false,"episode_data":{"playerMode":"dark","subscribeUrls":{"amazon":{"key":"amazon","url":"","label":"Amazon","class":"amazon","icon":"amazon.png"},"apple_podcasts":{"key":"apple_podcasts","url":"","label":"Apple Podcasts","class":"apple_podcasts","icon":"apple-podcasts.png"},"castbox":{"key":"castbox","url":"","label":"CastBox","class":"castbox","icon":"castbox.png"},"deezer":{"key":"deezer","url":"","label":"Deezer","class":"deezer","icon":"deezer.png"},"google_podcasts":{"key":"google_podcasts","url":"","label":"Google Podcasts","class":"google_podcasts","icon":"google-podcasts.png"},"listen_notes":{"key":"listen_notes","url":"","label":"Listen Notes","class":"listen_notes","icon":"listen-notes.png"},"pandora":{"key":"pandora","url":"","label":"Pandora","class":"pandora","icon":"pandora.png"},"podbean":{"key":"podbean","url":"","label":"Podbean","class":"podbean","icon":"podbean.png"},"podcast_republic":{"key":"podcast_republic","url":"","label":"Podcast Republic","class":"podcast_republic","icon":"podcast-republic.png"},"rss":{"key":"rss","url":"","label":"RSS","class":"rss","icon":"rss.png"},"spotify":{"key":"spotify","url":"","label":"Spotify","class":"spotify","icon":"spotify.png"},"stitcher":{"key":"stitcher","url":"","label":"Stitcher","class":"stitcher","icon":"stitcher.png"},"tunein":{"key":"tunein","url":"","label":"TuneIn","class":"tunein","icon":"tunein.png"},"youtube":{"key":"youtube","url":"","label":"YouTube","class":"youtube","icon":"youtube.png"},"iheartradio":{"key":"iheartradio","url":"","label":"iHeartRadio","class":"iheartradio","icon":"iheartradio.png"},"ivoox":{"key":"ivoox","url":"","label":"iVoox","class":"ivoox","icon":"ivoox.png"}},"rssFeedUrl":"https:\/\/quechilero.com\/blog\/feed\/podcast\/si-la-vida-nos-da-limones","embedCode":"<blockquote class=\"wp-embedded-content\" data-secret=\"te5GRBo4nJ\"><a href=\"https:\/\/quechilero.com\/blog\/2006\/12\/01\/el-saber-valorar\/\">El saber valorar<\/a><\/blockquote><iframe sandbox=\"allow-scripts\" security=\"restricted\" src=\"https:\/\/quechilero.com\/blog\/2006\/12\/01\/el-saber-valorar\/embed\/#?secret=te5GRBo4nJ\" width=\"500\" height=\"350\" title=\"\u00abEl saber valorar\u00bb \u2014 Si la Vida nos da Limones...\" data-secret=\"te5GRBo4nJ\" frameborder=\"0\" marginwidth=\"0\" marginheight=\"0\" scrolling=\"no\" class=\"wp-embedded-content\"><\/iframe><script>\n\/*! This file is auto-generated *\/\n!function(d,l){\"use strict\";l.querySelector&&d.addEventListener&&\"undefined\"!=typeof URL&&(d.wp=d.wp||{},d.wp.receiveEmbedMessage||(d.wp.receiveEmbedMessage=function(e){var t=e.data;if((t||t.secret||t.message||t.value)&&!\/[^a-zA-Z0-9]\/.test(t.secret)){for(var s,r,n,a=l.querySelectorAll('iframe[data-secret=\"'+t.secret+'\"]'),o=l.querySelectorAll('blockquote[data-secret=\"'+t.secret+'\"]'),c=new RegExp(\"^https?:$\",\"i\"),i=0;i<o.length;i++)o[i].style.display=\"none\";for(i=0;i<a.length;i++)s=a[i],e.source===s.contentWindow&&(s.removeAttribute(\"style\"),\"height\"===t.message?(1e3<(r=parseInt(t.value,10))?r=1e3:~~r<200&&(r=200),s.height=r):\"link\"===t.message&&(r=new URL(s.getAttribute(\"src\")),n=new URL(t.value),c.test(n.protocol))&&n.host===r.host&&l.activeElement===s&&(d.top.location.href=t.value))}},d.addEventListener(\"message\",d.wp.receiveEmbedMessage,!1),l.addEventListener(\"DOMContentLoaded\",function(){for(var e,t,s=l.querySelectorAll(\"iframe.wp-embedded-content\"),r=0;r<s.length;r++)(t=(e=s[r]).getAttribute(\"data-secret\"))||(t=Math.random().toString(36).substring(2,12),e.src+=\"#?secret=\"+t,e.setAttribute(\"data-secret\",t)),e.contentWindow.postMessage({message:\"ready\",secret:t},\"*\")},!1)))}(window,document);\n\/\/# sourceURL=https:\/\/quechilero.com\/blog\/wp-includes\/js\/wp-embed.min.js\n<\/script>\n"},"jetpack_publicize_connections":[],"jetpack_shortlink":"https:\/\/wp.me\/pDKli-5q","jetpack_sharing_enabled":true,"jetpack-related-posts":[{"id":17589,"url":"https:\/\/quechilero.com\/blog\/2013\/12\/17\/se-feliz-a-tiempo\/","url_meta":{"origin":336,"position":0},"title":"S\u00e9 Feliz a tiempo","author":"Pepe Barrascout Ortiz","date":"17 diciembre 2013","format":false,"excerpt":"Cuenta la leyenda que un hombre oy\u00f3 decir que la Felicidad era un tesoro. A partir de aquel instante comenz\u00f3 a buscarla. Primero, se aventur\u00f3 por el placer y por todo lo sensual; luego, por el poder y la riqueza; despu\u00e9s, por la fama y la gloria... Y as\u00ed fue\u2026","rel":"","context":"En \u00abLimones\u00bb","block_context":{"text":"Limones","link":"https:\/\/quechilero.com\/blog\/category\/limones\/"},"img":{"alt_text":"","src":"","width":0,"height":0},"classes":[]},{"id":387,"url":"https:\/\/quechilero.com\/blog\/2006\/12\/30\/ensenale-a-los-ninos\/","url_meta":{"origin":336,"position":1},"title":"Ens\u00e9\u00f1ale a los ni\u00f1os","author":"Pepe Barrascout Ortiz","date":"30 diciembre 2006","format":false,"excerpt":"Ens\u00e9\u00f1ale a los ni\u00f1os a creer en los ideales, y que aquellas cosas que no se ven tambi\u00e9n son realidades. Diles que el amor no se ve, pero se puede sentir, que la m\u00fasica tiene una explicaci\u00f3n pero que las melod\u00edas salen del coraz\u00f3n. Ens\u00e9\u00f1ales a tener esperanzas, pues todos\u2026","rel":"","context":"En \u00abLimones\u00bb","block_context":{"text":"Limones","link":"https:\/\/quechilero.com\/blog\/category\/limones\/"},"img":{"alt_text":"","src":"","width":0,"height":0},"classes":[]},{"id":19297,"url":"https:\/\/quechilero.com\/blog\/2014\/09\/02\/la-grandeza-de-lo-pequeno\/","url_meta":{"origin":336,"position":2},"title":"La grandeza de lo peque\u00f1o","author":"Pepe Barrascout Ortiz","date":"2 septiembre 2014","format":false,"excerpt":"\"Yo te alabo, Padre, porque has ocultado estas cosas a los sabios y entendidos, y las revelaste a los peque\u00f1os.\" (Lc. 10:21) Estas palabras encierran un misterio y una paradoja para la l\u00f3gica humana. Los m\u00e1s grandes acontecimientos de su vida, Cristo no los quiso revelar a quienes, seg\u00fan el\u2026","rel":"","context":"En \u00abLimones\u00bb","block_context":{"text":"Limones","link":"https:\/\/quechilero.com\/blog\/category\/limones\/"},"img":{"alt_text":"","src":"","width":0,"height":0},"classes":[]},{"id":11481,"url":"https:\/\/quechilero.com\/blog\/2011\/12\/31\/doce-campanadas\/","url_meta":{"origin":336,"position":3},"title":"Doce Campanadas","author":"Pepe Barrascout Ortiz","date":"31 diciembre 2011","format":false,"excerpt":"Para el nuevo a\u00f1o te ofrecemos doce frases, como doce campanadas: 1. Agradece el pasado como don de Dios. 2. Vive el presente con esperanzas y creatividad. 3. Di \"s\u00ed\" al paso de Dios por tu vida. 4. Conf\u00eda, Dios te encomienda cosas grandes. 5. Valora lo peque\u00f1o, llegar\u00e1s a\u2026","rel":"","context":"En \u00abLimones\u00bb","block_context":{"text":"Limones","link":"https:\/\/quechilero.com\/blog\/category\/limones\/"},"img":{"alt_text":"","src":"","width":0,"height":0},"classes":[]},{"id":11472,"url":"https:\/\/quechilero.com\/blog\/2011\/12\/30\/oracion-de-fin-y-principio-de-ano\/","url_meta":{"origin":336,"position":4},"title":"Oraci\u00f3n de fin y principio de a\u00f1o","author":"Pepe Barrascout Ortiz","date":"30 diciembre 2011","format":false,"excerpt":"Se\u00f1or, Dios, due\u00f1o del tiempo y de la eternidad, tuyo es el hoy y el ma\u00f1ana, el pasado y el futuro. Al terminar este a\u00f1o quiero darte gracias por todo aquello que recib\u00ed de TI. Gracias por la vida y el amor, por las flores, el aire y el sol,\u2026","rel":"","context":"En \u00abLimones\u00bb","block_context":{"text":"Limones","link":"https:\/\/quechilero.com\/blog\/category\/limones\/"},"img":{"alt_text":"","src":"","width":0,"height":0},"classes":[]},{"id":14895,"url":"https:\/\/quechilero.com\/blog\/2012\/10\/29\/debilidades-humanas\/","url_meta":{"origin":336,"position":5},"title":"Debilidades humanas","author":"Pepe Barrascout Ortiz","date":"29 octubre 2012","format":false,"excerpt":"\"Deficiente\" es aquel que no consigue modificar su vida, aceptando las imposiciones de otras personas de la sociedad en que vive, sin tener consciencia de que \u00e9l es due\u00f1o de su destino... \"Loco\" es quien no procura ser feliz con lo que posee. \"Ciego\" es aquel que no ve su\u2026","rel":"","context":"En \u00abLimones\u00bb","block_context":{"text":"Limones","link":"https:\/\/quechilero.com\/blog\/category\/limones\/"},"img":{"alt_text":"","src":"","width":0,"height":0},"classes":[]}],"jetpack_featured_media_url":"","_links":{"self":[{"href":"https:\/\/quechilero.com\/blog\/wp-json\/wp\/v2\/posts\/336","targetHints":{"allow":["GET"]}}],"collection":[{"href":"https:\/\/quechilero.com\/blog\/wp-json\/wp\/v2\/posts"}],"about":[{"href":"https:\/\/quechilero.com\/blog\/wp-json\/wp\/v2\/types\/post"}],"author":[{"embeddable":true,"href":"https:\/\/quechilero.com\/blog\/wp-json\/wp\/v2\/users\/1"}],"replies":[{"embeddable":true,"href":"https:\/\/quechilero.com\/blog\/wp-json\/wp\/v2\/comments?post=336"}],"version-history":[{"count":0,"href":"https:\/\/quechilero.com\/blog\/wp-json\/wp\/v2\/posts\/336\/revisions"}],"wp:attachment":[{"href":"https:\/\/quechilero.com\/blog\/wp-json\/wp\/v2\/media?parent=336"}],"wp:term":[{"taxonomy":"category","embeddable":true,"href":"https:\/\/quechilero.com\/blog\/wp-json\/wp\/v2\/categories?post=336"},{"taxonomy":"post_tag","embeddable":true,"href":"https:\/\/quechilero.com\/blog\/wp-json\/wp\/v2\/tags?post=336"},{"taxonomy":"series","embeddable":true,"href":"https:\/\/quechilero.com\/blog\/wp-json\/wp\/v2\/series?post=336"}],"curies":[{"name":"wp","href":"https:\/\/api.w.org\/{rel}","templated":true}]}}