{"id":335,"date":"2006-12-02T08:42:47","date_gmt":"2006-12-02T14:42:47","guid":{"rendered":"http:\/\/quechilero.com\/blog\/2006\/12\/02\/la-conviccion-de-antonio-stradivari\/"},"modified":"2006-12-02T08:42:47","modified_gmt":"2006-12-02T14:42:47","slug":"la-conviccion-de-antonio-stradivari","status":"publish","type":"post","link":"https:\/\/quechilero.com\/blog\/2006\/12\/02\/la-conviccion-de-antonio-stradivari\/","title":{"rendered":"La convicci\u00f3n de Antonio Stradivari"},"content":{"rendered":"<p>Antonio Stradivari fue un fabricante de violines del siglo diecisiete, cuyo  nombre en su forma latina, Stradivarius, se ha convertido en sin\u00f3nimo de  excelencia.<\/p>\n<p>\u00c9l dijo una vez que hacer un viol\u00edn que no alcanzara su m\u00e1s alto nivel ser\u00eda  perjudicar a Dios, quien no podr\u00eda hacer los violines de Antonio Stradivari sin  Antonio.<\/p>\n<p>Ten\u00eda raz\u00f3n. Dios no podr\u00eda hacer violines Stradivarius sin Antonio  Stradivarius. Este artesano recibi\u00f3 ciertos dones que ning\u00fan otro fabricante de  violines pose\u00eda.<\/p>\n<p>Del mismo modo, hay ciertas cosas que puedes hacer que ning\u00fan otro puede.  Quiz\u00e1s sea la crianza de tus hijos, o la construcci\u00f3n de casas, o dar aliento al  desanimado. Hay cosas que s\u00f3lo t\u00fa puedes hacer, y que para hacerlas es que  vives.<\/p>\n<p>En la gran orquesta que denominamos vida, t\u00fa tienes un instrumento y una  canci\u00f3n, y tienes el deber ante Dios de ejecutar ambos de manera sublime.<\/p>\n<p><strong><em>Del libro \u00abPromesas inspiradoras de Dios\u00bb, de Max Lucado y Terri  A. Gibbs<\/em><\/strong><\/p>\n","protected":false},"excerpt":{"rendered":"<p>Antonio Stradivari fue un fabricante de violines del siglo diecisiete, cuyo nombre en su forma latina, Stradivarius, se ha convertido en sin\u00f3nimo de excelencia. \u00c9l dijo una vez que hacer un viol\u00edn que no alcanzara su m\u00e1s alto nivel ser\u00eda perjudicar a Dios, quien no podr\u00eda hacer los violines de Antonio Stradivari sin Antonio. Ten\u00eda &#8230; <a title=\"La convicci\u00f3n de Antonio Stradivari\" class=\"read-more\" href=\"https:\/\/quechilero.com\/blog\/2006\/12\/02\/la-conviccion-de-antonio-stradivari\/\" aria-label=\"Leer m\u00e1s sobre La convicci\u00f3n de Antonio Stradivari\">Leer m\u00e1s<\/a><\/p>\n","protected":false},"author":1,"featured_media":0,"comment_status":"open","ping_status":"open","sticky":false,"template":"","format":"standard","meta":{"advanced_seo_description":"","jetpack_seo_html_title":"","jetpack_seo_noindex":false,"jetpack_seo_schema_type":"","episode_type":"","audio_file":"","podmotor_file_id":"","podmotor_episode_id":"","cover_image":"","cover_image_id":"","duration":"","filesize":"","filesize_raw":"","date_recorded":"","explicit":"","block":"","_jetpack_newsletter_access":"","_jetpack_dont_email_post_to_subs":false,"_jetpack_newsletter_tier_id":0,"_jetpack_memberships_contains_paywalled_content":false,"_jetpack_feature_clip_id":0,"_jetpack_memberships_contains_paid_content":false,"footnotes":"","jetpack_publicize_message":"","jetpack_publicize_feature_enabled":true,"jetpack_social_post_already_shared":false,"jetpack_social_options":{"image_generator_settings":{"template":"highway","default_image_id":0,"font":"","enabled":false},"version":2},"jetpack_post_was_ever_published":false},"categories":[2],"tags":[12,51,72,24],"series":[],"class_list":["post-335","post","type-post","status-publish","format-standard","hentry","category-limones","tag-cosas","tag-dios","tag-libro","tag-vida"],"episode_featured_image":false,"episode_player_image":"https:\/\/i0.wp.com\/quechilero.com\/blog\/imagenes\/podcast.png?fit=1831%2C1831&ssl=1","download_link":"","player_link":"","audio_player":false,"episode_data":{"playerMode":"dark","subscribeUrls":{"amazon":{"key":"amazon","url":"","label":"Amazon","class":"amazon","icon":"amazon.png"},"apple_podcasts":{"key":"apple_podcasts","url":"","label":"Apple Podcasts","class":"apple_podcasts","icon":"apple-podcasts.png"},"castbox":{"key":"castbox","url":"","label":"CastBox","class":"castbox","icon":"castbox.png"},"deezer":{"key":"deezer","url":"","label":"Deezer","class":"deezer","icon":"deezer.png"},"google_podcasts":{"key":"google_podcasts","url":"","label":"Google Podcasts","class":"google_podcasts","icon":"google-podcasts.png"},"listen_notes":{"key":"listen_notes","url":"","label":"Listen Notes","class":"listen_notes","icon":"listen-notes.png"},"pandora":{"key":"pandora","url":"","label":"Pandora","class":"pandora","icon":"pandora.png"},"podbean":{"key":"podbean","url":"","label":"Podbean","class":"podbean","icon":"podbean.png"},"podcast_republic":{"key":"podcast_republic","url":"","label":"Podcast Republic","class":"podcast_republic","icon":"podcast-republic.png"},"rss":{"key":"rss","url":"","label":"RSS","class":"rss","icon":"rss.png"},"spotify":{"key":"spotify","url":"","label":"Spotify","class":"spotify","icon":"spotify.png"},"stitcher":{"key":"stitcher","url":"","label":"Stitcher","class":"stitcher","icon":"stitcher.png"},"tunein":{"key":"tunein","url":"","label":"TuneIn","class":"tunein","icon":"tunein.png"},"youtube":{"key":"youtube","url":"","label":"YouTube","class":"youtube","icon":"youtube.png"},"iheartradio":{"key":"iheartradio","url":"","label":"iHeartRadio","class":"iheartradio","icon":"iheartradio.png"},"ivoox":{"key":"ivoox","url":"","label":"iVoox","class":"ivoox","icon":"ivoox.png"}},"rssFeedUrl":"https:\/\/quechilero.com\/blog\/feed\/podcast\/si-la-vida-nos-da-limones","embedCode":"<blockquote class=\"wp-embedded-content\" data-secret=\"gCnHFYiwtN\"><a href=\"https:\/\/quechilero.com\/blog\/2006\/12\/02\/la-conviccion-de-antonio-stradivari\/\">La convicci\u00f3n de Antonio Stradivari<\/a><\/blockquote><iframe sandbox=\"allow-scripts\" security=\"restricted\" src=\"https:\/\/quechilero.com\/blog\/2006\/12\/02\/la-conviccion-de-antonio-stradivari\/embed\/#?secret=gCnHFYiwtN\" width=\"500\" height=\"350\" title=\"\u00abLa convicci\u00f3n de Antonio Stradivari\u00bb \u2014 Si la Vida nos da Limones...\" data-secret=\"gCnHFYiwtN\" frameborder=\"0\" marginwidth=\"0\" marginheight=\"0\" scrolling=\"no\" class=\"wp-embedded-content\"><\/iframe><script>\n\/*! This file is auto-generated *\/\n!function(d,l){\"use strict\";l.querySelector&&d.addEventListener&&\"undefined\"!=typeof URL&&(d.wp=d.wp||{},d.wp.receiveEmbedMessage||(d.wp.receiveEmbedMessage=function(e){var t=e.data;if((t||t.secret||t.message||t.value)&&!\/[^a-zA-Z0-9]\/.test(t.secret)){for(var s,r,n,a=l.querySelectorAll('iframe[data-secret=\"'+t.secret+'\"]'),o=l.querySelectorAll('blockquote[data-secret=\"'+t.secret+'\"]'),c=new RegExp(\"^https?:$\",\"i\"),i=0;i<o.length;i++)o[i].style.display=\"none\";for(i=0;i<a.length;i++)s=a[i],e.source===s.contentWindow&&(s.removeAttribute(\"style\"),\"height\"===t.message?(1e3<(r=parseInt(t.value,10))?r=1e3:~~r<200&&(r=200),s.height=r):\"link\"===t.message&&(r=new URL(s.getAttribute(\"src\")),n=new URL(t.value),c.test(n.protocol))&&n.host===r.host&&l.activeElement===s&&(d.top.location.href=t.value))}},d.addEventListener(\"message\",d.wp.receiveEmbedMessage,!1),l.addEventListener(\"DOMContentLoaded\",function(){for(var e,t,s=l.querySelectorAll(\"iframe.wp-embedded-content\"),r=0;r<s.length;r++)(t=(e=s[r]).getAttribute(\"data-secret\"))||(t=Math.random().toString(36).substring(2,12),e.src+=\"#?secret=\"+t,e.setAttribute(\"data-secret\",t)),e.contentWindow.postMessage({message:\"ready\",secret:t},\"*\")},!1)))}(window,document);\n\/\/# sourceURL=https:\/\/quechilero.com\/blog\/wp-includes\/js\/wp-embed.min.js\n<\/script>\n"},"jetpack_publicize_connections":[],"jetpack_shortlink":"https:\/\/wp.me\/pDKli-5p","jetpack_sharing_enabled":true,"jetpack-related-posts":[{"id":14889,"url":"https:\/\/quechilero.com\/blog\/2012\/10\/24\/el-violin-de-1000-dolares\/","url_meta":{"origin":335,"position":0},"title":"El viol\u00edn de 1,000 d\u00f3lares","author":"Pepe Barrascout Ortiz","date":"24 octubre 2012","format":false,"excerpt":"Se anunci\u00f3 en cierta ciudad de Am\u00e9rica que un gran violinista tocar\u00eda un viol\u00edn que costaba 1,000 d\u00f3lares. Se llen\u00f3 el teatro, pues muchos ten\u00edan curiosidad de o\u00edr un viol\u00edn de tan alto precio. (El d\u00f3lar ten\u00eda en aquellos tiempos mucho m\u00e1s valor que hoy). El violinista dio en efecto,\u2026","rel":"","context":"En \u00abLimones\u00bb","block_context":{"text":"Limones","link":"https:\/\/quechilero.com\/blog\/category\/limones\/"},"img":{"alt_text":"","src":"","width":0,"height":0},"classes":[]},{"id":2815,"url":"https:\/\/quechilero.com\/blog\/2009\/06\/24\/hay-tecnicas-y-tecnicas\/","url_meta":{"origin":335,"position":1},"title":"Hay t\u00e9cnicas y t\u00e9cnicas","author":"Pepe Barrascout Ortiz","date":"24 junio 2009","format":false,"excerpt":"Oswald Spengler, el fil\u00f3sofo y matem\u00e1tico alem\u00e1n, tuvo una idea l\u00facida. Dec\u00eda: \"Hay una t\u00e9cnica de hacer barcos y otra de hacerlos navegar, como hay una t\u00e9cnica de fabricar violines y otra de hacerlos sonar. Conviene no olvidar la diferencia.\"","rel":"","context":"En \u00abLimones\u00bb","block_context":{"text":"Limones","link":"https:\/\/quechilero.com\/blog\/category\/limones\/"},"img":{"alt_text":"","src":"","width":0,"height":0},"classes":[]},{"id":11415,"url":"https:\/\/quechilero.com\/blog\/2011\/12\/07\/el-cangrejo-violinista\/","url_meta":{"origin":335,"position":2},"title":"El cangrejo violinista","author":"Pepe Barrascout Ortiz","date":"7 diciembre 2011","format":false,"excerpt":"Tito Rodr\u00edguez, Director del Instituto Argentino de Buceo, nos cuenta sobre esta especie: El cangrejo violinista vive en las playas tropicales llenas de barro. Cava peque\u00f1as madrigueras en la parte de la playa que quedar\u00e1 en seco durante la marea baja y al llegar \u00e9sta, sale para reparar su guarida\u2026","rel":"","context":"En \u00abLimones\u00bb","block_context":{"text":"Limones","link":"https:\/\/quechilero.com\/blog\/category\/limones\/"},"img":{"alt_text":"","src":"","width":0,"height":0},"classes":[]},{"id":16860,"url":"https:\/\/quechilero.com\/blog\/2013\/08\/01\/a-quien-intentas-agradar-hoy\/","url_meta":{"origin":335,"position":3},"title":"\u00bfA qui\u00e9n intentas agradar hoy?","author":"Pepe Barrascout Ortiz","date":"1 agosto 2013","format":false,"excerpt":"Una vez, un joven estudi\u00f3 viol\u00edn con un maestro de renombre mundial. Trabaj\u00f3 arduo durante varios a\u00f1os para perfeccionar su talento y al fin lleg\u00f3 el d\u00eda cuando se le pidi\u00f3 que diera su primer importante recital en p\u00fablico, en la gran ciudad donde viv\u00edan ambos, \u00e9l y su maestro.\u2026","rel":"","context":"En \u00abLimones\u00bb","block_context":{"text":"Limones","link":"https:\/\/quechilero.com\/blog\/category\/limones\/"},"img":{"alt_text":"","src":"","width":0,"height":0},"classes":[]},{"id":17860,"url":"https:\/\/quechilero.com\/blog\/2014\/05\/30\/desorden-planeado\/","url_meta":{"origin":335,"position":4},"title":"Desorden planeado","author":"Pepe Barrascout Ortiz","date":"30 mayo 2014","format":false,"excerpt":"Una joven concertista de viol\u00edn, al ser preguntada sobre la raz\u00f3n de su \u00e9xito, contest\u00f3: \"El desorden planeado\", y explic\u00f3 seguidamente: Hace a\u00f1os descubr\u00ed que hab\u00eda muchas cosas que consum\u00edan mi tiempo. Despu\u00e9s de limpiar los platos del desayuno, hac\u00eda la cama, arreglaba la habitaci\u00f3n, quitaba el polvo y hac\u00eda\u2026","rel":"","context":"En \u00abLimones\u00bb","block_context":{"text":"Limones","link":"https:\/\/quechilero.com\/blog\/category\/limones\/"},"img":{"alt_text":"","src":"","width":0,"height":0},"classes":[]},{"id":21683,"url":"https:\/\/quechilero.com\/blog\/2015\/10\/19\/el-milagro-que-no-hizo-san-antonio\/","url_meta":{"origin":335,"position":5},"title":"El milagro que no hizo san Antonio","author":"Pepe Barrascout Ortiz","date":"19 octubre 2015","format":false,"excerpt":"Dos monjes emprendieron el viaje por una zona medio des\u00e9rtica de Egipto. Se les acab\u00f3 el agua, y no consiguieron encontrar ning\u00fan pozo en las cercan\u00edas. Despu\u00e9s de un tiempo, uno de los dos monjes muri\u00f3. El otro, sin fuerzas, qued\u00f3 en el suelo mientras esperaba la llegada de la\u2026","rel":"","context":"En \u00abLimones\u00bb","block_context":{"text":"Limones","link":"https:\/\/quechilero.com\/blog\/category\/limones\/"},"img":{"alt_text":"","src":"","width":0,"height":0},"classes":[]}],"jetpack_featured_media_url":"","_links":{"self":[{"href":"https:\/\/quechilero.com\/blog\/wp-json\/wp\/v2\/posts\/335","targetHints":{"allow":["GET"]}}],"collection":[{"href":"https:\/\/quechilero.com\/blog\/wp-json\/wp\/v2\/posts"}],"about":[{"href":"https:\/\/quechilero.com\/blog\/wp-json\/wp\/v2\/types\/post"}],"author":[{"embeddable":true,"href":"https:\/\/quechilero.com\/blog\/wp-json\/wp\/v2\/users\/1"}],"replies":[{"embeddable":true,"href":"https:\/\/quechilero.com\/blog\/wp-json\/wp\/v2\/comments?post=335"}],"version-history":[{"count":0,"href":"https:\/\/quechilero.com\/blog\/wp-json\/wp\/v2\/posts\/335\/revisions"}],"wp:attachment":[{"href":"https:\/\/quechilero.com\/blog\/wp-json\/wp\/v2\/media?parent=335"}],"wp:term":[{"taxonomy":"category","embeddable":true,"href":"https:\/\/quechilero.com\/blog\/wp-json\/wp\/v2\/categories?post=335"},{"taxonomy":"post_tag","embeddable":true,"href":"https:\/\/quechilero.com\/blog\/wp-json\/wp\/v2\/tags?post=335"},{"taxonomy":"series","embeddable":true,"href":"https:\/\/quechilero.com\/blog\/wp-json\/wp\/v2\/series?post=335"}],"curies":[{"name":"wp","href":"https:\/\/api.w.org\/{rel}","templated":true}]}}