{"id":334,"date":"2006-12-03T08:43:04","date_gmt":"2006-12-03T14:43:04","guid":{"rendered":"http:\/\/quechilero.com\/blog\/2006\/12\/03\/para-pensar-en-nuestras-prioridades\/"},"modified":"2006-12-03T08:43:04","modified_gmt":"2006-12-03T14:43:04","slug":"para-pensar-en-nuestras-prioridades","status":"publish","type":"post","link":"https:\/\/quechilero.com\/blog\/2006\/12\/03\/para-pensar-en-nuestras-prioridades\/","title":{"rendered":"Para pensar en nuestras prioridades&#8230;"},"content":{"rendered":"<p>Me pregunto \u00bfqu\u00e9 suceder\u00eda si trat\u00e1ramos nuestra Biblia como tratamos  nuestros tel\u00e9fonos celulares?<\/p>\n<p>\u00bfQu\u00e9 tal si lo llev\u00e1ramos en nuestras carteras o bolsillos? \u00bfQu\u00e9 tal si nos  regres\u00e1ramos a traerla cuando la dejamos olvidada? \u00bfQu\u00e9 tal si la hoje\u00e1ramos  varias veces al d\u00eda? \u00bfQu\u00e9 tal si la utiliz\u00e1ramos para recibir todos nuestros  mensajes de texto? \u00bfQu\u00e9 tal si la trat\u00e1ramos como que si no pudi\u00e9semos vivir sin  ella? \u00bfQu\u00e9 tal si la di\u00e9ramos a los ni\u00f1os como obsequios? \u00bfQu\u00e9 tal si la  utiliz\u00e1ramos cuando vamos de viaje? \u00bfQu\u00e9 tal si la utiliz\u00e1ramos en caso de  emergencia?<\/p>\n<p>Esto es algo que nos hacer pensar&#8230; hmmm&#8230; \u00bfd\u00f3nde est\u00e1 mi Biblia?<\/p>\n<p>Ah, y algo m\u00e1s, a diferencia de nuestro tel\u00e9fono celular, no tenemos que  preocuparnos jam\u00e1s porque nuestra Biblia sea desconectada, \u00a1porque Dios ya pag\u00f3  la cuenta!<\/p>\n","protected":false},"excerpt":{"rendered":"<p>Me pregunto \u00bfqu\u00e9 suceder\u00eda si trat\u00e1ramos nuestra Biblia como tratamos nuestros tel\u00e9fonos celulares? \u00bfQu\u00e9 tal si lo llev\u00e1ramos en nuestras carteras o bolsillos? \u00bfQu\u00e9 tal si nos regres\u00e1ramos a traerla cuando la dejamos olvidada? \u00bfQu\u00e9 tal si la hoje\u00e1ramos varias veces al d\u00eda? \u00bfQu\u00e9 tal si la utiliz\u00e1ramos para recibir todos nuestros mensajes de texto? &#8230; <a title=\"Para pensar en nuestras prioridades&#8230;\" class=\"read-more\" href=\"https:\/\/quechilero.com\/blog\/2006\/12\/03\/para-pensar-en-nuestras-prioridades\/\" aria-label=\"Leer m\u00e1s sobre Para pensar en nuestras prioridades&#8230;\">Leer m\u00e1s<\/a><\/p>\n","protected":false},"author":1,"featured_media":0,"comment_status":"open","ping_status":"open","sticky":false,"template":"","format":"standard","meta":{"advanced_seo_description":"","jetpack_seo_html_title":"","jetpack_seo_noindex":false,"jetpack_seo_schema_type":"","episode_type":"","audio_file":"","podmotor_file_id":"","podmotor_episode_id":"","cover_image":"","cover_image_id":"","duration":"","filesize":"","filesize_raw":"","date_recorded":"","explicit":"","block":"","_jetpack_newsletter_access":"","_jetpack_dont_email_post_to_subs":false,"_jetpack_newsletter_tier_id":0,"_jetpack_memberships_contains_paywalled_content":false,"_jetpack_feature_clip_id":0,"_jetpack_memberships_contains_paid_content":false,"footnotes":"","jetpack_publicize_message":"","jetpack_publicize_feature_enabled":true,"jetpack_social_post_already_shared":false,"jetpack_social_options":{"image_generator_settings":{"template":"highway","default_image_id":0,"font":"","enabled":false},"version":2},"jetpack_post_was_ever_published":false},"categories":[2],"tags":[51,24],"series":[],"class_list":["post-334","post","type-post","status-publish","format-standard","hentry","category-limones","tag-dios","tag-vida"],"episode_featured_image":false,"episode_player_image":"https:\/\/i0.wp.com\/quechilero.com\/blog\/imagenes\/podcast.png?fit=1831%2C1831&ssl=1","download_link":"","player_link":"","audio_player":false,"episode_data":{"playerMode":"dark","subscribeUrls":{"amazon":{"key":"amazon","url":"","label":"Amazon","class":"amazon","icon":"amazon.png"},"apple_podcasts":{"key":"apple_podcasts","url":"","label":"Apple Podcasts","class":"apple_podcasts","icon":"apple-podcasts.png"},"castbox":{"key":"castbox","url":"","label":"CastBox","class":"castbox","icon":"castbox.png"},"deezer":{"key":"deezer","url":"","label":"Deezer","class":"deezer","icon":"deezer.png"},"google_podcasts":{"key":"google_podcasts","url":"","label":"Google Podcasts","class":"google_podcasts","icon":"google-podcasts.png"},"listen_notes":{"key":"listen_notes","url":"","label":"Listen Notes","class":"listen_notes","icon":"listen-notes.png"},"pandora":{"key":"pandora","url":"","label":"Pandora","class":"pandora","icon":"pandora.png"},"podbean":{"key":"podbean","url":"","label":"Podbean","class":"podbean","icon":"podbean.png"},"podcast_republic":{"key":"podcast_republic","url":"","label":"Podcast Republic","class":"podcast_republic","icon":"podcast-republic.png"},"rss":{"key":"rss","url":"","label":"RSS","class":"rss","icon":"rss.png"},"spotify":{"key":"spotify","url":"","label":"Spotify","class":"spotify","icon":"spotify.png"},"stitcher":{"key":"stitcher","url":"","label":"Stitcher","class":"stitcher","icon":"stitcher.png"},"tunein":{"key":"tunein","url":"","label":"TuneIn","class":"tunein","icon":"tunein.png"},"youtube":{"key":"youtube","url":"","label":"YouTube","class":"youtube","icon":"youtube.png"},"iheartradio":{"key":"iheartradio","url":"","label":"iHeartRadio","class":"iheartradio","icon":"iheartradio.png"},"ivoox":{"key":"ivoox","url":"","label":"iVoox","class":"ivoox","icon":"ivoox.png"}},"rssFeedUrl":"https:\/\/quechilero.com\/blog\/feed\/podcast\/si-la-vida-nos-da-limones","embedCode":"<blockquote class=\"wp-embedded-content\" data-secret=\"6aeqbJLqSn\"><a href=\"https:\/\/quechilero.com\/blog\/2006\/12\/03\/para-pensar-en-nuestras-prioridades\/\">Para pensar en nuestras prioridades&#8230;<\/a><\/blockquote><iframe sandbox=\"allow-scripts\" security=\"restricted\" src=\"https:\/\/quechilero.com\/blog\/2006\/12\/03\/para-pensar-en-nuestras-prioridades\/embed\/#?secret=6aeqbJLqSn\" width=\"500\" height=\"350\" title=\"\u00abPara pensar en nuestras prioridades&#8230;\u00bb \u2014 Si la Vida nos da Limones...\" data-secret=\"6aeqbJLqSn\" frameborder=\"0\" marginwidth=\"0\" marginheight=\"0\" scrolling=\"no\" class=\"wp-embedded-content\"><\/iframe><script>\n\/*! This file is auto-generated *\/\n!function(d,l){\"use strict\";l.querySelector&&d.addEventListener&&\"undefined\"!=typeof URL&&(d.wp=d.wp||{},d.wp.receiveEmbedMessage||(d.wp.receiveEmbedMessage=function(e){var t=e.data;if((t||t.secret||t.message||t.value)&&!\/[^a-zA-Z0-9]\/.test(t.secret)){for(var s,r,n,a=l.querySelectorAll('iframe[data-secret=\"'+t.secret+'\"]'),o=l.querySelectorAll('blockquote[data-secret=\"'+t.secret+'\"]'),c=new RegExp(\"^https?:$\",\"i\"),i=0;i<o.length;i++)o[i].style.display=\"none\";for(i=0;i<a.length;i++)s=a[i],e.source===s.contentWindow&&(s.removeAttribute(\"style\"),\"height\"===t.message?(1e3<(r=parseInt(t.value,10))?r=1e3:~~r<200&&(r=200),s.height=r):\"link\"===t.message&&(r=new URL(s.getAttribute(\"src\")),n=new URL(t.value),c.test(n.protocol))&&n.host===r.host&&l.activeElement===s&&(d.top.location.href=t.value))}},d.addEventListener(\"message\",d.wp.receiveEmbedMessage,!1),l.addEventListener(\"DOMContentLoaded\",function(){for(var e,t,s=l.querySelectorAll(\"iframe.wp-embedded-content\"),r=0;r<s.length;r++)(t=(e=s[r]).getAttribute(\"data-secret\"))||(t=Math.random().toString(36).substring(2,12),e.src+=\"#?secret=\"+t,e.setAttribute(\"data-secret\",t)),e.contentWindow.postMessage({message:\"ready\",secret:t},\"*\")},!1)))}(window,document);\n\/\/# sourceURL=https:\/\/quechilero.com\/blog\/wp-includes\/js\/wp-embed.min.js\n<\/script>\n"},"jetpack_publicize_connections":[],"jetpack_shortlink":"https:\/\/wp.me\/pDKli-5o","jetpack_sharing_enabled":true,"jetpack-related-posts":[{"id":19812,"url":"https:\/\/quechilero.com\/blog\/2015\/02\/06\/no-te-vas-salir-con-la-tuya\/","url_meta":{"origin":334,"position":0},"title":"No te vas a salir con la tuya","author":"Pepe Barrascout Ortiz","date":"6 febrero 2015","format":false,"excerpt":"Un grupo de estudiantes de la escuela secundaria Renaissance de Detroit decidi\u00f3 faltar a clases para asistir a un concierto de rock en Hart Plaza. Pensaban que se hab\u00edan salido con la suya. Pero al d\u00eda siguiente apareci\u00f3 el peri\u00f3dico The Detroit News en los puestos de peri\u00f3dicos con una\u2026","rel":"","context":"En \u00abLimones\u00bb","block_context":{"text":"Limones","link":"https:\/\/quechilero.com\/blog\/category\/limones\/"},"img":{"alt_text":"","src":"","width":0,"height":0},"classes":[]},{"id":19529,"url":"https:\/\/quechilero.com\/blog\/2014\/10\/16\/el-poder-de-la-palabra-de-dios\/","url_meta":{"origin":334,"position":1},"title":"El Poder de la palabra de Dios","author":"Pepe Barrascout Ortiz","date":"16 octubre 2014","format":false,"excerpt":"Un agente viajero se encontraba solo y triste en su cuarto en el hotel; no hab\u00eda tenido mucho \u00e9xito en sus ventas y se sent\u00eda muy desanimado. Tal era su desilusi\u00f3n que pensaba en suicidarse. Entonces vio una Biblia sobre la mesa; la abri\u00f3 y la ley\u00f3 durante varias horas;\u2026","rel":"","context":"En \u00abLimones\u00bb","block_context":{"text":"Limones","link":"https:\/\/quechilero.com\/blog\/category\/limones\/"},"img":{"alt_text":"","src":"","width":0,"height":0},"classes":[]},{"id":505,"url":"https:\/\/quechilero.com\/blog\/2007\/03\/30\/solo-por-hoy\/","url_meta":{"origin":334,"position":2},"title":"S\u00f3lo por hoy","author":"Pepe Barrascout Ortiz","date":"30 marzo 2007","format":false,"excerpt":"S\u00f3lo por hoy, tratar\u00e9 de vivir \u00fanicamente este d\u00eda, sin abordar a la vez todo el problema de la vida. Puedo hacer en doce horas cosas que me espantar\u00edan si tuviese que mantenerlas durante una vida entera. S\u00f3lo por hoy, ser\u00e9 feliz. Esto supone que es verdad lo que dijo\u2026","rel":"","context":"En \u00abLimones\u00bb","block_context":{"text":"Limones","link":"https:\/\/quechilero.com\/blog\/category\/limones\/"},"img":{"alt_text":"","src":"","width":0,"height":0},"classes":[]},{"id":20071,"url":"https:\/\/quechilero.com\/blog\/2015\/04\/26\/el-canasto-de-carbon\/","url_meta":{"origin":334,"position":3},"title":"El canasto de carb\u00f3n","author":"Pepe Barrascout Ortiz","date":"26 abril 2015","format":false,"excerpt":"Se cuenta la historia de un anciano que viv\u00eda con su nieto en una hermosa granja en las monta\u00f1as de Kentucky. Cada ma\u00f1ana, el abuelo se levantaba muy temprano y sent\u00e1ndose en la mesa de la cocina, comenzaba a leer su vieja y estropeada Biblia. El nieto quer\u00eda ser igual\u2026","rel":"","context":"En \u00abLimones\u00bb","block_context":{"text":"Limones","link":"https:\/\/quechilero.com\/blog\/category\/limones\/"},"img":{"alt_text":"","src":"","width":0,"height":0},"classes":[]},{"id":20088,"url":"https:\/\/quechilero.com\/blog\/2015\/05\/04\/se-agradecido\/","url_meta":{"origin":334,"position":4},"title":"S\u00e9 agradecido","author":"Pepe Barrascout Ortiz","date":"4 mayo 2015","format":false,"excerpt":"Muchas veces he le\u00eddo estas sugerencias: Mant\u00e9n un registro de las cosas por las que est\u00e1s agradecido, escribi\u00f3 Donald C. Everhart. Cada ma\u00f1ana has una lista de los regalos de Dios para ti. Al final del d\u00eda, escribe en tu calendario una cosa por la que puedes alabar al Se\u00f1or.\u2026","rel":"","context":"En \u00abLimones\u00bb","block_context":{"text":"Limones","link":"https:\/\/quechilero.com\/blog\/category\/limones\/"},"img":{"alt_text":"","src":"","width":0,"height":0},"classes":[]},{"id":7599,"url":"https:\/\/quechilero.com\/blog\/2011\/03\/31\/reflexiones-de-cuaresma-dia-23\/","url_meta":{"origin":334,"position":5},"title":"Reflexiones de Cuaresma d\u00eda 23","author":"Pepe Barrascout Ortiz","date":"31 marzo 2011","format":false,"excerpt":"Oraci\u00f3n inicial Se\u00f1or m\u00edo, Jesucristo, creo firmemente que est\u00e1s aqu\u00ed; en estos pocos minutos de oraci\u00f3n que empiezo ahora quiero pedirte y agradecerte. Pedirte\u00a0la gracia de darme m\u00e1s cuenta de que T\u00fa vives, me escuchas y me amas; tanto, que has querido morir libremente por m\u00ed en la cruz y\u2026","rel":"","context":"En \u00abLimones por mano\u00bb","block_context":{"text":"Limones por mano","link":"https:\/\/quechilero.com\/blog\/category\/limones-por-mano\/"},"img":{"alt_text":"","src":"","width":0,"height":0},"classes":[]}],"jetpack_featured_media_url":"","_links":{"self":[{"href":"https:\/\/quechilero.com\/blog\/wp-json\/wp\/v2\/posts\/334","targetHints":{"allow":["GET"]}}],"collection":[{"href":"https:\/\/quechilero.com\/blog\/wp-json\/wp\/v2\/posts"}],"about":[{"href":"https:\/\/quechilero.com\/blog\/wp-json\/wp\/v2\/types\/post"}],"author":[{"embeddable":true,"href":"https:\/\/quechilero.com\/blog\/wp-json\/wp\/v2\/users\/1"}],"replies":[{"embeddable":true,"href":"https:\/\/quechilero.com\/blog\/wp-json\/wp\/v2\/comments?post=334"}],"version-history":[{"count":0,"href":"https:\/\/quechilero.com\/blog\/wp-json\/wp\/v2\/posts\/334\/revisions"}],"wp:attachment":[{"href":"https:\/\/quechilero.com\/blog\/wp-json\/wp\/v2\/media?parent=334"}],"wp:term":[{"taxonomy":"category","embeddable":true,"href":"https:\/\/quechilero.com\/blog\/wp-json\/wp\/v2\/categories?post=334"},{"taxonomy":"post_tag","embeddable":true,"href":"https:\/\/quechilero.com\/blog\/wp-json\/wp\/v2\/tags?post=334"},{"taxonomy":"series","embeddable":true,"href":"https:\/\/quechilero.com\/blog\/wp-json\/wp\/v2\/series?post=334"}],"curies":[{"name":"wp","href":"https:\/\/api.w.org\/{rel}","templated":true}]}}