{"id":331,"date":"2006-12-06T08:43:53","date_gmt":"2006-12-06T14:43:53","guid":{"rendered":"http:\/\/quechilero.com\/blog\/2006\/12\/06\/haremos-o-intentemos\/"},"modified":"2006-12-06T08:43:53","modified_gmt":"2006-12-06T14:43:53","slug":"haremos-o-intentemos","status":"publish","type":"post","link":"https:\/\/quechilero.com\/blog\/2006\/12\/06\/haremos-o-intentemos\/","title":{"rendered":"Haremos o Intentemos"},"content":{"rendered":"<p>Comencemos los \u00abharemos\u00bb y hagamos a un lado los \u00abintentemos\u00bb. Despertemos a  la realidad o durmamos con mentiras memorizadas de c\u00f3mo vivimos verdaderamente  vivos.<\/p>\n<p>\u00a1Por favor, despert\u00e9monos!<\/p>\n<p>S\u00f3lo despertemos y veamos&#8230; con un h\u00e1bil ojo entrenado para ver m\u00e1s all\u00e1 del  horizonte lo que realmente fuimos creados para ser.<\/p>\n<p>No m\u00e1s sue\u00f1os de batallas sin cuartel por dentro. Cuando nos levantamos, la  verdad y el conocimiento comenzar\u00e1n. Sutilmente y sin embargo, de manera  absoluta, estos cambios nos infundir\u00e1n vigor frente a la oscuridad que se nos  hab\u00eda pegado. Nuestra realidad se disipar\u00e1 dejando un conocimiento y lecciones  de un maestro desconocido.<\/p>\n<p>\u00a1La respuesta est\u00e1 aqu\u00ed! Es una verdad tan evidente. Hagamos a un lado los  \u00abintentemos\u00bb y comencemos con los \u00abharemos\u00bb.<\/p>\n<p><strong><em>Del libro \u00abEl Pensamiento del Capell\u00e1n\u00bb, de Sheree Cedres y  Parker Lee Blake<\/em><\/strong><\/p>\n","protected":false},"excerpt":{"rendered":"<p>Comencemos los \u00abharemos\u00bb y hagamos a un lado los \u00abintentemos\u00bb. Despertemos a la realidad o durmamos con mentiras memorizadas de c\u00f3mo vivimos verdaderamente vivos. \u00a1Por favor, despert\u00e9monos! S\u00f3lo despertemos y veamos&#8230; con un h\u00e1bil ojo entrenado para ver m\u00e1s all\u00e1 del horizonte lo que realmente fuimos creados para ser. No m\u00e1s sue\u00f1os de batallas sin &#8230; <a title=\"Haremos o Intentemos\" class=\"read-more\" href=\"https:\/\/quechilero.com\/blog\/2006\/12\/06\/haremos-o-intentemos\/\" aria-label=\"Leer m\u00e1s sobre Haremos o Intentemos\">Leer m\u00e1s<\/a><\/p>\n","protected":false},"author":1,"featured_media":0,"comment_status":"open","ping_status":"open","sticky":false,"template":"","format":"standard","meta":{"advanced_seo_description":"","jetpack_seo_html_title":"","jetpack_seo_noindex":false,"jetpack_seo_schema_type":"","episode_type":"","audio_file":"","podmotor_file_id":"","podmotor_episode_id":"","cover_image":"","cover_image_id":"","duration":"","filesize":"","filesize_raw":"","date_recorded":"","explicit":"","block":"","_jetpack_newsletter_access":"","_jetpack_dont_email_post_to_subs":false,"_jetpack_newsletter_tier_id":0,"_jetpack_memberships_contains_paywalled_content":false,"_jetpack_feature_clip_id":0,"_jetpack_memberships_contains_paid_content":false,"footnotes":"","jetpack_publicize_message":"","jetpack_publicize_feature_enabled":true,"jetpack_social_post_already_shared":false,"jetpack_social_options":{"image_generator_settings":{"template":"highway","default_image_id":0,"font":"","enabled":false},"version":2},"jetpack_post_was_ever_published":false},"categories":[2],"tags":[72,22,56,41],"series":[],"class_list":["post-331","post","type-post","status-publish","format-standard","hentry","category-limones","tag-libro","tag-respuesta","tag-sueno","tag-verdad"],"episode_featured_image":false,"episode_player_image":"https:\/\/i0.wp.com\/quechilero.com\/blog\/imagenes\/podcast.png?fit=1831%2C1831&ssl=1","download_link":"","player_link":"","audio_player":false,"episode_data":{"playerMode":"dark","subscribeUrls":{"amazon":{"key":"amazon","url":"","label":"Amazon","class":"amazon","icon":"amazon.png"},"apple_podcasts":{"key":"apple_podcasts","url":"","label":"Apple Podcasts","class":"apple_podcasts","icon":"apple-podcasts.png"},"castbox":{"key":"castbox","url":"","label":"CastBox","class":"castbox","icon":"castbox.png"},"deezer":{"key":"deezer","url":"","label":"Deezer","class":"deezer","icon":"deezer.png"},"google_podcasts":{"key":"google_podcasts","url":"","label":"Google Podcasts","class":"google_podcasts","icon":"google-podcasts.png"},"listen_notes":{"key":"listen_notes","url":"","label":"Listen Notes","class":"listen_notes","icon":"listen-notes.png"},"pandora":{"key":"pandora","url":"","label":"Pandora","class":"pandora","icon":"pandora.png"},"podbean":{"key":"podbean","url":"","label":"Podbean","class":"podbean","icon":"podbean.png"},"podcast_republic":{"key":"podcast_republic","url":"","label":"Podcast Republic","class":"podcast_republic","icon":"podcast-republic.png"},"rss":{"key":"rss","url":"","label":"RSS","class":"rss","icon":"rss.png"},"spotify":{"key":"spotify","url":"","label":"Spotify","class":"spotify","icon":"spotify.png"},"stitcher":{"key":"stitcher","url":"","label":"Stitcher","class":"stitcher","icon":"stitcher.png"},"tunein":{"key":"tunein","url":"","label":"TuneIn","class":"tunein","icon":"tunein.png"},"youtube":{"key":"youtube","url":"","label":"YouTube","class":"youtube","icon":"youtube.png"},"iheartradio":{"key":"iheartradio","url":"","label":"iHeartRadio","class":"iheartradio","icon":"iheartradio.png"},"ivoox":{"key":"ivoox","url":"","label":"iVoox","class":"ivoox","icon":"ivoox.png"}},"rssFeedUrl":"https:\/\/quechilero.com\/blog\/feed\/podcast\/si-la-vida-nos-da-limones","embedCode":"<blockquote class=\"wp-embedded-content\" data-secret=\"OsN2hsptEJ\"><a href=\"https:\/\/quechilero.com\/blog\/2006\/12\/06\/haremos-o-intentemos\/\">Haremos o Intentemos<\/a><\/blockquote><iframe sandbox=\"allow-scripts\" security=\"restricted\" src=\"https:\/\/quechilero.com\/blog\/2006\/12\/06\/haremos-o-intentemos\/embed\/#?secret=OsN2hsptEJ\" width=\"500\" height=\"350\" title=\"\u00abHaremos o Intentemos\u00bb \u2014 Si la Vida nos da Limones...\" data-secret=\"OsN2hsptEJ\" frameborder=\"0\" marginwidth=\"0\" marginheight=\"0\" scrolling=\"no\" class=\"wp-embedded-content\"><\/iframe><script>\n\/*! This file is auto-generated *\/\n!function(d,l){\"use strict\";l.querySelector&&d.addEventListener&&\"undefined\"!=typeof URL&&(d.wp=d.wp||{},d.wp.receiveEmbedMessage||(d.wp.receiveEmbedMessage=function(e){var t=e.data;if((t||t.secret||t.message||t.value)&&!\/[^a-zA-Z0-9]\/.test(t.secret)){for(var s,r,n,a=l.querySelectorAll('iframe[data-secret=\"'+t.secret+'\"]'),o=l.querySelectorAll('blockquote[data-secret=\"'+t.secret+'\"]'),c=new RegExp(\"^https?:$\",\"i\"),i=0;i<o.length;i++)o[i].style.display=\"none\";for(i=0;i<a.length;i++)s=a[i],e.source===s.contentWindow&&(s.removeAttribute(\"style\"),\"height\"===t.message?(1e3<(r=parseInt(t.value,10))?r=1e3:~~r<200&&(r=200),s.height=r):\"link\"===t.message&&(r=new URL(s.getAttribute(\"src\")),n=new URL(t.value),c.test(n.protocol))&&n.host===r.host&&l.activeElement===s&&(d.top.location.href=t.value))}},d.addEventListener(\"message\",d.wp.receiveEmbedMessage,!1),l.addEventListener(\"DOMContentLoaded\",function(){for(var e,t,s=l.querySelectorAll(\"iframe.wp-embedded-content\"),r=0;r<s.length;r++)(t=(e=s[r]).getAttribute(\"data-secret\"))||(t=Math.random().toString(36).substring(2,12),e.src+=\"#?secret=\"+t,e.setAttribute(\"data-secret\",t)),e.contentWindow.postMessage({message:\"ready\",secret:t},\"*\")},!1)))}(window,document);\n\/\/# sourceURL=https:\/\/quechilero.com\/blog\/wp-includes\/js\/wp-embed.min.js\n<\/script>\n"},"jetpack_publicize_connections":[],"jetpack_shortlink":"https:\/\/wp.me\/pDKli-5l","jetpack_sharing_enabled":true,"jetpack-related-posts":[{"id":561,"url":"https:\/\/quechilero.com\/blog\/2007\/05\/28\/para-que-has-nacido\/","url_meta":{"origin":331,"position":0},"title":"\u00bfPara qu\u00e9 has nacido?","author":"Pepe Barrascout Ortiz","date":"28 mayo 2007","format":false,"excerpt":"Es cierto que nacimos sin haberlo pedido; no elegimos c\u00f3mo, cu\u00e1ndo ni d\u00f3nde, lo \u00fanico que sabemos es que estamos vivos. Pero alguna vez te has preguntado, \u00bfPor qu\u00e9 o para qu\u00e9 has nacido? Hay quienes creen que su vida es un error, muchos no encuentran en s\u00ed mismo ning\u00fan\u2026","rel":"","context":"En \u00abLimones\u00bb","block_context":{"text":"Limones","link":"https:\/\/quechilero.com\/blog\/category\/limones\/"},"img":{"alt_text":"","src":"","width":0,"height":0},"classes":[]},{"id":841,"url":"https:\/\/quechilero.com\/blog\/2008\/01\/26\/para-que-has-nacido-2\/","url_meta":{"origin":331,"position":1},"title":"\u00bfPara qu\u00e9 has nacido?","author":"Pepe Barrascout Ortiz","date":"26 enero 2008","format":false,"excerpt":"Es cierto que nacimos sin haberlo pedido; no elegimos c\u00f3mo, cu\u00e1ndo ni d\u00f3nde, lo \u00fanico que sabemos es que estamos vivos. Pero alguna vez te has preguntado, \u00bfPor qu\u00e9 o para qu\u00e9 has nacido? Hay quienes creen que su vida es un error, muchos no encuentran en s\u00ed mismo ning\u00fan\u2026","rel":"","context":"En \u00abLimones\u00bb","block_context":{"text":"Limones","link":"https:\/\/quechilero.com\/blog\/category\/limones\/"},"img":{"alt_text":"","src":"","width":0,"height":0},"classes":[]},{"id":19826,"url":"https:\/\/quechilero.com\/blog\/2015\/02\/13\/la-lagartija-en-el-pozo\/","url_meta":{"origin":331,"position":2},"title":"La lagartija en el pozo","author":"Pepe Barrascout Ortiz","date":"13 febrero 2015","format":false,"excerpt":"En cierta ocasi\u00f3n, dos hombres se encontraban d\u00e1ndole mantenimiento a un pozo en las afueras del pueblo. Uno de ellos ten\u00eda que meterse para sacar las cubetas de lodo y basura, con la finalidad de que del pozo vertiera agua limpia. De pronto, aquel hombre que trabajaba con esmero dentro\u2026","rel":"","context":"En \u00abLimones\u00bb","block_context":{"text":"Limones","link":"https:\/\/quechilero.com\/blog\/category\/limones\/"},"img":{"alt_text":"","src":"","width":0,"height":0},"classes":[]},{"id":16391,"url":"https:\/\/quechilero.com\/blog\/2013\/04\/06\/que-quieres-ser-cuando-seas-grande\/","url_meta":{"origin":331,"position":3},"title":"\u00bfQu\u00e9 quieres ser, cuando seas grande?","author":"Pepe Barrascout Ortiz","date":"6 abril 2013","format":false,"excerpt":"Texto original de Luciano Pires Al ser anunciado el nuevo Papa, qued\u00e9 imaginando lo que pas\u00f3 por la cabeza de las personas que conocieron a Jorge Mario Bergoglio cuando era ni\u00f1o, en Buenos Aires. Gente que convivi\u00f3 con \u00e9l, bien cerca y que ahora conocen de su nombramiento para uno\u2026","rel":"","context":"En \u00abLimones\u00bb","block_context":{"text":"Limones","link":"https:\/\/quechilero.com\/blog\/category\/limones\/"},"img":{"alt_text":"","src":"","width":0,"height":0},"classes":[]},{"id":357,"url":"https:\/\/quechilero.com\/blog\/2006\/12\/21\/sentimientos-de-un-padre\/","url_meta":{"origin":331,"position":4},"title":"Sentimientos de un padre","author":"Pepe Barrascout Ortiz","date":"21 diciembre 2006","format":false,"excerpt":"Los sentimientos de mi hija est\u00e1n heridos. Le digo que para m\u00ed ella es especial. Mi hija est\u00e1 lastimada. Har\u00e9 lo que sea necesario para que se sienta mejor. Mi hija tiene miedo. No dormir\u00e9 mientras no se sienta segura. No soy un h\u00e9roe... soy padre. Cuando un hijo siente\u2026","rel":"","context":"En \u00abLimones\u00bb","block_context":{"text":"Limones","link":"https:\/\/quechilero.com\/blog\/category\/limones\/"},"img":{"alt_text":"","src":"","width":0,"height":0},"classes":[]},{"id":417,"url":"https:\/\/quechilero.com\/blog\/2007\/01\/22\/dulces-suenos\/","url_meta":{"origin":331,"position":5},"title":"Dulces sue\u00f1os","author":"Pepe Barrascout Ortiz","date":"22 enero 2007","format":false,"excerpt":"Si te levantas por la ma\u00f1ana tan agotado como cuando te acostaste la noche anterior, intenta recordar en qu\u00e9 estabas pensando los \u00faltimos cinco minutos antes de dormirte. Lo que pienses durante esos cinco minutos, va a impactar tu dormir y esto determinar\u00e1 c\u00f3mo ser\u00e1 el pr\u00f3ximo d\u00eda. Cuando duermes,\u2026","rel":"","context":"En \u00abLimones\u00bb","block_context":{"text":"Limones","link":"https:\/\/quechilero.com\/blog\/category\/limones\/"},"img":{"alt_text":"","src":"","width":0,"height":0},"classes":[]}],"jetpack_featured_media_url":"","_links":{"self":[{"href":"https:\/\/quechilero.com\/blog\/wp-json\/wp\/v2\/posts\/331","targetHints":{"allow":["GET"]}}],"collection":[{"href":"https:\/\/quechilero.com\/blog\/wp-json\/wp\/v2\/posts"}],"about":[{"href":"https:\/\/quechilero.com\/blog\/wp-json\/wp\/v2\/types\/post"}],"author":[{"embeddable":true,"href":"https:\/\/quechilero.com\/blog\/wp-json\/wp\/v2\/users\/1"}],"replies":[{"embeddable":true,"href":"https:\/\/quechilero.com\/blog\/wp-json\/wp\/v2\/comments?post=331"}],"version-history":[{"count":0,"href":"https:\/\/quechilero.com\/blog\/wp-json\/wp\/v2\/posts\/331\/revisions"}],"wp:attachment":[{"href":"https:\/\/quechilero.com\/blog\/wp-json\/wp\/v2\/media?parent=331"}],"wp:term":[{"taxonomy":"category","embeddable":true,"href":"https:\/\/quechilero.com\/blog\/wp-json\/wp\/v2\/categories?post=331"},{"taxonomy":"post_tag","embeddable":true,"href":"https:\/\/quechilero.com\/blog\/wp-json\/wp\/v2\/tags?post=331"},{"taxonomy":"series","embeddable":true,"href":"https:\/\/quechilero.com\/blog\/wp-json\/wp\/v2\/series?post=331"}],"curies":[{"name":"wp","href":"https:\/\/api.w.org\/{rel}","templated":true}]}}