{"id":33,"date":"2006-07-21T00:00:08","date_gmt":"2006-07-21T06:00:08","guid":{"rendered":"http:\/\/quechilero.com\/blog\/2006\/07\/21\/amor-en-php\/"},"modified":"2006-07-21T00:00:08","modified_gmt":"2006-07-21T06:00:08","slug":"amor-en-php","status":"publish","type":"post","link":"https:\/\/quechilero.com\/blog\/2006\/07\/21\/amor-en-php\/","title":{"rendered":"Amor en PHP"},"content":{"rendered":"<p>El amor se puede expresar en muchas formas como por ejemplo en el lenguaje de programaci\u00f3n PHP, <a href=\"http:\/\/www.lautreamont.net\/2006\/07\/04\/pequeno-poema-en-php\/\" target=\"_blank\" alt=\"Poema en PHP\">encontr\u00e9<\/a> est\u00e1 imagen escrita en ese c\u00f3digo.<\/p>\n<p>Una forma m\u00e1s de decirle al ser amado lo que sentimos en nuestra relaci\u00f3n. En especial para ti Kiki.<\/p>\n<p><a href=\"http:\/\/www.flickr.com\/photos\/pepejaguar\/190708700\/\" title=\"Poema en PHP\"><img data-recalc-dims=\"1\" loading=\"lazy\" decoding=\"async\" src=\"https:\/\/i0.wp.com\/static.flickr.com\/75\/190708700_acb4b8c04d_o.jpg?resize=242%2C258\" width=\"242\" height=\"258\" alt=\"Poes\u00eda PHP\" \/><\/a><\/p>\n","protected":false},"excerpt":{"rendered":"<p>El amor se puede expresar en muchas formas como por ejemplo en el lenguaje de programaci\u00f3n PHP, encontr\u00e9 est\u00e1 imagen escrita en ese c\u00f3digo. Una forma m\u00e1s de decirle al ser amado lo que sentimos en nuestra relaci\u00f3n. En especial para ti Kiki.<\/p>\n","protected":false},"author":1,"featured_media":0,"comment_status":"open","ping_status":"open","sticky":false,"template":"","format":"standard","meta":{"advanced_seo_description":"","jetpack_seo_html_title":"","jetpack_seo_noindex":false,"jetpack_seo_schema_type":"","episode_type":"","audio_file":"","podmotor_file_id":"","podmotor_episode_id":"","cover_image":"","cover_image_id":"","duration":"","filesize":"","filesize_raw":"","date_recorded":"","explicit":"","block":"","_jetpack_newsletter_access":"","_jetpack_dont_email_post_to_subs":false,"_jetpack_newsletter_tier_id":0,"_jetpack_memberships_contains_paywalled_content":false,"_jetpack_feature_clip_id":0,"_jetpack_memberships_contains_paid_content":false,"footnotes":"","jetpack_publicize_message":"","jetpack_publicize_feature_enabled":true,"jetpack_social_post_already_shared":false,"jetpack_social_options":{"image_generator_settings":{"template":"highway","default_image_id":0,"font":"","enabled":false},"version":2},"jetpack_post_was_ever_published":false},"categories":[2],"tags":[15,32,54],"series":[],"class_list":["post-33","post","type-post","status-publish","format-standard","hentry","category-limones","tag-amor","tag-especial","tag-kiki"],"episode_featured_image":false,"episode_player_image":"https:\/\/i0.wp.com\/quechilero.com\/blog\/imagenes\/podcast.png?fit=1831%2C1831&ssl=1","download_link":"","player_link":"","audio_player":false,"episode_data":{"playerMode":"dark","subscribeUrls":{"amazon":{"key":"amazon","url":"","label":"Amazon","class":"amazon","icon":"amazon.png"},"apple_podcasts":{"key":"apple_podcasts","url":"","label":"Apple Podcasts","class":"apple_podcasts","icon":"apple-podcasts.png"},"castbox":{"key":"castbox","url":"","label":"CastBox","class":"castbox","icon":"castbox.png"},"deezer":{"key":"deezer","url":"","label":"Deezer","class":"deezer","icon":"deezer.png"},"google_podcasts":{"key":"google_podcasts","url":"","label":"Google Podcasts","class":"google_podcasts","icon":"google-podcasts.png"},"listen_notes":{"key":"listen_notes","url":"","label":"Listen Notes","class":"listen_notes","icon":"listen-notes.png"},"pandora":{"key":"pandora","url":"","label":"Pandora","class":"pandora","icon":"pandora.png"},"podbean":{"key":"podbean","url":"","label":"Podbean","class":"podbean","icon":"podbean.png"},"podcast_republic":{"key":"podcast_republic","url":"","label":"Podcast Republic","class":"podcast_republic","icon":"podcast-republic.png"},"rss":{"key":"rss","url":"","label":"RSS","class":"rss","icon":"rss.png"},"spotify":{"key":"spotify","url":"","label":"Spotify","class":"spotify","icon":"spotify.png"},"stitcher":{"key":"stitcher","url":"","label":"Stitcher","class":"stitcher","icon":"stitcher.png"},"tunein":{"key":"tunein","url":"","label":"TuneIn","class":"tunein","icon":"tunein.png"},"youtube":{"key":"youtube","url":"","label":"YouTube","class":"youtube","icon":"youtube.png"},"iheartradio":{"key":"iheartradio","url":"","label":"iHeartRadio","class":"iheartradio","icon":"iheartradio.png"},"ivoox":{"key":"ivoox","url":"","label":"iVoox","class":"ivoox","icon":"ivoox.png"}},"rssFeedUrl":"https:\/\/quechilero.com\/blog\/feed\/podcast\/si-la-vida-nos-da-limones","embedCode":"<blockquote class=\"wp-embedded-content\" data-secret=\"hI6Z6XApv6\"><a href=\"https:\/\/quechilero.com\/blog\/2006\/07\/21\/amor-en-php\/\">Amor en PHP<\/a><\/blockquote><iframe sandbox=\"allow-scripts\" security=\"restricted\" src=\"https:\/\/quechilero.com\/blog\/2006\/07\/21\/amor-en-php\/embed\/#?secret=hI6Z6XApv6\" width=\"500\" height=\"350\" title=\"\u00abAmor en PHP\u00bb \u2014 Si la Vida nos da Limones...\" data-secret=\"hI6Z6XApv6\" frameborder=\"0\" marginwidth=\"0\" marginheight=\"0\" scrolling=\"no\" class=\"wp-embedded-content\"><\/iframe><script>\n\/*! This file is auto-generated *\/\n!function(d,l){\"use strict\";l.querySelector&&d.addEventListener&&\"undefined\"!=typeof URL&&(d.wp=d.wp||{},d.wp.receiveEmbedMessage||(d.wp.receiveEmbedMessage=function(e){var t=e.data;if((t||t.secret||t.message||t.value)&&!\/[^a-zA-Z0-9]\/.test(t.secret)){for(var s,r,n,a=l.querySelectorAll('iframe[data-secret=\"'+t.secret+'\"]'),o=l.querySelectorAll('blockquote[data-secret=\"'+t.secret+'\"]'),c=new RegExp(\"^https?:$\",\"i\"),i=0;i<o.length;i++)o[i].style.display=\"none\";for(i=0;i<a.length;i++)s=a[i],e.source===s.contentWindow&&(s.removeAttribute(\"style\"),\"height\"===t.message?(1e3<(r=parseInt(t.value,10))?r=1e3:~~r<200&&(r=200),s.height=r):\"link\"===t.message&&(r=new URL(s.getAttribute(\"src\")),n=new URL(t.value),c.test(n.protocol))&&n.host===r.host&&l.activeElement===s&&(d.top.location.href=t.value))}},d.addEventListener(\"message\",d.wp.receiveEmbedMessage,!1),l.addEventListener(\"DOMContentLoaded\",function(){for(var e,t,s=l.querySelectorAll(\"iframe.wp-embedded-content\"),r=0;r<s.length;r++)(t=(e=s[r]).getAttribute(\"data-secret\"))||(t=Math.random().toString(36).substring(2,12),e.src+=\"#?secret=\"+t,e.setAttribute(\"data-secret\",t)),e.contentWindow.postMessage({message:\"ready\",secret:t},\"*\")},!1)))}(window,document);\n\/\/# sourceURL=https:\/\/quechilero.com\/blog\/wp-includes\/js\/wp-embed.min.js\n<\/script>\n"},"jetpack_publicize_connections":[],"jetpack_shortlink":"https:\/\/wp.me\/pDKli-x","jetpack_sharing_enabled":true,"jetpack-related-posts":[{"id":4372,"url":"https:\/\/quechilero.com\/blog\/2010\/02\/14\/dia-del-carino-2\/","url_meta":{"origin":33,"position":0},"title":"D\u00eda del cari\u00f1o","author":"Pepe Barrascout Ortiz","date":"14 febrero 2010","format":false,"excerpt":"A veces el amor es ciego, a veces es incondicional, a veces nos hace hacer cosas que no imaginamos hacer y nos hace dejar de hacer cosas que no pens\u00e1bamos dejar de hacer. Por el amor somos capaces de todo y de nada. Lindo es tener a quien amar, como\u2026","rel":"","context":"En \u00abLimones\u00bb","block_context":{"text":"Limones","link":"https:\/\/quechilero.com\/blog\/category\/limones\/"},"img":{"alt_text":"","src":"https:\/\/i0.wp.com\/i392.photobucket.com\/albums\/pp7\/pepejaguar\/blog\/13005_full.jpg?resize=350%2C200","width":350,"height":200},"classes":[]},{"id":562,"url":"https:\/\/quechilero.com\/blog\/2007\/05\/29\/te-quiero-porque-te-quiero\/","url_meta":{"origin":33,"position":1},"title":"Te quiero porque te quiero","author":"Pepe Barrascout Ortiz","date":"29 mayo 2007","format":false,"excerpt":"Yo no puedo decir a ciencia cierta cu\u00e1nto te quiero ni desde cu\u00e1ndo te quiero, solo s\u00e9 que apenas vivo cuando te vas. Te quiero lo mismo despacio que corriendo, lo mismo despierto, lo mismo durmiendo. Te quiero gritando, te quiero en silencio. Te quiero vestida de azul y blanco\u2026","rel":"","context":"En \u00abLimones\u00bb","block_context":{"text":"Limones","link":"https:\/\/quechilero.com\/blog\/category\/limones\/"},"img":{"alt_text":"","src":"","width":0,"height":0},"classes":[]},{"id":842,"url":"https:\/\/quechilero.com\/blog\/2008\/01\/27\/te-quiero-porque-te-quiero-2\/","url_meta":{"origin":33,"position":2},"title":"Te quiero porque te quiero","author":"Pepe Barrascout Ortiz","date":"27 enero 2008","format":false,"excerpt":"Yo no puedo decir a ciencia cierta cuanto te quiero ni desde cuando te quiero, solo s\u00e9 que apenas vivo cuando te vas. Te quiero lo mismo despacio que corriendo, lo mismo despierto, lo mismo durmiendo. Te quiero gritando, te quiero en silencio. Te quiero vestida de azul y blanco\u2026","rel":"","context":"En \u00abLimones\u00bb","block_context":{"text":"Limones","link":"https:\/\/quechilero.com\/blog\/category\/limones\/"},"img":{"alt_text":"","src":"","width":0,"height":0},"classes":[]},{"id":788,"url":"https:\/\/quechilero.com\/blog\/2007\/11\/28\/sei-que-e-amor\/","url_meta":{"origin":33,"position":3},"title":"Sei que \u00e9 Amor&#8230;","author":"Pepe Barrascout Ortiz","date":"28 noviembre 2007","format":false,"excerpt":"Quando olho pra voc\u00ea, Sei que \u00e9 amor... Quando sinto teu cheiro, Sei que \u00e9 amor... Quando penso em voc\u00ea, Sei que \u00e9 amor... Quando sinto aquele friozinho na barriga, Sei que \u00e9 amor... Quando um passarinho canta enquanto caminho na rua, Sei que \u00e9 amor... Quando \u00e1s vezes meu\u2026","rel":"","context":"En \u00abLimones\u00bb","block_context":{"text":"Limones","link":"https:\/\/quechilero.com\/blog\/category\/limones\/"},"img":{"alt_text":"","src":"","width":0,"height":0},"classes":[]},{"id":284,"url":"https:\/\/quechilero.com\/blog\/2006\/10\/22\/del-amor\/","url_meta":{"origin":33,"position":4},"title":"Del Amor","author":"Pepe Barrascout Ortiz","date":"22 octubre 2006","format":false,"excerpt":"San Agust\u00edn escribi\u00f3 que, de la misma manera que una ciudad precisa de leyes para que sus habitantes puedan vivir juntos, el hombre precisa de una \u00fanica ley, el Amor, para convivir en paz con el mundo espiritual. Otras personas hablaron sobre esta verdad universal: \"El verdadero amor no pide\u2026","rel":"","context":"En \u00abLimones\u00bb","block_context":{"text":"Limones","link":"https:\/\/quechilero.com\/blog\/category\/limones\/"},"img":{"alt_text":"","src":"","width":0,"height":0},"classes":[]},{"id":789,"url":"https:\/\/quechilero.com\/blog\/2007\/11\/29\/meu-coracao\/","url_meta":{"origin":33,"position":5},"title":"Meu cora\u00e7\u00e3o","author":"Pepe Barrascout Ortiz","date":"29 noviembre 2007","format":false,"excerpt":"Meu cora\u00e7\u00e3o era frio, meu pensamento vazio, minha vida amarga, meu sorriso sem gra\u00e7a e a tristeza me calava... Hoje, sinto seu calor, penso em voc\u00ea com amor, me imagino um beija-flor, vivendo do seu doce amor... Voc\u00ea \u00e9 como uma flor que meu sorriso alegrou... H\u00e1 todos vou declarar...\u2026","rel":"","context":"En \u00abLimones\u00bb","block_context":{"text":"Limones","link":"https:\/\/quechilero.com\/blog\/category\/limones\/"},"img":{"alt_text":"","src":"","width":0,"height":0},"classes":[]}],"jetpack_featured_media_url":"","_links":{"self":[{"href":"https:\/\/quechilero.com\/blog\/wp-json\/wp\/v2\/posts\/33","targetHints":{"allow":["GET"]}}],"collection":[{"href":"https:\/\/quechilero.com\/blog\/wp-json\/wp\/v2\/posts"}],"about":[{"href":"https:\/\/quechilero.com\/blog\/wp-json\/wp\/v2\/types\/post"}],"author":[{"embeddable":true,"href":"https:\/\/quechilero.com\/blog\/wp-json\/wp\/v2\/users\/1"}],"replies":[{"embeddable":true,"href":"https:\/\/quechilero.com\/blog\/wp-json\/wp\/v2\/comments?post=33"}],"version-history":[{"count":0,"href":"https:\/\/quechilero.com\/blog\/wp-json\/wp\/v2\/posts\/33\/revisions"}],"wp:attachment":[{"href":"https:\/\/quechilero.com\/blog\/wp-json\/wp\/v2\/media?parent=33"}],"wp:term":[{"taxonomy":"category","embeddable":true,"href":"https:\/\/quechilero.com\/blog\/wp-json\/wp\/v2\/categories?post=33"},{"taxonomy":"post_tag","embeddable":true,"href":"https:\/\/quechilero.com\/blog\/wp-json\/wp\/v2\/tags?post=33"},{"taxonomy":"series","embeddable":true,"href":"https:\/\/quechilero.com\/blog\/wp-json\/wp\/v2\/series?post=33"}],"curies":[{"name":"wp","href":"https:\/\/api.w.org\/{rel}","templated":true}]}}