{"id":3280,"date":"2009-08-28T08:00:44","date_gmt":"2009-08-28T14:00:44","guid":{"rendered":"http:\/\/quechilero.com\/blog\/?p=3280"},"modified":"2009-08-28T08:00:44","modified_gmt":"2009-08-28T14:00:44","slug":"maraton-de-blogs-la-vida-es-un-soundtrack","status":"publish","type":"post","link":"https:\/\/quechilero.com\/blog\/2009\/08\/28\/maraton-de-blogs-la-vida-es-un-soundtrack\/","title":{"rendered":"Marat\u00f3n de Blogs: La vida es un Soundtrack"},"content":{"rendered":"<p><img data-recalc-dims=\"1\" decoding=\"async\" class=\"alignnone\" src=\"https:\/\/i0.wp.com\/i392.photobucket.com\/albums\/pp7\/pepejaguar\/maraton2009\/soundtrack.jpg?w=1200\" alt=\"\" \/><\/p>\n<p>Por el nombre de este blog, uno podr\u00eda imaginar que se trata de <em>uno de m\u00fasica<\/em>, pero <a title=\"Marat\u00f3n de Blogs 2009\" href=\"http:\/\/itsmepatoslaw.blogspot.com\/\" target=\"_blank\">La Vida es un Soundtrack<\/a> es el <em>blog personal<\/em> de <em>Luis Molina<\/em>, que adem\u00e1s de la m\u00fasica, tambi\u00e9n es un excelente cin\u00e9filo. Aunque <a title=\"Marat\u00f3n de Blogs 2009\" href=\"http:\/\/itsmepatoslaw.blogspot.com\/\" target=\"_blank\">La Vida es un Soundtrack<\/a> no trata exclusivamente de estos dos temas.<\/p>\n<p><em>Luis<\/em> se define a si mismo as\u00ed: <em>Un breve relato de aquello que nos hace felices, o m\u00e1s bien me hace. Letra y m\u00fasica, lo dice todo. En pocas palabras y al muy estilo cl\u00e1sico, cuando dedic\u00e1bamos un disco o cassette en los tiempos de anta\u00f1o a alguien. Yo en lo personal, lo seguir\u00e9 haciendo<\/em><\/p>\n<p><!--more--><\/p>\n<p>En cierta forma, tiene raz\u00f3n al afirmar que <a title=\"Marat\u00f3n de Blogs 2009\" href=\"http:\/\/itsmepatoslaw.blogspot.com\/\" target=\"_blank\">La Vida es un Soundtrack<\/a>, ya que a lo largo de nuestras vidas, han habido <em>m\u00fasicas<\/em>, que nos hacen recordar o que nos identifican con ciertas etapas, pasadas, presente y posiblemente futuras y que de una u otra forma nos han hecho ser, lo que ahora somos.<\/p>\n<p><a title=\"Marat\u00f3n de Blogs 2009\" href=\"http:\/\/itsmepatoslaw.blogspot.com\/\" target=\"_blank\">La Vida es un Soundtrack<\/a> dio inicio en enero de 2008 y con mas de un a\u00f1o y medio de vida, ha publicado un poco mas de 210 art\u00edculos, en los que regularmente publica alg\u00fan video musical, que es ampliamente comentado por <em>Luis<\/em>. Estos comentarios, son una buena cr\u00edtica que vale la pena leer y con la que se puede formar un criterio para apreciar de mejor forma estos videos y de esta forma apreciar mejor la m\u00fasica contempor\u00e1nea.<\/p>\n<p>El otro <em>tema medular<\/em> de <a title=\"Marat\u00f3n de Blogs 2009\" href=\"http:\/\/itsmepatoslaw.blogspot.com\/\" target=\"_blank\">La Vida es un Soundtrack<\/a> es el cine y de tal suerte, se pueden encontrar <em>rese\u00f1as<\/em> que le dan al lector, una visi\u00f3n <em>panor\u00e1mica<\/em>, para poder, en algunos casos, <em>entender la pel\u00edcula<\/em> que nos proponemos ver. Recientemente <a title=\"Marat\u00f3n de Blogs 2009\" href=\"http:\/\/itsmepatoslaw.blogspot.com\/\" target=\"_blank\">La Vida es un Soundtrack<\/a> ha publicado un an\u00e1lisis muy completo sobre <em>la versi\u00f3n retorcida y bizarra de Alicia en el pa\u00eds de las maravillas<\/em>, eso sin dejar de mencionar el que se hizo de <em>Pulp Fiction<\/em>.<\/p>\n<p>Los invito a que visiten <a title=\"Marat\u00f3n de Blogs 2009\" href=\"http:\/\/itsmepatoslaw.blogspot.com\/\" target=\"_blank\">La Vida es un Soundtrack<\/a> y si son amantes de la m\u00fasica y el cine, entonces lo agreguen a la lista de blogs favoritos, ya que <a title=\"Marat\u00f3n de Blogs 2009\" href=\"http:\/\/itsmepatoslaw.blogspot.com\/\" target=\"_blank\">La Vida es un Soundtrack<\/a> es un blog imperdible.<\/p>\n<p>En el enlace, puedes encontrar el <a title=\"Marat\u00f3n de Blogs 2009\" href=\"http:\/\/blogsdeguatemala.com\/blog:743\" target=\"_blank\">listado de art\u00edculos publicados<\/a> a la fecha.<\/p>\n<p>Lee mas rese\u00f1as del <a title=\"Marat\u00f3n de Blogs 2009\" href=\"http:\/\/quechilero.com\/blog\/2009\/07\/31\/maraton-de-blogs-2009\/\"><strong>Marat\u00f3n de Blogs 2009<\/strong><\/a>.<\/p>\n<p><a href=\"http:\/\/quechilero.com\/blog\/2009\/07\/31\/maraton-de-blogs-2009\/\"><img data-recalc-dims=\"1\" loading=\"lazy\" decoding=\"async\" class=\"alignnone\" style=\"border: 0pt none;\" src=\"https:\/\/i0.wp.com\/i392.photobucket.com\/albums\/pp7\/pepejaguar\/maraton2009\/maraton2009.jpg?resize=550%2C95\" alt=\"Marat\u00f3n de Blogs 2009\" width=\"550\" height=\"95\" \/><\/a><\/p>\n","protected":false},"excerpt":{"rendered":"<p>Por el nombre de este blog, uno podr\u00eda imaginar que se trata de uno de m\u00fasica, pero La Vida es un Soundtrack es el blog personal de Luis Molina, que adem\u00e1s de la m\u00fasica, tambi\u00e9n es un excelente cin\u00e9filo. Aunque La Vida es un Soundtrack no trata exclusivamente de estos dos temas. Luis se define &#8230; <a title=\"Marat\u00f3n de Blogs: La vida es un Soundtrack\" class=\"read-more\" href=\"https:\/\/quechilero.com\/blog\/2009\/08\/28\/maraton-de-blogs-la-vida-es-un-soundtrack\/\" aria-label=\"Leer m\u00e1s sobre Marat\u00f3n de Blogs: La vida es un Soundtrack\">Leer m\u00e1s<\/a><\/p>\n","protected":false},"author":1,"featured_media":0,"comment_status":"open","ping_status":"open","sticky":false,"template":"","format":"standard","meta":{"advanced_seo_description":"","jetpack_seo_html_title":"","jetpack_seo_noindex":false,"jetpack_seo_schema_type":"","episode_type":"","audio_file":"","podmotor_file_id":"","podmotor_episode_id":"","cover_image":"","cover_image_id":"","duration":"","filesize":"","filesize_raw":"","date_recorded":"","explicit":"","block":"","_jetpack_newsletter_access":"","_jetpack_dont_email_post_to_subs":false,"_jetpack_newsletter_tier_id":0,"_jetpack_memberships_contains_paywalled_content":false,"_jetpack_feature_clip_id":0,"_jetpack_memberships_contains_paid_content":false,"footnotes":"","jetpack_publicize_message":"","jetpack_publicize_feature_enabled":true,"jetpack_social_post_already_shared":false,"jetpack_social_options":{"image_generator_settings":{"template":"highway","default_image_id":0,"font":"","enabled":false},"version":2},"jetpack_post_was_ever_published":false},"categories":[61],"tags":[4,10,62,42,5,24,25],"series":[],"class_list":["post-3280","post","type-post","status-publish","format-standard","hentry","category-blogs-de-guatemala","tag-blog","tag-guatemala","tag-maraton","tag-palabra","tag-tiempo","tag-vida","tag-video"],"episode_featured_image":false,"episode_player_image":"https:\/\/i0.wp.com\/quechilero.com\/blog\/imagenes\/podcast.png?fit=1831%2C1831&ssl=1","download_link":"","player_link":"","audio_player":false,"episode_data":{"playerMode":"dark","subscribeUrls":{"amazon":{"key":"amazon","url":"","label":"Amazon","class":"amazon","icon":"amazon.png"},"apple_podcasts":{"key":"apple_podcasts","url":"","label":"Apple Podcasts","class":"apple_podcasts","icon":"apple-podcasts.png"},"castbox":{"key":"castbox","url":"","label":"CastBox","class":"castbox","icon":"castbox.png"},"deezer":{"key":"deezer","url":"","label":"Deezer","class":"deezer","icon":"deezer.png"},"google_podcasts":{"key":"google_podcasts","url":"","label":"Google Podcasts","class":"google_podcasts","icon":"google-podcasts.png"},"listen_notes":{"key":"listen_notes","url":"","label":"Listen Notes","class":"listen_notes","icon":"listen-notes.png"},"pandora":{"key":"pandora","url":"","label":"Pandora","class":"pandora","icon":"pandora.png"},"podbean":{"key":"podbean","url":"","label":"Podbean","class":"podbean","icon":"podbean.png"},"podcast_republic":{"key":"podcast_republic","url":"","label":"Podcast Republic","class":"podcast_republic","icon":"podcast-republic.png"},"rss":{"key":"rss","url":"","label":"RSS","class":"rss","icon":"rss.png"},"spotify":{"key":"spotify","url":"","label":"Spotify","class":"spotify","icon":"spotify.png"},"stitcher":{"key":"stitcher","url":"","label":"Stitcher","class":"stitcher","icon":"stitcher.png"},"tunein":{"key":"tunein","url":"","label":"TuneIn","class":"tunein","icon":"tunein.png"},"youtube":{"key":"youtube","url":"","label":"YouTube","class":"youtube","icon":"youtube.png"},"iheartradio":{"key":"iheartradio","url":"","label":"iHeartRadio","class":"iheartradio","icon":"iheartradio.png"},"ivoox":{"key":"ivoox","url":"","label":"iVoox","class":"ivoox","icon":"ivoox.png"}},"rssFeedUrl":"https:\/\/quechilero.com\/blog\/feed\/podcast\/si-la-vida-nos-da-limones","embedCode":"<blockquote class=\"wp-embedded-content\" data-secret=\"LLdvIXoK5S\"><a href=\"https:\/\/quechilero.com\/blog\/2009\/08\/28\/maraton-de-blogs-la-vida-es-un-soundtrack\/\">Marat\u00f3n de Blogs: La vida es un Soundtrack<\/a><\/blockquote><iframe sandbox=\"allow-scripts\" security=\"restricted\" src=\"https:\/\/quechilero.com\/blog\/2009\/08\/28\/maraton-de-blogs-la-vida-es-un-soundtrack\/embed\/#?secret=LLdvIXoK5S\" width=\"500\" height=\"350\" title=\"\u00abMarat\u00f3n de Blogs: La vida es un Soundtrack\u00bb \u2014 Si la Vida nos da Limones...\" data-secret=\"LLdvIXoK5S\" frameborder=\"0\" marginwidth=\"0\" marginheight=\"0\" scrolling=\"no\" class=\"wp-embedded-content\"><\/iframe><script>\n\/*! This file is auto-generated *\/\n!function(d,l){\"use strict\";l.querySelector&&d.addEventListener&&\"undefined\"!=typeof URL&&(d.wp=d.wp||{},d.wp.receiveEmbedMessage||(d.wp.receiveEmbedMessage=function(e){var t=e.data;if((t||t.secret||t.message||t.value)&&!\/[^a-zA-Z0-9]\/.test(t.secret)){for(var s,r,n,a=l.querySelectorAll('iframe[data-secret=\"'+t.secret+'\"]'),o=l.querySelectorAll('blockquote[data-secret=\"'+t.secret+'\"]'),c=new RegExp(\"^https?:$\",\"i\"),i=0;i<o.length;i++)o[i].style.display=\"none\";for(i=0;i<a.length;i++)s=a[i],e.source===s.contentWindow&&(s.removeAttribute(\"style\"),\"height\"===t.message?(1e3<(r=parseInt(t.value,10))?r=1e3:~~r<200&&(r=200),s.height=r):\"link\"===t.message&&(r=new URL(s.getAttribute(\"src\")),n=new URL(t.value),c.test(n.protocol))&&n.host===r.host&&l.activeElement===s&&(d.top.location.href=t.value))}},d.addEventListener(\"message\",d.wp.receiveEmbedMessage,!1),l.addEventListener(\"DOMContentLoaded\",function(){for(var e,t,s=l.querySelectorAll(\"iframe.wp-embedded-content\"),r=0;r<s.length;r++)(t=(e=s[r]).getAttribute(\"data-secret\"))||(t=Math.random().toString(36).substring(2,12),e.src+=\"#?secret=\"+t,e.setAttribute(\"data-secret\",t)),e.contentWindow.postMessage({message:\"ready\",secret:t},\"*\")},!1)))}(window,document);\n\/\/# sourceURL=https:\/\/quechilero.com\/blog\/wp-includes\/js\/wp-embed.min.js\n<\/script>\n"},"jetpack_publicize_connections":[],"jetpack_shortlink":"https:\/\/wp.me\/pDKli-QU","jetpack_sharing_enabled":true,"jetpack-related-posts":[{"id":3163,"url":"https:\/\/quechilero.com\/blog\/2009\/07\/31\/maraton-de-blogs-2009\/","url_meta":{"origin":3280,"position":0},"title":"Marat\u00f3n de Blogs 2009","author":"Pepe Barrascout Ortiz","date":"31 julio 2009","format":false,"excerpt":"En el a\u00f1o 2006, inici\u00f3 la Marat\u00f3n de Blogs, este a\u00f1o en su cuarta edici\u00f3n sigue evolucionando la tradici\u00f3n. El objetivo principal es la difusi\u00f3n de los blogs, aunado a las actividades promovidas por el \u201cBlog Day\". Haciendo una peque\u00f1a recopilaci\u00f3n y remembranza de los tres a\u00f1os anteriores: 2006, iniciamos\u2026","rel":"","context":"En \u00abBlogs de Guatemala\u00bb","block_context":{"text":"Blogs de Guatemala","link":"https:\/\/quechilero.com\/blog\/category\/blogs-de-guatemala\/"},"img":{"alt_text":"Marat\u00f3n de Blogs 2009","src":"https:\/\/i0.wp.com\/i392.photobucket.com\/albums\/pp7\/pepejaguar\/maraton2009\/maraton2009.jpg?resize=350%2C200","width":350,"height":200,"srcset":"https:\/\/i0.wp.com\/i392.photobucket.com\/albums\/pp7\/pepejaguar\/maraton2009\/maraton2009.jpg?resize=350%2C200 1x, https:\/\/i0.wp.com\/i392.photobucket.com\/albums\/pp7\/pepejaguar\/maraton2009\/maraton2009.jpg?resize=525%2C300 1.5x"},"classes":[]},{"id":3251,"url":"https:\/\/quechilero.com\/blog\/2009\/08\/14\/maraton-de-blogs-luis-villacinda\/","url_meta":{"origin":3280,"position":1},"title":"Marat\u00f3n de Blogs: Luis Villacinda","author":"Pepe Barrascout Ortiz","date":"14 agosto 2009","format":false,"excerpt":"Luis Villacinda es un dise\u00f1ador gr\u00e1fico, que tiene a su cargo, varios proyectos editoriales, desde hace bastante tiempo, he venido siguiendo su trabajo y en no pocas ocasiones, me sirvi\u00f3 de inspiraci\u00f3n, para cuando tuve a mi cargo siendo el jefe de dise\u00f1o del peri\u00f3dico cat\u00f3lico en el que trabaj\u00e9\u2026","rel":"","context":"En \u00abBlogs de Guatemala\u00bb","block_context":{"text":"Blogs de Guatemala","link":"https:\/\/quechilero.com\/blog\/category\/blogs-de-guatemala\/"},"img":{"alt_text":"Marat\u00f3n de Blogs 2009","src":"https:\/\/i0.wp.com\/i392.photobucket.com\/albums\/pp7\/pepejaguar\/maraton2009\/maraton2009.jpg?resize=350%2C200","width":350,"height":200,"srcset":"https:\/\/i0.wp.com\/i392.photobucket.com\/albums\/pp7\/pepejaguar\/maraton2009\/maraton2009.jpg?resize=350%2C200 1x, https:\/\/i0.wp.com\/i392.photobucket.com\/albums\/pp7\/pepejaguar\/maraton2009\/maraton2009.jpg?resize=525%2C300 1.5x"},"classes":[]},{"id":5203,"url":"https:\/\/quechilero.com\/blog\/2010\/08\/02\/maraton-de-blogs-mi-blog\/","url_meta":{"origin":3280,"position":2},"title":"Marat\u00f3n de Blogs: Mi Blog","author":"Pepe Barrascout Ortiz","date":"2 agosto 2010","format":false,"excerpt":"Mi Blog, es una recopilaci\u00f3n de las experiencias y pensamientos, en los que su autora, comparte con el grupo de lectores, que regularmente visitan y comentan en el blog. Son variados los temas, como pensamientos salen de su mente para ir a parar al teclado que los env\u00eda al blog,\u2026","rel":"","context":"En \u00abBlogs de Guatemala\u00bb","block_context":{"text":"Blogs de Guatemala","link":"https:\/\/quechilero.com\/blog\/category\/blogs-de-guatemala\/"},"img":{"alt_text":"","src":"https:\/\/i0.wp.com\/i392.photobucket.com\/albums\/pp7\/pepejaguar\/maraton\/miblog.png?resize=350%2C200","width":350,"height":200,"srcset":"https:\/\/i0.wp.com\/i392.photobucket.com\/albums\/pp7\/pepejaguar\/maraton\/miblog.png?resize=350%2C200 1x, https:\/\/i0.wp.com\/i392.photobucket.com\/albums\/pp7\/pepejaguar\/maraton\/miblog.png?resize=525%2C300 1.5x"},"classes":[]},{"id":3233,"url":"https:\/\/quechilero.com\/blog\/2009\/08\/04\/maraton-de-blogs-historias-citadinas\/","url_meta":{"origin":3280,"position":3},"title":"Marat\u00f3n de Blogs: Historias Citadinas","author":"Pepe Barrascout Ortiz","date":"4 agosto 2009","format":false,"excerpt":"Con casi 200 textos publicados desde hace un a\u00f1o, Nancy Arroyave, presenta a sus much\u00edsimos lectores, sus particulares puntos de vista, sobre asuntos cotidianos, pero que pasan desapercibidos para la mayor\u00eda, al menos hasta que no son le\u00eddos en Historias Citadinas. Dentro de las publicaciones regulares de Nancy, est\u00e1n las\u2026","rel":"","context":"En \u00abBlogs de Guatemala\u00bb","block_context":{"text":"Blogs de Guatemala","link":"https:\/\/quechilero.com\/blog\/category\/blogs-de-guatemala\/"},"img":{"alt_text":"","src":"https:\/\/i0.wp.com\/i392.photobucket.com\/albums\/pp7\/pepejaguar\/maraton2009\/historiascitadinas.jpg?resize=350%2C200","width":350,"height":200,"srcset":"https:\/\/i0.wp.com\/i392.photobucket.com\/albums\/pp7\/pepejaguar\/maraton2009\/historiascitadinas.jpg?resize=350%2C200 1x, https:\/\/i0.wp.com\/i392.photobucket.com\/albums\/pp7\/pepejaguar\/maraton2009\/historiascitadinas.jpg?resize=525%2C300 1.5x"},"classes":[]},{"id":1230,"url":"https:\/\/quechilero.com\/blog\/2008\/08\/12\/blog-cachacero\/","url_meta":{"origin":3280,"position":4},"title":"Marat\u00f3n &#8211; Blog Cachacero","author":"Pepe Barrascout Ortiz","date":"12 agosto 2008","format":false,"excerpt":"Los Cachaceros (oriundos de Quezaltepeque, Chiquimula) tienen desde hace casi tres a\u00f1os, un Blog Cachacero donde su autor Billi Quijada en forma regular y peri\u00f3dica, escribe sobre diversos aspectos relacionados principalmente con la poblaci\u00f3n donde vive. El Blog Cachacero empez\u00f3 solo por fregar, seg\u00fan las palabras de Billy, sin embargo\u2026","rel":"","context":"En \u00abBlogs de Guatemala\u00bb","block_context":{"text":"Blogs de Guatemala","link":"https:\/\/quechilero.com\/blog\/category\/blogs-de-guatemala\/"},"img":{"alt_text":"Blog Cachacero","src":"https:\/\/i0.wp.com\/img373.imageshack.us\/img373\/2569\/maratonyx7.jpg?resize=350%2C200","width":350,"height":200},"classes":[]},{"id":3263,"url":"https:\/\/quechilero.com\/blog\/2009\/08\/21\/maraton-de-blogs-blog-guatemala\/","url_meta":{"origin":3280,"position":5},"title":"Marat\u00f3n de Blogs: Blog Guatemala","author":"Pepe Barrascout Ortiz","date":"21 agosto 2009","format":false,"excerpt":"Con mas de 3 a\u00f1os de actividad (febrero 2006) y de la mano de Hugo M\u00e9ndez, Blog Guatemala se ha dedicado a presentar el lado bonito de nuestro pa\u00eds, los temas de inter\u00e9s no se hacen esperar y d\u00eda a d\u00eda, son muchos los art\u00edculos de fondo que podemos leer\u2026","rel":"","context":"En \u00abBlogs de Guatemala\u00bb","block_context":{"text":"Blogs de Guatemala","link":"https:\/\/quechilero.com\/blog\/category\/blogs-de-guatemala\/"},"img":{"alt_text":"Marat\u00f3n de Blogs 2009","src":"https:\/\/i0.wp.com\/i392.photobucket.com\/albums\/pp7\/pepejaguar\/maraton2009\/maraton2009.jpg?resize=350%2C200","width":350,"height":200,"srcset":"https:\/\/i0.wp.com\/i392.photobucket.com\/albums\/pp7\/pepejaguar\/maraton2009\/maraton2009.jpg?resize=350%2C200 1x, https:\/\/i0.wp.com\/i392.photobucket.com\/albums\/pp7\/pepejaguar\/maraton2009\/maraton2009.jpg?resize=525%2C300 1.5x"},"classes":[]}],"jetpack_featured_media_url":"","_links":{"self":[{"href":"https:\/\/quechilero.com\/blog\/wp-json\/wp\/v2\/posts\/3280","targetHints":{"allow":["GET"]}}],"collection":[{"href":"https:\/\/quechilero.com\/blog\/wp-json\/wp\/v2\/posts"}],"about":[{"href":"https:\/\/quechilero.com\/blog\/wp-json\/wp\/v2\/types\/post"}],"author":[{"embeddable":true,"href":"https:\/\/quechilero.com\/blog\/wp-json\/wp\/v2\/users\/1"}],"replies":[{"embeddable":true,"href":"https:\/\/quechilero.com\/blog\/wp-json\/wp\/v2\/comments?post=3280"}],"version-history":[{"count":0,"href":"https:\/\/quechilero.com\/blog\/wp-json\/wp\/v2\/posts\/3280\/revisions"}],"wp:attachment":[{"href":"https:\/\/quechilero.com\/blog\/wp-json\/wp\/v2\/media?parent=3280"}],"wp:term":[{"taxonomy":"category","embeddable":true,"href":"https:\/\/quechilero.com\/blog\/wp-json\/wp\/v2\/categories?post=3280"},{"taxonomy":"post_tag","embeddable":true,"href":"https:\/\/quechilero.com\/blog\/wp-json\/wp\/v2\/tags?post=3280"},{"taxonomy":"series","embeddable":true,"href":"https:\/\/quechilero.com\/blog\/wp-json\/wp\/v2\/series?post=3280"}],"curies":[{"name":"wp","href":"https:\/\/api.w.org\/{rel}","templated":true}]}}