{"id":327,"date":"2006-11-28T14:48:25","date_gmt":"2006-11-28T20:48:25","guid":{"rendered":"http:\/\/quechilero.com\/blog\/2006\/11\/28\/carta-de-amor-de-un-fisico\/"},"modified":"2006-11-28T14:48:25","modified_gmt":"2006-11-28T20:48:25","slug":"carta-de-amor-de-un-fisico","status":"publish","type":"post","link":"https:\/\/quechilero.com\/blog\/2006\/11\/28\/carta-de-amor-de-un-fisico\/","title":{"rendered":"Carta de amor de un f\u00edsico"},"content":{"rendered":"<p><strong>Para mi xorrit\u00edn de electrones:<\/strong><\/p>\n<p>Me gustar\u00eda poder mirar cada d\u00eda tus ojos cristalinos de indice de refracci\u00f3n casi inapreciable. Me encanta andar contigo por la calle a velocidad constante, mientras nuestras manos entrelazadas realizan un p\u00e9ndulo simple arm\u00f3nico. Cuando nos tiramos por la colina de c\u00e9sped en la universidad, siento como nuestra energ\u00eda potencial va decreciendo y nuestra cin\u00e9tica aumentando asta fundirnos en un beso que produce un calor inmenso completando nuestra ecuaci\u00f3n de la conservaci\u00f3n. Es cierto que hay a veces que parecemos polos opuestos y creemos que todo gira alrededor nuestro barriendo \u00e1reas iguales en tiempos iguales, pero eso termina cuando vienes, porque mi fuerza de atracci\u00f3n, frente a la tuya, es m\u00e1s bien despreciable. Adoro levantarte entre mis brazos de tal forma que el centro de gravedad de nuestro conjunto se encuentre en mi&#8230; s\u00f3lido r\u00edgido.<\/p>\n<p>\u00bfTe acuerdas de aquella noche en mi casa? Ese d\u00eda compre condones estriados mmm&#8230; que dulce material, me sent\u00eda como un superconductor en un campo magn\u00e9tico&#8230; Primero introduje mi&#8230; s\u00f3lido r\u00edgido&#8230; haciendo presi\u00f3n como si de un muelle se tratara, entre tus susurros se pod\u00eda escuchar: \u00abadoro el coeficiente de rozamiento\u00bb, despu\u00e9s comenc\u00e9 a moverme arm\u00f3nicamente despacio, mientras tu gem\u00edas y me ped\u00edas por favor que quer\u00edas que aumentara la amplitud, quer\u00edas amplitud \u00bfeh?, yo no solo la aument\u00e9, sino que reduje el per\u00edodo, y aquello cada vez parec\u00eda m\u00e1s arm\u00f3nico, m\u00e1s inestable, la velocidad tend\u00eda a infinito, el aire cada vez era m\u00e1s cargado (por aquello de la ley de los gases, que si se agitan&#8230;) puffff&#8230; al final todo termin\u00f3 en dos ondas sonoras perfectamente acopladas de niveles de dB m\u00e1ximos de audici\u00f3n&#8230; me dijiste: \u00abcasi haces el l\u00edmite a infinito realidad\u00bb y yo contest\u00e9: \u00abes realidad, todav\u00eda no te has dado cuenta de que mi solido r\u00edgido&#8230; sigue r\u00edgido\u00bb&#8230;<\/p>\n<p>Lo que viene despu\u00e9s es incompresible a nivel cient\u00edfico&#8230; pero a estos niveles de la vida ya te dar\u00e1s cuenta de que el amor no es ciencia amig@, solo dos mentes que entienden el mismo lenguaje incomprensible para los dem\u00e1s e incapaz de demostrar.<\/p>\n<p>Visto <a target=\"_blank\" href=\"http:\/\/100cia.com\/opinion\/foros\/showthread.php?t=9232\">aqu\u00ed<\/a>.<\/p>\n","protected":false},"excerpt":{"rendered":"<p>Para mi xorrit\u00edn de electrones: Me gustar\u00eda poder mirar cada d\u00eda tus ojos cristalinos de indice de refracci\u00f3n casi inapreciable. Me encanta andar contigo por la calle a velocidad constante, mientras nuestras manos entrelazadas realizan un p\u00e9ndulo simple arm\u00f3nico. Cuando nos tiramos por la colina de c\u00e9sped en la universidad, siento como nuestra energ\u00eda potencial &#8230; <a title=\"Carta de amor de un f\u00edsico\" class=\"read-more\" href=\"https:\/\/quechilero.com\/blog\/2006\/11\/28\/carta-de-amor-de-un-fisico\/\" aria-label=\"Leer m\u00e1s sobre Carta de amor de un f\u00edsico\">Leer m\u00e1s<\/a><\/p>\n","protected":false},"author":1,"featured_media":0,"comment_status":"open","ping_status":"open","sticky":false,"template":"","format":"standard","meta":{"advanced_seo_description":"","jetpack_seo_html_title":"","jetpack_seo_noindex":false,"jetpack_seo_schema_type":"","episode_type":"","audio_file":"","podmotor_file_id":"","podmotor_episode_id":"","cover_image":"","cover_image_id":"","duration":"","filesize":"","filesize_raw":"","date_recorded":"","explicit":"","block":"","_jetpack_newsletter_access":"","_jetpack_dont_email_post_to_subs":false,"_jetpack_newsletter_tier_id":0,"_jetpack_memberships_contains_paywalled_content":false,"_jetpack_feature_clip_id":0,"_jetpack_memberships_contains_paid_content":false,"footnotes":"","jetpack_publicize_message":"","jetpack_publicize_feature_enabled":true,"jetpack_social_post_already_shared":false,"jetpack_social_options":{"image_generator_settings":{"template":"highway","default_image_id":0,"font":"","enabled":false},"version":2},"jetpack_post_was_ever_published":false},"categories":[2],"tags":[14,15,71,40,5,24],"series":[],"class_list":["post-327","post","type-post","status-publish","format-standard","hentry","category-limones","tag-accion","tag-amor","tag-energia","tag-paz","tag-tiempo","tag-vida"],"episode_featured_image":false,"episode_player_image":"https:\/\/i0.wp.com\/quechilero.com\/blog\/imagenes\/podcast.png?fit=1831%2C1831&ssl=1","download_link":"","player_link":"","audio_player":false,"episode_data":{"playerMode":"dark","subscribeUrls":{"amazon":{"key":"amazon","url":"","label":"Amazon","class":"amazon","icon":"amazon.png"},"apple_podcasts":{"key":"apple_podcasts","url":"","label":"Apple Podcasts","class":"apple_podcasts","icon":"apple-podcasts.png"},"castbox":{"key":"castbox","url":"","label":"CastBox","class":"castbox","icon":"castbox.png"},"deezer":{"key":"deezer","url":"","label":"Deezer","class":"deezer","icon":"deezer.png"},"google_podcasts":{"key":"google_podcasts","url":"","label":"Google Podcasts","class":"google_podcasts","icon":"google-podcasts.png"},"listen_notes":{"key":"listen_notes","url":"","label":"Listen Notes","class":"listen_notes","icon":"listen-notes.png"},"pandora":{"key":"pandora","url":"","label":"Pandora","class":"pandora","icon":"pandora.png"},"podbean":{"key":"podbean","url":"","label":"Podbean","class":"podbean","icon":"podbean.png"},"podcast_republic":{"key":"podcast_republic","url":"","label":"Podcast Republic","class":"podcast_republic","icon":"podcast-republic.png"},"rss":{"key":"rss","url":"","label":"RSS","class":"rss","icon":"rss.png"},"spotify":{"key":"spotify","url":"","label":"Spotify","class":"spotify","icon":"spotify.png"},"stitcher":{"key":"stitcher","url":"","label":"Stitcher","class":"stitcher","icon":"stitcher.png"},"tunein":{"key":"tunein","url":"","label":"TuneIn","class":"tunein","icon":"tunein.png"},"youtube":{"key":"youtube","url":"","label":"YouTube","class":"youtube","icon":"youtube.png"},"iheartradio":{"key":"iheartradio","url":"","label":"iHeartRadio","class":"iheartradio","icon":"iheartradio.png"},"ivoox":{"key":"ivoox","url":"","label":"iVoox","class":"ivoox","icon":"ivoox.png"}},"rssFeedUrl":"https:\/\/quechilero.com\/blog\/feed\/podcast\/si-la-vida-nos-da-limones","embedCode":"<blockquote class=\"wp-embedded-content\" data-secret=\"ppSrLD0Aw0\"><a href=\"https:\/\/quechilero.com\/blog\/2006\/11\/28\/carta-de-amor-de-un-fisico\/\">Carta de amor de un f\u00edsico<\/a><\/blockquote><iframe sandbox=\"allow-scripts\" security=\"restricted\" src=\"https:\/\/quechilero.com\/blog\/2006\/11\/28\/carta-de-amor-de-un-fisico\/embed\/#?secret=ppSrLD0Aw0\" width=\"500\" height=\"350\" title=\"\u00abCarta de amor de un f\u00edsico\u00bb \u2014 Si la Vida nos da Limones...\" data-secret=\"ppSrLD0Aw0\" frameborder=\"0\" marginwidth=\"0\" marginheight=\"0\" scrolling=\"no\" class=\"wp-embedded-content\"><\/iframe><script>\n\/*! This file is auto-generated *\/\n!function(d,l){\"use strict\";l.querySelector&&d.addEventListener&&\"undefined\"!=typeof URL&&(d.wp=d.wp||{},d.wp.receiveEmbedMessage||(d.wp.receiveEmbedMessage=function(e){var t=e.data;if((t||t.secret||t.message||t.value)&&!\/[^a-zA-Z0-9]\/.test(t.secret)){for(var s,r,n,a=l.querySelectorAll('iframe[data-secret=\"'+t.secret+'\"]'),o=l.querySelectorAll('blockquote[data-secret=\"'+t.secret+'\"]'),c=new RegExp(\"^https?:$\",\"i\"),i=0;i<o.length;i++)o[i].style.display=\"none\";for(i=0;i<a.length;i++)s=a[i],e.source===s.contentWindow&&(s.removeAttribute(\"style\"),\"height\"===t.message?(1e3<(r=parseInt(t.value,10))?r=1e3:~~r<200&&(r=200),s.height=r):\"link\"===t.message&&(r=new URL(s.getAttribute(\"src\")),n=new URL(t.value),c.test(n.protocol))&&n.host===r.host&&l.activeElement===s&&(d.top.location.href=t.value))}},d.addEventListener(\"message\",d.wp.receiveEmbedMessage,!1),l.addEventListener(\"DOMContentLoaded\",function(){for(var e,t,s=l.querySelectorAll(\"iframe.wp-embedded-content\"),r=0;r<s.length;r++)(t=(e=s[r]).getAttribute(\"data-secret\"))||(t=Math.random().toString(36).substring(2,12),e.src+=\"#?secret=\"+t,e.setAttribute(\"data-secret\",t)),e.contentWindow.postMessage({message:\"ready\",secret:t},\"*\")},!1)))}(window,document);\n\/\/# sourceURL=https:\/\/quechilero.com\/blog\/wp-includes\/js\/wp-embed.min.js\n<\/script>\n"},"jetpack_publicize_connections":[],"jetpack_shortlink":"https:\/\/wp.me\/pDKli-5h","jetpack_sharing_enabled":true,"jetpack-related-posts":[{"id":2048,"url":"https:\/\/quechilero.com\/blog\/2009\/02\/05\/con-amor-todo-es-posible\/","url_meta":{"origin":327,"position":0},"title":"Con amor todo es posible","author":"Pepe Barrascout Ortiz","date":"5 febrero 2009","format":false,"excerpt":"Hace a\u00f1os, un estudioso de la energ\u00eda y las plantas llamado Luther Burbank logr\u00f3 cosas asombrosas con unos cactus. Como buen enamorado de la naturaleza dedicaba buen tiempo a hablar con esas plantas y les dec\u00eda: \"No tienen nada qu\u00e9 temer, las espinas no les hacen falta porque yo siempre\u2026","rel":"","context":"En \u00abLimones\u00bb","block_context":{"text":"Limones","link":"https:\/\/quechilero.com\/blog\/category\/limones\/"},"img":{"alt_text":"","src":"","width":0,"height":0},"classes":[]},{"id":24364,"url":"https:\/\/quechilero.com\/blog\/2011\/09\/09\/podcast-las-6-de-la-manana-episodio-331-especial-del-mes-patrio\/","url_meta":{"origin":327,"position":1},"title":"Podcast: Las 6 de la ma\u00f1ana, episodio 331 &#8211; Especial del mes patrio","author":"Pepe Barrascout Ortiz","date":"9 septiembre 2011","format":false,"excerpt":"Bienvenidos al tricent\u00e9simo trig\u00e9simo primer episodio de\u00a0\u201cLas \u00a06 de la ma\u00f1ana\u201d, un podcast que trae 6 canciones, para que iniciemos el d\u00eda, de forma positiva y con \u00e1nimo. Esta semana, tenemos el Especial del mes patrio\u00a0y nuestro listado incluye m\u00fasica y artistas guatemaltecos para que lo disfruten. El listado para\u2026","rel":"","context":"En \u00abLas 6 de la ma\u00f1ana\u00bb","block_context":{"text":"Las 6 de la ma\u00f1ana","link":"https:\/\/quechilero.com\/blog\/category\/podcast\/las-6-de-la-manana\/"},"img":{"alt_text":"","src":"https:\/\/i0.wp.com\/quechilero.com\/blog\/imagenes\/las6am.jpg?fit=620%2C350&ssl=1&resize=350%2C200","width":350,"height":200,"srcset":"https:\/\/i0.wp.com\/quechilero.com\/blog\/imagenes\/las6am.jpg?fit=620%2C350&ssl=1&resize=350%2C200 1x, https:\/\/i0.wp.com\/quechilero.com\/blog\/imagenes\/las6am.jpg?fit=620%2C350&ssl=1&resize=525%2C300 1.5x"},"classes":[]},{"id":24146,"url":"https:\/\/quechilero.com\/blog\/2012\/04\/14\/podcast-las-6-de-la-manana-episodio-549\/","url_meta":{"origin":327,"position":2},"title":"Podcast: Las 6 de la ma\u00f1ana, episodio 549","author":"Pepe Barrascout Ortiz","date":"14 abril 2012","format":false,"excerpt":"Bienvenidos al quingent\u00e9simo cuadrag\u00e9simo noveno episodio de\u00a0\u201cLas \u00a06 de la ma\u00f1ana\u201d, un podcast que trae 6 canciones, para que iniciemos el d\u00eda, de forma positiva y con \u00e1nimo. El listado para hoy es: Artista \/ Tema 01- Tapage Nocturne-La grosse marmite 02- Liquid Frame-Hindu_kush 03- Pablo Masi\u00e1-En el interior del\u2026","rel":"","context":"En \u00abLas 6 de la ma\u00f1ana\u00bb","block_context":{"text":"Las 6 de la ma\u00f1ana","link":"https:\/\/quechilero.com\/blog\/category\/podcast\/las-6-de-la-manana\/"},"img":{"alt_text":"","src":"https:\/\/i0.wp.com\/quechilero.com\/blog\/imagenes\/las6am.jpg?fit=620%2C350&ssl=1&resize=350%2C200","width":350,"height":200,"srcset":"https:\/\/i0.wp.com\/quechilero.com\/blog\/imagenes\/las6am.jpg?fit=620%2C350&ssl=1&resize=350%2C200 1x, https:\/\/i0.wp.com\/quechilero.com\/blog\/imagenes\/las6am.jpg?fit=620%2C350&ssl=1&resize=525%2C300 1.5x"},"classes":[]},{"id":16922,"url":"https:\/\/quechilero.com\/blog\/2013\/08\/30\/sin-alternativas-no-con-fe\/","url_meta":{"origin":327,"position":3},"title":"\u00bfSin alternativas? No, con fe","author":"Pepe Barrascout Ortiz","date":"30 agosto 2013","format":false,"excerpt":"Hay momentos en que no sabemos por d\u00f3nde ir. Los problemas avanzan y crecen con el pasar del tiempo. La mente analiza posibles soluciones y en cada una de ella encuentra dificultades m\u00e1s o menos serias. Surge entonces en el alma un extra\u00f1o deseo de rendirse. Sin alternativas viables, la\u2026","rel":"","context":"En \u00abLimones\u00bb","block_context":{"text":"Limones","link":"https:\/\/quechilero.com\/blog\/category\/limones\/"},"img":{"alt_text":"","src":"","width":0,"height":0},"classes":[]},{"id":496,"url":"https:\/\/quechilero.com\/blog\/2007\/03\/18\/vivir\/","url_meta":{"origin":327,"position":4},"title":"Vivir","author":"Pepe Barrascout Ortiz","date":"18 marzo 2007","format":false,"excerpt":"Hay quienes viven encadenados a un fracaso o a una herida que nunca deja de supurar. Son personas que se amargan hoy porque hace veinte a\u00f1os su madre no los quiso, porque no pudieron estudiar lo que quer\u00edan, porque su pareja los traicion\u00f3, porque perdieron injustamente su trabajo, o lo\u2026","rel":"","context":"En \u00abLimones\u00bb","block_context":{"text":"Limones","link":"https:\/\/quechilero.com\/blog\/category\/limones\/"},"img":{"alt_text":"","src":"","width":0,"height":0},"classes":[]},{"id":17114,"url":"https:\/\/quechilero.com\/blog\/2013\/09\/06\/oraciones-filtradas\/","url_meta":{"origin":327,"position":5},"title":"Oraciones Filtradas","author":"Pepe Barrascout Ortiz","date":"6 septiembre 2013","format":false,"excerpt":"Tengo unas amigas que pasan horas cada d\u00eda intercediendo en oraci\u00f3n. Sus hijos ya son adultos y se han ido, as\u00ed que ellas pueden dedicar m\u00e1s tiempo a interceder. Yo no esto en la misma fase de la vida. Sin duda, oro todos los d\u00edas y tengo un diario de\u2026","rel":"","context":"En \u00abLimones\u00bb","block_context":{"text":"Limones","link":"https:\/\/quechilero.com\/blog\/category\/limones\/"},"img":{"alt_text":"","src":"","width":0,"height":0},"classes":[]}],"jetpack_featured_media_url":"","_links":{"self":[{"href":"https:\/\/quechilero.com\/blog\/wp-json\/wp\/v2\/posts\/327","targetHints":{"allow":["GET"]}}],"collection":[{"href":"https:\/\/quechilero.com\/blog\/wp-json\/wp\/v2\/posts"}],"about":[{"href":"https:\/\/quechilero.com\/blog\/wp-json\/wp\/v2\/types\/post"}],"author":[{"embeddable":true,"href":"https:\/\/quechilero.com\/blog\/wp-json\/wp\/v2\/users\/1"}],"replies":[{"embeddable":true,"href":"https:\/\/quechilero.com\/blog\/wp-json\/wp\/v2\/comments?post=327"}],"version-history":[{"count":0,"href":"https:\/\/quechilero.com\/blog\/wp-json\/wp\/v2\/posts\/327\/revisions"}],"wp:attachment":[{"href":"https:\/\/quechilero.com\/blog\/wp-json\/wp\/v2\/media?parent=327"}],"wp:term":[{"taxonomy":"category","embeddable":true,"href":"https:\/\/quechilero.com\/blog\/wp-json\/wp\/v2\/categories?post=327"},{"taxonomy":"post_tag","embeddable":true,"href":"https:\/\/quechilero.com\/blog\/wp-json\/wp\/v2\/tags?post=327"},{"taxonomy":"series","embeddable":true,"href":"https:\/\/quechilero.com\/blog\/wp-json\/wp\/v2\/series?post=327"}],"curies":[{"name":"wp","href":"https:\/\/api.w.org\/{rel}","templated":true}]}}