{"id":3269,"date":"2009-08-25T08:00:57","date_gmt":"2009-08-25T14:00:57","guid":{"rendered":"http:\/\/quechilero.com\/blog\/?p=3269"},"modified":"2009-08-25T08:00:57","modified_gmt":"2009-08-25T14:00:57","slug":"maraton-de-blogs-el-blog-del-verde","status":"publish","type":"post","link":"https:\/\/quechilero.com\/blog\/2009\/08\/25\/maraton-de-blogs-el-blog-del-verde\/","title":{"rendered":"Marat\u00f3n de Blogs: El Blog del Verde"},"content":{"rendered":"<p><img data-recalc-dims=\"1\" decoding=\"async\" class=\"alignnone\" src=\"https:\/\/i0.wp.com\/i392.photobucket.com\/albums\/pp7\/pepejaguar\/maraton2009\/elverde.jpg?w=1200\" alt=\"\" \/><\/p>\n<p><a title=\"Marat\u00f3n de Blogs 2009\" href=\"http:\/\/braliemjousc.blogspot.com\/\" target=\"_blank\">El Verde<\/a> es el nombre que toma el blog escrito por un apasionado de <em>la lectura, la escritura y la literatura<\/em>, de un modo irreverente, en la mayor\u00eda de las veces, <a title=\"Marat\u00f3n de Blogs 2009\" href=\"http:\/\/braliemjousc.blogspot.com\/\" target=\"_blank\">El Verde<\/a> es un popular blog, que cuenta con un gran n\u00famero de lectores, que en forma regular, <em>comentan<\/em>, las publicaciones de <a title=\"Marat\u00f3n de Blogs 2009\" href=\"http:\/\/braliemjousc.blogspot.com\/\" target=\"_blank\">El Verde<\/a>.<\/p>\n<p>No hay ninguna duda sobre la <em>pasi\u00f3n por el color verde<\/em>, y en cierta forma, todo lo relacionado al color. Llama mucho la atenci\u00f3n que en <a title=\"Marat\u00f3n de Blogs 2009\" href=\"http:\/\/braliemjousc.blogspot.com\/\" target=\"_blank\">El Verde<\/a>, se pueda leer tanto, de literatura contempor\u00e1nea, como de teatro, cine guatemalteco y todo esto <em>finamente sazonado<\/em>, con los textos, <em>salidos de la mente o de la vida real<\/em> de <a title=\"Marat\u00f3n de Blogs 2009\" href=\"http:\/\/braliemjousc.blogspot.com\/\" target=\"_blank\">El Verde<\/a>, son plasmados en las <em>p\u00e1ginas virtuales<\/em> de su blog.<\/p>\n<p><!--more--><\/p>\n<p>Hace poco escribi\u00f3 sobre <em>como se la casaqueaba<\/em>, una hilarante historia, con un trasfondo reflexivo y es que as\u00ed son la mayor\u00eda, sino es que todas, las <em>historias<\/em> y textos que se encuentran publicados en <a title=\"Marat\u00f3n de Blogs 2009\" href=\"http:\/\/braliemjousc.blogspot.com\/\" target=\"_blank\">El Verde<\/a>. En forma regular, publica la agenda de <a title=\"Marat\u00f3n de Blogs 2009\" href=\"http:\/\/braliemjousc.blogspot.com\/\" target=\"_blank\">El Verde<\/a>, en la que da recomendaciones, sugerencias y breves rese\u00f1as, sobre las distintas manifestaciones de arte y cultura que se dan en la <em>Ciudad de Guatemala<\/em> y en otras del pa\u00eds.<\/p>\n<p>Definitivamente esta agenda, es de un gran valor, tanto por las recomendaciones como por las rese\u00f1as, escritas desde su particular punto de vista. \u00bfTan dif\u00edcil es para el <em>Ministerio de Cultura y Deportes<\/em>, hacer algo similar?, bueno, no importa, con la agenda de <a title=\"Marat\u00f3n de Blogs 2009\" href=\"http:\/\/braliemjousc.blogspot.com\/\" target=\"_blank\">El Verde<\/a> es suficiente.<\/p>\n<p>Fue precisamente en <em>agosto de 2008<\/em>, en que <a title=\"Marat\u00f3n de Blogs 2009\" href=\"http:\/\/braliemjousc.blogspot.com\/\" target=\"_blank\">El Verde<\/a> public\u00f3 su primer art\u00edculo y ahora un a\u00f1o y mas de 325 art\u00edculos despu\u00e9s, <a title=\"Marat\u00f3n de Blogs 2009\" href=\"http:\/\/braliemjousc.blogspot.com\/\" target=\"_blank\">El Verde<\/a> es un blog que ha alcanzado una gran popularidad, que se manifiesta de muchas maneras, en especial por el apoyo de sus muchos lectores.<\/p>\n<p>Con temas como <em>Los 10 que nadie quiere en Facebook, Huele a Libro Viejo, Mentirillas, Mamacita o Ejercicio Musical\u00bb,<\/em> hacen que cualquier lector ocasional, se quede enganchado a <a title=\"Marat\u00f3n de Blogs 2009\" href=\"http:\/\/braliemjousc.blogspot.com\/\" target=\"_blank\">El Verde<\/a>.<\/p>\n<p>Los invito a que en su lista de blogs favoritos, agreguen a <a title=\"Marat\u00f3n de Blogs 2009\" href=\"http:\/\/braliemjousc.blogspot.com\/\" target=\"_blank\">El Verde<\/a> y si les interesa el \u00e1mbito cultural y art\u00edstico de Guatemala, que mejor lugar para estar al tanto que <a title=\"Marat\u00f3n de Blogs 2009\" href=\"http:\/\/braliemjousc.blogspot.com\/\" target=\"_blank\">El Verde<\/a>.<\/p>\n<p>En el enlace, puedes encontrar el <a title=\"Marat\u00f3n de Blogs 2009\" href=\"http:\/\/blogsdeguatemala.com\/blog:1028\" target=\"_blank\">listado de art\u00edculos publicados<\/a> a la fecha.<\/p>\n<p>Lee mas rese\u00f1as del <a title=\"Marat\u00f3n de Blogs 2009\" href=\"http:\/\/quechilero.com\/blog\/2009\/07\/31\/maraton-de-blogs-2009\/\"><strong>Marat\u00f3n de Blogs 2009<\/strong><\/a>.<\/p>\n<p><a href=\"http:\/\/quechilero.com\/blog\/2009\/07\/31\/maraton-de-blogs-2009\/\"><img data-recalc-dims=\"1\" loading=\"lazy\" decoding=\"async\" class=\"alignnone\" style=\"border: 0pt none;\" src=\"https:\/\/i0.wp.com\/i392.photobucket.com\/albums\/pp7\/pepejaguar\/maraton2009\/maraton2009.jpg?resize=550%2C95\" alt=\"Marat\u00f3n de Blogs 2009\" width=\"550\" height=\"95\" \/><\/a><\/p>\n","protected":false},"excerpt":{"rendered":"<p>El Verde es el nombre que toma el blog escrito por un apasionado de la lectura, la escritura y la literatura, de un modo irreverente, en la mayor\u00eda de las veces, El Verde es un popular blog, que cuenta con un gran n\u00famero de lectores, que en forma regular, comentan, las publicaciones de El Verde. &#8230; <a title=\"Marat\u00f3n de Blogs: El Blog del Verde\" class=\"read-more\" href=\"https:\/\/quechilero.com\/blog\/2009\/08\/25\/maraton-de-blogs-el-blog-del-verde\/\" aria-label=\"Leer m\u00e1s sobre Marat\u00f3n de Blogs: El Blog del Verde\">Leer m\u00e1s<\/a><\/p>\n","protected":false},"author":1,"featured_media":0,"comment_status":"open","ping_status":"open","sticky":false,"template":"","format":"standard","meta":{"advanced_seo_description":"","jetpack_seo_html_title":"","jetpack_seo_noindex":false,"jetpack_seo_schema_type":"","episode_type":"","audio_file":"","podmotor_file_id":"","podmotor_episode_id":"","cover_image":"","cover_image_id":"","duration":"","filesize":"","filesize_raw":"","date_recorded":"","explicit":"","block":"","_jetpack_newsletter_access":"","_jetpack_dont_email_post_to_subs":false,"_jetpack_newsletter_tier_id":0,"_jetpack_memberships_contains_paywalled_content":false,"_jetpack_feature_clip_id":0,"_jetpack_memberships_contains_paid_content":false,"footnotes":"","jetpack_publicize_message":"","jetpack_publicize_feature_enabled":true,"jetpack_social_post_already_shared":false,"jetpack_social_options":{"image_generator_settings":{"template":"highway","default_image_id":0,"font":"","enabled":false},"version":2},"jetpack_post_was_ever_published":false},"categories":[61],"tags":[44,4,32,10,17,81,72,62,52,24],"series":[],"class_list":["post-3269","post","type-post","status-publish","format-standard","hentry","category-blogs-de-guatemala","tag-apoyo","tag-blog","tag-especial","tag-guatemala","tag-historia","tag-lectura","tag-libro","tag-maraton","tag-pasion","tag-vida"],"episode_featured_image":false,"episode_player_image":"https:\/\/i0.wp.com\/quechilero.com\/blog\/imagenes\/podcast.png?fit=1831%2C1831&ssl=1","download_link":"","player_link":"","audio_player":false,"episode_data":{"playerMode":"dark","subscribeUrls":{"amazon":{"key":"amazon","url":"","label":"Amazon","class":"amazon","icon":"amazon.png"},"apple_podcasts":{"key":"apple_podcasts","url":"","label":"Apple Podcasts","class":"apple_podcasts","icon":"apple-podcasts.png"},"castbox":{"key":"castbox","url":"","label":"CastBox","class":"castbox","icon":"castbox.png"},"deezer":{"key":"deezer","url":"","label":"Deezer","class":"deezer","icon":"deezer.png"},"google_podcasts":{"key":"google_podcasts","url":"","label":"Google Podcasts","class":"google_podcasts","icon":"google-podcasts.png"},"listen_notes":{"key":"listen_notes","url":"","label":"Listen Notes","class":"listen_notes","icon":"listen-notes.png"},"pandora":{"key":"pandora","url":"","label":"Pandora","class":"pandora","icon":"pandora.png"},"podbean":{"key":"podbean","url":"","label":"Podbean","class":"podbean","icon":"podbean.png"},"podcast_republic":{"key":"podcast_republic","url":"","label":"Podcast Republic","class":"podcast_republic","icon":"podcast-republic.png"},"rss":{"key":"rss","url":"","label":"RSS","class":"rss","icon":"rss.png"},"spotify":{"key":"spotify","url":"","label":"Spotify","class":"spotify","icon":"spotify.png"},"stitcher":{"key":"stitcher","url":"","label":"Stitcher","class":"stitcher","icon":"stitcher.png"},"tunein":{"key":"tunein","url":"","label":"TuneIn","class":"tunein","icon":"tunein.png"},"youtube":{"key":"youtube","url":"","label":"YouTube","class":"youtube","icon":"youtube.png"},"iheartradio":{"key":"iheartradio","url":"","label":"iHeartRadio","class":"iheartradio","icon":"iheartradio.png"},"ivoox":{"key":"ivoox","url":"","label":"iVoox","class":"ivoox","icon":"ivoox.png"}},"rssFeedUrl":"https:\/\/quechilero.com\/blog\/feed\/podcast\/si-la-vida-nos-da-limones","embedCode":"<blockquote class=\"wp-embedded-content\" data-secret=\"dxadErwmWy\"><a href=\"https:\/\/quechilero.com\/blog\/2009\/08\/25\/maraton-de-blogs-el-blog-del-verde\/\">Marat\u00f3n de Blogs: El Blog del Verde<\/a><\/blockquote><iframe sandbox=\"allow-scripts\" security=\"restricted\" src=\"https:\/\/quechilero.com\/blog\/2009\/08\/25\/maraton-de-blogs-el-blog-del-verde\/embed\/#?secret=dxadErwmWy\" width=\"500\" height=\"350\" title=\"\u00abMarat\u00f3n de Blogs: El Blog del Verde\u00bb \u2014 Si la Vida nos da Limones...\" data-secret=\"dxadErwmWy\" frameborder=\"0\" marginwidth=\"0\" marginheight=\"0\" scrolling=\"no\" class=\"wp-embedded-content\"><\/iframe><script>\n\/*! This file is auto-generated *\/\n!function(d,l){\"use strict\";l.querySelector&&d.addEventListener&&\"undefined\"!=typeof URL&&(d.wp=d.wp||{},d.wp.receiveEmbedMessage||(d.wp.receiveEmbedMessage=function(e){var t=e.data;if((t||t.secret||t.message||t.value)&&!\/[^a-zA-Z0-9]\/.test(t.secret)){for(var s,r,n,a=l.querySelectorAll('iframe[data-secret=\"'+t.secret+'\"]'),o=l.querySelectorAll('blockquote[data-secret=\"'+t.secret+'\"]'),c=new RegExp(\"^https?:$\",\"i\"),i=0;i<o.length;i++)o[i].style.display=\"none\";for(i=0;i<a.length;i++)s=a[i],e.source===s.contentWindow&&(s.removeAttribute(\"style\"),\"height\"===t.message?(1e3<(r=parseInt(t.value,10))?r=1e3:~~r<200&&(r=200),s.height=r):\"link\"===t.message&&(r=new URL(s.getAttribute(\"src\")),n=new URL(t.value),c.test(n.protocol))&&n.host===r.host&&l.activeElement===s&&(d.top.location.href=t.value))}},d.addEventListener(\"message\",d.wp.receiveEmbedMessage,!1),l.addEventListener(\"DOMContentLoaded\",function(){for(var e,t,s=l.querySelectorAll(\"iframe.wp-embedded-content\"),r=0;r<s.length;r++)(t=(e=s[r]).getAttribute(\"data-secret\"))||(t=Math.random().toString(36).substring(2,12),e.src+=\"#?secret=\"+t,e.setAttribute(\"data-secret\",t)),e.contentWindow.postMessage({message:\"ready\",secret:t},\"*\")},!1)))}(window,document);\n\/\/# sourceURL=https:\/\/quechilero.com\/blog\/wp-includes\/js\/wp-embed.min.js\n<\/script>\n"},"jetpack_publicize_connections":[],"jetpack_shortlink":"https:\/\/wp.me\/pDKli-QJ","jetpack_sharing_enabled":true,"jetpack-related-posts":[{"id":631,"url":"https:\/\/quechilero.com\/blog\/2007\/08\/15\/maraton-de-blogs-un-toque-de-color\/","url_meta":{"origin":3269,"position":0},"title":"Marat\u00f3n de Blogs &#8211; Un toque de color","author":"Pepe Barrascout Ortiz","date":"15 agosto 2007","format":false,"excerpt":"Sigue el Marat\u00f3n de Blogs, con este texto publicado originalmente en el blog Simples Divagaciones, Fiamma, quien tiene la autor\u00eda del blog, regularmente nos deleita con buenas im\u00e1genes que publica en su espacio virtual, como es el caso de la que reproducimos a continuaci\u00f3n. El t\u00edtulo no pudo quedar de\u2026","rel":"","context":"En \u00abLimones\u00bb","block_context":{"text":"Limones","link":"https:\/\/quechilero.com\/blog\/category\/limones\/"},"img":{"alt_text":"","src":"","width":0,"height":0},"classes":[]},{"id":1252,"url":"https:\/\/quechilero.com\/blog\/2008\/08\/24\/historias-opiniones\/","url_meta":{"origin":3269,"position":1},"title":"Marat\u00f3n &#8211; Historias &#038; Opiniones","author":"Pepe Barrascout Ortiz","date":"24 agosto 2008","format":false,"excerpt":"No hay palabras que se puedan decir y que logren describir con exactitud la magnitud e importancia del blog Historias & Opiniones, es uno de los mejores blogs en cuanto a informaci\u00f3n de Guatemala. Lamentablemente esta rese\u00f1a viene a ser un Homenaje P\u00f3stumo al blog, que ha dejado de actualizarse\u2026","rel":"","context":"En \u00abBlogs de Guatemala\u00bb","block_context":{"text":"Blogs de Guatemala","link":"https:\/\/quechilero.com\/blog\/category\/blogs-de-guatemala\/"},"img":{"alt_text":"Historias & Opiniones","src":"https:\/\/i0.wp.com\/img360.imageshack.us\/img360\/8296\/maratonfg4.jpg?resize=350%2C200","width":350,"height":200},"classes":[]},{"id":3261,"url":"https:\/\/quechilero.com\/blog\/2009\/08\/20\/maraton-de-blogs-magacin\/","url_meta":{"origin":3269,"position":2},"title":"Marat\u00f3n de Blogs: Magac\u00edn","author":"Pepe Barrascout Ortiz","date":"20 agosto 2009","format":false,"excerpt":"Es muy dificil encontrar, dentro del medio period\u00edstico escrito guatemalteco, un uso moderno de las tecnolog\u00edas basadas en internet, pero afortunadamente, este no es el caso de Magac\u00edn, la revista dominical de uno de los peri\u00f3dicos que se publican en Guatemala. Dentro de los responsables de la edici\u00f3n de Magac\u00edn,\u2026","rel":"","context":"En \u00abBlogs de Guatemala\u00bb","block_context":{"text":"Blogs de Guatemala","link":"https:\/\/quechilero.com\/blog\/category\/blogs-de-guatemala\/"},"img":{"alt_text":"Marat\u00f3n de Blogs 2009","src":"https:\/\/i0.wp.com\/i392.photobucket.com\/albums\/pp7\/pepejaguar\/maraton2009\/maraton2009.jpg?resize=350%2C200","width":350,"height":200,"srcset":"https:\/\/i0.wp.com\/i392.photobucket.com\/albums\/pp7\/pepejaguar\/maraton2009\/maraton2009.jpg?resize=350%2C200 1x, https:\/\/i0.wp.com\/i392.photobucket.com\/albums\/pp7\/pepejaguar\/maraton2009\/maraton2009.jpg?resize=525%2C300 1.5x"},"classes":[]},{"id":3239,"url":"https:\/\/quechilero.com\/blog\/2009\/08\/07\/maraton-de-blogs-te-prometo-anarquia\/","url_meta":{"origin":3269,"position":3},"title":"Marat\u00f3n de Blogs: Te Prometo Anarqu\u00eda","author":"Pepe Barrascout Ortiz","date":"7 agosto 2009","format":false,"excerpt":"Es que no es f\u00e1cil entender la anarqu\u00eda, \u00bfporqu\u00e9 pasa?, \u00bfa que se debe?, \u00bfquien la origina?, \u00bfquien la sufre?. \u00bfEs un desorden ordenado, o quiz\u00e1 un orden desordenado?. Nada es verdad y nada es mentira, todo depende del tama\u00f1o del monitor en el que se mira. No hay nada\u2026","rel":"","context":"En \u00abBlogs de Guatemala\u00bb","block_context":{"text":"Blogs de Guatemala","link":"https:\/\/quechilero.com\/blog\/category\/blogs-de-guatemala\/"},"img":{"alt_text":"Marat\u00f3n de Blogs 2009","src":"https:\/\/i0.wp.com\/i392.photobucket.com\/albums\/pp7\/pepejaguar\/maraton2009\/maraton2009.jpg?resize=350%2C200","width":350,"height":200,"srcset":"https:\/\/i0.wp.com\/i392.photobucket.com\/albums\/pp7\/pepejaguar\/maraton2009\/maraton2009.jpg?resize=350%2C200 1x, https:\/\/i0.wp.com\/i392.photobucket.com\/albums\/pp7\/pepejaguar\/maraton2009\/maraton2009.jpg?resize=525%2C300 1.5x"},"classes":[]},{"id":3249,"url":"https:\/\/quechilero.com\/blog\/2009\/08\/13\/maraton-de-blogs-fe-de-rata\/","url_meta":{"origin":3269,"position":4},"title":"Marat\u00f3n de Blogs: Fe de Rata","author":"Pepe Barrascout Ortiz","date":"13 agosto 2009","format":false,"excerpt":"No hay duda que Fe de Rata es uno de los blogs que mas movimiento e influencia, dentro de su \u00e1mbito, tiene actualmente en Guatemala. Fe de Rata es un blog que cuenta con una gran cantidad de seguidores, tanto en el blog mismo, que se puede apreciar en la\u2026","rel":"","context":"En \u00abBlogs de Guatemala\u00bb","block_context":{"text":"Blogs de Guatemala","link":"https:\/\/quechilero.com\/blog\/category\/blogs-de-guatemala\/"},"img":{"alt_text":"Marat\u00f3n de Blogs 2009","src":"https:\/\/i0.wp.com\/i392.photobucket.com\/albums\/pp7\/pepejaguar\/maraton2009\/maraton2009.jpg?resize=350%2C200","width":350,"height":200,"srcset":"https:\/\/i0.wp.com\/i392.photobucket.com\/albums\/pp7\/pepejaguar\/maraton2009\/maraton2009.jpg?resize=350%2C200 1x, https:\/\/i0.wp.com\/i392.photobucket.com\/albums\/pp7\/pepejaguar\/maraton2009\/maraton2009.jpg?resize=525%2C300 1.5x"},"classes":[]},{"id":9922,"url":"https:\/\/quechilero.com\/blog\/2011\/08\/13\/maraton-de-blogs-dina-fernandez\/","url_meta":{"origin":3269,"position":5},"title":"Marat\u00f3n de Blogs: Dina Fern\u00e1ndez","author":"Pepe Barrascout Ortiz","date":"13 agosto 2011","format":false,"excerpt":"Dina Fern\u00e1ndez es una periodista\u00a0que ha participado en diferentes medios tradicionales\u00a0del pa\u00eds y que publica sus pensamientos en su blog bajo su mismo nombre y con el lema \"La necedad de querer el bien\". Adem\u00e1s es antrop\u00f3loga\u00a0y periodismo lo estudi\u00f3 fuera del pa\u00eds. Sus textos han sido publicados en Prensa\u2026","rel":"","context":"En \u00abBlogs de Guatemala\u00bb","block_context":{"text":"Blogs de Guatemala","link":"https:\/\/quechilero.com\/blog\/category\/blogs-de-guatemala\/"},"img":{"alt_text":"","src":"https:\/\/i0.wp.com\/i392.photobucket.com\/albums\/pp7\/pepejaguar\/maraton\/dina-fernandez.png?resize=350%2C200","width":350,"height":200,"srcset":"https:\/\/i0.wp.com\/i392.photobucket.com\/albums\/pp7\/pepejaguar\/maraton\/dina-fernandez.png?resize=350%2C200 1x, https:\/\/i0.wp.com\/i392.photobucket.com\/albums\/pp7\/pepejaguar\/maraton\/dina-fernandez.png?resize=525%2C300 1.5x"},"classes":[]}],"jetpack_featured_media_url":"","_links":{"self":[{"href":"https:\/\/quechilero.com\/blog\/wp-json\/wp\/v2\/posts\/3269","targetHints":{"allow":["GET"]}}],"collection":[{"href":"https:\/\/quechilero.com\/blog\/wp-json\/wp\/v2\/posts"}],"about":[{"href":"https:\/\/quechilero.com\/blog\/wp-json\/wp\/v2\/types\/post"}],"author":[{"embeddable":true,"href":"https:\/\/quechilero.com\/blog\/wp-json\/wp\/v2\/users\/1"}],"replies":[{"embeddable":true,"href":"https:\/\/quechilero.com\/blog\/wp-json\/wp\/v2\/comments?post=3269"}],"version-history":[{"count":0,"href":"https:\/\/quechilero.com\/blog\/wp-json\/wp\/v2\/posts\/3269\/revisions"}],"wp:attachment":[{"href":"https:\/\/quechilero.com\/blog\/wp-json\/wp\/v2\/media?parent=3269"}],"wp:term":[{"taxonomy":"category","embeddable":true,"href":"https:\/\/quechilero.com\/blog\/wp-json\/wp\/v2\/categories?post=3269"},{"taxonomy":"post_tag","embeddable":true,"href":"https:\/\/quechilero.com\/blog\/wp-json\/wp\/v2\/tags?post=3269"},{"taxonomy":"series","embeddable":true,"href":"https:\/\/quechilero.com\/blog\/wp-json\/wp\/v2\/series?post=3269"}],"curies":[{"name":"wp","href":"https:\/\/api.w.org\/{rel}","templated":true}]}}