{"id":3263,"date":"2009-08-21T08:00:04","date_gmt":"2009-08-21T14:00:04","guid":{"rendered":"http:\/\/quechilero.com\/blog\/?p=3263"},"modified":"2009-08-21T08:00:04","modified_gmt":"2009-08-21T14:00:04","slug":"maraton-de-blogs-blog-guatemala","status":"publish","type":"post","link":"https:\/\/quechilero.com\/blog\/2009\/08\/21\/maraton-de-blogs-blog-guatemala\/","title":{"rendered":"Marat\u00f3n de Blogs: Blog Guatemala"},"content":{"rendered":"<p><img data-recalc-dims=\"1\" decoding=\"async\" class=\"alignnone\" src=\"https:\/\/i0.wp.com\/i392.photobucket.com\/albums\/pp7\/pepejaguar\/maraton2009\/blogguatemala.jpg?w=1200\" alt=\"\" \/><\/p>\n<p>Con mas de <em>3 a\u00f1os<\/em> de actividad <em>(febrero 2006)<\/em> y de la mano de <em>Hugo M\u00e9ndez<\/em>, <a title=\"Marat\u00f3n de Blogs 2009\" href=\"http:\/\/www.creatublog.aquiguatemala.com\/\" target=\"_blank\">Blog Guatemala<\/a> se ha dedicado a presentar el <em>lado bonito<\/em> de nuestro pa\u00eds, los temas de inter\u00e9s no se hacen esperar y d\u00eda a d\u00eda, son muchos los art\u00edculos de fondo que podemos leer en <a title=\"Marat\u00f3n de Blogs 2009\" href=\"http:\/\/www.creatublog.aquiguatemala.com\/\" target=\"_blank\">Blog Guatemala<\/a>. A lo largo del tiempo, se ha podido observar, como <a title=\"Marat\u00f3n de Blogs 2009\" href=\"http:\/\/www.creatublog.aquiguatemala.com\/\" target=\"_blank\">Blog Guatemala<\/a> ha ido evolucionando tanto en contenido, siendo cada vez mejor que el d\u00eda anterior, como en el aspecto visual, donde ha tenido algunos cambios en su plantilla.<\/p>\n<p>Estos cambios de plantilla, no hacen mas que reforzar el excelente contenido que encontramos en <a title=\"Marat\u00f3n de Blogs 2009\" href=\"http:\/\/www.creatublog.aquiguatemala.com\/\" target=\"_blank\">Blog Guatemala<\/a> y que lo convierten en un un blog de <em>visita obligada<\/em>, actualmente el contenido lo ofrece bajo las siguientes categor\u00edas: <em>actualidad, analizando a&#8230;, autom\u00f3viles, c\u00f3digos postales, ciencia y tecnolog\u00eda, cr\u00edticas de cine, educaci\u00f3n y efem\u00e9rides.<\/em><\/p>\n<p><!--more--><\/p>\n<p><a title=\"Marat\u00f3n de Blogs 2009\" href=\"http:\/\/www.creatublog.aquiguatemala.com\/\" target=\"_blank\">Blog Guatemala<\/a> es un blog en el que se puede <em>aprender mucho de muchos temas<\/em> y es lo que le da un tremendo valor a\u00f1adido al usuario que constantemente lo visita. Adem\u00e1s, su autor, <em>Hugo M\u00e9ndez<\/em>, es una de las personas mas amables que he tenido la oportunidad de tratar, gracias a la <a title=\"Blogs de Guatemala\" href=\"http:\/\/blogsdeguatemala.com\" target=\"_blank\">blog\u00f3sfera de Guatemala<\/a>, por lo que la experiencia de visitar su blog en forma regular, enriquece a\u00fan mas la experiencia.<\/p>\n<p>En la secci\u00f3n <em>\u00abAmigos del Blog\u00bb<\/em>, podemos ver una extensa lista de blogs y sitios web, que apoyan a <a title=\"Marat\u00f3n de Blogs 2009\" href=\"http:\/\/www.creatublog.aquiguatemala.com\/\" target=\"_blank\">Blog Guatemala<\/a> y si quieres apoyar tambi\u00e9n a <a title=\"Marat\u00f3n de Blogs 2009\" href=\"http:\/\/www.creatublog.aquiguatemala.com\/\" target=\"_blank\">Blog Guatemala<\/a>, solo tienes que visitar esta secci\u00f3n y comunicarte con <em>Hugo<\/em>.<\/p>\n<p>Otras de las categor\u00edas en las que <a title=\"Marat\u00f3n de Blogs 2009\" href=\"http:\/\/www.creatublog.aquiguatemala.com\/\" target=\"_blank\">Blog Guatemala<\/a> ha organizado la informaci\u00f3n son: <em>estampas de Guatemala, frases c\u00e9lebres, gastronom\u00eda, historia, ortograf\u00eda, poes\u00eda y reflexi\u00f3n, posicionamiento web, salud y videos<\/em>.<\/p>\n<p>En lo personal me gusta mucho el espacio que <a title=\"Marat\u00f3n de Blogs 2009\" href=\"http:\/\/www.creatublog.aquiguatemala.com\/\" target=\"_blank\">Blog Guatemala<\/a> ha dedicado a las <em>Estampas de Guatemala<\/em> y a la <em>ortograf\u00eda<\/em>, muy importante, sobre todo para la <em>generaci\u00f3n sms<\/em>, que hace caso omiso de cualquier norma ortogr\u00e1fica y de redacci\u00f3n, algo sumamente desagradable, pero que gracias a <a title=\"Marat\u00f3n de Blogs 2009\" href=\"http:\/\/www.creatublog.aquiguatemala.com\/\" target=\"_blank\">Blog Guatemala<\/a>, podemos aprender y reforzar.<\/p>\n<p>Por si todo esto fuera poco, en una de las columnas, podr\u00e1n encontrar un <em>playlist<\/em>, con varias de las mas conocidas y populares melod\u00edas guatemaltecas en marimba, todo un deleite leer <a title=\"Marat\u00f3n de Blogs 2009\" href=\"http:\/\/www.creatublog.aquiguatemala.com\/\" target=\"_blank\">Blog Guatemala<\/a> acompa\u00f1ado de las notas de la marimba.<\/p>\n<p>Los invito a que lean <a title=\"Marat\u00f3n de Blogs 2009\" href=\"http:\/\/www.creatublog.aquiguatemala.com\/\" target=\"_blank\">Blog Guatemala<\/a> y que lo agreguen a la lista de favoritos y a la lista de blogs de lectura regular, siempre hay algo bueno que aprender, siempre hay algo nuevo que leer. Adem\u00e1s en <a title=\"Marat\u00f3n de Blogs 2009\" href=\"http:\/\/www.creatublog.aquiguatemala.com\/\" target=\"_blank\">Blog Guatemala<\/a> podr\u00e1n encontrar los enlaces para los <em>otros sitios<\/em> que <em>Hugo<\/em> dirige y que tambi\u00e9n merecen ser visitados.<\/p>\n<p>En el enlace, puedes encontrar el <a title=\"Marat\u00f3n de Blogs 2009\" href=\"http:\/\/blogsdeguatemala.com\/blog:295\" target=\"_blank\">listado de art\u00edculos publicados<\/a> a la fecha.<\/p>\n<p>Lee mas rese\u00f1as del <a title=\"Marat\u00f3n de Blogs 2009\" href=\"http:\/\/quechilero.com\/blog\/2009\/07\/31\/maraton-de-blogs-2009\/\"><strong>Marat\u00f3n de Blogs 2009<\/strong><\/a>.<\/p>\n<p><a href=\"http:\/\/quechilero.com\/blog\/2009\/07\/31\/maraton-de-blogs-2009\/\"><img data-recalc-dims=\"1\" loading=\"lazy\" decoding=\"async\" class=\"alignnone\" style=\"border: 0pt none;\" src=\"https:\/\/i0.wp.com\/i392.photobucket.com\/albums\/pp7\/pepejaguar\/maraton2009\/maraton2009.jpg?resize=550%2C95\" alt=\"Marat\u00f3n de Blogs 2009\" width=\"550\" height=\"95\" \/><\/a><\/p>\n","protected":false},"excerpt":{"rendered":"<p>Con mas de 3 a\u00f1os de actividad (febrero 2006) y de la mano de Hugo M\u00e9ndez, Blog Guatemala se ha dedicado a presentar el lado bonito de nuestro pa\u00eds, los temas de inter\u00e9s no se hacen esperar y d\u00eda a d\u00eda, son muchos los art\u00edculos de fondo que podemos leer en Blog Guatemala. A lo &#8230; <a title=\"Marat\u00f3n de Blogs: Blog Guatemala\" class=\"read-more\" href=\"https:\/\/quechilero.com\/blog\/2009\/08\/21\/maraton-de-blogs-blog-guatemala\/\" aria-label=\"Leer m\u00e1s sobre Marat\u00f3n de Blogs: Blog Guatemala\">Leer m\u00e1s<\/a><\/p>\n","protected":false},"author":1,"featured_media":0,"comment_status":"open","ping_status":"open","sticky":false,"template":"","format":"standard","meta":{"advanced_seo_description":"","jetpack_seo_html_title":"","jetpack_seo_noindex":false,"jetpack_seo_schema_type":"","episode_type":"","audio_file":"","podmotor_file_id":"","podmotor_episode_id":"","cover_image":"","cover_image_id":"","duration":"","filesize":"","filesize_raw":"","date_recorded":"","explicit":"","block":"","_jetpack_newsletter_access":"","_jetpack_dont_email_post_to_subs":false,"_jetpack_newsletter_tier_id":0,"_jetpack_memberships_contains_paywalled_content":false,"_jetpack_feature_clip_id":0,"_jetpack_memberships_contains_paid_content":false,"footnotes":"","jetpack_publicize_message":"","jetpack_publicize_feature_enabled":true,"jetpack_social_post_already_shared":false,"jetpack_social_options":{"image_generator_settings":{"template":"highway","default_image_id":0,"font":"","enabled":false},"version":2},"jetpack_post_was_ever_published":false},"categories":[61],"tags":[14,11,29,4,123,10,17,81,62,55,5,24,25],"series":[],"class_list":["post-3263","post","type-post","status-publish","format-standard","hentry","category-blogs-de-guatemala","tag-accion","tag-amigo","tag-aprender","tag-blog","tag-blogs-de-guatemala","tag-guatemala","tag-historia","tag-lectura","tag-maraton","tag-tecnologia","tag-tiempo","tag-vida","tag-video"],"episode_featured_image":false,"episode_player_image":"https:\/\/i0.wp.com\/quechilero.com\/blog\/imagenes\/podcast.png?fit=1831%2C1831&ssl=1","download_link":"","player_link":"","audio_player":false,"episode_data":{"playerMode":"dark","subscribeUrls":{"amazon":{"key":"amazon","url":"","label":"Amazon","class":"amazon","icon":"amazon.png"},"apple_podcasts":{"key":"apple_podcasts","url":"","label":"Apple Podcasts","class":"apple_podcasts","icon":"apple-podcasts.png"},"castbox":{"key":"castbox","url":"","label":"CastBox","class":"castbox","icon":"castbox.png"},"deezer":{"key":"deezer","url":"","label":"Deezer","class":"deezer","icon":"deezer.png"},"google_podcasts":{"key":"google_podcasts","url":"","label":"Google Podcasts","class":"google_podcasts","icon":"google-podcasts.png"},"listen_notes":{"key":"listen_notes","url":"","label":"Listen Notes","class":"listen_notes","icon":"listen-notes.png"},"pandora":{"key":"pandora","url":"","label":"Pandora","class":"pandora","icon":"pandora.png"},"podbean":{"key":"podbean","url":"","label":"Podbean","class":"podbean","icon":"podbean.png"},"podcast_republic":{"key":"podcast_republic","url":"","label":"Podcast Republic","class":"podcast_republic","icon":"podcast-republic.png"},"rss":{"key":"rss","url":"","label":"RSS","class":"rss","icon":"rss.png"},"spotify":{"key":"spotify","url":"","label":"Spotify","class":"spotify","icon":"spotify.png"},"stitcher":{"key":"stitcher","url":"","label":"Stitcher","class":"stitcher","icon":"stitcher.png"},"tunein":{"key":"tunein","url":"","label":"TuneIn","class":"tunein","icon":"tunein.png"},"youtube":{"key":"youtube","url":"","label":"YouTube","class":"youtube","icon":"youtube.png"},"iheartradio":{"key":"iheartradio","url":"","label":"iHeartRadio","class":"iheartradio","icon":"iheartradio.png"},"ivoox":{"key":"ivoox","url":"","label":"iVoox","class":"ivoox","icon":"ivoox.png"}},"rssFeedUrl":"https:\/\/quechilero.com\/blog\/feed\/podcast\/si-la-vida-nos-da-limones","embedCode":"<blockquote class=\"wp-embedded-content\" data-secret=\"MrCV7rqsTs\"><a href=\"https:\/\/quechilero.com\/blog\/2009\/08\/21\/maraton-de-blogs-blog-guatemala\/\">Marat\u00f3n de Blogs: Blog Guatemala<\/a><\/blockquote><iframe sandbox=\"allow-scripts\" security=\"restricted\" src=\"https:\/\/quechilero.com\/blog\/2009\/08\/21\/maraton-de-blogs-blog-guatemala\/embed\/#?secret=MrCV7rqsTs\" width=\"500\" height=\"350\" title=\"\u00abMarat\u00f3n de Blogs: Blog Guatemala\u00bb \u2014 Si la Vida nos da Limones...\" data-secret=\"MrCV7rqsTs\" frameborder=\"0\" marginwidth=\"0\" marginheight=\"0\" scrolling=\"no\" class=\"wp-embedded-content\"><\/iframe><script>\n\/*! This file is auto-generated *\/\n!function(d,l){\"use strict\";l.querySelector&&d.addEventListener&&\"undefined\"!=typeof URL&&(d.wp=d.wp||{},d.wp.receiveEmbedMessage||(d.wp.receiveEmbedMessage=function(e){var t=e.data;if((t||t.secret||t.message||t.value)&&!\/[^a-zA-Z0-9]\/.test(t.secret)){for(var s,r,n,a=l.querySelectorAll('iframe[data-secret=\"'+t.secret+'\"]'),o=l.querySelectorAll('blockquote[data-secret=\"'+t.secret+'\"]'),c=new RegExp(\"^https?:$\",\"i\"),i=0;i<o.length;i++)o[i].style.display=\"none\";for(i=0;i<a.length;i++)s=a[i],e.source===s.contentWindow&&(s.removeAttribute(\"style\"),\"height\"===t.message?(1e3<(r=parseInt(t.value,10))?r=1e3:~~r<200&&(r=200),s.height=r):\"link\"===t.message&&(r=new URL(s.getAttribute(\"src\")),n=new URL(t.value),c.test(n.protocol))&&n.host===r.host&&l.activeElement===s&&(d.top.location.href=t.value))}},d.addEventListener(\"message\",d.wp.receiveEmbedMessage,!1),l.addEventListener(\"DOMContentLoaded\",function(){for(var e,t,s=l.querySelectorAll(\"iframe.wp-embedded-content\"),r=0;r<s.length;r++)(t=(e=s[r]).getAttribute(\"data-secret\"))||(t=Math.random().toString(36).substring(2,12),e.src+=\"#?secret=\"+t,e.setAttribute(\"data-secret\",t)),e.contentWindow.postMessage({message:\"ready\",secret:t},\"*\")},!1)))}(window,document);\n\/\/# sourceURL=https:\/\/quechilero.com\/blog\/wp-includes\/js\/wp-embed.min.js\n<\/script>\n"},"jetpack_publicize_connections":[],"jetpack_shortlink":"https:\/\/wp.me\/pDKli-QD","jetpack_sharing_enabled":true,"jetpack-related-posts":[{"id":617,"url":"https:\/\/quechilero.com\/blog\/2007\/07\/31\/maraton-de-blogs-de-guatemala\/","url_meta":{"origin":3263,"position":0},"title":"Marat\u00f3n de Blogs de Guatemala","author":"Pepe Barrascout Ortiz","date":"31 julio 2007","format":false,"excerpt":"Hace un a\u00f1o aproximadamente, Oscar (DesdeGuate) organiz\u00f3 una Marat\u00f3n de Blogs Guatemaltecos, cuyo objetivo fue el dar a conocer a otros Blogs de Guatemala, impulsar su desarrollo y creaci\u00f3n de nuevos blogs. En esa oportunidad, uno de mis textos \"Ping Pong Matrix\" fue parte de ese marat\u00f3n, cuando mi blog\u2026","rel":"","context":"En \u00abLimones\u00bb","block_context":{"text":"Limones","link":"https:\/\/quechilero.com\/blog\/category\/limones\/"},"img":{"alt_text":"","src":"","width":0,"height":0},"classes":[]},{"id":9918,"url":"https:\/\/quechilero.com\/blog\/2011\/08\/07\/maraton-de-blogs-que-el-azar-te-acompane\/","url_meta":{"origin":3263,"position":1},"title":"Marat\u00f3n de Blogs: Que el Azar te Acompa\u00f1e","author":"Pepe Barrascout Ortiz","date":"7 agosto 2011","format":false,"excerpt":"El Azar Cultural es una revista cultural, donde se muestran en cartelera, los eventos de mas renombre que se desarrollan en Ciudad de Guatemala y de Antigua Guatemala, lastimosamente no hay informaci\u00f3n de las actividades culturales que se desarrollan en el interior del pa\u00eds. A pesar de eso,\u00a0El Azar Cultural\u00a0es\u2026","rel":"","context":"En \u00abBlogs de Guatemala\u00bb","block_context":{"text":"Blogs de Guatemala","link":"https:\/\/quechilero.com\/blog\/category\/blogs-de-guatemala\/"},"img":{"alt_text":"","src":"https:\/\/i0.wp.com\/i392.photobucket.com\/albums\/pp7\/pepejaguar\/maraton\/azar-te-acompae.png?resize=350%2C200","width":350,"height":200,"srcset":"https:\/\/i0.wp.com\/i392.photobucket.com\/albums\/pp7\/pepejaguar\/maraton\/azar-te-acompae.png?resize=350%2C200 1x, https:\/\/i0.wp.com\/i392.photobucket.com\/albums\/pp7\/pepejaguar\/maraton\/azar-te-acompae.png?resize=525%2C300 1.5x"},"classes":[]},{"id":3217,"url":"https:\/\/quechilero.com\/blog\/2009\/08\/01\/maraton-de-blogs-recapitulando\/","url_meta":{"origin":3263,"position":2},"title":"Marat\u00f3n de Blogs: Recapitulando","author":"Pepe Barrascout Ortiz","date":"1 agosto 2009","format":false,"excerpt":"Ha pasado un a\u00f1o, desde del anterior Marat\u00f3n de Blogs y han sido muchos los Blogs de Guatemala que se han ido sumando, en parte por la relativa facilidad de acceso a internet, que hay en nuestro pa\u00eds, aunque a\u00fan estamos muy lejos, de lo que realmente deber\u00edamos de estar\u2026","rel":"","context":"En \u00abBlogs de Guatemala\u00bb","block_context":{"text":"Blogs de Guatemala","link":"https:\/\/quechilero.com\/blog\/category\/blogs-de-guatemala\/"},"img":{"alt_text":"","src":"","width":0,"height":0},"classes":[]},{"id":9929,"url":"https:\/\/quechilero.com\/blog\/2011\/08\/23\/maraton-de-blogs-guatemala-daily-photo\/","url_meta":{"origin":3263,"position":3},"title":"Marat\u00f3n de Blogs: Guatemala Daily Photo","author":"Pepe Barrascout Ortiz","date":"23 agosto 2011","format":false,"excerpt":"Completando la trilog\u00eda\u00a0en abril de 2011 se publica el primer art\u00edculo de Guatemala Daily Photo, es el tercer proyecto\u00a0que Rudy Gir\u00f3n\u00a0apoya fuertemente, con el objetivo de promover lo bueno que tiene Guatemala, usando como herramienta de divulgaci\u00f3n la fotograf\u00eda. Guatemala Daily Photo\u00a0es dirigido por Hugo Muralles, quien recibe colaboraciones de\u2026","rel":"","context":"En \u00abBlogs de Guatemala\u00bb","block_context":{"text":"Blogs de Guatemala","link":"https:\/\/quechilero.com\/blog\/category\/blogs-de-guatemala\/"},"img":{"alt_text":"","src":"https:\/\/i0.wp.com\/i392.photobucket.com\/albums\/pp7\/pepejaguar\/maraton\/guatemala-daily.png?resize=350%2C200","width":350,"height":200,"srcset":"https:\/\/i0.wp.com\/i392.photobucket.com\/albums\/pp7\/pepejaguar\/maraton\/guatemala-daily.png?resize=350%2C200 1x, https:\/\/i0.wp.com\/i392.photobucket.com\/albums\/pp7\/pepejaguar\/maraton\/guatemala-daily.png?resize=525%2C300 1.5x"},"classes":[]},{"id":5253,"url":"https:\/\/quechilero.com\/blog\/2010\/08\/18\/maraton-de-blogs-blog-dumitraqui\/","url_meta":{"origin":3263,"position":4},"title":"Marat\u00f3n de Blogs: Blog Dumitraqui","author":"Pepe Barrascout Ortiz","date":"18 agosto 2010","format":false,"excerpt":"No es la primera vez que Blog Dumitraqui, participa del Marat\u00f3n de Blogs, gracias a la gran popularidad que tiene, por sus interesantes publicaciones, que de forma dedicada, Kike, su autor, comparte de forma constante. Blog Dumitraqui, es de los blogs pioneros en Guatemala y se remonta a junio de\u2026","rel":"","context":"En \u00abBlogs de Guatemala\u00bb","block_context":{"text":"Blogs de Guatemala","link":"https:\/\/quechilero.com\/blog\/category\/blogs-de-guatemala\/"},"img":{"alt_text":"","src":"https:\/\/i0.wp.com\/i392.photobucket.com\/albums\/pp7\/pepejaguar\/maraton\/blogdumitraqui.png?resize=350%2C200","width":350,"height":200,"srcset":"https:\/\/i0.wp.com\/i392.photobucket.com\/albums\/pp7\/pepejaguar\/maraton\/blogdumitraqui.png?resize=350%2C200 1x, https:\/\/i0.wp.com\/i392.photobucket.com\/albums\/pp7\/pepejaguar\/maraton\/blogdumitraqui.png?resize=525%2C300 1.5x"},"classes":[]},{"id":3261,"url":"https:\/\/quechilero.com\/blog\/2009\/08\/20\/maraton-de-blogs-magacin\/","url_meta":{"origin":3263,"position":5},"title":"Marat\u00f3n de Blogs: Magac\u00edn","author":"Pepe Barrascout Ortiz","date":"20 agosto 2009","format":false,"excerpt":"Es muy dificil encontrar, dentro del medio period\u00edstico escrito guatemalteco, un uso moderno de las tecnolog\u00edas basadas en internet, pero afortunadamente, este no es el caso de Magac\u00edn, la revista dominical de uno de los peri\u00f3dicos que se publican en Guatemala. Dentro de los responsables de la edici\u00f3n de Magac\u00edn,\u2026","rel":"","context":"En \u00abBlogs de Guatemala\u00bb","block_context":{"text":"Blogs de Guatemala","link":"https:\/\/quechilero.com\/blog\/category\/blogs-de-guatemala\/"},"img":{"alt_text":"Marat\u00f3n de Blogs 2009","src":"https:\/\/i0.wp.com\/i392.photobucket.com\/albums\/pp7\/pepejaguar\/maraton2009\/maraton2009.jpg?resize=350%2C200","width":350,"height":200,"srcset":"https:\/\/i0.wp.com\/i392.photobucket.com\/albums\/pp7\/pepejaguar\/maraton2009\/maraton2009.jpg?resize=350%2C200 1x, https:\/\/i0.wp.com\/i392.photobucket.com\/albums\/pp7\/pepejaguar\/maraton2009\/maraton2009.jpg?resize=525%2C300 1.5x"},"classes":[]}],"jetpack_featured_media_url":"","_links":{"self":[{"href":"https:\/\/quechilero.com\/blog\/wp-json\/wp\/v2\/posts\/3263","targetHints":{"allow":["GET"]}}],"collection":[{"href":"https:\/\/quechilero.com\/blog\/wp-json\/wp\/v2\/posts"}],"about":[{"href":"https:\/\/quechilero.com\/blog\/wp-json\/wp\/v2\/types\/post"}],"author":[{"embeddable":true,"href":"https:\/\/quechilero.com\/blog\/wp-json\/wp\/v2\/users\/1"}],"replies":[{"embeddable":true,"href":"https:\/\/quechilero.com\/blog\/wp-json\/wp\/v2\/comments?post=3263"}],"version-history":[{"count":0,"href":"https:\/\/quechilero.com\/blog\/wp-json\/wp\/v2\/posts\/3263\/revisions"}],"wp:attachment":[{"href":"https:\/\/quechilero.com\/blog\/wp-json\/wp\/v2\/media?parent=3263"}],"wp:term":[{"taxonomy":"category","embeddable":true,"href":"https:\/\/quechilero.com\/blog\/wp-json\/wp\/v2\/categories?post=3263"},{"taxonomy":"post_tag","embeddable":true,"href":"https:\/\/quechilero.com\/blog\/wp-json\/wp\/v2\/tags?post=3263"},{"taxonomy":"series","embeddable":true,"href":"https:\/\/quechilero.com\/blog\/wp-json\/wp\/v2\/series?post=3263"}],"curies":[{"name":"wp","href":"https:\/\/api.w.org\/{rel}","templated":true}]}}