{"id":3261,"date":"2009-08-20T08:00:36","date_gmt":"2009-08-20T14:00:36","guid":{"rendered":"http:\/\/quechilero.com\/blog\/?p=3261"},"modified":"2009-08-20T08:00:36","modified_gmt":"2009-08-20T14:00:36","slug":"maraton-de-blogs-magacin","status":"publish","type":"post","link":"https:\/\/quechilero.com\/blog\/2009\/08\/20\/maraton-de-blogs-magacin\/","title":{"rendered":"Marat\u00f3n de Blogs: Magac\u00edn"},"content":{"rendered":"<p><img data-recalc-dims=\"1\" decoding=\"async\" class=\"alignnone\" src=\"https:\/\/i0.wp.com\/i392.photobucket.com\/albums\/pp7\/pepejaguar\/maraton2009\/magacin.jpg?w=1200\" alt=\"\" \/><\/p>\n<p>Es muy dificil encontrar, dentro del medio period\u00edstico escrito guatemalteco, un uso moderno de las tecnolog\u00edas basadas en internet, pero afortunadamente, este no es el caso de <a title=\"Marat\u00f3n de Blogs 2009\" href=\"http:\/\/magacin-gt.blogspot.com\/\" target=\"_blank\">Magac\u00edn<\/a>, la revista dominical de uno de los peri\u00f3dicos que se publican en Guatemala.<\/p>\n<p>Dentro de los responsables de la edici\u00f3n de <a title=\"Marat\u00f3n de Blogs 2009\" href=\"http:\/\/magacin-gt.blogspot.com\/\" target=\"_blank\">Magac\u00edn,<\/a> est\u00e1 <a title=\"Marat\u00f3n de Blogs 2009\" href=\"http:\/\/quechilero.com\/blog\/2009\/08\/14\/maraton-de-blogs-luis-villacinda\/\"><em>Luis Villacinda<\/em><\/a> y otros mas, que participan activamente en la <a title=\"Blogs de Guatemala\" href=\"http:\/\/blogsdeguatemala.com\" target=\"_blank\">blog\u00f3sfera de Guatemala<\/a>, quiz\u00e1 sea por esa raz\u00f3n, que gracias al entusiasmo de estos j\u00f3venes, la revista <a title=\"Marat\u00f3n de Blogs 2009\" href=\"http:\/\/magacin-gt.blogspot.com\/\" target=\"_blank\">Magac\u00edn<\/a>, tiene su espacio en internet, bajo el formato de blog.<\/p>\n<p>A pesar de ser parte de un <em>medio escrito<\/em> de nuestro pa\u00eds, da la impresi\u00f3n, que este proyecto, al menos lo que la parte web se refiere, es algo que los integrantes de <a title=\"Marat\u00f3n de Blogs 2009\" href=\"http:\/\/magacin-gt.blogspot.com\/\" target=\"_blank\">Magac\u00edn<\/a> han realizado por su propia cuenta, sin el apoyo del <em>diario<\/em> al que representan, esta impresi\u00f3n surge por el hecho de que se ha utilizado una plataforma <em>gratuita y p\u00fablica<\/em> para la publicaci\u00f3n (blogger), adem\u00e1s no cuenta con un nombre de dominio propio, <a title=\"Marat\u00f3n de Blogs 2009\" href=\"http:\/\/magacin-gt.blogspot.com\/\" target=\"_blank\">Magac\u00edn<\/a> no est\u00e1 hospedado en los servidores donde <em>este periodico<\/em> tiene su sitio web.<\/p>\n<p><!--more--><\/p>\n<p>La falta de apoyo es evidente, hasta en el hecho de que no cuenta con una plantilla especialmente dise\u00f1ada para <a title=\"Marat\u00f3n de Blogs 2009\" href=\"http:\/\/magacin-gt.blogspot.com\/\" target=\"_blank\">Magac\u00edn<\/a>, sino que se utiliza una standard a la que se le han cambiado colores nada mas. Todos sabemos que a un blog hospedado en <em>blogger<\/em>, se le puede agregar un domino propio o un subdominio si es que el principal ya se ocupa para el sitio principal, tambi\u00e9n sabemos que aunque se use la tecnolog\u00eda de <em>blogger<\/em>, se puede tener hospedado el blog en un servidor propio y tambi\u00e9n es dominio p\u00fablico, lo sencillo que es dise\u00f1ar una plantilla personalizada y aplicarla al blog.<\/p>\n<p>Todo esto podr\u00eda pasarse por alto, si se tratara de alg\u00fan <em>blog personal<\/em> o de alg\u00fan <em>blog que no es comercial<\/em>, sin embargo en el caso de <a title=\"Marat\u00f3n de Blogs 2009\" href=\"http:\/\/magacin-gt.blogspot.com\/\" target=\"_blank\">Magac\u00edn<\/a>, es una revista que pertenece a un medio de comunicaci\u00f3n que tiene fines comerciales, lo que lleva a la conclusi\u00f3n, que gracias a sus <em>editores, dise\u00f1adores, redactores, fot\u00f3grafos<\/em> y dem\u00e1s involucrados en la versi\u00f3n impresa de <a title=\"Marat\u00f3n de Blogs 2009\" href=\"http:\/\/magacin-gt.blogspot.com\/\" target=\"_blank\">Magac\u00edn<\/a>, es que esta tiene su espacio en <em>la web<\/em> y no por otra cosa.<\/p>\n<p>Esto nos lleva al principio y llegamos al punto en que los <em>medios de comunicaci\u00f3n impresos<\/em>, a\u00fan no logran o a\u00fan no quieren llevar sus productos a internet, porque consideran, talvez, que podr\u00e1n sucumbir, la verdad \u00bfquien sabe?.<\/p>\n<p>Lo que si vale la pena resaltar, es la calidad period\u00edstica en la que sus redactores, escriben y publican sus notas, la calidad fotogr\u00e1fica de la publicaci\u00f3n y que decir del dise\u00f1o, que se podr\u00eda resumir en <em>sobrio, elegante y muy moderno<\/em>.<\/p>\n<p>Me gusta mucho el tipo de lectura que se encuentra en <a title=\"Marat\u00f3n de Blogs 2009\" href=\"http:\/\/magacin-gt.blogspot.com\/\" target=\"_blank\">Magac\u00edn<\/a>, r\u00e1pida, <em>f\u00e1cil de digerir<\/em>, profunda, reflexiva y de inter\u00e9s general. <a title=\"Marat\u00f3n de Blogs 2009\" href=\"http:\/\/magacin-gt.blogspot.com\/\" target=\"_blank\">Magac\u00edn<\/a> apoya mucho el arte en la mayor\u00eda de sus manifestaciones. Me encanta el poder descargar, en formato PDF, la versi\u00f3n actual de <a title=\"Marat\u00f3n de Blogs 2009\" href=\"http:\/\/magacin-gt.blogspot.com\/\" target=\"_blank\">Magac\u00edn<\/a>, en especial, porque en el lugar donde vivo, no llega el diario que la publica y b\u00e1sicamente es la \u00fanica forma que tengo de poder leerla.<\/p>\n<p>Quiero felicitar a todos los que actualmente hacen posible que <a title=\"Marat\u00f3n de Blogs 2009\" href=\"http:\/\/magacin-gt.blogspot.com\/\" target=\"_blank\">Magac\u00edn<\/a> se publique en la web y espero que este sea el primer paso para que los <em>medios impresos tradicionales<\/em>, cambien a <em>medios impresos modernos<\/em> y entren de lleno a las nuevas tecnolog\u00edas.<\/p>\n<p>Los invito a leer <a title=\"Marat\u00f3n de Blogs 2009\" href=\"http:\/\/magacin-gt.blogspot.com\/\" target=\"_blank\">Magac\u00edn<\/a>, por el buen contenido que ah\u00ed se encuentra, agreguen a sus favoritos el enlace de <a title=\"Marat\u00f3n de Blogs 2009\" href=\"http:\/\/magacin-gt.blogspot.com\/\" target=\"_blank\">Magac\u00edn<\/a> y recuerden siempre descargara la versi\u00f3n <em>digitalizada<\/em> de la revista, para poder leerla <em>fuera de l\u00ednea<\/em>.<\/p>\n<p>En el enlace, puedes encontrar el <a title=\"Marat\u00f3n de Blogs 2009\" href=\"http:\/\/blogsdeguatemala.com\/blog:1196\" target=\"_blank\">listado de art\u00edculos publicados<\/a> a la fecha.<\/p>\n<p>Lee mas rese\u00f1as del <a title=\"Marat\u00f3n de Blogs 2009\" href=\"http:\/\/quechilero.com\/blog\/2009\/07\/31\/maraton-de-blogs-2009\/\"><strong>Marat\u00f3n de Blogs 2009<\/strong><\/a>.<\/p>\n<p><a href=\"http:\/\/quechilero.com\/blog\/2009\/07\/31\/maraton-de-blogs-2009\/\"><img data-recalc-dims=\"1\" loading=\"lazy\" decoding=\"async\" class=\"alignnone\" style=\"border: 0pt none;\" src=\"https:\/\/i0.wp.com\/i392.photobucket.com\/albums\/pp7\/pepejaguar\/maraton2009\/maraton2009.jpg?resize=550%2C95\" alt=\"Marat\u00f3n de Blogs 2009\" width=\"550\" height=\"95\" \/><\/a><\/p>\n","protected":false},"excerpt":{"rendered":"<p>Es muy dificil encontrar, dentro del medio period\u00edstico escrito guatemalteco, un uso moderno de las tecnolog\u00edas basadas en internet, pero afortunadamente, este no es el caso de Magac\u00edn, la revista dominical de uno de los peri\u00f3dicos que se publican en Guatemala. Dentro de los responsables de la edici\u00f3n de Magac\u00edn, est\u00e1 Luis Villacinda y otros &#8230; <a title=\"Marat\u00f3n de Blogs: Magac\u00edn\" class=\"read-more\" href=\"https:\/\/quechilero.com\/blog\/2009\/08\/20\/maraton-de-blogs-magacin\/\" aria-label=\"Leer m\u00e1s sobre Marat\u00f3n de Blogs: Magac\u00edn\">Leer m\u00e1s<\/a><\/p>\n","protected":false},"author":1,"featured_media":0,"comment_status":"open","ping_status":"open","sticky":false,"template":"","format":"standard","meta":{"advanced_seo_description":"","jetpack_seo_html_title":"","jetpack_seo_noindex":false,"jetpack_seo_schema_type":"","episode_type":"","audio_file":"","podmotor_file_id":"","podmotor_episode_id":"","cover_image":"","cover_image_id":"","duration":"","filesize":"","filesize_raw":"","date_recorded":"","explicit":"","block":"","_jetpack_newsletter_access":"","_jetpack_dont_email_post_to_subs":false,"_jetpack_newsletter_tier_id":0,"_jetpack_memberships_contains_paywalled_content":false,"_jetpack_feature_clip_id":0,"_jetpack_memberships_contains_paid_content":false,"footnotes":"","jetpack_publicize_message":"","jetpack_publicize_feature_enabled":true,"jetpack_social_post_already_shared":false,"jetpack_social_options":{"image_generator_settings":{"template":"highway","default_image_id":0,"font":"","enabled":false},"version":2},"jetpack_post_was_ever_published":false},"categories":[61],"tags":[44,4,123,70,51,7,32,10,27,81,62,43,55,41],"series":[],"class_list":["post-3261","post","type-post","status-publish","format-standard","hentry","category-blogs-de-guatemala","tag-apoyo","tag-blog","tag-blogs-de-guatemala","tag-descarga","tag-dios","tag-diseno","tag-especial","tag-guatemala","tag-internet","tag-lectura","tag-maraton","tag-proyecto","tag-tecnologia","tag-verdad"],"episode_featured_image":false,"episode_player_image":"https:\/\/i0.wp.com\/quechilero.com\/blog\/imagenes\/podcast.png?fit=1831%2C1831&ssl=1","download_link":"","player_link":"","audio_player":false,"episode_data":{"playerMode":"dark","subscribeUrls":{"amazon":{"key":"amazon","url":"","label":"Amazon","class":"amazon","icon":"amazon.png"},"apple_podcasts":{"key":"apple_podcasts","url":"","label":"Apple Podcasts","class":"apple_podcasts","icon":"apple-podcasts.png"},"castbox":{"key":"castbox","url":"","label":"CastBox","class":"castbox","icon":"castbox.png"},"deezer":{"key":"deezer","url":"","label":"Deezer","class":"deezer","icon":"deezer.png"},"google_podcasts":{"key":"google_podcasts","url":"","label":"Google Podcasts","class":"google_podcasts","icon":"google-podcasts.png"},"listen_notes":{"key":"listen_notes","url":"","label":"Listen Notes","class":"listen_notes","icon":"listen-notes.png"},"pandora":{"key":"pandora","url":"","label":"Pandora","class":"pandora","icon":"pandora.png"},"podbean":{"key":"podbean","url":"","label":"Podbean","class":"podbean","icon":"podbean.png"},"podcast_republic":{"key":"podcast_republic","url":"","label":"Podcast Republic","class":"podcast_republic","icon":"podcast-republic.png"},"rss":{"key":"rss","url":"","label":"RSS","class":"rss","icon":"rss.png"},"spotify":{"key":"spotify","url":"","label":"Spotify","class":"spotify","icon":"spotify.png"},"stitcher":{"key":"stitcher","url":"","label":"Stitcher","class":"stitcher","icon":"stitcher.png"},"tunein":{"key":"tunein","url":"","label":"TuneIn","class":"tunein","icon":"tunein.png"},"youtube":{"key":"youtube","url":"","label":"YouTube","class":"youtube","icon":"youtube.png"},"iheartradio":{"key":"iheartradio","url":"","label":"iHeartRadio","class":"iheartradio","icon":"iheartradio.png"},"ivoox":{"key":"ivoox","url":"","label":"iVoox","class":"ivoox","icon":"ivoox.png"}},"rssFeedUrl":"https:\/\/quechilero.com\/blog\/feed\/podcast\/si-la-vida-nos-da-limones","embedCode":"<blockquote class=\"wp-embedded-content\" data-secret=\"XKdJlCw6al\"><a href=\"https:\/\/quechilero.com\/blog\/2009\/08\/20\/maraton-de-blogs-magacin\/\">Marat\u00f3n de Blogs: Magac\u00edn<\/a><\/blockquote><iframe sandbox=\"allow-scripts\" security=\"restricted\" src=\"https:\/\/quechilero.com\/blog\/2009\/08\/20\/maraton-de-blogs-magacin\/embed\/#?secret=XKdJlCw6al\" width=\"500\" height=\"350\" title=\"\u00abMarat\u00f3n de Blogs: Magac\u00edn\u00bb \u2014 Si la Vida nos da Limones...\" data-secret=\"XKdJlCw6al\" frameborder=\"0\" marginwidth=\"0\" marginheight=\"0\" scrolling=\"no\" class=\"wp-embedded-content\"><\/iframe><script>\n\/*! This file is auto-generated *\/\n!function(d,l){\"use strict\";l.querySelector&&d.addEventListener&&\"undefined\"!=typeof URL&&(d.wp=d.wp||{},d.wp.receiveEmbedMessage||(d.wp.receiveEmbedMessage=function(e){var t=e.data;if((t||t.secret||t.message||t.value)&&!\/[^a-zA-Z0-9]\/.test(t.secret)){for(var s,r,n,a=l.querySelectorAll('iframe[data-secret=\"'+t.secret+'\"]'),o=l.querySelectorAll('blockquote[data-secret=\"'+t.secret+'\"]'),c=new RegExp(\"^https?:$\",\"i\"),i=0;i<o.length;i++)o[i].style.display=\"none\";for(i=0;i<a.length;i++)s=a[i],e.source===s.contentWindow&&(s.removeAttribute(\"style\"),\"height\"===t.message?(1e3<(r=parseInt(t.value,10))?r=1e3:~~r<200&&(r=200),s.height=r):\"link\"===t.message&&(r=new URL(s.getAttribute(\"src\")),n=new URL(t.value),c.test(n.protocol))&&n.host===r.host&&l.activeElement===s&&(d.top.location.href=t.value))}},d.addEventListener(\"message\",d.wp.receiveEmbedMessage,!1),l.addEventListener(\"DOMContentLoaded\",function(){for(var e,t,s=l.querySelectorAll(\"iframe.wp-embedded-content\"),r=0;r<s.length;r++)(t=(e=s[r]).getAttribute(\"data-secret\"))||(t=Math.random().toString(36).substring(2,12),e.src+=\"#?secret=\"+t,e.setAttribute(\"data-secret\",t)),e.contentWindow.postMessage({message:\"ready\",secret:t},\"*\")},!1)))}(window,document);\n\/\/# sourceURL=https:\/\/quechilero.com\/blog\/wp-includes\/js\/wp-embed.min.js\n<\/script>\n"},"jetpack_publicize_connections":[],"jetpack_shortlink":"https:\/\/wp.me\/pDKli-QB","jetpack_sharing_enabled":true,"jetpack-related-posts":[{"id":3163,"url":"https:\/\/quechilero.com\/blog\/2009\/07\/31\/maraton-de-blogs-2009\/","url_meta":{"origin":3261,"position":0},"title":"Marat\u00f3n de Blogs 2009","author":"Pepe Barrascout Ortiz","date":"31 julio 2009","format":false,"excerpt":"En el a\u00f1o 2006, inici\u00f3 la Marat\u00f3n de Blogs, este a\u00f1o en su cuarta edici\u00f3n sigue evolucionando la tradici\u00f3n. El objetivo principal es la difusi\u00f3n de los blogs, aunado a las actividades promovidas por el \u201cBlog Day\". Haciendo una peque\u00f1a recopilaci\u00f3n y remembranza de los tres a\u00f1os anteriores: 2006, iniciamos\u2026","rel":"","context":"En \u00abBlogs de Guatemala\u00bb","block_context":{"text":"Blogs de Guatemala","link":"https:\/\/quechilero.com\/blog\/category\/blogs-de-guatemala\/"},"img":{"alt_text":"Marat\u00f3n de Blogs 2009","src":"https:\/\/i0.wp.com\/i392.photobucket.com\/albums\/pp7\/pepejaguar\/maraton2009\/maraton2009.jpg?resize=350%2C200","width":350,"height":200,"srcset":"https:\/\/i0.wp.com\/i392.photobucket.com\/albums\/pp7\/pepejaguar\/maraton2009\/maraton2009.jpg?resize=350%2C200 1x, https:\/\/i0.wp.com\/i392.photobucket.com\/albums\/pp7\/pepejaguar\/maraton2009\/maraton2009.jpg?resize=525%2C300 1.5x"},"classes":[]},{"id":3243,"url":"https:\/\/quechilero.com\/blog\/2009\/08\/09\/maraton-de-blogs-mentes-kreativas\/","url_meta":{"origin":3261,"position":1},"title":"Marat\u00f3n de Blogs: Mentes Kreativas","author":"Pepe Barrascout Ortiz","date":"9 agosto 2009","format":false,"excerpt":"Del teclado de Lesther Castillo, salen los art\u00edculos que en forma regular se publican en Mentes Kreativas, un blog dirigido a los amantes de la tecnolog\u00eda, gadgets, social media, dise\u00f1o gr\u00e1fico, dise\u00f1o web y noticias de internet. Muchos art\u00edculos de estos temas, podemos leer en Mentes Kreativas. Recientemente ha tocado\u2026","rel":"","context":"En \u00abBlogs de Guatemala\u00bb","block_context":{"text":"Blogs de Guatemala","link":"https:\/\/quechilero.com\/blog\/category\/blogs-de-guatemala\/"},"img":{"alt_text":"Marat\u00f3n de Blogs 2009","src":"https:\/\/i0.wp.com\/i392.photobucket.com\/albums\/pp7\/pepejaguar\/maraton2009\/maraton2009.jpg?resize=350%2C200","width":350,"height":200,"srcset":"https:\/\/i0.wp.com\/i392.photobucket.com\/albums\/pp7\/pepejaguar\/maraton2009\/maraton2009.jpg?resize=350%2C200 1x, https:\/\/i0.wp.com\/i392.photobucket.com\/albums\/pp7\/pepejaguar\/maraton2009\/maraton2009.jpg?resize=525%2C300 1.5x"},"classes":[]},{"id":3247,"url":"https:\/\/quechilero.com\/blog\/2009\/08\/12\/maraton-de-blogs-vistazo-chapin-plus\/","url_meta":{"origin":3261,"position":2},"title":"Marat\u00f3n de Blogs: Vistazo Chap\u00edn Plus","author":"Pepe Barrascout Ortiz","date":"12 agosto 2009","format":false,"excerpt":"Vistazo Chap\u00edn Plus es de los primeros blogs de tipo comercial que actualmente se producen en Guatemala. A pesar de que un proyecto como estos, tiene mas contras que a favor, sobre todo por la falta de visi\u00f3n comercial, que el sistema publicitario actual guatemalteco, tiene sobre los medios en\u2026","rel":"","context":"En \u00abBlogs de Guatemala\u00bb","block_context":{"text":"Blogs de Guatemala","link":"https:\/\/quechilero.com\/blog\/category\/blogs-de-guatemala\/"},"img":{"alt_text":"Marat\u00f3n de Blogs 2009","src":"https:\/\/i0.wp.com\/i392.photobucket.com\/albums\/pp7\/pepejaguar\/maraton2009\/maraton2009.jpg?resize=350%2C200","width":350,"height":200,"srcset":"https:\/\/i0.wp.com\/i392.photobucket.com\/albums\/pp7\/pepejaguar\/maraton2009\/maraton2009.jpg?resize=350%2C200 1x, https:\/\/i0.wp.com\/i392.photobucket.com\/albums\/pp7\/pepejaguar\/maraton2009\/maraton2009.jpg?resize=525%2C300 1.5x"},"classes":[]},{"id":3263,"url":"https:\/\/quechilero.com\/blog\/2009\/08\/21\/maraton-de-blogs-blog-guatemala\/","url_meta":{"origin":3261,"position":3},"title":"Marat\u00f3n de Blogs: Blog Guatemala","author":"Pepe Barrascout Ortiz","date":"21 agosto 2009","format":false,"excerpt":"Con mas de 3 a\u00f1os de actividad (febrero 2006) y de la mano de Hugo M\u00e9ndez, Blog Guatemala se ha dedicado a presentar el lado bonito de nuestro pa\u00eds, los temas de inter\u00e9s no se hacen esperar y d\u00eda a d\u00eda, son muchos los art\u00edculos de fondo que podemos leer\u2026","rel":"","context":"En \u00abBlogs de Guatemala\u00bb","block_context":{"text":"Blogs de Guatemala","link":"https:\/\/quechilero.com\/blog\/category\/blogs-de-guatemala\/"},"img":{"alt_text":"Marat\u00f3n de Blogs 2009","src":"https:\/\/i0.wp.com\/i392.photobucket.com\/albums\/pp7\/pepejaguar\/maraton2009\/maraton2009.jpg?resize=350%2C200","width":350,"height":200,"srcset":"https:\/\/i0.wp.com\/i392.photobucket.com\/albums\/pp7\/pepejaguar\/maraton2009\/maraton2009.jpg?resize=350%2C200 1x, https:\/\/i0.wp.com\/i392.photobucket.com\/albums\/pp7\/pepejaguar\/maraton2009\/maraton2009.jpg?resize=525%2C300 1.5x"},"classes":[]},{"id":5635,"url":"https:\/\/quechilero.com\/blog\/2010\/09\/10\/premios-del-maraton-de-blogs-2010\/","url_meta":{"origin":3261,"position":4},"title":"Premios del Marat\u00f3n de Blogs 2010","author":"Pepe Barrascout Ortiz","date":"10 septiembre 2010","format":false,"excerpt":"Una parte complementaria del Marat\u00f3n de Blogs 2010, es la premiaci\u00f3n que se realiza a los blogs, que durante el per\u00edodo que dura el Marat\u00f3n, se muestran mas activos y\u00a0participativos. Es una forma de reconocer y motivar el trabajo de sus autores, para que con nuevo \u00e1nimo, sigan publicando tan\u2026","rel":"","context":"En \u00abBlogs de Guatemala\u00bb","block_context":{"text":"Blogs de Guatemala","link":"https:\/\/quechilero.com\/blog\/category\/blogs-de-guatemala\/"},"img":{"alt_text":"","src":"https:\/\/i0.wp.com\/i392.photobucket.com\/albums\/pp7\/pepejaguar\/maraton\/maraton468x602010.jpg?resize=350%2C200","width":350,"height":200},"classes":[]},{"id":3284,"url":"https:\/\/quechilero.com\/blog\/2009\/08\/29\/maraton-de-blogs-espacio-pq\/","url_meta":{"origin":3261,"position":5},"title":"Marat\u00f3n de Blogs: Espacio PQ","author":"Pepe Barrascout Ortiz","date":"29 agosto 2009","format":false,"excerpt":"Espacio pq es el nombre que mi buena amiga Vivian Roca, le ha puesto a su blog personal en el que escribe temas de inter\u00e9s realcionados principalmente con Linux y en particular con Kubuntu, ya que es una gran usuaria de KDE. Espacio pq empez\u00f3 en mayo de 2008 y\u2026","rel":"","context":"En \u00abBlogs de Guatemala\u00bb","block_context":{"text":"Blogs de Guatemala","link":"https:\/\/quechilero.com\/blog\/category\/blogs-de-guatemala\/"},"img":{"alt_text":"Marat\u00f3n de Blogs 2009","src":"https:\/\/i0.wp.com\/i392.photobucket.com\/albums\/pp7\/pepejaguar\/maraton2009\/maraton2009.jpg?resize=350%2C200","width":350,"height":200,"srcset":"https:\/\/i0.wp.com\/i392.photobucket.com\/albums\/pp7\/pepejaguar\/maraton2009\/maraton2009.jpg?resize=350%2C200 1x, https:\/\/i0.wp.com\/i392.photobucket.com\/albums\/pp7\/pepejaguar\/maraton2009\/maraton2009.jpg?resize=525%2C300 1.5x"},"classes":[]}],"jetpack_featured_media_url":"","_links":{"self":[{"href":"https:\/\/quechilero.com\/blog\/wp-json\/wp\/v2\/posts\/3261","targetHints":{"allow":["GET"]}}],"collection":[{"href":"https:\/\/quechilero.com\/blog\/wp-json\/wp\/v2\/posts"}],"about":[{"href":"https:\/\/quechilero.com\/blog\/wp-json\/wp\/v2\/types\/post"}],"author":[{"embeddable":true,"href":"https:\/\/quechilero.com\/blog\/wp-json\/wp\/v2\/users\/1"}],"replies":[{"embeddable":true,"href":"https:\/\/quechilero.com\/blog\/wp-json\/wp\/v2\/comments?post=3261"}],"version-history":[{"count":0,"href":"https:\/\/quechilero.com\/blog\/wp-json\/wp\/v2\/posts\/3261\/revisions"}],"wp:attachment":[{"href":"https:\/\/quechilero.com\/blog\/wp-json\/wp\/v2\/media?parent=3261"}],"wp:term":[{"taxonomy":"category","embeddable":true,"href":"https:\/\/quechilero.com\/blog\/wp-json\/wp\/v2\/categories?post=3261"},{"taxonomy":"post_tag","embeddable":true,"href":"https:\/\/quechilero.com\/blog\/wp-json\/wp\/v2\/tags?post=3261"},{"taxonomy":"series","embeddable":true,"href":"https:\/\/quechilero.com\/blog\/wp-json\/wp\/v2\/series?post=3261"}],"curies":[{"name":"wp","href":"https:\/\/api.w.org\/{rel}","templated":true}]}}