{"id":3251,"date":"2009-08-14T08:00:50","date_gmt":"2009-08-14T14:00:50","guid":{"rendered":"http:\/\/quechilero.com\/blog\/?p=3251"},"modified":"2009-08-14T08:00:50","modified_gmt":"2009-08-14T14:00:50","slug":"maraton-de-blogs-luis-villacinda","status":"publish","type":"post","link":"https:\/\/quechilero.com\/blog\/2009\/08\/14\/maraton-de-blogs-luis-villacinda\/","title":{"rendered":"Marat\u00f3n de Blogs: Luis Villacinda"},"content":{"rendered":"<p><img data-recalc-dims=\"1\" decoding=\"async\" class=\"alignnone\" src=\"https:\/\/i0.wp.com\/i392.photobucket.com\/albums\/pp7\/pepejaguar\/maraton2009\/luisvillacinda.jpg?w=1200\" alt=\"\" \/><\/p>\n<p><a title=\"Marat\u00f3n de Blogs 2009\" href=\"http:\/\/luisvillacinda.blogspot.com\/\" target=\"_blank\">Luis Villacinda<\/a> es un <em>dise\u00f1ador gr\u00e1fico<\/em>, que tiene a su cargo, varios proyectos <em>editoriales<\/em>, desde hace bastante tiempo, he venido siguiendo su trabajo y en no pocas ocasiones, me sirvi\u00f3 de <em>inspiraci\u00f3n<\/em>, para cuando tuve a mi cargo siendo el jefe de <em>dise\u00f1o<\/em> del <em>peri\u00f3dico cat\u00f3lico<\/em> en el que trabaj\u00e9 por alg\u00fan tiempo. Me gusta mucho el estilo que <a title=\"Marat\u00f3n de Blogs 2009\" href=\"http:\/\/luisvillacinda.blogspot.com\/\" target=\"_blank\">Luis Villacinda<\/a> imprime en sus dise\u00f1os, en especial el uso de los espacios libres <em>con mucho aire<\/em>, que refuerzan el mensaje que se debe transmitir.<\/p>\n<p><a title=\"Marat\u00f3n de Blogs 2009\" href=\"http:\/\/luisvillacinda.blogspot.com\/\" target=\"_blank\">Luis Villacinda<\/a> en su blog, esc\u00e1samente toca temas relacionados con su <em>profesi\u00f3n<\/em>, mas bien es un blog <em>personal<\/em>, donde cuenta <em>cosas de la vida<\/em>, del acontecer diario, pero que en palabras de <a title=\"Marat\u00f3n de Blogs 2009\" href=\"http:\/\/luisvillacinda.blogspot.com\/\" target=\"_blank\">Luis Villacinda<\/a> se vuelve toda una aventura, deleitando al lector casual como al regular. Tengo el gusto de seguir el blog de <a title=\"Marat\u00f3n de Blogs 2009\" href=\"http:\/\/luisvillacinda.blogspot.com\/\" target=\"_blank\">Luis Villacinda<\/a> casi desde el principio y durante estos catorce meses de publicaciones, es muy dif\u00edcil dejar de leerlo.<\/p>\n<p><!--more--><\/p>\n<p>Despu\u00e9s de mas de 160 art\u00edculos publicados en este tiempo, es agradable leer textos como <em>Sumando Tiempo<\/em>, en donde <a title=\"Marat\u00f3n de Blogs 2009\" href=\"http:\/\/luisvillacinda.blogspot.com\/\" target=\"_blank\">Luis Villacinda<\/a> nos muestra su capacidad <em>po\u00e9tica<\/em>, o en <em>Mi peque\u00f1a Tulip\u00e1n<\/em>, que en lo personal me encant\u00f3 esta historia, en la que <a title=\"Marat\u00f3n de Blogs 2009\" href=\"http:\/\/luisvillacinda.blogspot.com\/\" target=\"_blank\">Luis Villacinda<\/a> relata la forma en la que se enter\u00f3 que tendr\u00eda <em>una hija<\/em> y\u00a0 escribe el texto a manera de <em>regalo de cumplea\u00f1os<\/em>.<\/p>\n<p>Podemos ver el <em>lado humano<\/em> de <a title=\"Marat\u00f3n de Blogs 2009\" href=\"http:\/\/luisvillacinda.blogspot.com\/\" target=\"_blank\">Luis Villacinda<\/a> en textos como <em>Agua Fr\u00eda<\/em> o el que cuenta sus experiencias al <em>Ir a la feria<\/em>. Lo interesante es la forma en la que <a title=\"Marat\u00f3n de Blogs 2009\" href=\"http:\/\/luisvillacinda.blogspot.com\/\" target=\"_blank\">Luis Villacinda<\/a> aparta casi completamente su <em>pasi\u00f3n por el dise\u00f1o<\/em>, demostrada tantas veces en su trabajo, y su blog.<\/p>\n<p>Y son muchas las personas que siguen a <a title=\"Marat\u00f3n de Blogs 2009\" href=\"http:\/\/luisvillacinda.blogspot.com\/\" target=\"_blank\">Luis Villacinda<\/a> y que se refleja en la lista que aparece a un lado de su blog, tambi\u00e9n son muchas las muestras de aprecio, que se observan en los m\u00faltiples comentarios que en cada una de las entradas, dejan sus muchos lectores.<\/p>\n<p>En el blog de <a title=\"Marat\u00f3n de Blogs 2009\" href=\"http:\/\/luisvillacinda.blogspot.com\/\" target=\"_blank\">Luis Villacinda<\/a>, tambi\u00e9n se pueden encontrar enlaces a una <em>galer\u00eda de fotos<\/em>, que a manera de <em>portafolio<\/em> ha publicado en su <em>perfil de facebook<\/em>, totalmente recomendable, adem\u00e1s de ser muy agradables a la vista los dise\u00f1os, son bastante inspiracionales, al igual que sus muchos textos, que de vez en cuando son escritos en ingl\u00e9s.<\/p>\n<p>Los invito a que agreguen al blog de <a title=\"Marat\u00f3n de Blogs 2009\" href=\"http:\/\/luisvillacinda.blogspot.com\/\" target=\"_blank\">Luis Villacinda<\/a> a la lista de favoritos y preparense para tener una excelente sesi\u00f3n de <em>buena lectura<\/em>, junto a una exquisita selecci\u00f3n de buenos dise\u00f1os. No dejen de ver el <em>header<\/em> que tiene el blog, una muestra de su estilo al dise\u00f1ar.<\/p>\n<p>En el enlace, puedes encontrar el <a title=\"Marat\u00f3n de Blogs 2009\" href=\"http:\/\/blogsdeguatemala.com\/blog:966\" target=\"_blank\">listado de art\u00edculos publicados<\/a> a la fecha.<\/p>\n<p>Lee mas rese\u00f1as del <a title=\"Marat\u00f3n de Blogs 2009\" href=\"http:\/\/quechilero.com\/blog\/2009\/07\/31\/maraton-de-blogs-2009\/\"><strong>Marat\u00f3n de Blogs 2009<\/strong><\/a>.<\/p>\n<p><a href=\"http:\/\/quechilero.com\/blog\/2009\/07\/31\/maraton-de-blogs-2009\/\"><img data-recalc-dims=\"1\" loading=\"lazy\" decoding=\"async\" class=\"alignnone\" style=\"border: 0pt none;\" src=\"https:\/\/i0.wp.com\/i392.photobucket.com\/albums\/pp7\/pepejaguar\/maraton2009\/maraton2009.jpg?resize=550%2C95\" alt=\"Marat\u00f3n de Blogs 2009\" width=\"550\" height=\"95\" \/><\/a><\/p>\n","protected":false},"excerpt":{"rendered":"<p>Luis Villacinda es un dise\u00f1ador gr\u00e1fico, que tiene a su cargo, varios proyectos editoriales, desde hace bastante tiempo, he venido siguiendo su trabajo y en no pocas ocasiones, me sirvi\u00f3 de inspiraci\u00f3n, para cuando tuve a mi cargo siendo el jefe de dise\u00f1o del peri\u00f3dico cat\u00f3lico en el que trabaj\u00e9 por alg\u00fan tiempo. Me gusta &#8230; <a title=\"Marat\u00f3n de Blogs: Luis Villacinda\" class=\"read-more\" href=\"https:\/\/quechilero.com\/blog\/2009\/08\/14\/maraton-de-blogs-luis-villacinda\/\" aria-label=\"Leer m\u00e1s sobre Marat\u00f3n de Blogs: Luis Villacinda\">Leer m\u00e1s<\/a><\/p>\n","protected":false},"author":1,"featured_media":0,"comment_status":"open","ping_status":"open","sticky":false,"template":"","format":"standard","meta":{"advanced_seo_description":"","jetpack_seo_html_title":"","jetpack_seo_noindex":false,"jetpack_seo_schema_type":"","episode_type":"","audio_file":"","podmotor_file_id":"","podmotor_episode_id":"","cover_image":"","cover_image_id":"","duration":"","filesize":"","filesize_raw":"","date_recorded":"","explicit":"","block":"","_jetpack_newsletter_access":"","_jetpack_dont_email_post_to_subs":false,"_jetpack_newsletter_tier_id":0,"_jetpack_memberships_contains_paywalled_content":false,"_jetpack_feature_clip_id":0,"_jetpack_memberships_contains_paid_content":false,"footnotes":"","jetpack_publicize_message":"","jetpack_publicize_feature_enabled":true,"jetpack_social_post_already_shared":false,"jetpack_social_options":{"image_generator_settings":{"template":"highway","default_image_id":0,"font":"","enabled":false},"version":2},"jetpack_post_was_ever_published":false},"categories":[61],"tags":[4,12,7,32,10,17,81,62,42,52,43,5,36,24],"series":[],"class_list":["post-3251","post","type-post","status-publish","format-standard","hentry","category-blogs-de-guatemala","tag-blog","tag-cosas","tag-diseno","tag-especial","tag-guatemala","tag-historia","tag-lectura","tag-maraton","tag-palabra","tag-pasion","tag-proyecto","tag-tiempo","tag-trabajo","tag-vida"],"episode_featured_image":false,"episode_player_image":"https:\/\/i0.wp.com\/quechilero.com\/blog\/imagenes\/podcast.png?fit=1831%2C1831&ssl=1","download_link":"","player_link":"","audio_player":false,"episode_data":{"playerMode":"dark","subscribeUrls":{"amazon":{"key":"amazon","url":"","label":"Amazon","class":"amazon","icon":"amazon.png"},"apple_podcasts":{"key":"apple_podcasts","url":"","label":"Apple Podcasts","class":"apple_podcasts","icon":"apple-podcasts.png"},"castbox":{"key":"castbox","url":"","label":"CastBox","class":"castbox","icon":"castbox.png"},"deezer":{"key":"deezer","url":"","label":"Deezer","class":"deezer","icon":"deezer.png"},"google_podcasts":{"key":"google_podcasts","url":"","label":"Google Podcasts","class":"google_podcasts","icon":"google-podcasts.png"},"listen_notes":{"key":"listen_notes","url":"","label":"Listen Notes","class":"listen_notes","icon":"listen-notes.png"},"pandora":{"key":"pandora","url":"","label":"Pandora","class":"pandora","icon":"pandora.png"},"podbean":{"key":"podbean","url":"","label":"Podbean","class":"podbean","icon":"podbean.png"},"podcast_republic":{"key":"podcast_republic","url":"","label":"Podcast Republic","class":"podcast_republic","icon":"podcast-republic.png"},"rss":{"key":"rss","url":"","label":"RSS","class":"rss","icon":"rss.png"},"spotify":{"key":"spotify","url":"","label":"Spotify","class":"spotify","icon":"spotify.png"},"stitcher":{"key":"stitcher","url":"","label":"Stitcher","class":"stitcher","icon":"stitcher.png"},"tunein":{"key":"tunein","url":"","label":"TuneIn","class":"tunein","icon":"tunein.png"},"youtube":{"key":"youtube","url":"","label":"YouTube","class":"youtube","icon":"youtube.png"},"iheartradio":{"key":"iheartradio","url":"","label":"iHeartRadio","class":"iheartradio","icon":"iheartradio.png"},"ivoox":{"key":"ivoox","url":"","label":"iVoox","class":"ivoox","icon":"ivoox.png"}},"rssFeedUrl":"https:\/\/quechilero.com\/blog\/feed\/podcast\/si-la-vida-nos-da-limones","embedCode":"<blockquote class=\"wp-embedded-content\" data-secret=\"lnGG8oNVxY\"><a href=\"https:\/\/quechilero.com\/blog\/2009\/08\/14\/maraton-de-blogs-luis-villacinda\/\">Marat\u00f3n de Blogs: Luis Villacinda<\/a><\/blockquote><iframe sandbox=\"allow-scripts\" security=\"restricted\" src=\"https:\/\/quechilero.com\/blog\/2009\/08\/14\/maraton-de-blogs-luis-villacinda\/embed\/#?secret=lnGG8oNVxY\" width=\"500\" height=\"350\" title=\"\u00abMarat\u00f3n de Blogs: Luis Villacinda\u00bb \u2014 Si la Vida nos da Limones...\" data-secret=\"lnGG8oNVxY\" frameborder=\"0\" marginwidth=\"0\" marginheight=\"0\" scrolling=\"no\" class=\"wp-embedded-content\"><\/iframe><script>\n\/*! This file is auto-generated *\/\n!function(d,l){\"use strict\";l.querySelector&&d.addEventListener&&\"undefined\"!=typeof URL&&(d.wp=d.wp||{},d.wp.receiveEmbedMessage||(d.wp.receiveEmbedMessage=function(e){var t=e.data;if((t||t.secret||t.message||t.value)&&!\/[^a-zA-Z0-9]\/.test(t.secret)){for(var s,r,n,a=l.querySelectorAll('iframe[data-secret=\"'+t.secret+'\"]'),o=l.querySelectorAll('blockquote[data-secret=\"'+t.secret+'\"]'),c=new RegExp(\"^https?:$\",\"i\"),i=0;i<o.length;i++)o[i].style.display=\"none\";for(i=0;i<a.length;i++)s=a[i],e.source===s.contentWindow&&(s.removeAttribute(\"style\"),\"height\"===t.message?(1e3<(r=parseInt(t.value,10))?r=1e3:~~r<200&&(r=200),s.height=r):\"link\"===t.message&&(r=new URL(s.getAttribute(\"src\")),n=new URL(t.value),c.test(n.protocol))&&n.host===r.host&&l.activeElement===s&&(d.top.location.href=t.value))}},d.addEventListener(\"message\",d.wp.receiveEmbedMessage,!1),l.addEventListener(\"DOMContentLoaded\",function(){for(var e,t,s=l.querySelectorAll(\"iframe.wp-embedded-content\"),r=0;r<s.length;r++)(t=(e=s[r]).getAttribute(\"data-secret\"))||(t=Math.random().toString(36).substring(2,12),e.src+=\"#?secret=\"+t,e.setAttribute(\"data-secret\",t)),e.contentWindow.postMessage({message:\"ready\",secret:t},\"*\")},!1)))}(window,document);\n\/\/# sourceURL=https:\/\/quechilero.com\/blog\/wp-includes\/js\/wp-embed.min.js\n<\/script>\n"},"jetpack_publicize_connections":[],"jetpack_shortlink":"https:\/\/wp.me\/pDKli-Qr","jetpack_sharing_enabled":true,"jetpack-related-posts":[{"id":9897,"url":"https:\/\/quechilero.com\/blog\/2011\/08\/14\/maraton-de-blogs-blog-de-jorge-luis\/","url_meta":{"origin":3251,"position":0},"title":"Marat\u00f3n de Blogs: Blog de Jorge Luis","author":"Pepe Barrascout Ortiz","date":"14 agosto 2011","format":false,"excerpt":"El Blog de Jorge Luis, se define a si mismo, como un blog de ideas, dise\u00f1o y locuras. Publicado por Jorge Luis Guti\u00e9rrez, este blog trata de todo un poco, aunque se organiza en ciertas categor\u00edas, en las que se agrupan los distintos contenidos publicados. De tal suerte, podemos leer\u2026","rel":"","context":"En \u00abBlogs de Guatemala\u00bb","block_context":{"text":"Blogs de Guatemala","link":"https:\/\/quechilero.com\/blog\/category\/blogs-de-guatemala\/"},"img":{"alt_text":"","src":"https:\/\/i0.wp.com\/i392.photobucket.com\/albums\/pp7\/pepejaguar\/maraton\/jorge-luis.png?resize=350%2C200","width":350,"height":200,"srcset":"https:\/\/i0.wp.com\/i392.photobucket.com\/albums\/pp7\/pepejaguar\/maraton\/jorge-luis.png?resize=350%2C200 1x, https:\/\/i0.wp.com\/i392.photobucket.com\/albums\/pp7\/pepejaguar\/maraton\/jorge-luis.png?resize=525%2C300 1.5x"},"classes":[]},{"id":5282,"url":"https:\/\/quechilero.com\/blog\/2010\/08\/23\/maraton-de-blogs-guille-y-bruno\/","url_meta":{"origin":3251,"position":1},"title":"Marat\u00f3n de Blogs: Guille y Bruno","author":"Pepe Barrascout Ortiz","date":"23 agosto 2010","format":false,"excerpt":"Guille y Bruno, es un blog colaborativo, en el que participan mas de diez personas, que publican las distintas secciones en las que se organiza el Blog. Se definen a si mismos como: Nos la pasamos platicando de todo, desde arte, m\u00fasica, chamuscas, negocios hasta el atol de elote con\u2026","rel":"","context":"En \u00abBlogs de Guatemala\u00bb","block_context":{"text":"Blogs de Guatemala","link":"https:\/\/quechilero.com\/blog\/category\/blogs-de-guatemala\/"},"img":{"alt_text":"","src":"https:\/\/i0.wp.com\/i392.photobucket.com\/albums\/pp7\/pepejaguar\/maraton\/guilleybruno.png?resize=350%2C200","width":350,"height":200,"srcset":"https:\/\/i0.wp.com\/i392.photobucket.com\/albums\/pp7\/pepejaguar\/maraton\/guilleybruno.png?resize=350%2C200 1x, https:\/\/i0.wp.com\/i392.photobucket.com\/albums\/pp7\/pepejaguar\/maraton\/guilleybruno.png?resize=525%2C300 1.5x"},"classes":[]},{"id":3261,"url":"https:\/\/quechilero.com\/blog\/2009\/08\/20\/maraton-de-blogs-magacin\/","url_meta":{"origin":3251,"position":2},"title":"Marat\u00f3n de Blogs: Magac\u00edn","author":"Pepe Barrascout Ortiz","date":"20 agosto 2009","format":false,"excerpt":"Es muy dificil encontrar, dentro del medio period\u00edstico escrito guatemalteco, un uso moderno de las tecnolog\u00edas basadas en internet, pero afortunadamente, este no es el caso de Magac\u00edn, la revista dominical de uno de los peri\u00f3dicos que se publican en Guatemala. Dentro de los responsables de la edici\u00f3n de Magac\u00edn,\u2026","rel":"","context":"En \u00abBlogs de Guatemala\u00bb","block_context":{"text":"Blogs de Guatemala","link":"https:\/\/quechilero.com\/blog\/category\/blogs-de-guatemala\/"},"img":{"alt_text":"Marat\u00f3n de Blogs 2009","src":"https:\/\/i0.wp.com\/i392.photobucket.com\/albums\/pp7\/pepejaguar\/maraton2009\/maraton2009.jpg?resize=350%2C200","width":350,"height":200,"srcset":"https:\/\/i0.wp.com\/i392.photobucket.com\/albums\/pp7\/pepejaguar\/maraton2009\/maraton2009.jpg?resize=350%2C200 1x, https:\/\/i0.wp.com\/i392.photobucket.com\/albums\/pp7\/pepejaguar\/maraton2009\/maraton2009.jpg?resize=525%2C300 1.5x"},"classes":[]},{"id":3217,"url":"https:\/\/quechilero.com\/blog\/2009\/08\/01\/maraton-de-blogs-recapitulando\/","url_meta":{"origin":3251,"position":3},"title":"Marat\u00f3n de Blogs: Recapitulando","author":"Pepe Barrascout Ortiz","date":"1 agosto 2009","format":false,"excerpt":"Ha pasado un a\u00f1o, desde del anterior Marat\u00f3n de Blogs y han sido muchos los Blogs de Guatemala que se han ido sumando, en parte por la relativa facilidad de acceso a internet, que hay en nuestro pa\u00eds, aunque a\u00fan estamos muy lejos, de lo que realmente deber\u00edamos de estar\u2026","rel":"","context":"En \u00abBlogs de Guatemala\u00bb","block_context":{"text":"Blogs de Guatemala","link":"https:\/\/quechilero.com\/blog\/category\/blogs-de-guatemala\/"},"img":{"alt_text":"","src":"","width":0,"height":0},"classes":[]},{"id":3247,"url":"https:\/\/quechilero.com\/blog\/2009\/08\/12\/maraton-de-blogs-vistazo-chapin-plus\/","url_meta":{"origin":3251,"position":4},"title":"Marat\u00f3n de Blogs: Vistazo Chap\u00edn Plus","author":"Pepe Barrascout Ortiz","date":"12 agosto 2009","format":false,"excerpt":"Vistazo Chap\u00edn Plus es de los primeros blogs de tipo comercial que actualmente se producen en Guatemala. A pesar de que un proyecto como estos, tiene mas contras que a favor, sobre todo por la falta de visi\u00f3n comercial, que el sistema publicitario actual guatemalteco, tiene sobre los medios en\u2026","rel":"","context":"En \u00abBlogs de Guatemala\u00bb","block_context":{"text":"Blogs de Guatemala","link":"https:\/\/quechilero.com\/blog\/category\/blogs-de-guatemala\/"},"img":{"alt_text":"Marat\u00f3n de Blogs 2009","src":"https:\/\/i0.wp.com\/i392.photobucket.com\/albums\/pp7\/pepejaguar\/maraton2009\/maraton2009.jpg?resize=350%2C200","width":350,"height":200,"srcset":"https:\/\/i0.wp.com\/i392.photobucket.com\/albums\/pp7\/pepejaguar\/maraton2009\/maraton2009.jpg?resize=350%2C200 1x, https:\/\/i0.wp.com\/i392.photobucket.com\/albums\/pp7\/pepejaguar\/maraton2009\/maraton2009.jpg?resize=525%2C300 1.5x"},"classes":[]},{"id":3253,"url":"https:\/\/quechilero.com\/blog\/2009\/08\/16\/maraton-de-blogs-el-chiltepe\/","url_meta":{"origin":3251,"position":5},"title":"Marat\u00f3n de Blogs: El Chiltepe","author":"Pepe Barrascout Ortiz","date":"16 agosto 2009","format":false,"excerpt":"Me gusta mucho leer blogs relacionados con el dise\u00f1o gr\u00e1fico o industrial y entre estos destaca definitivamente El Chiltepe, que es dirigido por Alejandra Barahona, una gran dise\u00f1adora guatemalteca que ha destacado enormemente en el extranjero, exponiendo muchas de sus ilustraciones, en importantes galer\u00edas de Estados Unidos y Europa. Desde\u2026","rel":"","context":"En \u00abBlogs de Guatemala\u00bb","block_context":{"text":"Blogs de Guatemala","link":"https:\/\/quechilero.com\/blog\/category\/blogs-de-guatemala\/"},"img":{"alt_text":"Marat\u00f3n de Blogs 2009","src":"https:\/\/i0.wp.com\/i392.photobucket.com\/albums\/pp7\/pepejaguar\/maraton2009\/maraton2009.jpg?resize=350%2C200","width":350,"height":200,"srcset":"https:\/\/i0.wp.com\/i392.photobucket.com\/albums\/pp7\/pepejaguar\/maraton2009\/maraton2009.jpg?resize=350%2C200 1x, https:\/\/i0.wp.com\/i392.photobucket.com\/albums\/pp7\/pepejaguar\/maraton2009\/maraton2009.jpg?resize=525%2C300 1.5x"},"classes":[]}],"jetpack_featured_media_url":"","_links":{"self":[{"href":"https:\/\/quechilero.com\/blog\/wp-json\/wp\/v2\/posts\/3251","targetHints":{"allow":["GET"]}}],"collection":[{"href":"https:\/\/quechilero.com\/blog\/wp-json\/wp\/v2\/posts"}],"about":[{"href":"https:\/\/quechilero.com\/blog\/wp-json\/wp\/v2\/types\/post"}],"author":[{"embeddable":true,"href":"https:\/\/quechilero.com\/blog\/wp-json\/wp\/v2\/users\/1"}],"replies":[{"embeddable":true,"href":"https:\/\/quechilero.com\/blog\/wp-json\/wp\/v2\/comments?post=3251"}],"version-history":[{"count":0,"href":"https:\/\/quechilero.com\/blog\/wp-json\/wp\/v2\/posts\/3251\/revisions"}],"wp:attachment":[{"href":"https:\/\/quechilero.com\/blog\/wp-json\/wp\/v2\/media?parent=3251"}],"wp:term":[{"taxonomy":"category","embeddable":true,"href":"https:\/\/quechilero.com\/blog\/wp-json\/wp\/v2\/categories?post=3251"},{"taxonomy":"post_tag","embeddable":true,"href":"https:\/\/quechilero.com\/blog\/wp-json\/wp\/v2\/tags?post=3251"},{"taxonomy":"series","embeddable":true,"href":"https:\/\/quechilero.com\/blog\/wp-json\/wp\/v2\/series?post=3251"}],"curies":[{"name":"wp","href":"https:\/\/api.w.org\/{rel}","templated":true}]}}