{"id":3245,"date":"2009-08-11T08:00:45","date_gmt":"2009-08-11T14:00:45","guid":{"rendered":"http:\/\/quechilero.com\/blog\/?p=3245"},"modified":"2009-08-11T08:00:45","modified_gmt":"2009-08-11T14:00:45","slug":"maraton-de-blogs-mira-pue","status":"publish","type":"post","link":"https:\/\/quechilero.com\/blog\/2009\/08\/11\/maraton-de-blogs-mira-pue\/","title":{"rendered":"Marat\u00f3n de Blogs: Mir\u00e1 pue&#8230;"},"content":{"rendered":"<p><img data-recalc-dims=\"1\" decoding=\"async\" class=\"alignnone\" src=\"https:\/\/i0.wp.com\/i392.photobucket.com\/albums\/pp7\/pepejaguar\/maraton2009\/mirapue.jpg?w=1200\" alt=\"\" \/><\/p>\n<p><a title=\"Marat\u00f3n de Blogs 2009\" href=\"http:\/\/mirapue.blogspot.com\/\" target=\"_blank\">Mir\u00e1 pue<\/a> es un blog bastante interesante en el que uno se queda <em>enganchado<\/em> desde el principio, eso fue precisamente lo que me pas\u00f3 a mi, desde la primera vez que lo le\u00ed. Poco a poco fui conociendo las <em>aventuras y peripecias<\/em>, de <em>Andre\u00edta <\/em>su joven, alegre y din\u00e1mica autora.<\/p>\n<p>Desde el nombre, <a title=\"Marat\u00f3n de Blogs 2009\" href=\"http:\/\/mirapue.blogspot.com\/\" target=\"_blank\">Mir\u00e1 pue<\/a> pasando por el dise\u00f1o del sitio, nos damos cuenta de la alegr\u00eda y empe\u00f1o en que <em>Andre\u00edta<\/em> le pone para compartir <em>su vida al mundo<\/em> y a sus muchos amigos, que d\u00eda a d\u00eda la siguen en su blog. Pero su alegr\u00eda no hace de <a title=\"Marat\u00f3n de Blogs 2009\" href=\"http:\/\/mirapue.blogspot.com\/\" target=\"_blank\">Mir\u00e1 pue<\/a> un blog irreverente, ya que toca temas de mucha profundidad y gran an\u00e1lisis. Esto es lo que hace, entre otras cosas, muy valioso a <a title=\"Marat\u00f3n de Blogs 2009\" href=\"http:\/\/mirapue.blogspot.com\/\" target=\"_blank\">Mir\u00e1 pue<\/a>.<\/p>\n<p><!--more--><\/p>\n<p>Hace poco <em>Andre\u00edta<\/em>, escribi\u00f3 su posici\u00f3n al respecto del\u00a0 concurso de belleza, que se llev\u00f3 a cabo en su natal <em>Antigua Guatemala<\/em>, y est\u00e1 por dem\u00e1s decir que adem\u00e1s de compartir su punto de vista, admiro la valent\u00eda de publicar este tipo de temas que la <em>gente prefiere obviar<\/em>, cl\u00e1sico de la idiosincracia nuestra.<\/p>\n<p>Pero como buen <em>blog personal<\/em>, publica sus <em>aventuras<\/em> en Puerto Barrios, donde por razones personales, se encuentra ahora, y por eso ha publicado un art\u00edculo que titul\u00f3 <em>D\u00eda 21<\/em>. Ac\u00e1 relata las impresiones que lleva hasta el momento, en este departamento de la costa atl\u00e1ntica del pa\u00eds.<\/p>\n<p>Me gusta mucho el empe\u00f1o de <em>Andre\u00edta<\/em>, al publicar su blog, que con once meses de vida y un poco mas de 110 art\u00edculos publicados, ha convertido a <a title=\"Marat\u00f3n de Blogs 2009\" href=\"http:\/\/mirapue.blogspot.com\/\" target=\"_blank\">Mir\u00e1 pue<\/a> en su ventana al mundo, que con su alegre sonrisa, que muestra en la foto de <em>su perfil<\/em>, da la bienvenida a todo aquel que quiera compartir con ella, su particular punto de vista.<\/p>\n<p>Otra cosa que me encanta de <a title=\"Marat\u00f3n de Blogs 2009\" href=\"http:\/\/mirapue.blogspot.com\/\" target=\"_blank\">Mir\u00e1 pue<\/a>, es la forma en la que <em>Andre\u00edta<\/em>, convierte una peque\u00f1a <em>cosa<\/em> com\u00fan en todo un gran acontecimiento, esta sencillez y complejidad a la vez, es lo que me ha tenido enganchado a <a title=\"Marat\u00f3n de Blogs 2009\" href=\"http:\/\/mirapue.blogspot.com\/\" target=\"_blank\">Mir\u00e1 pue<\/a> por muchos tiempo.<\/p>\n<p>Los invito a que visiten <a title=\"Marat\u00f3n de Blogs 2009\" href=\"http:\/\/mirapue.blogspot.com\/\" target=\"_blank\">Mir\u00e1 pue<\/a> y lo agreguen a su listado de favoritos, de esta forma tendr\u00e1n una visi\u00f3n nueva y refrescante de lo importante que es la vida, vista desde los ojos de <em>Andre\u00edta<\/em>.<\/p>\n<p><em>Andre\u00edta<\/em>, estos son para ti, se que te gustan:<\/p>\n<p>\ud83d\ude41  \ud83d\ude21  <img data-recalc-dims=\"1\" src=\"https:\/\/i0.wp.com\/quechilero.com\/blog\/wp-includes\/images\/smilies\/mrgreen.png?w=1200&#038;ssl=1\" alt=\":mrgreen:\" class=\"wp-smiley\" style=\"height: 1em; max-height: 1em;\" \/>  \u2757  \ud83d\ude2e  \u27a1  \ud83d\ude00  \ud83d\ude42  \u2753  \ud83d\ude10  8)  \ud83d\ude25 \ud83d\udc7f  \ud83d\ude15  \ud83d\ude06  \ud83d\udca1  \ud83d\ude09  \ud83d\ude33  \ud83d\ude1b  \ud83d\ude08 \ud83d\ude44 \ud83d\ude2f<\/p>\n<p>En el enlace, puedes encontrar el <a title=\"Marat\u00f3n de Blogs 2009\" href=\"http:\/\/blogsdeguatemala.com\/blog:1121\" target=\"_blank\">listado de art\u00edculos publicados<\/a> a la fecha.<\/p>\n<p>Lee mas rese\u00f1as del <a title=\"Marat\u00f3n de Blogs 2009\" href=\"http:\/\/quechilero.com\/blog\/2009\/07\/31\/maraton-de-blogs-2009\/\"><strong>Marat\u00f3n de Blogs 2009<\/strong><\/a>.<\/p>\n<p><a href=\"http:\/\/quechilero.com\/blog\/2009\/07\/31\/maraton-de-blogs-2009\/\"><img data-recalc-dims=\"1\" loading=\"lazy\" decoding=\"async\" class=\"alignnone\" style=\"border: 0pt none;\" src=\"https:\/\/i0.wp.com\/i392.photobucket.com\/albums\/pp7\/pepejaguar\/maraton2009\/maraton2009.jpg?resize=550%2C95\" alt=\"Marat\u00f3n de Blogs 2009\" width=\"550\" height=\"95\" \/><\/a><\/p>\n","protected":false},"excerpt":{"rendered":"<p>Mir\u00e1 pue es un blog bastante interesante en el que uno se queda enganchado desde el principio, eso fue precisamente lo que me pas\u00f3 a mi, desde la primera vez que lo le\u00ed. Poco a poco fui conociendo las aventuras y peripecias, de Andre\u00edta su joven, alegre y din\u00e1mica autora. Desde el nombre, Mir\u00e1 pue &#8230; <a title=\"Marat\u00f3n de Blogs: Mir\u00e1 pue&#8230;\" class=\"read-more\" href=\"https:\/\/quechilero.com\/blog\/2009\/08\/11\/maraton-de-blogs-mira-pue\/\" aria-label=\"Leer m\u00e1s sobre Marat\u00f3n de Blogs: Mir\u00e1 pue&#8230;\">Leer m\u00e1s<\/a><\/p>\n","protected":false},"author":1,"featured_media":0,"comment_status":"open","ping_status":"open","sticky":false,"template":"","format":"standard","meta":{"advanced_seo_description":"","jetpack_seo_html_title":"","jetpack_seo_noindex":false,"jetpack_seo_schema_type":"","episode_type":"","audio_file":"","podmotor_file_id":"","podmotor_episode_id":"","cover_image":"","cover_image_id":"","duration":"","filesize":"","filesize_raw":"","date_recorded":"","explicit":"","block":"","_jetpack_newsletter_access":"","_jetpack_dont_email_post_to_subs":false,"_jetpack_newsletter_tier_id":0,"_jetpack_memberships_contains_paywalled_content":false,"_jetpack_feature_clip_id":0,"_jetpack_memberships_contains_paid_content":false,"footnotes":"","jetpack_publicize_message":"","jetpack_publicize_feature_enabled":true,"jetpack_social_post_already_shared":false,"jetpack_social_options":{"image_generator_settings":{"template":"highway","default_image_id":0,"font":"","enabled":false},"version":2},"jetpack_post_was_ever_published":false},"categories":[61],"tags":[87,11,4,12,51,7,10,9,62,5,24],"series":[],"class_list":["post-3245","post","type-post","status-publish","format-standard","hentry","category-blogs-de-guatemala","tag-alegria","tag-amigo","tag-blog","tag-cosas","tag-dios","tag-diseno","tag-guatemala","tag-idea","tag-maraton","tag-tiempo","tag-vida"],"episode_featured_image":false,"episode_player_image":"https:\/\/i0.wp.com\/quechilero.com\/blog\/imagenes\/podcast.png?fit=1831%2C1831&ssl=1","download_link":"","player_link":"","audio_player":false,"episode_data":{"playerMode":"dark","subscribeUrls":{"amazon":{"key":"amazon","url":"","label":"Amazon","class":"amazon","icon":"amazon.png"},"apple_podcasts":{"key":"apple_podcasts","url":"","label":"Apple Podcasts","class":"apple_podcasts","icon":"apple-podcasts.png"},"castbox":{"key":"castbox","url":"","label":"CastBox","class":"castbox","icon":"castbox.png"},"deezer":{"key":"deezer","url":"","label":"Deezer","class":"deezer","icon":"deezer.png"},"google_podcasts":{"key":"google_podcasts","url":"","label":"Google Podcasts","class":"google_podcasts","icon":"google-podcasts.png"},"listen_notes":{"key":"listen_notes","url":"","label":"Listen Notes","class":"listen_notes","icon":"listen-notes.png"},"pandora":{"key":"pandora","url":"","label":"Pandora","class":"pandora","icon":"pandora.png"},"podbean":{"key":"podbean","url":"","label":"Podbean","class":"podbean","icon":"podbean.png"},"podcast_republic":{"key":"podcast_republic","url":"","label":"Podcast Republic","class":"podcast_republic","icon":"podcast-republic.png"},"rss":{"key":"rss","url":"","label":"RSS","class":"rss","icon":"rss.png"},"spotify":{"key":"spotify","url":"","label":"Spotify","class":"spotify","icon":"spotify.png"},"stitcher":{"key":"stitcher","url":"","label":"Stitcher","class":"stitcher","icon":"stitcher.png"},"tunein":{"key":"tunein","url":"","label":"TuneIn","class":"tunein","icon":"tunein.png"},"youtube":{"key":"youtube","url":"","label":"YouTube","class":"youtube","icon":"youtube.png"},"iheartradio":{"key":"iheartradio","url":"","label":"iHeartRadio","class":"iheartradio","icon":"iheartradio.png"},"ivoox":{"key":"ivoox","url":"","label":"iVoox","class":"ivoox","icon":"ivoox.png"}},"rssFeedUrl":"https:\/\/quechilero.com\/blog\/feed\/podcast\/si-la-vida-nos-da-limones","embedCode":"<blockquote class=\"wp-embedded-content\" data-secret=\"IlywjwkZZU\"><a href=\"https:\/\/quechilero.com\/blog\/2009\/08\/11\/maraton-de-blogs-mira-pue\/\">Marat\u00f3n de Blogs: Mir\u00e1 pue&#8230;<\/a><\/blockquote><iframe sandbox=\"allow-scripts\" security=\"restricted\" src=\"https:\/\/quechilero.com\/blog\/2009\/08\/11\/maraton-de-blogs-mira-pue\/embed\/#?secret=IlywjwkZZU\" width=\"500\" height=\"350\" title=\"\u00abMarat\u00f3n de Blogs: Mir\u00e1 pue&#8230;\u00bb \u2014 Si la Vida nos da Limones...\" data-secret=\"IlywjwkZZU\" frameborder=\"0\" marginwidth=\"0\" marginheight=\"0\" scrolling=\"no\" class=\"wp-embedded-content\"><\/iframe><script>\n\/*! This file is auto-generated *\/\n!function(d,l){\"use strict\";l.querySelector&&d.addEventListener&&\"undefined\"!=typeof URL&&(d.wp=d.wp||{},d.wp.receiveEmbedMessage||(d.wp.receiveEmbedMessage=function(e){var t=e.data;if((t||t.secret||t.message||t.value)&&!\/[^a-zA-Z0-9]\/.test(t.secret)){for(var s,r,n,a=l.querySelectorAll('iframe[data-secret=\"'+t.secret+'\"]'),o=l.querySelectorAll('blockquote[data-secret=\"'+t.secret+'\"]'),c=new RegExp(\"^https?:$\",\"i\"),i=0;i<o.length;i++)o[i].style.display=\"none\";for(i=0;i<a.length;i++)s=a[i],e.source===s.contentWindow&&(s.removeAttribute(\"style\"),\"height\"===t.message?(1e3<(r=parseInt(t.value,10))?r=1e3:~~r<200&&(r=200),s.height=r):\"link\"===t.message&&(r=new URL(s.getAttribute(\"src\")),n=new URL(t.value),c.test(n.protocol))&&n.host===r.host&&l.activeElement===s&&(d.top.location.href=t.value))}},d.addEventListener(\"message\",d.wp.receiveEmbedMessage,!1),l.addEventListener(\"DOMContentLoaded\",function(){for(var e,t,s=l.querySelectorAll(\"iframe.wp-embedded-content\"),r=0;r<s.length;r++)(t=(e=s[r]).getAttribute(\"data-secret\"))||(t=Math.random().toString(36).substring(2,12),e.src+=\"#?secret=\"+t,e.setAttribute(\"data-secret\",t)),e.contentWindow.postMessage({message:\"ready\",secret:t},\"*\")},!1)))}(window,document);\n\/\/# sourceURL=https:\/\/quechilero.com\/blog\/wp-includes\/js\/wp-embed.min.js\n<\/script>\n"},"jetpack_publicize_connections":[],"jetpack_shortlink":"https:\/\/wp.me\/pDKli-Ql","jetpack_sharing_enabled":true,"jetpack-related-posts":[{"id":5235,"url":"https:\/\/quechilero.com\/blog\/2010\/08\/11\/maraton-de-blogs-mira-pue-2\/","url_meta":{"origin":3245,"position":0},"title":"Marat\u00f3n de Blogs: Mir\u00e1 Pu\u00e9&#8230;","author":"Pepe Barrascout Ortiz","date":"11 agosto 2010","format":false,"excerpt":"Andre\u00edta, la autora de Mir\u00e1 Pu\u00e9... es una antig\u00fce\u00f1a, que entre sus m\u00faltiples ocupaciones, principalmente relacionadas con la universidad, a\u00fan le queda el tiempo suficiente, para ir colocando en su bit\u00e1cora, textos que invaden su pensamiento y que la hacen ser como es, activa y muy din\u00e1mica. Mir\u00e1 Pu\u00e9... tal\u2026","rel":"","context":"En \u00abBlogs de Guatemala\u00bb","block_context":{"text":"Blogs de Guatemala","link":"https:\/\/quechilero.com\/blog\/category\/blogs-de-guatemala\/"},"img":{"alt_text":"","src":"https:\/\/i0.wp.com\/i392.photobucket.com\/albums\/pp7\/pepejaguar\/maraton\/mirapue.png?resize=350%2C200","width":350,"height":200,"srcset":"https:\/\/i0.wp.com\/i392.photobucket.com\/albums\/pp7\/pepejaguar\/maraton\/mirapue.png?resize=350%2C200 1x, https:\/\/i0.wp.com\/i392.photobucket.com\/albums\/pp7\/pepejaguar\/maraton\/mirapue.png?resize=525%2C300 1.5x"},"classes":[]},{"id":3651,"url":"https:\/\/quechilero.com\/blog\/2009\/09\/10\/premios-de-la-maraton-de-blogs-2009\/","url_meta":{"origin":3245,"position":1},"title":"Premios de la Marat\u00f3n de Blogs 2009","author":"Pepe Barrascout Ortiz","date":"10 septiembre 2009","format":false,"excerpt":"Como parte de las actividades que se realizaron en la Marat\u00f3n de Blogs 2009, en esta ocasi\u00f3n ofrec\u00ed dos nombres de dominio para los blogs que mas votos alcanzara, a trav\u00e9s de los comentarios que se publicaron junto al listado de participantes para el 2009. El otro dominio es para\u2026","rel":"","context":"En \u00abBlogs de Guatemala\u00bb","block_context":{"text":"Blogs de Guatemala","link":"https:\/\/quechilero.com\/blog\/category\/blogs-de-guatemala\/"},"img":{"alt_text":"Marat\u00f3n de Blogs 2009","src":"https:\/\/i0.wp.com\/i392.photobucket.com\/albums\/pp7\/pepejaguar\/maraton2009\/maraton2009.jpg?resize=350%2C200","width":350,"height":200,"srcset":"https:\/\/i0.wp.com\/i392.photobucket.com\/albums\/pp7\/pepejaguar\/maraton2009\/maraton2009.jpg?resize=350%2C200 1x, https:\/\/i0.wp.com\/i392.photobucket.com\/albums\/pp7\/pepejaguar\/maraton2009\/maraton2009.jpg?resize=525%2C300 1.5x"},"classes":[]},{"id":5635,"url":"https:\/\/quechilero.com\/blog\/2010\/09\/10\/premios-del-maraton-de-blogs-2010\/","url_meta":{"origin":3245,"position":2},"title":"Premios del Marat\u00f3n de Blogs 2010","author":"Pepe Barrascout Ortiz","date":"10 septiembre 2010","format":false,"excerpt":"Una parte complementaria del Marat\u00f3n de Blogs 2010, es la premiaci\u00f3n que se realiza a los blogs, que durante el per\u00edodo que dura el Marat\u00f3n, se muestran mas activos y\u00a0participativos. Es una forma de reconocer y motivar el trabajo de sus autores, para que con nuevo \u00e1nimo, sigan publicando tan\u2026","rel":"","context":"En \u00abBlogs de Guatemala\u00bb","block_context":{"text":"Blogs de Guatemala","link":"https:\/\/quechilero.com\/blog\/category\/blogs-de-guatemala\/"},"img":{"alt_text":"","src":"https:\/\/i0.wp.com\/i392.photobucket.com\/albums\/pp7\/pepejaguar\/maraton\/maraton468x602010.jpg?resize=350%2C200","width":350,"height":200},"classes":[]},{"id":3163,"url":"https:\/\/quechilero.com\/blog\/2009\/07\/31\/maraton-de-blogs-2009\/","url_meta":{"origin":3245,"position":3},"title":"Marat\u00f3n de Blogs 2009","author":"Pepe Barrascout Ortiz","date":"31 julio 2009","format":false,"excerpt":"En el a\u00f1o 2006, inici\u00f3 la Marat\u00f3n de Blogs, este a\u00f1o en su cuarta edici\u00f3n sigue evolucionando la tradici\u00f3n. El objetivo principal es la difusi\u00f3n de los blogs, aunado a las actividades promovidas por el \u201cBlog Day\". Haciendo una peque\u00f1a recopilaci\u00f3n y remembranza de los tres a\u00f1os anteriores: 2006, iniciamos\u2026","rel":"","context":"En \u00abBlogs de Guatemala\u00bb","block_context":{"text":"Blogs de Guatemala","link":"https:\/\/quechilero.com\/blog\/category\/blogs-de-guatemala\/"},"img":{"alt_text":"Marat\u00f3n de Blogs 2009","src":"https:\/\/i0.wp.com\/i392.photobucket.com\/albums\/pp7\/pepejaguar\/maraton2009\/maraton2009.jpg?resize=350%2C200","width":350,"height":200,"srcset":"https:\/\/i0.wp.com\/i392.photobucket.com\/albums\/pp7\/pepejaguar\/maraton2009\/maraton2009.jpg?resize=350%2C200 1x, https:\/\/i0.wp.com\/i392.photobucket.com\/albums\/pp7\/pepejaguar\/maraton2009\/maraton2009.jpg?resize=525%2C300 1.5x"},"classes":[]},{"id":5389,"url":"https:\/\/quechilero.com\/blog\/2010\/08\/28\/maraton-de-blogs-el-chiltepe-2\/","url_meta":{"origin":3245,"position":4},"title":"Marat\u00f3n de Blogs: El Chiltepe","author":"Pepe Barrascout Ortiz","date":"28 agosto 2010","format":false,"excerpt":"El Chiltepe, es uno de los blogs cl\u00e1sicos dentro del Marat\u00f3n de Blogs. Es dirigido por una gran artista guatemalteca, Alejandra Barahona, ahora El Chiltepe ha incluido a un grupo de colaboradores que con sus aportes, enriquecen las publicaciones. De tal suerte, podemos ver textos de Chinitas Yon, Hopeazul y\u2026","rel":"","context":"En \u00abBlogs de Guatemala\u00bb","block_context":{"text":"Blogs de Guatemala","link":"https:\/\/quechilero.com\/blog\/category\/blogs-de-guatemala\/"},"img":{"alt_text":"","src":"https:\/\/i0.wp.com\/i392.photobucket.com\/albums\/pp7\/pepejaguar\/maraton\/elchiltepe.png?resize=350%2C200","width":350,"height":200,"srcset":"https:\/\/i0.wp.com\/i392.photobucket.com\/albums\/pp7\/pepejaguar\/maraton\/elchiltepe.png?resize=350%2C200 1x, https:\/\/i0.wp.com\/i392.photobucket.com\/albums\/pp7\/pepejaguar\/maraton\/elchiltepe.png?resize=525%2C300 1.5x"},"classes":[]},{"id":5166,"url":"https:\/\/quechilero.com\/blog\/2010\/07\/31\/maraton-de-blogs-2010-listado\/","url_meta":{"origin":3245,"position":5},"title":"Marat\u00f3n de Blogs 2010","author":"Pepe Barrascout Ortiz","date":"31 julio 2010","format":false,"excerpt":"El 2010, es el quinto a\u00f1o consecutivo, en el que se realiza el Marat\u00f3n de Blogs, cuyo principal objetivo es la difusi\u00f3n de los blogs, como parte de las celebraciones del\u00a0\u201cBlog Day\u201c. Cada a\u00f1o, se han ido implementando y mejorando, nuevas mec\u00e1nicas y actividades, para lograr el objetivo de promover\u2026","rel":"","context":"En \u00abBlogs de Guatemala\u00bb","block_context":{"text":"Blogs de Guatemala","link":"https:\/\/quechilero.com\/blog\/category\/blogs-de-guatemala\/"},"img":{"alt_text":"","src":"https:\/\/i0.wp.com\/i392.photobucket.com\/albums\/pp7\/pepejaguar\/maraton\/maraton468x602010.jpg?resize=350%2C200","width":350,"height":200},"classes":[]}],"jetpack_featured_media_url":"","_links":{"self":[{"href":"https:\/\/quechilero.com\/blog\/wp-json\/wp\/v2\/posts\/3245","targetHints":{"allow":["GET"]}}],"collection":[{"href":"https:\/\/quechilero.com\/blog\/wp-json\/wp\/v2\/posts"}],"about":[{"href":"https:\/\/quechilero.com\/blog\/wp-json\/wp\/v2\/types\/post"}],"author":[{"embeddable":true,"href":"https:\/\/quechilero.com\/blog\/wp-json\/wp\/v2\/users\/1"}],"replies":[{"embeddable":true,"href":"https:\/\/quechilero.com\/blog\/wp-json\/wp\/v2\/comments?post=3245"}],"version-history":[{"count":0,"href":"https:\/\/quechilero.com\/blog\/wp-json\/wp\/v2\/posts\/3245\/revisions"}],"wp:attachment":[{"href":"https:\/\/quechilero.com\/blog\/wp-json\/wp\/v2\/media?parent=3245"}],"wp:term":[{"taxonomy":"category","embeddable":true,"href":"https:\/\/quechilero.com\/blog\/wp-json\/wp\/v2\/categories?post=3245"},{"taxonomy":"post_tag","embeddable":true,"href":"https:\/\/quechilero.com\/blog\/wp-json\/wp\/v2\/tags?post=3245"},{"taxonomy":"series","embeddable":true,"href":"https:\/\/quechilero.com\/blog\/wp-json\/wp\/v2\/series?post=3245"}],"curies":[{"name":"wp","href":"https:\/\/api.w.org\/{rel}","templated":true}]}}