{"id":3241,"date":"2009-08-08T08:00:50","date_gmt":"2009-08-08T14:00:50","guid":{"rendered":"http:\/\/quechilero.com\/blog\/?p=3241"},"modified":"2009-08-08T08:00:50","modified_gmt":"2009-08-08T14:00:50","slug":"maraton-de-blogs-el-zacapaneco","status":"publish","type":"post","link":"https:\/\/quechilero.com\/blog\/2009\/08\/08\/maraton-de-blogs-el-zacapaneco\/","title":{"rendered":"Marat\u00f3n de Blogs: El Zacapaneco"},"content":{"rendered":"<p><img data-recalc-dims=\"1\" decoding=\"async\" class=\"alignnone\" src=\"https:\/\/i0.wp.com\/i392.photobucket.com\/albums\/pp7\/pepejaguar\/maraton2009\/elzacapaneco.jpg?w=1200\" alt=\"\" \/><\/p>\n<p>En Guatemala, son pocos los blogs de <em>tipo comercial<\/em>, sin embargo <a title=\"Marat\u00f3n de Blogs 2009\" href=\"http:\/\/elzacapaneco.com\" target=\"_blank\"><strong>El Zacapaneco<\/strong><\/a> ha destacado por varias cosas, que le dan un m\u00e9rito y popularidad que pocos han logrado alcanzar.<\/p>\n<p><a title=\"Marat\u00f3n de Blogs 2009\" href=\"http:\/\/elzacapaneco.com\/\" target=\"_blank\"><strong>El Zacapaneco<\/strong><\/a> destaca como blog comercial, como blog producido en el interior del pa\u00eds y como medio de comunicaci\u00f3n alterno. Hasta el momento ha logrado mantener muy bien separado los intereses comerciales y la l\u00ednea editorial, lo que lo lleva a su popularidad.<\/p>\n<p>Una gran popularidad sobre todo en uno de los departamentos de Guatemala que no destaca por su abundancia econ\u00f3mica y por la gran cantidad de habitantes y con tan pocos con acceso a internet, <a title=\"Marat\u00f3n de Blogs 2009\" href=\"http:\/\/elzacapaneco.com\/\" target=\"_blank\"><strong>El Zacapaneco<\/strong><\/a> ha apostado por llevar informaci\u00f3n regional, especialmente dirigida a aquellos guatemaltecos originarios de Zacapa, que por alguna raz\u00f3n han emigrado a otros departamentos, principalmente a <em>Ciudad Guatemala<\/em> y a la gran comunidad que se encuentra en Estados Unidos.<\/p>\n<p><!--more-->De tal suerte <a title=\"Marat\u00f3n de Blogs 2009\" href=\"http:\/\/elzacapaneco.com\/\" target=\"_blank\"><strong>El Zacapaneco<\/strong><\/a> se convierte en un <em>medio de comunicaci\u00f3n alternativo<\/em>, que llena el espacio que los <em>medios tradicionales<\/em> no quieren o no pueden llenar. Como una mezcla de <em>peri\u00f3dico de pueblo, blog y tabl\u00f3n de avisos<\/em>, <a title=\"Marat\u00f3n de Blogs 2009\" href=\"http:\/\/elzacapaneco.com\/\" target=\"_blank\"><strong>El Zacapaneco<\/strong><\/a> presenta a sus lectores, el acontecer diario de lo que sucede, al principio solo en el municipio de Zacapa y ahora en todos los municipios del departamento de Zacapa.<\/p>\n<p>No es raro encontrar entre sus publicaciones, los reportes policiacos, \u00edndices de criminalidad, junto a las <em>buenas noticias<\/em> que tambi\u00e9n suceden en el departamento, como las <em>Olimpiadas cient\u00edficas<\/em> o <em>conciertos y bailes<\/em> que forman parte del acontencer diario de la regi\u00f3n.<\/p>\n<p>Afortunadamente, se ha logrado mantener separado del ambiente pol\u00edtico y las noticias son presentadas con objetividad que en la mayor\u00eda de las veces son ampliamente ilustradas con extensas galer\u00edas de fotos, que por cierto, en lo personal, me gustar\u00eda que esta parte estuviera mejor planteada, para poder aprovechar mejor el recurso.<\/p>\n<p>En este momento resulta muy inc\u00f3modo cargar una p\u00e1gina con setenta u ochenta fotos de alta resoluci\u00f3n, tard\u00e1ndose diez o mas minutos en cargarse, con el temor de que la conexi\u00f3n se corte y no cargue todas las im\u00e1genes. Ser\u00e1 cuest\u00edon de los organizadores del sitio, el estudiar esta parte y usar una opci\u00f3n, de las tantas que hay, que mejoren la experiencia del usuario al ver la galer\u00eda de fotos.<\/p>\n<p>Los invito a que visiten <a title=\"Marat\u00f3n de Blogs 2009\" href=\"http:\/\/elzacapaneco.com\/\" target=\"_blank\"><strong>El Zacapaneco<\/strong><\/a> y se enteren del acontecer diario de esta regi\u00f3n olvidad por <em>muchos<\/em>, pero recordada por quienes de verdad la valoran.<\/p>\n<p>En el enlace, puedes encontrar el <a title=\"Marat\u00f3n de Blogs 2009\" href=\"http:\/\/blogsdeguatemala.com\/blog:13\" target=\"_blank\">listado de art\u00edculos publicados<\/a> a la fecha.<\/p>\n<p>Lee mas rese\u00f1as del <a title=\"Marat\u00f3n de Blogs 2009\" href=\"http:\/\/quechilero.com\/blog\/2009\/07\/31\/maraton-de-blogs-2009\/\"><strong>Marat\u00f3n de Blogs 2009<\/strong><\/a>.<\/p>\n<p><a href=\"http:\/\/quechilero.com\/blog\/2009\/07\/31\/maraton-de-blogs-2009\/\"><img data-recalc-dims=\"1\" loading=\"lazy\" decoding=\"async\" class=\"alignnone\" style=\"border: 0pt none;\" src=\"https:\/\/i0.wp.com\/i392.photobucket.com\/albums\/pp7\/pepejaguar\/maraton2009\/maraton2009.jpg?resize=550%2C95\" alt=\"Marat\u00f3n de Blogs 2009\" width=\"550\" height=\"95\" \/><\/a><\/p>\n","protected":false},"excerpt":{"rendered":"<p>En Guatemala, son pocos los blogs de tipo comercial, sin embargo El Zacapaneco ha destacado por varias cosas, que le dan un m\u00e9rito y popularidad que pocos han logrado alcanzar. El Zacapaneco destaca como blog comercial, como blog producido en el interior del pa\u00eds y como medio de comunicaci\u00f3n alterno. Hasta el momento ha logrado &#8230; <a title=\"Marat\u00f3n de Blogs: El Zacapaneco\" class=\"read-more\" href=\"https:\/\/quechilero.com\/blog\/2009\/08\/08\/maraton-de-blogs-el-zacapaneco\/\" aria-label=\"Leer m\u00e1s sobre Marat\u00f3n de Blogs: El Zacapaneco\">Leer m\u00e1s<\/a><\/p>\n","protected":false},"author":1,"featured_media":0,"comment_status":"open","ping_status":"open","sticky":false,"template":"","format":"standard","meta":{"advanced_seo_description":"","jetpack_seo_html_title":"","jetpack_seo_noindex":false,"jetpack_seo_schema_type":"","episode_type":"","audio_file":"","podmotor_file_id":"","podmotor_episode_id":"","cover_image":"","cover_image_id":"","duration":"","filesize":"","filesize_raw":"","date_recorded":"","explicit":"","block":"","_jetpack_newsletter_access":"","_jetpack_dont_email_post_to_subs":false,"_jetpack_newsletter_tier_id":0,"_jetpack_memberships_contains_paywalled_content":false,"_jetpack_feature_clip_id":0,"_jetpack_memberships_contains_paid_content":false,"footnotes":"","jetpack_publicize_message":"","jetpack_publicize_feature_enabled":true,"jetpack_social_post_already_shared":false,"jetpack_social_options":{"image_generator_settings":{"template":"highway","default_image_id":0,"font":"","enabled":false},"version":2},"jetpack_post_was_ever_published":false},"categories":[61],"tags":[4,12,51,32,10,27,62,34,41,24],"series":[],"class_list":["post-3241","post","type-post","status-publish","format-standard","hentry","category-blogs-de-guatemala","tag-blog","tag-cosas","tag-dios","tag-especial","tag-guatemala","tag-internet","tag-maraton","tag-solucion","tag-verdad","tag-vida"],"episode_featured_image":false,"episode_player_image":"https:\/\/i0.wp.com\/quechilero.com\/blog\/imagenes\/podcast.png?fit=1831%2C1831&ssl=1","download_link":"","player_link":"","audio_player":false,"episode_data":{"playerMode":"dark","subscribeUrls":{"amazon":{"key":"amazon","url":"","label":"Amazon","class":"amazon","icon":"amazon.png"},"apple_podcasts":{"key":"apple_podcasts","url":"","label":"Apple Podcasts","class":"apple_podcasts","icon":"apple-podcasts.png"},"castbox":{"key":"castbox","url":"","label":"CastBox","class":"castbox","icon":"castbox.png"},"deezer":{"key":"deezer","url":"","label":"Deezer","class":"deezer","icon":"deezer.png"},"google_podcasts":{"key":"google_podcasts","url":"","label":"Google Podcasts","class":"google_podcasts","icon":"google-podcasts.png"},"listen_notes":{"key":"listen_notes","url":"","label":"Listen Notes","class":"listen_notes","icon":"listen-notes.png"},"pandora":{"key":"pandora","url":"","label":"Pandora","class":"pandora","icon":"pandora.png"},"podbean":{"key":"podbean","url":"","label":"Podbean","class":"podbean","icon":"podbean.png"},"podcast_republic":{"key":"podcast_republic","url":"","label":"Podcast Republic","class":"podcast_republic","icon":"podcast-republic.png"},"rss":{"key":"rss","url":"","label":"RSS","class":"rss","icon":"rss.png"},"spotify":{"key":"spotify","url":"","label":"Spotify","class":"spotify","icon":"spotify.png"},"stitcher":{"key":"stitcher","url":"","label":"Stitcher","class":"stitcher","icon":"stitcher.png"},"tunein":{"key":"tunein","url":"","label":"TuneIn","class":"tunein","icon":"tunein.png"},"youtube":{"key":"youtube","url":"","label":"YouTube","class":"youtube","icon":"youtube.png"},"iheartradio":{"key":"iheartradio","url":"","label":"iHeartRadio","class":"iheartradio","icon":"iheartradio.png"},"ivoox":{"key":"ivoox","url":"","label":"iVoox","class":"ivoox","icon":"ivoox.png"}},"rssFeedUrl":"https:\/\/quechilero.com\/blog\/feed\/podcast\/si-la-vida-nos-da-limones","embedCode":"<blockquote class=\"wp-embedded-content\" data-secret=\"3Wr7HPxZOE\"><a href=\"https:\/\/quechilero.com\/blog\/2009\/08\/08\/maraton-de-blogs-el-zacapaneco\/\">Marat\u00f3n de Blogs: El Zacapaneco<\/a><\/blockquote><iframe sandbox=\"allow-scripts\" security=\"restricted\" src=\"https:\/\/quechilero.com\/blog\/2009\/08\/08\/maraton-de-blogs-el-zacapaneco\/embed\/#?secret=3Wr7HPxZOE\" width=\"500\" height=\"350\" title=\"\u00abMarat\u00f3n de Blogs: El Zacapaneco\u00bb \u2014 Si la Vida nos da Limones...\" data-secret=\"3Wr7HPxZOE\" frameborder=\"0\" marginwidth=\"0\" marginheight=\"0\" scrolling=\"no\" class=\"wp-embedded-content\"><\/iframe><script>\n\/*! This file is auto-generated *\/\n!function(d,l){\"use strict\";l.querySelector&&d.addEventListener&&\"undefined\"!=typeof URL&&(d.wp=d.wp||{},d.wp.receiveEmbedMessage||(d.wp.receiveEmbedMessage=function(e){var t=e.data;if((t||t.secret||t.message||t.value)&&!\/[^a-zA-Z0-9]\/.test(t.secret)){for(var s,r,n,a=l.querySelectorAll('iframe[data-secret=\"'+t.secret+'\"]'),o=l.querySelectorAll('blockquote[data-secret=\"'+t.secret+'\"]'),c=new RegExp(\"^https?:$\",\"i\"),i=0;i<o.length;i++)o[i].style.display=\"none\";for(i=0;i<a.length;i++)s=a[i],e.source===s.contentWindow&&(s.removeAttribute(\"style\"),\"height\"===t.message?(1e3<(r=parseInt(t.value,10))?r=1e3:~~r<200&&(r=200),s.height=r):\"link\"===t.message&&(r=new URL(s.getAttribute(\"src\")),n=new URL(t.value),c.test(n.protocol))&&n.host===r.host&&l.activeElement===s&&(d.top.location.href=t.value))}},d.addEventListener(\"message\",d.wp.receiveEmbedMessage,!1),l.addEventListener(\"DOMContentLoaded\",function(){for(var e,t,s=l.querySelectorAll(\"iframe.wp-embedded-content\"),r=0;r<s.length;r++)(t=(e=s[r]).getAttribute(\"data-secret\"))||(t=Math.random().toString(36).substring(2,12),e.src+=\"#?secret=\"+t,e.setAttribute(\"data-secret\",t)),e.contentWindow.postMessage({message:\"ready\",secret:t},\"*\")},!1)))}(window,document);\n\/\/# sourceURL=https:\/\/quechilero.com\/blog\/wp-includes\/js\/wp-embed.min.js\n<\/script>\n"},"jetpack_publicize_connections":[],"jetpack_shortlink":"https:\/\/wp.me\/pDKli-Qh","jetpack_sharing_enabled":true,"jetpack-related-posts":[{"id":2312,"url":"https:\/\/quechilero.com\/blog\/2009\/01\/16\/blogs-de-guatemala-los-50-temas-mas-buscados-en-el-2008\/","url_meta":{"origin":3241,"position":0},"title":"Blogs de Guatemala: los 50 temas mas buscados en el 2008","author":"Pepe Barrascout Ortiz","date":"16 enero 2009","format":false,"excerpt":"Durante el 2008, los lectores de los Blogs de Guatemala se han interesado en muchos temas y han realizado un poco mas de 16 millones de b\u00fasquedas, a lo largo del a\u00f1o, utilizando para ello la caja de b\u00fasqueda que se encuentra a disposici\u00f3n de los usuarios. Hay una secci\u00f3n,\u2026","rel":"","context":"En \u00abBlogs de Guatemala\u00bb","block_context":{"text":"Blogs de Guatemala","link":"https:\/\/quechilero.com\/blog\/category\/blogs-de-guatemala\/"},"img":{"alt_text":"","src":"","width":0,"height":0},"classes":[]},{"id":2298,"url":"https:\/\/quechilero.com\/blog\/2009\/01\/12\/blogs-de-guatemala-los-50-articulos-mas-leidos-en-el-2008\/","url_meta":{"origin":3241,"position":1},"title":"Blogs de Guatemala: los 50 art\u00edculos mas le\u00eddos en el 2008","author":"Pepe Barrascout Ortiz","date":"12 enero 2009","format":false,"excerpt":"A lo largo del a\u00f1o 2008, los blogs que forman parte de www.blogsdeguatemala.com, publicaron varios miles de art\u00edculos, llegando casi a los doscientos mil, solo el a\u00f1o pasado. De esta cantidad de producci\u00f3n escrita generada por guatemaltecos, a continuaci\u00f3n les presento los 50 art\u00edculos mas le\u00eddos, durante el a\u00f1o 2008.\u2026","rel":"","context":"En \u00abBlogs de Guatemala\u00bb","block_context":{"text":"Blogs de Guatemala","link":"https:\/\/quechilero.com\/blog\/category\/blogs-de-guatemala\/"},"img":{"alt_text":"","src":"","width":0,"height":0},"classes":[]},{"id":4173,"url":"https:\/\/quechilero.com\/blog\/2010\/01\/16\/blogs-de-guatemala-los-50-temas-mas-buscados-en-el-2009\/","url_meta":{"origin":3241,"position":2},"title":"Blogs de Guatemala: los 50 temas mas buscados en el 2009","author":"Pepe Barrascout Ortiz","date":"16 enero 2010","format":false,"excerpt":"Durante el 2009, los lectores de los Blogs de Guatemala se han interesado en muchos temas y han realizado un poco mas de 24 millones de b\u00fasquedas, a lo largo del a\u00f1o, utilizando para ello la caja de b\u00fasqueda que se encuentra a disposici\u00f3n de los usuarios. Hay una secci\u00f3n,\u2026","rel":"","context":"En \u00abBlogs de Guatemala\u00bb","block_context":{"text":"Blogs de Guatemala","link":"https:\/\/quechilero.com\/blog\/category\/blogs-de-guatemala\/"},"img":{"alt_text":"","src":"","width":0,"height":0},"classes":[]},{"id":3163,"url":"https:\/\/quechilero.com\/blog\/2009\/07\/31\/maraton-de-blogs-2009\/","url_meta":{"origin":3241,"position":3},"title":"Marat\u00f3n de Blogs 2009","author":"Pepe Barrascout Ortiz","date":"31 julio 2009","format":false,"excerpt":"En el a\u00f1o 2006, inici\u00f3 la Marat\u00f3n de Blogs, este a\u00f1o en su cuarta edici\u00f3n sigue evolucionando la tradici\u00f3n. El objetivo principal es la difusi\u00f3n de los blogs, aunado a las actividades promovidas por el \u201cBlog Day\". Haciendo una peque\u00f1a recopilaci\u00f3n y remembranza de los tres a\u00f1os anteriores: 2006, iniciamos\u2026","rel":"","context":"En \u00abBlogs de Guatemala\u00bb","block_context":{"text":"Blogs de Guatemala","link":"https:\/\/quechilero.com\/blog\/category\/blogs-de-guatemala\/"},"img":{"alt_text":"Marat\u00f3n de Blogs 2009","src":"https:\/\/i0.wp.com\/i392.photobucket.com\/albums\/pp7\/pepejaguar\/maraton2009\/maraton2009.jpg?resize=350%2C200","width":350,"height":200,"srcset":"https:\/\/i0.wp.com\/i392.photobucket.com\/albums\/pp7\/pepejaguar\/maraton2009\/maraton2009.jpg?resize=350%2C200 1x, https:\/\/i0.wp.com\/i392.photobucket.com\/albums\/pp7\/pepejaguar\/maraton2009\/maraton2009.jpg?resize=525%2C300 1.5x"},"classes":[]},{"id":3247,"url":"https:\/\/quechilero.com\/blog\/2009\/08\/12\/maraton-de-blogs-vistazo-chapin-plus\/","url_meta":{"origin":3241,"position":4},"title":"Marat\u00f3n de Blogs: Vistazo Chap\u00edn Plus","author":"Pepe Barrascout Ortiz","date":"12 agosto 2009","format":false,"excerpt":"Vistazo Chap\u00edn Plus es de los primeros blogs de tipo comercial que actualmente se producen en Guatemala. A pesar de que un proyecto como estos, tiene mas contras que a favor, sobre todo por la falta de visi\u00f3n comercial, que el sistema publicitario actual guatemalteco, tiene sobre los medios en\u2026","rel":"","context":"En \u00abBlogs de Guatemala\u00bb","block_context":{"text":"Blogs de Guatemala","link":"https:\/\/quechilero.com\/blog\/category\/blogs-de-guatemala\/"},"img":{"alt_text":"Marat\u00f3n de Blogs 2009","src":"https:\/\/i0.wp.com\/i392.photobucket.com\/albums\/pp7\/pepejaguar\/maraton2009\/maraton2009.jpg?resize=350%2C200","width":350,"height":200,"srcset":"https:\/\/i0.wp.com\/i392.photobucket.com\/albums\/pp7\/pepejaguar\/maraton2009\/maraton2009.jpg?resize=350%2C200 1x, https:\/\/i0.wp.com\/i392.photobucket.com\/albums\/pp7\/pepejaguar\/maraton2009\/maraton2009.jpg?resize=525%2C300 1.5x"},"classes":[]},{"id":1236,"url":"https:\/\/quechilero.com\/blog\/2008\/08\/16\/blog-dumitraqui\/","url_meta":{"origin":3241,"position":5},"title":"Marat\u00f3n &#8211; Blog Dumitraqui","author":"Pepe Barrascout Ortiz","date":"16 agosto 2008","format":false,"excerpt":"Entre la gran cantidad de Blogs de Guatemala hay uno que destaca por su actividad el Blog Dumitraqui el cual es administrado por Kike, quien es un gran promotor del uso de blogs en nuestro pa\u00eds. Regularmente Kike anda motivando a cuanta persona encuentra, para que publique su propio blog\u2026","rel":"","context":"En \u00abBlogs de Guatemala\u00bb","block_context":{"text":"Blogs de Guatemala","link":"https:\/\/quechilero.com\/blog\/category\/blogs-de-guatemala\/"},"img":{"alt_text":"Blog Dumitraqui","src":"https:\/\/i0.wp.com\/img257.imageshack.us\/img257\/2663\/maratondg9.jpg?resize=350%2C200","width":350,"height":200},"classes":[]}],"jetpack_featured_media_url":"","_links":{"self":[{"href":"https:\/\/quechilero.com\/blog\/wp-json\/wp\/v2\/posts\/3241","targetHints":{"allow":["GET"]}}],"collection":[{"href":"https:\/\/quechilero.com\/blog\/wp-json\/wp\/v2\/posts"}],"about":[{"href":"https:\/\/quechilero.com\/blog\/wp-json\/wp\/v2\/types\/post"}],"author":[{"embeddable":true,"href":"https:\/\/quechilero.com\/blog\/wp-json\/wp\/v2\/users\/1"}],"replies":[{"embeddable":true,"href":"https:\/\/quechilero.com\/blog\/wp-json\/wp\/v2\/comments?post=3241"}],"version-history":[{"count":0,"href":"https:\/\/quechilero.com\/blog\/wp-json\/wp\/v2\/posts\/3241\/revisions"}],"wp:attachment":[{"href":"https:\/\/quechilero.com\/blog\/wp-json\/wp\/v2\/media?parent=3241"}],"wp:term":[{"taxonomy":"category","embeddable":true,"href":"https:\/\/quechilero.com\/blog\/wp-json\/wp\/v2\/categories?post=3241"},{"taxonomy":"post_tag","embeddable":true,"href":"https:\/\/quechilero.com\/blog\/wp-json\/wp\/v2\/tags?post=3241"},{"taxonomy":"series","embeddable":true,"href":"https:\/\/quechilero.com\/blog\/wp-json\/wp\/v2\/series?post=3241"}],"curies":[{"name":"wp","href":"https:\/\/api.w.org\/{rel}","templated":true}]}}