{"id":3231,"date":"2009-08-03T08:00:12","date_gmt":"2009-08-03T14:00:12","guid":{"rendered":"http:\/\/quechilero.com\/blog\/?p=3231"},"modified":"2009-08-03T08:00:12","modified_gmt":"2009-08-03T14:00:12","slug":"maraton-de-blogs-commotio-cordis","status":"publish","type":"post","link":"https:\/\/quechilero.com\/blog\/2009\/08\/03\/maraton-de-blogs-commotio-cordis\/","title":{"rendered":"Marat\u00f3n de Blogs: Commotio Cordis"},"content":{"rendered":"<p><img data-recalc-dims=\"1\" loading=\"lazy\" decoding=\"async\" class=\"alignnone\" src=\"https:\/\/i0.wp.com\/i392.photobucket.com\/albums\/pp7\/pepejaguar\/maraton2009\/comotiocordis.jpg?resize=550%2C175\" alt=\"\" width=\"550\" height=\"175\" \/><\/p>\n<p>Hace poco tiempo relativamente, <a title=\"Marat\u00f3n de Blogs 2009\" href=\"http:\/\/www.garymd.com\/\"><em>Edgar Hern\u00e1ndez Paz<\/em><\/a>, decidi\u00f3 unir el <em>bistur\u00ed<\/em> con la computadora, dando como resultado <a title=\"Marat\u00f3n de Blogs 2009\" href=\"http:\/\/www.garymd.com\/\"><em>GaryMd<\/em><\/a>, su blog personal, definitivamente nada com\u00fan dentro de los Blogs de Guatemala. Es muy dif\u00edcil encontrar que un profesional, que no tiene nada que ver con tecnolog\u00eda, escriba y publique un blog sobre su profesi\u00f3n.<\/p>\n<p>Pero no es solo eso, <em>Edgar<\/em> ha comprado un dominio punto com para el blog, ha contratado un servicio de hosting y ha instalado un <em>wordpress<\/em>, para manifestar sus pensamientos, todo esto mostrado con una plantilla muy bonita, limpia, bien estructurada y que realza lo que en forma regular publica.<\/p>\n<p><!--more--><\/p>\n<p>Sin temor a equivocarme, podr\u00eda decir que <a title=\"Marat\u00f3n de Blogs 2009\" href=\"http:\/\/www.garymd.com\/\"><em>GaryMd<\/em><\/a>, es el primer blog <em>no tecnol\u00f3gico<\/em>, escrito por un <em>no geek<\/em>, que conserva una calidad extraordinaria. Pero fuera de los <em>aspectos t\u00e9cnicos<\/em> del blog y de la individualidad del mismo, lo que mas me gusta, es la forma en la que <em>Edgar<\/em>, toca los distintos temas y es que lo hace de forma amena y para nada complicada, nada de t\u00e9rminos m\u00e9dicos incomprensibles, nada de palabras rebuscadas, nada de complicaciones.<\/p>\n<p>Todas las explicaciones y conocimientos que transmite en el blog, son publicados de forma muy amena y agradable, f\u00e1cil de entender y que motiva sobre todo a reflexionar sobre la salud personal, algo muy importante en estos d\u00edas.<\/p>\n<p><em>Edgar<\/em> es especialista en <a title=\"Marat\u00f3n de Blogs 2009\" href=\"http:\/\/www.garymd.com\/\">Medicina Interna y Cardiolog\u00eda<\/a>, su tiempo lo reparte entre su pr\u00e1ctica privada, el departamento de cuidados intensivos del Hospital San Juan de Dios y su blog. Adem\u00e1s forma parte de la Asociaci\u00f3n Guatemalteca de Cardiolog\u00eda.<\/p>\n<p>Aunque <a title=\"Marat\u00f3n de Blogs 2009\" href=\"http:\/\/www.garymd.com\/\"><em>GaryMd<\/em><\/a>, no es un blog de <em>consultas<\/em>, <em>Edgar<\/em> siempre est\u00e1 dispuesto a aclarar una que otra duda que le puedan hacer, aunque esto definitivamente no sustituye en ning\u00fan momento la visita a un m\u00e9dico, y por el tipo de tem\u00e1tica que se toca en el blog, <em>hay una aclaraci\u00f3n<\/em> en la que se indica que el uso que cada quien le de a la informaci\u00f3n, queda fuera de los l\u00edmites del autor.<\/p>\n<p>Si deseas conocer mas sobre como mejorar tu salud, en especial en lo que al coraz\u00f3n se refiere, te invito a leer y agregar a tus favoritos, el blog <a title=\"Marat\u00f3n de Blogs 2009\" href=\"http:\/\/www.garymd.com\/\"><em>GaryMd<\/em><\/a>.<\/p>\n<p>En el enlace, puedes encontrar el <a title=\"Marat\u00f3n de Blogs 2009\" href=\"http:\/\/blogsdeguatemala.com\/blog:1174\" target=\"_blank\">listado de art\u00edculos publicados<\/a> a la fecha.<\/p>\n<p>Lee mas rese\u00f1as del <a title=\"Marat\u00f3n de Blogs 2009\" href=\"http:\/\/quechilero.com\/blog\/2009\/07\/31\/maraton-de-blogs-2009\/\"><strong>Marat\u00f3n de Blogs 2009<\/strong><\/a>.<\/p>\n<p><a href=\"http:\/\/quechilero.com\/blog\/2009\/07\/31\/maraton-de-blogs-2009\/\"><img data-recalc-dims=\"1\" loading=\"lazy\" decoding=\"async\" class=\"alignnone\" style=\"border: 0pt none;\" src=\"https:\/\/i0.wp.com\/i392.photobucket.com\/albums\/pp7\/pepejaguar\/maraton2009\/maraton2009.jpg?resize=550%2C95\" alt=\"Marat\u00f3n de Blogs 2009\" width=\"550\" height=\"95\" \/><\/a><\/p>\n","protected":false},"excerpt":{"rendered":"<p>Hace poco tiempo relativamente, Edgar Hern\u00e1ndez Paz, decidi\u00f3 unir el bistur\u00ed con la computadora, dando como resultado GaryMd, su blog personal, definitivamente nada com\u00fan dentro de los Blogs de Guatemala. Es muy dif\u00edcil encontrar que un profesional, que no tiene nada que ver con tecnolog\u00eda, escriba y publique un blog sobre su profesi\u00f3n. Pero no &#8230; <a title=\"Marat\u00f3n de Blogs: Commotio Cordis\" class=\"read-more\" href=\"https:\/\/quechilero.com\/blog\/2009\/08\/03\/maraton-de-blogs-commotio-cordis\/\" aria-label=\"Leer m\u00e1s sobre Marat\u00f3n de Blogs: Commotio Cordis\">Leer m\u00e1s<\/a><\/p>\n","protected":false},"author":1,"featured_media":0,"comment_status":"open","ping_status":"open","sticky":false,"template":"","format":"standard","meta":{"advanced_seo_description":"","jetpack_seo_html_title":"","jetpack_seo_noindex":false,"jetpack_seo_schema_type":"","episode_type":"","audio_file":"","podmotor_file_id":"","podmotor_episode_id":"","cover_image":"","cover_image_id":"","duration":"","filesize":"","filesize_raw":"","date_recorded":"","explicit":"","block":"","_jetpack_newsletter_access":"","_jetpack_dont_email_post_to_subs":false,"_jetpack_newsletter_tier_id":0,"_jetpack_memberships_contains_paywalled_content":false,"_jetpack_feature_clip_id":0,"_jetpack_memberships_contains_paid_content":false,"footnotes":"","jetpack_publicize_message":"","jetpack_publicize_feature_enabled":true,"jetpack_social_post_already_shared":false,"jetpack_social_options":{"image_generator_settings":{"template":"highway","default_image_id":0,"font":"","enabled":false},"version":2},"jetpack_post_was_ever_published":false},"categories":[61],"tags":[4,123,51,32,10,62,42,40,55,5,6],"series":[],"class_list":["post-3231","post","type-post","status-publish","format-standard","hentry","category-blogs-de-guatemala","tag-blog","tag-blogs-de-guatemala","tag-dios","tag-especial","tag-guatemala","tag-maraton","tag-palabra","tag-paz","tag-tecnologia","tag-tiempo","tag-wordpress"],"episode_featured_image":false,"episode_player_image":"https:\/\/i0.wp.com\/quechilero.com\/blog\/imagenes\/podcast.png?fit=1831%2C1831&ssl=1","download_link":"","player_link":"","audio_player":false,"episode_data":{"playerMode":"dark","subscribeUrls":{"amazon":{"key":"amazon","url":"","label":"Amazon","class":"amazon","icon":"amazon.png"},"apple_podcasts":{"key":"apple_podcasts","url":"","label":"Apple Podcasts","class":"apple_podcasts","icon":"apple-podcasts.png"},"castbox":{"key":"castbox","url":"","label":"CastBox","class":"castbox","icon":"castbox.png"},"deezer":{"key":"deezer","url":"","label":"Deezer","class":"deezer","icon":"deezer.png"},"google_podcasts":{"key":"google_podcasts","url":"","label":"Google Podcasts","class":"google_podcasts","icon":"google-podcasts.png"},"listen_notes":{"key":"listen_notes","url":"","label":"Listen Notes","class":"listen_notes","icon":"listen-notes.png"},"pandora":{"key":"pandora","url":"","label":"Pandora","class":"pandora","icon":"pandora.png"},"podbean":{"key":"podbean","url":"","label":"Podbean","class":"podbean","icon":"podbean.png"},"podcast_republic":{"key":"podcast_republic","url":"","label":"Podcast Republic","class":"podcast_republic","icon":"podcast-republic.png"},"rss":{"key":"rss","url":"","label":"RSS","class":"rss","icon":"rss.png"},"spotify":{"key":"spotify","url":"","label":"Spotify","class":"spotify","icon":"spotify.png"},"stitcher":{"key":"stitcher","url":"","label":"Stitcher","class":"stitcher","icon":"stitcher.png"},"tunein":{"key":"tunein","url":"","label":"TuneIn","class":"tunein","icon":"tunein.png"},"youtube":{"key":"youtube","url":"","label":"YouTube","class":"youtube","icon":"youtube.png"},"iheartradio":{"key":"iheartradio","url":"","label":"iHeartRadio","class":"iheartradio","icon":"iheartradio.png"},"ivoox":{"key":"ivoox","url":"","label":"iVoox","class":"ivoox","icon":"ivoox.png"}},"rssFeedUrl":"https:\/\/quechilero.com\/blog\/feed\/podcast\/si-la-vida-nos-da-limones","embedCode":"<blockquote class=\"wp-embedded-content\" data-secret=\"ib4oqToCnb\"><a href=\"https:\/\/quechilero.com\/blog\/2009\/08\/03\/maraton-de-blogs-commotio-cordis\/\">Marat\u00f3n de Blogs: Commotio Cordis<\/a><\/blockquote><iframe sandbox=\"allow-scripts\" security=\"restricted\" src=\"https:\/\/quechilero.com\/blog\/2009\/08\/03\/maraton-de-blogs-commotio-cordis\/embed\/#?secret=ib4oqToCnb\" width=\"500\" height=\"350\" title=\"\u00abMarat\u00f3n de Blogs: Commotio Cordis\u00bb \u2014 Si la Vida nos da Limones...\" data-secret=\"ib4oqToCnb\" frameborder=\"0\" marginwidth=\"0\" marginheight=\"0\" scrolling=\"no\" class=\"wp-embedded-content\"><\/iframe><script>\n\/*! This file is auto-generated *\/\n!function(d,l){\"use strict\";l.querySelector&&d.addEventListener&&\"undefined\"!=typeof URL&&(d.wp=d.wp||{},d.wp.receiveEmbedMessage||(d.wp.receiveEmbedMessage=function(e){var t=e.data;if((t||t.secret||t.message||t.value)&&!\/[^a-zA-Z0-9]\/.test(t.secret)){for(var s,r,n,a=l.querySelectorAll('iframe[data-secret=\"'+t.secret+'\"]'),o=l.querySelectorAll('blockquote[data-secret=\"'+t.secret+'\"]'),c=new RegExp(\"^https?:$\",\"i\"),i=0;i<o.length;i++)o[i].style.display=\"none\";for(i=0;i<a.length;i++)s=a[i],e.source===s.contentWindow&&(s.removeAttribute(\"style\"),\"height\"===t.message?(1e3<(r=parseInt(t.value,10))?r=1e3:~~r<200&&(r=200),s.height=r):\"link\"===t.message&&(r=new URL(s.getAttribute(\"src\")),n=new URL(t.value),c.test(n.protocol))&&n.host===r.host&&l.activeElement===s&&(d.top.location.href=t.value))}},d.addEventListener(\"message\",d.wp.receiveEmbedMessage,!1),l.addEventListener(\"DOMContentLoaded\",function(){for(var e,t,s=l.querySelectorAll(\"iframe.wp-embedded-content\"),r=0;r<s.length;r++)(t=(e=s[r]).getAttribute(\"data-secret\"))||(t=Math.random().toString(36).substring(2,12),e.src+=\"#?secret=\"+t,e.setAttribute(\"data-secret\",t)),e.contentWindow.postMessage({message:\"ready\",secret:t},\"*\")},!1)))}(window,document);\n\/\/# sourceURL=https:\/\/quechilero.com\/blog\/wp-includes\/js\/wp-embed.min.js\n<\/script>\n"},"jetpack_publicize_connections":[],"jetpack_shortlink":"https:\/\/wp.me\/pDKli-Q7","jetpack_sharing_enabled":true,"jetpack-related-posts":[{"id":3263,"url":"https:\/\/quechilero.com\/blog\/2009\/08\/21\/maraton-de-blogs-blog-guatemala\/","url_meta":{"origin":3231,"position":0},"title":"Marat\u00f3n de Blogs: Blog Guatemala","author":"Pepe Barrascout Ortiz","date":"21 agosto 2009","format":false,"excerpt":"Con mas de 3 a\u00f1os de actividad (febrero 2006) y de la mano de Hugo M\u00e9ndez, Blog Guatemala se ha dedicado a presentar el lado bonito de nuestro pa\u00eds, los temas de inter\u00e9s no se hacen esperar y d\u00eda a d\u00eda, son muchos los art\u00edculos de fondo que podemos leer\u2026","rel":"","context":"En \u00abBlogs de Guatemala\u00bb","block_context":{"text":"Blogs de Guatemala","link":"https:\/\/quechilero.com\/blog\/category\/blogs-de-guatemala\/"},"img":{"alt_text":"Marat\u00f3n de Blogs 2009","src":"https:\/\/i0.wp.com\/i392.photobucket.com\/albums\/pp7\/pepejaguar\/maraton2009\/maraton2009.jpg?resize=350%2C200","width":350,"height":200,"srcset":"https:\/\/i0.wp.com\/i392.photobucket.com\/albums\/pp7\/pepejaguar\/maraton2009\/maraton2009.jpg?resize=350%2C200 1x, https:\/\/i0.wp.com\/i392.photobucket.com\/albums\/pp7\/pepejaguar\/maraton2009\/maraton2009.jpg?resize=525%2C300 1.5x"},"classes":[]},{"id":617,"url":"https:\/\/quechilero.com\/blog\/2007\/07\/31\/maraton-de-blogs-de-guatemala\/","url_meta":{"origin":3231,"position":1},"title":"Marat\u00f3n de Blogs de Guatemala","author":"Pepe Barrascout Ortiz","date":"31 julio 2007","format":false,"excerpt":"Hace un a\u00f1o aproximadamente, Oscar (DesdeGuate) organiz\u00f3 una Marat\u00f3n de Blogs Guatemaltecos, cuyo objetivo fue el dar a conocer a otros Blogs de Guatemala, impulsar su desarrollo y creaci\u00f3n de nuevos blogs. En esa oportunidad, uno de mis textos \"Ping Pong Matrix\" fue parte de ese marat\u00f3n, cuando mi blog\u2026","rel":"","context":"En \u00abLimones\u00bb","block_context":{"text":"Limones","link":"https:\/\/quechilero.com\/blog\/category\/limones\/"},"img":{"alt_text":"","src":"","width":0,"height":0},"classes":[]},{"id":1236,"url":"https:\/\/quechilero.com\/blog\/2008\/08\/16\/blog-dumitraqui\/","url_meta":{"origin":3231,"position":2},"title":"Marat\u00f3n &#8211; Blog Dumitraqui","author":"Pepe Barrascout Ortiz","date":"16 agosto 2008","format":false,"excerpt":"Entre la gran cantidad de Blogs de Guatemala hay uno que destaca por su actividad el Blog Dumitraqui el cual es administrado por Kike, quien es un gran promotor del uso de blogs en nuestro pa\u00eds. Regularmente Kike anda motivando a cuanta persona encuentra, para que publique su propio blog\u2026","rel":"","context":"En \u00abBlogs de Guatemala\u00bb","block_context":{"text":"Blogs de Guatemala","link":"https:\/\/quechilero.com\/blog\/category\/blogs-de-guatemala\/"},"img":{"alt_text":"Blog Dumitraqui","src":"https:\/\/i0.wp.com\/img257.imageshack.us\/img257\/2663\/maratondg9.jpg?resize=350%2C200","width":350,"height":200},"classes":[]},{"id":639,"url":"https:\/\/quechilero.com\/blog\/2007\/08\/23\/maraton-de-blogs-palacio-de-los-capitanes\/","url_meta":{"origin":3231,"position":3},"title":"Marat\u00f3n de Blogs &#8211; Palacio de los Capitanes","author":"Pepe Barrascout Ortiz","date":"23 agosto 2007","format":false,"excerpt":"Sigue el Marat\u00f3n de Blogs, con este texto publicado originalmente en el blog Mayans in Guatemala, especializado en fotograf\u00edas de alta calidad y muy buena resoluci\u00f3n. Se pueden encontrar im\u00e1genes de los principales puntos tur\u00edsticos del Guatemala, de la arquitectura, de la gente, las costumbres. Sin duda este foto blog\u2026","rel":"","context":"En \u00abLimones\u00bb","block_context":{"text":"Limones","link":"https:\/\/quechilero.com\/blog\/category\/limones\/"},"img":{"alt_text":"","src":"","width":0,"height":0},"classes":[]},{"id":641,"url":"https:\/\/quechilero.com\/blog\/2007\/08\/25\/maraton-de-blogs-panajachel-2\/","url_meta":{"origin":3231,"position":4},"title":"Marat\u00f3n de Blogs &#8211; Panajachel","author":"Pepe Barrascout Ortiz","date":"25 agosto 2007","format":false,"excerpt":"Sigue el Marat\u00f3n de Blogs, con esta fotograf\u00eda publicada originalmente en el blog Panajachel Guatemala, otra postal de uno de los lugares mas emblem\u00e1ticos y m\u00edsticos de Guatemala. \u00bfQuien no se ha sentido atra\u00eddo a tan excelsa manifestaci\u00f3n de Dios por medio de la naturaleza?. Para ti Kiki y por\u2026","rel":"","context":"En \u00abLimones\u00bb","block_context":{"text":"Limones","link":"https:\/\/quechilero.com\/blog\/category\/limones\/"},"img":{"alt_text":"","src":"","width":0,"height":0},"classes":[]},{"id":3247,"url":"https:\/\/quechilero.com\/blog\/2009\/08\/12\/maraton-de-blogs-vistazo-chapin-plus\/","url_meta":{"origin":3231,"position":5},"title":"Marat\u00f3n de Blogs: Vistazo Chap\u00edn Plus","author":"Pepe Barrascout Ortiz","date":"12 agosto 2009","format":false,"excerpt":"Vistazo Chap\u00edn Plus es de los primeros blogs de tipo comercial que actualmente se producen en Guatemala. A pesar de que un proyecto como estos, tiene mas contras que a favor, sobre todo por la falta de visi\u00f3n comercial, que el sistema publicitario actual guatemalteco, tiene sobre los medios en\u2026","rel":"","context":"En \u00abBlogs de Guatemala\u00bb","block_context":{"text":"Blogs de Guatemala","link":"https:\/\/quechilero.com\/blog\/category\/blogs-de-guatemala\/"},"img":{"alt_text":"Marat\u00f3n de Blogs 2009","src":"https:\/\/i0.wp.com\/i392.photobucket.com\/albums\/pp7\/pepejaguar\/maraton2009\/maraton2009.jpg?resize=350%2C200","width":350,"height":200,"srcset":"https:\/\/i0.wp.com\/i392.photobucket.com\/albums\/pp7\/pepejaguar\/maraton2009\/maraton2009.jpg?resize=350%2C200 1x, https:\/\/i0.wp.com\/i392.photobucket.com\/albums\/pp7\/pepejaguar\/maraton2009\/maraton2009.jpg?resize=525%2C300 1.5x"},"classes":[]}],"jetpack_featured_media_url":"","_links":{"self":[{"href":"https:\/\/quechilero.com\/blog\/wp-json\/wp\/v2\/posts\/3231","targetHints":{"allow":["GET"]}}],"collection":[{"href":"https:\/\/quechilero.com\/blog\/wp-json\/wp\/v2\/posts"}],"about":[{"href":"https:\/\/quechilero.com\/blog\/wp-json\/wp\/v2\/types\/post"}],"author":[{"embeddable":true,"href":"https:\/\/quechilero.com\/blog\/wp-json\/wp\/v2\/users\/1"}],"replies":[{"embeddable":true,"href":"https:\/\/quechilero.com\/blog\/wp-json\/wp\/v2\/comments?post=3231"}],"version-history":[{"count":0,"href":"https:\/\/quechilero.com\/blog\/wp-json\/wp\/v2\/posts\/3231\/revisions"}],"wp:attachment":[{"href":"https:\/\/quechilero.com\/blog\/wp-json\/wp\/v2\/media?parent=3231"}],"wp:term":[{"taxonomy":"category","embeddable":true,"href":"https:\/\/quechilero.com\/blog\/wp-json\/wp\/v2\/categories?post=3231"},{"taxonomy":"post_tag","embeddable":true,"href":"https:\/\/quechilero.com\/blog\/wp-json\/wp\/v2\/tags?post=3231"},{"taxonomy":"series","embeddable":true,"href":"https:\/\/quechilero.com\/blog\/wp-json\/wp\/v2\/series?post=3231"}],"curies":[{"name":"wp","href":"https:\/\/api.w.org\/{rel}","templated":true}]}}