{"id":321,"date":"2006-10-26T16:19:00","date_gmt":"2006-10-26T22:19:00","guid":{"rendered":"http:\/\/quechilero.com\/blog\/2006\/10\/26\/antes-de-instalar-firefox-2\/"},"modified":"2006-10-26T16:19:00","modified_gmt":"2006-10-26T22:19:00","slug":"antes-de-instalar-firefox-2","status":"publish","type":"post","link":"https:\/\/quechilero.com\/blog\/2006\/10\/26\/antes-de-instalar-firefox-2\/","title":{"rendered":"Antes de instalar FireFox 2"},"content":{"rendered":"<p>Despu\u00e9s de la <a href=\"http:\/\/quechilero.com\/blog\/2006\/10\/24\/una-mala-y-una-buena-de-firefox-2\/\">decepci\u00f3n que llev\u00e9 cuando instal\u00e9 FireFox 2<\/a> por primera vez, y todo por hacerlo antes de tiempo y no esperar el lanzamiento oficial pens\u00e9 en esperar un rato mas.<\/p>\n<p>As\u00ed como lo dije en su oportunidad, decid\u00ed que mejor iba a esperar el lanzamiento oficial y luego de que empez\u00f3 la descarga masiva a nivel mundial, unas 30 horas despu\u00e9s decid\u00ed que ya no quer\u00eda la versi\u00f3n 1.5.0.7 y me baj\u00e9 la 2.0<\/p>\n<p>Repet\u00ed el proceso de instalaci\u00f3n y <em>\u00ab<a target=\"_blank\" href=\"http:\/\/www.google.com.gt\/search?q=vuelve+la+mula+al+trigo&#038;ie=utf-8&#038;oe=utf-8&#038;rls=org.mozilla:es-AR:official&#038;client=firefox-a\">vuelve la mula al trigo<\/a>\u00ab<\/em>, otra vez los mismos errores: No reconoci\u00f3 los marcadores (no se preocupen ya hab\u00eda hecho la exportaci\u00f3n de los mismos), no reconoci\u00f3 ninguna de mis cuatro \u00fanicas extensiones instaladas y no ten\u00eda ning\u00fan motor de b\u00fasqueda, a pesar de que se supon\u00eda que ya ten\u00eda algunos instalados, mucho menos ten\u00eda los mios.<\/p>\n<p>Bueno pens\u00e9, empecemos importando los marcadores, y resulta que no carg\u00f3 nada, \u00bfcomo es posible?, lo cerr\u00e9 y lo volv\u00ed a abrir en modo seguro con todo deshabilitado, otra vez importar marcadores, nada.<\/p>\n<p>Ala gran&#8230; que onda con el FireFox 2, \u00bfser\u00e1 porque no quiere trabajar sobre windows \ud83d\ude09 ?<\/p>\n<p>Entonces proced\u00ed a desinstalarlo y otra vez a instalar pero en el modo <em>\u00abexperto\u00bb<\/em> y deshabilit\u00e9 las extensiones que trae predeterminadas, por una simple y sencilla raz\u00f3n: no son compatibles para la versi\u00f3n 2 y eso era lo que me fregaba todo.<\/p>\n<p>\u00bfComo es posible?, pens\u00e9, ellos incluyen extensiones que no son compatibles para la versi\u00f3n en la que est\u00e1n, ni siquiera lo son para la versi\u00f3n 1.5.0.7, ya que seg\u00fan indica lo es para la versi\u00f3n 1.5.0.0.<\/p>\n<p>No hay problema, se los perdono, segu\u00ed la instalaci\u00f3n y ya funcion\u00f3, menos el asunto de los marcadores, los cuales no reconoci\u00f3, pero si import\u00f3 los que ten\u00eda en el archivo html que gener\u00f3 la exportaci\u00f3n, asi que todo bien, motores de b\u00fasqueda, bien, ya ten\u00eda los m\u00edos, extensiones, bien, ventanas bien.<\/p>\n<p>As\u00ed que ahora escribo este primer post desde FireFox 2 a mas de 24 horas de haberlo instalado y haber navegado un rato por ah\u00ed y comprobar que todo va bien, por cierto he notado una ligera rapidez en la carga de las p\u00e1ginas.<\/p>\n<p>De hecho las carga mucho mas r\u00e1pido que a como estaba acostumbrado en la versi\u00f3n 1.5.0.7 y definitivamente super r\u00e1pido comparado con Internet Explorer.<\/p>\n<p><a title=\"Descarga FireFox\" target=\"_blank\" href=\"http:\/\/getfirefox.com\">\u00bfYa bajaste el tuyo?<\/a><\/p>\n","protected":false},"excerpt":{"rendered":"<p>Despu\u00e9s de la decepci\u00f3n que llev\u00e9 cuando instal\u00e9 FireFox 2 por primera vez, y todo por hacerlo antes de tiempo y no esperar el lanzamiento oficial pens\u00e9 en esperar un rato mas. As\u00ed como lo dije en su oportunidad, decid\u00ed que mejor iba a esperar el lanzamiento oficial y luego de que empez\u00f3 la descarga &#8230; <a title=\"Antes de instalar FireFox 2\" class=\"read-more\" href=\"https:\/\/quechilero.com\/blog\/2006\/10\/26\/antes-de-instalar-firefox-2\/\" aria-label=\"Leer m\u00e1s sobre Antes de instalar FireFox 2\">Leer m\u00e1s<\/a><\/p>\n","protected":false},"author":1,"featured_media":0,"comment_status":"open","ping_status":"open","sticky":false,"template":"","format":"standard","meta":{"advanced_seo_description":"","jetpack_seo_html_title":"","jetpack_seo_noindex":false,"jetpack_seo_schema_type":"","episode_type":"","audio_file":"","podmotor_file_id":"","podmotor_episode_id":"","cover_image":"","cover_image_id":"","duration":"","filesize":"","filesize_raw":"","date_recorded":"","explicit":"","block":"","_jetpack_newsletter_access":"","_jetpack_dont_email_post_to_subs":false,"_jetpack_newsletter_tier_id":0,"_jetpack_memberships_contains_paywalled_content":false,"_jetpack_feature_clip_id":0,"_jetpack_memberships_contains_paid_content":false,"footnotes":"","jetpack_publicize_message":"","jetpack_publicize_feature_enabled":true,"jetpack_social_post_already_shared":false,"jetpack_social_options":{"image_generator_settings":{"template":"highway","default_image_id":0,"font":"","enabled":false},"version":2},"jetpack_post_was_ever_published":false},"categories":[2],"tags":[4,70,30,31,27,21,5,13],"series":[],"class_list":["post-321","post","type-post","status-publish","format-standard","hentry","category-limones","tag-blog","tag-descarga","tag-error","tag-errores","tag-internet","tag-problema","tag-tiempo","tag-windows"],"episode_featured_image":false,"episode_player_image":"https:\/\/i0.wp.com\/quechilero.com\/blog\/imagenes\/podcast.png?fit=1831%2C1831&ssl=1","download_link":"","player_link":"","audio_player":false,"episode_data":{"playerMode":"dark","subscribeUrls":{"amazon":{"key":"amazon","url":"","label":"Amazon","class":"amazon","icon":"amazon.png"},"apple_podcasts":{"key":"apple_podcasts","url":"","label":"Apple Podcasts","class":"apple_podcasts","icon":"apple-podcasts.png"},"castbox":{"key":"castbox","url":"","label":"CastBox","class":"castbox","icon":"castbox.png"},"deezer":{"key":"deezer","url":"","label":"Deezer","class":"deezer","icon":"deezer.png"},"google_podcasts":{"key":"google_podcasts","url":"","label":"Google Podcasts","class":"google_podcasts","icon":"google-podcasts.png"},"listen_notes":{"key":"listen_notes","url":"","label":"Listen Notes","class":"listen_notes","icon":"listen-notes.png"},"pandora":{"key":"pandora","url":"","label":"Pandora","class":"pandora","icon":"pandora.png"},"podbean":{"key":"podbean","url":"","label":"Podbean","class":"podbean","icon":"podbean.png"},"podcast_republic":{"key":"podcast_republic","url":"","label":"Podcast Republic","class":"podcast_republic","icon":"podcast-republic.png"},"rss":{"key":"rss","url":"","label":"RSS","class":"rss","icon":"rss.png"},"spotify":{"key":"spotify","url":"","label":"Spotify","class":"spotify","icon":"spotify.png"},"stitcher":{"key":"stitcher","url":"","label":"Stitcher","class":"stitcher","icon":"stitcher.png"},"tunein":{"key":"tunein","url":"","label":"TuneIn","class":"tunein","icon":"tunein.png"},"youtube":{"key":"youtube","url":"","label":"YouTube","class":"youtube","icon":"youtube.png"},"iheartradio":{"key":"iheartradio","url":"","label":"iHeartRadio","class":"iheartradio","icon":"iheartradio.png"},"ivoox":{"key":"ivoox","url":"","label":"iVoox","class":"ivoox","icon":"ivoox.png"}},"rssFeedUrl":"https:\/\/quechilero.com\/blog\/feed\/podcast\/si-la-vida-nos-da-limones","embedCode":"<blockquote class=\"wp-embedded-content\" data-secret=\"8WRvR7AO0S\"><a href=\"https:\/\/quechilero.com\/blog\/2006\/10\/26\/antes-de-instalar-firefox-2\/\">Antes de instalar FireFox 2<\/a><\/blockquote><iframe sandbox=\"allow-scripts\" security=\"restricted\" src=\"https:\/\/quechilero.com\/blog\/2006\/10\/26\/antes-de-instalar-firefox-2\/embed\/#?secret=8WRvR7AO0S\" width=\"500\" height=\"350\" title=\"\u00abAntes de instalar FireFox 2\u00bb \u2014 Si la Vida nos da Limones...\" data-secret=\"8WRvR7AO0S\" frameborder=\"0\" marginwidth=\"0\" marginheight=\"0\" scrolling=\"no\" class=\"wp-embedded-content\"><\/iframe><script>\n\/*! This file is auto-generated *\/\n!function(d,l){\"use strict\";l.querySelector&&d.addEventListener&&\"undefined\"!=typeof URL&&(d.wp=d.wp||{},d.wp.receiveEmbedMessage||(d.wp.receiveEmbedMessage=function(e){var t=e.data;if((t||t.secret||t.message||t.value)&&!\/[^a-zA-Z0-9]\/.test(t.secret)){for(var s,r,n,a=l.querySelectorAll('iframe[data-secret=\"'+t.secret+'\"]'),o=l.querySelectorAll('blockquote[data-secret=\"'+t.secret+'\"]'),c=new RegExp(\"^https?:$\",\"i\"),i=0;i<o.length;i++)o[i].style.display=\"none\";for(i=0;i<a.length;i++)s=a[i],e.source===s.contentWindow&&(s.removeAttribute(\"style\"),\"height\"===t.message?(1e3<(r=parseInt(t.value,10))?r=1e3:~~r<200&&(r=200),s.height=r):\"link\"===t.message&&(r=new URL(s.getAttribute(\"src\")),n=new URL(t.value),c.test(n.protocol))&&n.host===r.host&&l.activeElement===s&&(d.top.location.href=t.value))}},d.addEventListener(\"message\",d.wp.receiveEmbedMessage,!1),l.addEventListener(\"DOMContentLoaded\",function(){for(var e,t,s=l.querySelectorAll(\"iframe.wp-embedded-content\"),r=0;r<s.length;r++)(t=(e=s[r]).getAttribute(\"data-secret\"))||(t=Math.random().toString(36).substring(2,12),e.src+=\"#?secret=\"+t,e.setAttribute(\"data-secret\",t)),e.contentWindow.postMessage({message:\"ready\",secret:t},\"*\")},!1)))}(window,document);\n\/\/# sourceURL=https:\/\/quechilero.com\/blog\/wp-includes\/js\/wp-embed.min.js\n<\/script>\n"},"jetpack_publicize_connections":[],"jetpack_shortlink":"https:\/\/wp.me\/pDKli-5b","jetpack_sharing_enabled":true,"jetpack-related-posts":[{"id":317,"url":"https:\/\/quechilero.com\/blog\/2006\/10\/24\/una-mala-y-una-buena-de-firefox-2\/","url_meta":{"origin":321,"position":0},"title":"Una mala y una buena de Firefox 2","author":"Pepe Barrascout Ortiz","date":"24 octubre 2006","format":false,"excerpt":"Desde hace unos d\u00edas he estado siguiendo los avances que han tenido las diferentes RC1, luego RC2 y finalmente la RC3 de FireFox 2, sin embargo decid\u00ed no instalar ninguno de estos candidatos hasta que no saliera la versi\u00f3n definitiva. Posteriormente se anunci\u00f3 para hace algunas semanas que ya estar\u00eda\u2026","rel":"","context":"En \u00abLimones\u00bb","block_context":{"text":"Limones","link":"https:\/\/quechilero.com\/blog\/category\/limones\/"},"img":{"alt_text":"","src":"","width":0,"height":0},"classes":[]},{"id":472,"url":"https:\/\/quechilero.com\/blog\/2007\/02\/26\/aventrua-linux-dia-2\/","url_meta":{"origin":321,"position":1},"title":"Aventrua Linux. D\u00eda 2","author":"Pepe Barrascout Ortiz","date":"26 febrero 2007","format":false,"excerpt":"Al finalizar el primer d\u00eda de uso de Linux y de estar dando \"vueltas\" en las opciones que tiene de configuraci\u00f3n, me decido a empezar a trabajar ya de lleno y de forma normal. Firefox, no encuentro el navegador FireFox por ning\u00fan lado, definitivamente no est\u00e1 instalado y en el\u2026","rel":"","context":"En \u00abLimones\u00bb","block_context":{"text":"Limones","link":"https:\/\/quechilero.com\/blog\/category\/limones\/"},"img":{"alt_text":"","src":"","width":0,"height":0},"classes":[]},{"id":100,"url":"https:\/\/quechilero.com\/blog\/2006\/08\/01\/firefox-200000000\/","url_meta":{"origin":321,"position":2},"title":"FireFox &#8211; 200,000,000","author":"Pepe Barrascout Ortiz","date":"1 agosto 2006","format":false,"excerpt":"Parece que ese es el n\u00famero de moda en estos d\u00edas, anteayer coment\u00e1bamos que Flickr el sevicio de hospedaje de im\u00e1genes hab\u00eda llegado a la im\u00e1gen 200,000,000, ahora desde Spread Firefox informan que ayer se alcanz\u00f3 este n\u00famero en las descargas del cada vez m\u00e1s popular navegador. Sin embargo como\u2026","rel":"","context":"En \u00abLimones\u00bb","block_context":{"text":"Limones","link":"https:\/\/quechilero.com\/blog\/category\/limones\/"},"img":{"alt_text":"Firefox 200 millones","src":"https:\/\/i0.wp.com\/static.flickr.com\/76\/203896780_981d5072ed.jpg?resize=350%2C200","width":350,"height":200},"classes":[]},{"id":73,"url":"https:\/\/quechilero.com\/blog\/2006\/07\/29\/actualizacion-de-firefox\/","url_meta":{"origin":321,"position":3},"title":"Actualizaci\u00f3n de Firefox","author":"Pepe Barrascout Ortiz","date":"29 julio 2006","format":false,"excerpt":"Firefox, reci\u00e9n ha sacado la actualizaci\u00f3n 1.5.0.5 en la cual, seg\u00fan el sitio de fixes (Known Vulnerabilities in Mozilla Products), han arreglado 12 deficiencias que ten\u00eda la versi\u00f3n 1.5.0.4 con estas llega a 56 desde que sali\u00f3 la versi\u00f3n 1.0, por mucho sigue siendo menos que las que podemos encontrar\u2026","rel":"","context":"En \u00abLimones\u00bb","block_context":{"text":"Limones","link":"https:\/\/quechilero.com\/blog\/category\/limones\/"},"img":{"alt_text":"Firefox","src":"https:\/\/i0.wp.com\/static.flickr.com\/72\/200608477_ecbbc0093d_o.png?resize=350%2C200","width":350,"height":200},"classes":[]},{"id":473,"url":"https:\/\/quechilero.com\/blog\/2007\/02\/27\/aventrua-linux-dia-3\/","url_meta":{"origin":321,"position":4},"title":"Aventrua Linux. D\u00eda 3","author":"Pepe Barrascout Ortiz","date":"27 febrero 2007","format":false,"excerpt":"En un inicio tuve problemas con el monitor, todo era muy lento y mover una ventana de un lugar a otro o desplazarse hacia abajo en una p\u00e1gina era horrible, hasta par\u00e9 mareado. Todo se arregl\u00f3 al descargar los drivers para mi tarjeta de video, de tal suerte ya el\u2026","rel":"","context":"En \u00abLimones\u00bb","block_context":{"text":"Limones","link":"https:\/\/quechilero.com\/blog\/category\/limones\/"},"img":{"alt_text":"","src":"","width":0,"height":0},"classes":[]},{"id":476,"url":"https:\/\/quechilero.com\/blog\/2007\/02\/28\/aventura-linux-dia-4\/","url_meta":{"origin":321,"position":5},"title":"Aventura Linux. D\u00eda 4","author":"Pepe Barrascout Ortiz","date":"28 febrero 2007","format":false,"excerpt":"Hoy d\u00eda cuatro de esta aventura en Linux, me ha tocado nada mas y nada menos que formatear la partici\u00f3n donde se encontraba instalado Kubuntu, en especial porque antes ah\u00ed hab\u00eda puesta Ubuntu y sin desinstalarlo antes, puse el nuevo sistema operativo \"encima\", seg\u00fan muchos blogs y foros que se\u2026","rel":"","context":"En \u00abLimones\u00bb","block_context":{"text":"Limones","link":"https:\/\/quechilero.com\/blog\/category\/limones\/"},"img":{"alt_text":"","src":"","width":0,"height":0},"classes":[]}],"jetpack_featured_media_url":"","_links":{"self":[{"href":"https:\/\/quechilero.com\/blog\/wp-json\/wp\/v2\/posts\/321","targetHints":{"allow":["GET"]}}],"collection":[{"href":"https:\/\/quechilero.com\/blog\/wp-json\/wp\/v2\/posts"}],"about":[{"href":"https:\/\/quechilero.com\/blog\/wp-json\/wp\/v2\/types\/post"}],"author":[{"embeddable":true,"href":"https:\/\/quechilero.com\/blog\/wp-json\/wp\/v2\/users\/1"}],"replies":[{"embeddable":true,"href":"https:\/\/quechilero.com\/blog\/wp-json\/wp\/v2\/comments?post=321"}],"version-history":[{"count":0,"href":"https:\/\/quechilero.com\/blog\/wp-json\/wp\/v2\/posts\/321\/revisions"}],"wp:attachment":[{"href":"https:\/\/quechilero.com\/blog\/wp-json\/wp\/v2\/media?parent=321"}],"wp:term":[{"taxonomy":"category","embeddable":true,"href":"https:\/\/quechilero.com\/blog\/wp-json\/wp\/v2\/categories?post=321"},{"taxonomy":"post_tag","embeddable":true,"href":"https:\/\/quechilero.com\/blog\/wp-json\/wp\/v2\/tags?post=321"},{"taxonomy":"series","embeddable":true,"href":"https:\/\/quechilero.com\/blog\/wp-json\/wp\/v2\/series?post=321"}],"curies":[{"name":"wp","href":"https:\/\/api.w.org\/{rel}","templated":true}]}}