{"id":3209,"date":"2009-09-11T08:00:27","date_gmt":"2009-09-11T14:00:27","guid":{"rendered":"http:\/\/quechilero.com\/blog\/?p=3209"},"modified":"2009-09-11T08:00:27","modified_gmt":"2009-09-11T14:00:27","slug":"amate","status":"publish","type":"post","link":"https:\/\/quechilero.com\/blog\/2009\/09\/11\/amate\/","title":{"rendered":"\u00a1\u00c1mate!"},"content":{"rendered":"<p>No permitas que nada ni nadie destruya ese don precioso que brilla dentro de  ti.<\/p>\n<p>No permitas que se termine el brillo del amor en tu alma, porque quienes te  han amado tanto, a\u00fan, con el paso del tiempo te siguen amando y dese\u00e1ndote el  bien. Hazles el homenaje de no permitir que nadie quiera doblegarte y someterte  a su voluntad.<\/p>\n<p>\u00c1mate como ellos te han amado y resp\u00e9tate como el divino sue\u00f1o de  Dios. Reconoce en cada buen recuerdo el germen de tu vida y corrige los errores  del hoy podando las hojas muertas del \u00e1rbol que sostiene tu historia. Rod\u00e9ate de  luz y s\u00e9 luz, descansa pero no te dejes caer.<\/p>\n<p>No te dejes vencer por las  corrientes que parecen tan terribles, tan inefables, no les des mayor atenci\u00f3n  de la que debes darle, porque si todo el tiempo piensas en las contrariedades de  la vida, terminar\u00e1s confundi\u00e9ndote con lo mismo que no deseas.<\/p>\n<p><strong><em>Miguel \u00c1ngel Arcel<\/em><\/strong><\/p>\n","protected":false},"excerpt":{"rendered":"<p>No permitas que nada ni nadie destruya ese don precioso que brilla dentro de ti. No permitas que se termine el brillo del amor en tu alma, porque quienes te han amado tanto, a\u00fan, con el paso del tiempo te siguen amando y dese\u00e1ndote el bien. Hazles el homenaje de no permitir que nadie quiera &#8230; <a title=\"\u00a1\u00c1mate!\" class=\"read-more\" href=\"https:\/\/quechilero.com\/blog\/2009\/09\/11\/amate\/\" aria-label=\"Leer m\u00e1s sobre \u00a1\u00c1mate!\">Leer m\u00e1s<\/a><\/p>\n","protected":false},"author":1,"featured_media":0,"comment_status":"open","ping_status":"open","sticky":false,"template":"","format":"standard","meta":{"advanced_seo_description":"","jetpack_seo_html_title":"","jetpack_seo_noindex":false,"jetpack_seo_schema_type":"","episode_type":"","audio_file":"","podmotor_file_id":"","podmotor_episode_id":"","cover_image":"","cover_image_id":"","duration":"","filesize":"","filesize_raw":"","date_recorded":"","explicit":"","block":"","_jetpack_newsletter_access":"","_jetpack_dont_email_post_to_subs":false,"_jetpack_newsletter_tier_id":0,"_jetpack_memberships_contains_paywalled_content":false,"_jetpack_feature_clip_id":0,"_jetpack_memberships_contains_paid_content":false,"footnotes":"","jetpack_publicize_message":"","jetpack_publicize_feature_enabled":true,"jetpack_social_post_already_shared":false,"jetpack_social_options":{"image_generator_settings":{"template":"highway","default_image_id":0,"font":"","enabled":false},"version":2},"jetpack_post_was_ever_published":false},"categories":[2],"tags":[15,51,30,31,17,56,5,24],"series":[],"class_list":["post-3209","post","type-post","status-publish","format-standard","hentry","category-limones","tag-amor","tag-dios","tag-error","tag-errores","tag-historia","tag-sueno","tag-tiempo","tag-vida"],"episode_featured_image":false,"episode_player_image":"https:\/\/i0.wp.com\/quechilero.com\/blog\/imagenes\/podcast.png?fit=1831%2C1831&ssl=1","download_link":"","player_link":"","audio_player":false,"episode_data":{"playerMode":"dark","subscribeUrls":{"amazon":{"key":"amazon","url":"","label":"Amazon","class":"amazon","icon":"amazon.png"},"apple_podcasts":{"key":"apple_podcasts","url":"","label":"Apple Podcasts","class":"apple_podcasts","icon":"apple-podcasts.png"},"castbox":{"key":"castbox","url":"","label":"CastBox","class":"castbox","icon":"castbox.png"},"deezer":{"key":"deezer","url":"","label":"Deezer","class":"deezer","icon":"deezer.png"},"google_podcasts":{"key":"google_podcasts","url":"","label":"Google Podcasts","class":"google_podcasts","icon":"google-podcasts.png"},"listen_notes":{"key":"listen_notes","url":"","label":"Listen Notes","class":"listen_notes","icon":"listen-notes.png"},"pandora":{"key":"pandora","url":"","label":"Pandora","class":"pandora","icon":"pandora.png"},"podbean":{"key":"podbean","url":"","label":"Podbean","class":"podbean","icon":"podbean.png"},"podcast_republic":{"key":"podcast_republic","url":"","label":"Podcast Republic","class":"podcast_republic","icon":"podcast-republic.png"},"rss":{"key":"rss","url":"","label":"RSS","class":"rss","icon":"rss.png"},"spotify":{"key":"spotify","url":"","label":"Spotify","class":"spotify","icon":"spotify.png"},"stitcher":{"key":"stitcher","url":"","label":"Stitcher","class":"stitcher","icon":"stitcher.png"},"tunein":{"key":"tunein","url":"","label":"TuneIn","class":"tunein","icon":"tunein.png"},"youtube":{"key":"youtube","url":"","label":"YouTube","class":"youtube","icon":"youtube.png"},"iheartradio":{"key":"iheartradio","url":"","label":"iHeartRadio","class":"iheartradio","icon":"iheartradio.png"},"ivoox":{"key":"ivoox","url":"","label":"iVoox","class":"ivoox","icon":"ivoox.png"}},"rssFeedUrl":"https:\/\/quechilero.com\/blog\/feed\/podcast\/si-la-vida-nos-da-limones","embedCode":"<blockquote class=\"wp-embedded-content\" data-secret=\"c8rstQOPnv\"><a href=\"https:\/\/quechilero.com\/blog\/2009\/09\/11\/amate\/\">\u00a1\u00c1mate!<\/a><\/blockquote><iframe sandbox=\"allow-scripts\" security=\"restricted\" src=\"https:\/\/quechilero.com\/blog\/2009\/09\/11\/amate\/embed\/#?secret=c8rstQOPnv\" width=\"500\" height=\"350\" title=\"\u00ab\u00a1\u00c1mate!\u00bb \u2014 Si la Vida nos da Limones...\" data-secret=\"c8rstQOPnv\" frameborder=\"0\" marginwidth=\"0\" marginheight=\"0\" scrolling=\"no\" class=\"wp-embedded-content\"><\/iframe><script>\n\/*! This file is auto-generated *\/\n!function(d,l){\"use strict\";l.querySelector&&d.addEventListener&&\"undefined\"!=typeof URL&&(d.wp=d.wp||{},d.wp.receiveEmbedMessage||(d.wp.receiveEmbedMessage=function(e){var t=e.data;if((t||t.secret||t.message||t.value)&&!\/[^a-zA-Z0-9]\/.test(t.secret)){for(var s,r,n,a=l.querySelectorAll('iframe[data-secret=\"'+t.secret+'\"]'),o=l.querySelectorAll('blockquote[data-secret=\"'+t.secret+'\"]'),c=new RegExp(\"^https?:$\",\"i\"),i=0;i<o.length;i++)o[i].style.display=\"none\";for(i=0;i<a.length;i++)s=a[i],e.source===s.contentWindow&&(s.removeAttribute(\"style\"),\"height\"===t.message?(1e3<(r=parseInt(t.value,10))?r=1e3:~~r<200&&(r=200),s.height=r):\"link\"===t.message&&(r=new URL(s.getAttribute(\"src\")),n=new URL(t.value),c.test(n.protocol))&&n.host===r.host&&l.activeElement===s&&(d.top.location.href=t.value))}},d.addEventListener(\"message\",d.wp.receiveEmbedMessage,!1),l.addEventListener(\"DOMContentLoaded\",function(){for(var e,t,s=l.querySelectorAll(\"iframe.wp-embedded-content\"),r=0;r<s.length;r++)(t=(e=s[r]).getAttribute(\"data-secret\"))||(t=Math.random().toString(36).substring(2,12),e.src+=\"#?secret=\"+t,e.setAttribute(\"data-secret\",t)),e.contentWindow.postMessage({message:\"ready\",secret:t},\"*\")},!1)))}(window,document);\n\/\/# sourceURL=https:\/\/quechilero.com\/blog\/wp-includes\/js\/wp-embed.min.js\n<\/script>\n"},"jetpack_publicize_connections":[],"jetpack_shortlink":"https:\/\/wp.me\/sDKli-amate","jetpack_sharing_enabled":true,"jetpack-related-posts":[{"id":2987,"url":"https:\/\/quechilero.com\/blog\/2009\/07\/27\/recreate\/","url_meta":{"origin":3209,"position":0},"title":"\u00a1Recr\u00e9ate!","author":"Pepe Barrascout Ortiz","date":"27 julio 2009","format":false,"excerpt":"V\u00edstete nuevamente de felicidad y camina con la frente en alto. T\u00fa no eres menos que nadie. Nadie puede darte lo que t\u00fa no te das. B\u00fascate en el rostro de un ni\u00f1o, m\u00edrate jugando como cuando apenas mirabas al mundo renacer en cada ilusi\u00f3n de tu infancia. Vuelve a\u2026","rel":"","context":"En \u00abLimones\u00bb","block_context":{"text":"Limones","link":"https:\/\/quechilero.com\/blog\/category\/limones\/"},"img":{"alt_text":"","src":"","width":0,"height":0},"classes":[]},{"id":10500,"url":"https:\/\/quechilero.com\/blog\/2011\/10\/01\/me-elevo-por-encima-de-todas-las-limitaciones\/","url_meta":{"origin":3209,"position":1},"title":"Me elevo por encima de todas las limitaciones","author":"Pepe Barrascout Ortiz","date":"1 octubre 2011","format":false,"excerpt":"Cada experiencia, incluso las que llamamos \"errores\", es un paso. \u00c1mate por todos tus errores, que han sido muy valiosos para ti. Te han ense\u00f1ado muchas cosas. De esta manera aprendes. Disponte a dejar de castigarte por tus errores, y \u00e1mate por tu disposici\u00f3n a aprender y a crecer. Del\u2026","rel":"","context":"En \u00abLimones\u00bb","block_context":{"text":"Limones","link":"https:\/\/quechilero.com\/blog\/category\/limones\/"},"img":{"alt_text":"","src":"","width":0,"height":0},"classes":[]},{"id":2034,"url":"https:\/\/quechilero.com\/blog\/2009\/01\/31\/depender-de-dios\/","url_meta":{"origin":3209,"position":2},"title":"Depender de Dios","author":"Pepe Barrascout Ortiz","date":"31 enero 2009","format":false,"excerpt":"Muchas personas tienen el orgullo demasiado inflado como para decir que quieren depender de Dios. A veces es que se malentiende el t\u00e9rmino, pues depender de Dios no es cruzarse de brazos y esperar que se abra el cielo para darnos lo que ocupamos. No. Depender de Dios es simplemente\u2026","rel":"","context":"En \u00abLimones\u00bb","block_context":{"text":"Limones","link":"https:\/\/quechilero.com\/blog\/category\/limones\/"},"img":{"alt_text":"","src":"","width":0,"height":0},"classes":[]},{"id":4330,"url":"https:\/\/quechilero.com\/blog\/2010\/02\/15\/como-olvidar\/","url_meta":{"origin":3209,"position":3},"title":"\u00bfC\u00f3mo olvidar?","author":"Pepe Barrascout Ortiz","date":"15 febrero 2010","format":false,"excerpt":"\u00bfC\u00f3mo olvidar los d\u00edas grises, si son ellos los que me traen el brillo del sol? \u00bfC\u00f3mo olvidar las derrotas, si son las que me proporcionan las victorias? \u00bfC\u00f3mo olvidar los errores, si son ellos que me dan las lecciones? \u00bfC\u00f3mo olvidar la soledad, si fue ella que me hizo\u2026","rel":"","context":"En \u00abLimones\u00bb","block_context":{"text":"Limones","link":"https:\/\/quechilero.com\/blog\/category\/limones\/"},"img":{"alt_text":"","src":"","width":0,"height":0},"classes":[]},{"id":10232,"url":"https:\/\/quechilero.com\/blog\/2011\/08\/15\/solemnidad-de-la-asuncion-de-la-virgen-maria\/","url_meta":{"origin":3209,"position":4},"title":"Solemnidad de la Asunci\u00f3n de la Virgen Mar\u00eda","author":"Pepe Barrascout Ortiz","date":"15 agosto 2011","format":false,"excerpt":"Hermanos, la Iglesia quiere comunicarnos una Buena Noticia: la Asunci\u00f3n de Mar\u00eda en cuerpo y alma a los cielos. 1.- Proclamaci\u00f3n del misterio de la Asunci\u00f3n de Mar\u00eda El d\u00eda 1 de Noviembre de 1950,P\u00edo XII defini\u00f3 solemnemente el dogma de la Asunci\u00f3n de Mar\u00eda a los cielos con estas\u2026","rel":"","context":"En \u00abLimones\u00bb","block_context":{"text":"Limones","link":"https:\/\/quechilero.com\/blog\/category\/limones\/"},"img":{"alt_text":"","src":"https:\/\/i0.wp.com\/lh3.googleusercontent.com\/-hoNf0XlCGas\/TknhhNXlY_I\/AAAAAAAAA4E\/TkOHPATlRSk\/s640\/VIRGEN%252520MAR%2525C3%25258DA%252520-%252520ASUNCI%2525C3%252593N%252520-%252520ITALIA%252520-%252520assunzione.jpg?resize=350%2C200&ssl=1","width":350,"height":200},"classes":[]},{"id":3203,"url":"https:\/\/quechilero.com\/blog\/2009\/08\/28\/haz-de-mi-un-instrumento-de-tu-paz\/","url_meta":{"origin":3209,"position":5},"title":"Haz de m\u00ed un instrumento de Tu paz","author":"Pepe Barrascout Ortiz","date":"28 agosto 2009","format":false,"excerpt":"Se\u00f1or, Haz de m\u00ed un instrumento de Tu paz... All\u00ed donde haya odio, ponga yo amor; donde haya discordia, ponga yo uni\u00f3n; donde haya ofensa, ponga yo perd\u00f3n; donde haya duda, ponga yo fe; donde haya error, ponga yo verdad; donde haya desesperaci\u00f3n, ponga yo esperanza; donde haya tinieblas, ponga\u2026","rel":"","context":"En \u00abLimones\u00bb","block_context":{"text":"Limones","link":"https:\/\/quechilero.com\/blog\/category\/limones\/"},"img":{"alt_text":"","src":"","width":0,"height":0},"classes":[]}],"jetpack_featured_media_url":"","_links":{"self":[{"href":"https:\/\/quechilero.com\/blog\/wp-json\/wp\/v2\/posts\/3209","targetHints":{"allow":["GET"]}}],"collection":[{"href":"https:\/\/quechilero.com\/blog\/wp-json\/wp\/v2\/posts"}],"about":[{"href":"https:\/\/quechilero.com\/blog\/wp-json\/wp\/v2\/types\/post"}],"author":[{"embeddable":true,"href":"https:\/\/quechilero.com\/blog\/wp-json\/wp\/v2\/users\/1"}],"replies":[{"embeddable":true,"href":"https:\/\/quechilero.com\/blog\/wp-json\/wp\/v2\/comments?post=3209"}],"version-history":[{"count":0,"href":"https:\/\/quechilero.com\/blog\/wp-json\/wp\/v2\/posts\/3209\/revisions"}],"wp:attachment":[{"href":"https:\/\/quechilero.com\/blog\/wp-json\/wp\/v2\/media?parent=3209"}],"wp:term":[{"taxonomy":"category","embeddable":true,"href":"https:\/\/quechilero.com\/blog\/wp-json\/wp\/v2\/categories?post=3209"},{"taxonomy":"post_tag","embeddable":true,"href":"https:\/\/quechilero.com\/blog\/wp-json\/wp\/v2\/tags?post=3209"},{"taxonomy":"series","embeddable":true,"href":"https:\/\/quechilero.com\/blog\/wp-json\/wp\/v2\/series?post=3209"}],"curies":[{"name":"wp","href":"https:\/\/api.w.org\/{rel}","templated":true}]}}