{"id":3203,"date":"2009-08-28T15:00:30","date_gmt":"2009-08-28T21:00:30","guid":{"rendered":"http:\/\/quechilero.com\/blog\/?p=3203"},"modified":"2009-08-28T15:00:30","modified_gmt":"2009-08-28T21:00:30","slug":"haz-de-mi-un-instrumento-de-tu-paz","status":"publish","type":"post","link":"https:\/\/quechilero.com\/blog\/2009\/08\/28\/haz-de-mi-un-instrumento-de-tu-paz\/","title":{"rendered":"Haz de m\u00ed un instrumento de Tu paz"},"content":{"rendered":"<p>Se\u00f1or,<br \/>\nHaz de m\u00ed un instrumento de Tu paz&#8230;<\/p>\n<p>All\u00ed donde haya odio,  ponga yo amor;<br \/>\ndonde haya discordia, ponga yo uni\u00f3n;<br \/>\ndonde haya ofensa,  ponga yo perd\u00f3n;<br \/>\ndonde haya duda, ponga yo fe;<br \/>\ndonde haya error, ponga yo  verdad;<br \/>\ndonde haya desesperaci\u00f3n, ponga yo esperanza;<br \/>\ndonde haya  tinieblas, ponga yo luz;<br \/>\ndonde haya tristeza, ponga yo  alegr\u00eda&#8230;<\/p>\n<p>\u00a1Oh Maestro!<br \/>\nQue no me empe\u00f1e tanto:<br \/>\nen ser  consolado, como en consolar;<br \/>\nen ser comprendido, como en comprender;<br \/>\nen  ser perdonado, como en perdonar;<br \/>\nen ser amado, como en  amar&#8230;<\/p>\n<p>Pues,<br \/>\ndando es que se recibe,<br \/>\nolvidando se  encuentra,<br \/>\nperdonando se es perdonado<br \/>\ny muriendo se nace a la Vida  Eterna.<\/p>\n<p><strong><em>San Francisco de  As\u00eds<\/em><\/strong><\/p>\n","protected":false},"excerpt":{"rendered":"<p>Se\u00f1or, Haz de m\u00ed un instrumento de Tu paz&#8230; All\u00ed donde haya odio, ponga yo amor; donde haya discordia, ponga yo uni\u00f3n; donde haya ofensa, ponga yo perd\u00f3n; donde haya duda, ponga yo fe; donde haya error, ponga yo verdad; donde haya desesperaci\u00f3n, ponga yo esperanza; donde haya tinieblas, ponga yo luz; donde haya tristeza, &#8230; <a title=\"Haz de m\u00ed un instrumento de Tu paz\" class=\"read-more\" href=\"https:\/\/quechilero.com\/blog\/2009\/08\/28\/haz-de-mi-un-instrumento-de-tu-paz\/\" aria-label=\"Leer m\u00e1s sobre Haz de m\u00ed un instrumento de Tu paz\">Leer m\u00e1s<\/a><\/p>\n","protected":false},"author":1,"featured_media":0,"comment_status":"open","ping_status":"open","sticky":false,"template":"","format":"standard","meta":{"advanced_seo_description":"","jetpack_seo_html_title":"","jetpack_seo_noindex":false,"jetpack_seo_schema_type":"","episode_type":"","audio_file":"","podmotor_file_id":"","podmotor_episode_id":"","cover_image":"","cover_image_id":"","duration":"","filesize":"","filesize_raw":"","date_recorded":"","explicit":"","block":"","_jetpack_newsletter_access":"","_jetpack_dont_email_post_to_subs":false,"_jetpack_newsletter_tier_id":0,"_jetpack_memberships_contains_paywalled_content":false,"_jetpack_feature_clip_id":0,"_jetpack_memberships_contains_paid_content":false,"footnotes":"","jetpack_publicize_message":"","jetpack_publicize_feature_enabled":true,"jetpack_social_post_already_shared":false,"jetpack_social_options":{"image_generator_settings":{"template":"highway","default_image_id":0,"font":"","enabled":false},"version":2},"jetpack_post_was_ever_published":false},"categories":[2],"tags":[87,15,30,40,41,24],"series":[],"class_list":["post-3203","post","type-post","status-publish","format-standard","hentry","category-limones","tag-alegria","tag-amor","tag-error","tag-paz","tag-verdad","tag-vida"],"episode_featured_image":false,"episode_player_image":"https:\/\/i0.wp.com\/quechilero.com\/blog\/imagenes\/podcast.png?fit=1831%2C1831&ssl=1","download_link":"","player_link":"","audio_player":false,"episode_data":{"playerMode":"dark","subscribeUrls":{"amazon":{"key":"amazon","url":"","label":"Amazon","class":"amazon","icon":"amazon.png"},"apple_podcasts":{"key":"apple_podcasts","url":"","label":"Apple Podcasts","class":"apple_podcasts","icon":"apple-podcasts.png"},"castbox":{"key":"castbox","url":"","label":"CastBox","class":"castbox","icon":"castbox.png"},"deezer":{"key":"deezer","url":"","label":"Deezer","class":"deezer","icon":"deezer.png"},"google_podcasts":{"key":"google_podcasts","url":"","label":"Google Podcasts","class":"google_podcasts","icon":"google-podcasts.png"},"listen_notes":{"key":"listen_notes","url":"","label":"Listen Notes","class":"listen_notes","icon":"listen-notes.png"},"pandora":{"key":"pandora","url":"","label":"Pandora","class":"pandora","icon":"pandora.png"},"podbean":{"key":"podbean","url":"","label":"Podbean","class":"podbean","icon":"podbean.png"},"podcast_republic":{"key":"podcast_republic","url":"","label":"Podcast Republic","class":"podcast_republic","icon":"podcast-republic.png"},"rss":{"key":"rss","url":"","label":"RSS","class":"rss","icon":"rss.png"},"spotify":{"key":"spotify","url":"","label":"Spotify","class":"spotify","icon":"spotify.png"},"stitcher":{"key":"stitcher","url":"","label":"Stitcher","class":"stitcher","icon":"stitcher.png"},"tunein":{"key":"tunein","url":"","label":"TuneIn","class":"tunein","icon":"tunein.png"},"youtube":{"key":"youtube","url":"","label":"YouTube","class":"youtube","icon":"youtube.png"},"iheartradio":{"key":"iheartradio","url":"","label":"iHeartRadio","class":"iheartradio","icon":"iheartradio.png"},"ivoox":{"key":"ivoox","url":"","label":"iVoox","class":"ivoox","icon":"ivoox.png"}},"rssFeedUrl":"https:\/\/quechilero.com\/blog\/feed\/podcast\/si-la-vida-nos-da-limones","embedCode":"<blockquote class=\"wp-embedded-content\" data-secret=\"f5PSzkZnBL\"><a href=\"https:\/\/quechilero.com\/blog\/2009\/08\/28\/haz-de-mi-un-instrumento-de-tu-paz\/\">Haz de m\u00ed un instrumento de Tu paz<\/a><\/blockquote><iframe sandbox=\"allow-scripts\" security=\"restricted\" src=\"https:\/\/quechilero.com\/blog\/2009\/08\/28\/haz-de-mi-un-instrumento-de-tu-paz\/embed\/#?secret=f5PSzkZnBL\" width=\"500\" height=\"350\" title=\"\u00abHaz de m\u00ed un instrumento de Tu paz\u00bb \u2014 Si la Vida nos da Limones...\" data-secret=\"f5PSzkZnBL\" frameborder=\"0\" marginwidth=\"0\" marginheight=\"0\" scrolling=\"no\" class=\"wp-embedded-content\"><\/iframe><script>\n\/*! This file is auto-generated *\/\n!function(d,l){\"use strict\";l.querySelector&&d.addEventListener&&\"undefined\"!=typeof URL&&(d.wp=d.wp||{},d.wp.receiveEmbedMessage||(d.wp.receiveEmbedMessage=function(e){var t=e.data;if((t||t.secret||t.message||t.value)&&!\/[^a-zA-Z0-9]\/.test(t.secret)){for(var s,r,n,a=l.querySelectorAll('iframe[data-secret=\"'+t.secret+'\"]'),o=l.querySelectorAll('blockquote[data-secret=\"'+t.secret+'\"]'),c=new RegExp(\"^https?:$\",\"i\"),i=0;i<o.length;i++)o[i].style.display=\"none\";for(i=0;i<a.length;i++)s=a[i],e.source===s.contentWindow&&(s.removeAttribute(\"style\"),\"height\"===t.message?(1e3<(r=parseInt(t.value,10))?r=1e3:~~r<200&&(r=200),s.height=r):\"link\"===t.message&&(r=new URL(s.getAttribute(\"src\")),n=new URL(t.value),c.test(n.protocol))&&n.host===r.host&&l.activeElement===s&&(d.top.location.href=t.value))}},d.addEventListener(\"message\",d.wp.receiveEmbedMessage,!1),l.addEventListener(\"DOMContentLoaded\",function(){for(var e,t,s=l.querySelectorAll(\"iframe.wp-embedded-content\"),r=0;r<s.length;r++)(t=(e=s[r]).getAttribute(\"data-secret\"))||(t=Math.random().toString(36).substring(2,12),e.src+=\"#?secret=\"+t,e.setAttribute(\"data-secret\",t)),e.contentWindow.postMessage({message:\"ready\",secret:t},\"*\")},!1)))}(window,document);\n\/\/# sourceURL=https:\/\/quechilero.com\/blog\/wp-includes\/js\/wp-embed.min.js\n<\/script>\n"},"jetpack_publicize_connections":[],"jetpack_shortlink":"https:\/\/wp.me\/pDKli-PF","jetpack_sharing_enabled":true,"jetpack-related-posts":[{"id":13976,"url":"https:\/\/quechilero.com\/blog\/2012\/07\/04\/oracion-4\/","url_meta":{"origin":3203,"position":0},"title":"Oraci\u00f3n","author":"Pepe Barrascout Ortiz","date":"4 julio 2012","format":false,"excerpt":"Dios, dame el d\u00eda de hoy fe para seguir adelante; Dame grandeza de esp\u00edritu para perdonar; Dame paciencia para comprender y esperar; Dame voluntad para no caer; Dame fuerza para levantarme si ca\u00eddo estoy; Dame amor para dar; Dame lo que necesito y no lo que quiero; Dame elocuencia para\u2026","rel":"","context":"En \u00abLimones\u00bb","block_context":{"text":"Limones","link":"https:\/\/quechilero.com\/blog\/category\/limones\/"},"img":{"alt_text":"","src":"","width":0,"height":0},"classes":[]},{"id":11472,"url":"https:\/\/quechilero.com\/blog\/2011\/12\/30\/oracion-de-fin-y-principio-de-ano\/","url_meta":{"origin":3203,"position":1},"title":"Oraci\u00f3n de fin y principio de a\u00f1o","author":"Pepe Barrascout Ortiz","date":"30 diciembre 2011","format":false,"excerpt":"Se\u00f1or, Dios, due\u00f1o del tiempo y de la eternidad, tuyo es el hoy y el ma\u00f1ana, el pasado y el futuro. Al terminar este a\u00f1o quiero darte gracias por todo aquello que recib\u00ed de TI. Gracias por la vida y el amor, por las flores, el aire y el sol,\u2026","rel":"","context":"En \u00abLimones\u00bb","block_context":{"text":"Limones","link":"https:\/\/quechilero.com\/blog\/category\/limones\/"},"img":{"alt_text":"","src":"","width":0,"height":0},"classes":[]},{"id":14038,"url":"https:\/\/quechilero.com\/blog\/2012\/07\/18\/plegaria-por-la-paz-2\/","url_meta":{"origin":3203,"position":2},"title":"Plegaria por la paz","author":"Pepe Barrascout Ortiz","date":"18 julio 2012","format":false,"excerpt":"Y al Creador de la naturaleza y del hombre, de la verdad y de la belleza, suplico: Escucha mi voz, pues es la voz de las v\u00edctimas de todas las guerras y de la violencia entre individuos y las naciones. Escucha mi voz, pues es la voz de todos los\u2026","rel":"","context":"En \u00abLimones\u00bb","block_context":{"text":"Limones","link":"https:\/\/quechilero.com\/blog\/category\/limones\/"},"img":{"alt_text":"","src":"","width":0,"height":0},"classes":[]},{"id":333,"url":"https:\/\/quechilero.com\/blog\/2006\/12\/04\/plegaria-por-la-paz\/","url_meta":{"origin":3203,"position":3},"title":"Plegaria por la paz","author":"Pepe Barrascout Ortiz","date":"4 diciembre 2006","format":false,"excerpt":"Y al Creador de la naturaleza y del hombre, de la verdad y de la belleza, suplico: Escucha mi voz, pues es la voz de las v\u00edctimas de todas las guerras y de la violencia entre individuos y las naciones. Escucha mi voz, pues es la voz de todos los\u2026","rel":"","context":"En \u00abLimones\u00bb","block_context":{"text":"Limones","link":"https:\/\/quechilero.com\/blog\/category\/limones\/"},"img":{"alt_text":"","src":"","width":0,"height":0},"classes":[]},{"id":578,"url":"https:\/\/quechilero.com\/blog\/2007\/06\/14\/oracion-por-tus-enemigos\/","url_meta":{"origin":3203,"position":4},"title":"Oraci\u00f3n por tus enemigos","author":"Pepe Barrascout Ortiz","date":"14 junio 2007","format":false,"excerpt":"Padre bueno, ahora que T\u00fa me muestras tu amor, quiero pedirte por mis enemigos, y por aquellos que me ultrajaron y da\u00f1aron. Ten compasi\u00f3n de ellos. Yo, desde mi m\u00e1s profundo dolor, los perdono de todo coraz\u00f3n y te ruego por la salvaci\u00f3n de sus almas. Te ruego, Se\u00f1or, que\u2026","rel":"","context":"En \u00abLimones\u00bb","block_context":{"text":"Limones","link":"https:\/\/quechilero.com\/blog\/category\/limones\/"},"img":{"alt_text":"","src":"","width":0,"height":0},"classes":[]},{"id":21386,"url":"https:\/\/quechilero.com\/blog\/2015\/07\/20\/buscar-lo-mejor\/","url_meta":{"origin":3203,"position":5},"title":"Buscar lo mejor","author":"Pepe Barrascout Ortiz","date":"20 julio 2015","format":false,"excerpt":"Somos lo que elegimos, lo que optamos. Dios no impone nada, solamente ofrece, dejando al hombre la libertad de decidir. Muchos prefieren las joyas, los coches, los caminos f\u00e1ciles. Hay sendas para los m\u00e1s variados deseos, pero hay cosas que la herrumbre no corroe. Son los ideales nobles, el bien,\u2026","rel":"","context":"En \u00abLimones\u00bb","block_context":{"text":"Limones","link":"https:\/\/quechilero.com\/blog\/category\/limones\/"},"img":{"alt_text":"","src":"","width":0,"height":0},"classes":[]}],"jetpack_featured_media_url":"","_links":{"self":[{"href":"https:\/\/quechilero.com\/blog\/wp-json\/wp\/v2\/posts\/3203","targetHints":{"allow":["GET"]}}],"collection":[{"href":"https:\/\/quechilero.com\/blog\/wp-json\/wp\/v2\/posts"}],"about":[{"href":"https:\/\/quechilero.com\/blog\/wp-json\/wp\/v2\/types\/post"}],"author":[{"embeddable":true,"href":"https:\/\/quechilero.com\/blog\/wp-json\/wp\/v2\/users\/1"}],"replies":[{"embeddable":true,"href":"https:\/\/quechilero.com\/blog\/wp-json\/wp\/v2\/comments?post=3203"}],"version-history":[{"count":0,"href":"https:\/\/quechilero.com\/blog\/wp-json\/wp\/v2\/posts\/3203\/revisions"}],"wp:attachment":[{"href":"https:\/\/quechilero.com\/blog\/wp-json\/wp\/v2\/media?parent=3203"}],"wp:term":[{"taxonomy":"category","embeddable":true,"href":"https:\/\/quechilero.com\/blog\/wp-json\/wp\/v2\/categories?post=3203"},{"taxonomy":"post_tag","embeddable":true,"href":"https:\/\/quechilero.com\/blog\/wp-json\/wp\/v2\/tags?post=3203"},{"taxonomy":"series","embeddable":true,"href":"https:\/\/quechilero.com\/blog\/wp-json\/wp\/v2\/series?post=3203"}],"curies":[{"name":"wp","href":"https:\/\/api.w.org\/{rel}","templated":true}]}}