{"id":3202,"date":"2009-08-26T15:00:14","date_gmt":"2009-08-26T21:00:14","guid":{"rendered":"http:\/\/quechilero.com\/blog\/?p=3202"},"modified":"2009-08-26T15:00:14","modified_gmt":"2009-08-26T21:00:14","slug":"resucito-de-entre-los-muertos","status":"publish","type":"post","link":"https:\/\/quechilero.com\/blog\/2009\/08\/26\/resucito-de-entre-los-muertos\/","title":{"rendered":"Resucit\u00f3 de entre los muertos"},"content":{"rendered":"<p>En verdad ha resucitado el Se\u00f1or, \u00a1Aleluya! A \u00c9l la gloria y el poder por  toda la eternidad (Lucas 24, 34; Apocalipsis 1, 6).<\/p>\n<p>La Resurrecci\u00f3n gloriosa del Se\u00f1or es la clave para interpretar toda su vida,  y el fundamento de nuestra fe. Sin esa victoria sobre la muerte, dice San Pablo,  toda predicaci\u00f3n ser\u00eda in\u00fatil y nuestra fe vac\u00eda de contenido (1 Corintios 15,  14-17).<\/p>\n<p>Adem\u00e1s, en la Resurrecci\u00f3n de Cristo se apoya nuestra propia resurrecci\u00f3n. La  Pascua es la fiesta de nuestra redenci\u00f3n y, por tanto, fiesta de acci\u00f3n de  gracias y de alegr\u00eda. Los Ap\u00f3stoles son, ante todo, testigos de la Resurrecci\u00f3n  de Jes\u00fas (Hechos 1, 22; 2, 32; 3, 15). Anuncian que Cristo vive, y \u00e9ste es el  n\u00facleo de toda su predicaci\u00f3n.<\/p>\n<p>Esto es lo que despu\u00e9s de veinte siglos, nosotros anunciamos al mundo:  \u00a1Cristo vive! Y esto nos colma de alegr\u00eda el coraz\u00f3n. La Resurrecci\u00f3n es el  argumento supremo de la divinidad de Nuestro Se\u00f1or.<\/p>\n<p>\u00abEsta es la gran verdad que llena de contenido nuestra fe. Jes\u00fas, que muri\u00f3  en la cruz, ha triunfado de la muerte, del poder de las tinieblas, del dolor y  de la angustia: en \u00c9l, lo encontramos todo: fuera de \u00c9l, nuestra vida queda  vac\u00eda\u00bb (J. Escriv\u00e1 de Balaguer, &#8216;Es Cristo que pasa&#8217;).<\/p>\n<p><strong><em>Tomado de la Colecci\u00f3n \u00abHablar con Dios\u00bb, por Francisco Fern\u00e1ndez  Carvajal<\/em><\/strong><\/p>\n","protected":false},"excerpt":{"rendered":"<p>En verdad ha resucitado el Se\u00f1or, \u00a1Aleluya! A \u00c9l la gloria y el poder por toda la eternidad (Lucas 24, 34; Apocalipsis 1, 6). La Resurrecci\u00f3n gloriosa del Se\u00f1or es la clave para interpretar toda su vida, y el fundamento de nuestra fe. Sin esa victoria sobre la muerte, dice San Pablo, toda predicaci\u00f3n ser\u00eda &#8230; <a title=\"Resucit\u00f3 de entre los muertos\" class=\"read-more\" href=\"https:\/\/quechilero.com\/blog\/2009\/08\/26\/resucito-de-entre-los-muertos\/\" aria-label=\"Leer m\u00e1s sobre Resucit\u00f3 de entre los muertos\">Leer m\u00e1s<\/a><\/p>\n","protected":false},"author":1,"featured_media":0,"comment_status":"open","ping_status":"open","sticky":false,"template":"","format":"standard","meta":{"advanced_seo_description":"","jetpack_seo_html_title":"","jetpack_seo_noindex":false,"jetpack_seo_schema_type":"","episode_type":"","audio_file":"","podmotor_file_id":"","podmotor_episode_id":"","cover_image":"","cover_image_id":"","duration":"","filesize":"","filesize_raw":"","date_recorded":"","explicit":"","block":"","_jetpack_newsletter_access":"","_jetpack_dont_email_post_to_subs":false,"_jetpack_newsletter_tier_id":0,"_jetpack_memberships_contains_paywalled_content":false,"_jetpack_feature_clip_id":0,"_jetpack_memberships_contains_paid_content":false,"footnotes":"","jetpack_publicize_message":"","jetpack_publicize_feature_enabled":true,"jetpack_social_post_already_shared":false,"jetpack_social_options":{"image_generator_settings":{"template":"highway","default_image_id":0,"font":"","enabled":false},"version":2},"jetpack_post_was_ever_published":false},"categories":[2],"tags":[14,87,51,74,50,41,24],"series":[],"class_list":["post-3202","post","type-post","status-publish","format-standard","hentry","category-limones","tag-accion","tag-alegria","tag-dios","tag-jesus","tag-muerte","tag-verdad","tag-vida"],"episode_featured_image":false,"episode_player_image":"https:\/\/i0.wp.com\/quechilero.com\/blog\/imagenes\/podcast.png?fit=1831%2C1831&ssl=1","download_link":"","player_link":"","audio_player":false,"episode_data":{"playerMode":"dark","subscribeUrls":{"amazon":{"key":"amazon","url":"","label":"Amazon","class":"amazon","icon":"amazon.png"},"apple_podcasts":{"key":"apple_podcasts","url":"","label":"Apple Podcasts","class":"apple_podcasts","icon":"apple-podcasts.png"},"castbox":{"key":"castbox","url":"","label":"CastBox","class":"castbox","icon":"castbox.png"},"deezer":{"key":"deezer","url":"","label":"Deezer","class":"deezer","icon":"deezer.png"},"google_podcasts":{"key":"google_podcasts","url":"","label":"Google Podcasts","class":"google_podcasts","icon":"google-podcasts.png"},"listen_notes":{"key":"listen_notes","url":"","label":"Listen Notes","class":"listen_notes","icon":"listen-notes.png"},"pandora":{"key":"pandora","url":"","label":"Pandora","class":"pandora","icon":"pandora.png"},"podbean":{"key":"podbean","url":"","label":"Podbean","class":"podbean","icon":"podbean.png"},"podcast_republic":{"key":"podcast_republic","url":"","label":"Podcast Republic","class":"podcast_republic","icon":"podcast-republic.png"},"rss":{"key":"rss","url":"","label":"RSS","class":"rss","icon":"rss.png"},"spotify":{"key":"spotify","url":"","label":"Spotify","class":"spotify","icon":"spotify.png"},"stitcher":{"key":"stitcher","url":"","label":"Stitcher","class":"stitcher","icon":"stitcher.png"},"tunein":{"key":"tunein","url":"","label":"TuneIn","class":"tunein","icon":"tunein.png"},"youtube":{"key":"youtube","url":"","label":"YouTube","class":"youtube","icon":"youtube.png"},"iheartradio":{"key":"iheartradio","url":"","label":"iHeartRadio","class":"iheartradio","icon":"iheartradio.png"},"ivoox":{"key":"ivoox","url":"","label":"iVoox","class":"ivoox","icon":"ivoox.png"}},"rssFeedUrl":"https:\/\/quechilero.com\/blog\/feed\/podcast\/si-la-vida-nos-da-limones","embedCode":"<blockquote class=\"wp-embedded-content\" data-secret=\"ivIsOEJRJf\"><a href=\"https:\/\/quechilero.com\/blog\/2009\/08\/26\/resucito-de-entre-los-muertos\/\">Resucit\u00f3 de entre los muertos<\/a><\/blockquote><iframe sandbox=\"allow-scripts\" security=\"restricted\" src=\"https:\/\/quechilero.com\/blog\/2009\/08\/26\/resucito-de-entre-los-muertos\/embed\/#?secret=ivIsOEJRJf\" width=\"500\" height=\"350\" title=\"\u00abResucit\u00f3 de entre los muertos\u00bb \u2014 Si la Vida nos da Limones...\" data-secret=\"ivIsOEJRJf\" frameborder=\"0\" marginwidth=\"0\" marginheight=\"0\" scrolling=\"no\" class=\"wp-embedded-content\"><\/iframe><script>\n\/*! This file is auto-generated *\/\n!function(d,l){\"use strict\";l.querySelector&&d.addEventListener&&\"undefined\"!=typeof URL&&(d.wp=d.wp||{},d.wp.receiveEmbedMessage||(d.wp.receiveEmbedMessage=function(e){var t=e.data;if((t||t.secret||t.message||t.value)&&!\/[^a-zA-Z0-9]\/.test(t.secret)){for(var s,r,n,a=l.querySelectorAll('iframe[data-secret=\"'+t.secret+'\"]'),o=l.querySelectorAll('blockquote[data-secret=\"'+t.secret+'\"]'),c=new RegExp(\"^https?:$\",\"i\"),i=0;i<o.length;i++)o[i].style.display=\"none\";for(i=0;i<a.length;i++)s=a[i],e.source===s.contentWindow&&(s.removeAttribute(\"style\"),\"height\"===t.message?(1e3<(r=parseInt(t.value,10))?r=1e3:~~r<200&&(r=200),s.height=r):\"link\"===t.message&&(r=new URL(s.getAttribute(\"src\")),n=new URL(t.value),c.test(n.protocol))&&n.host===r.host&&l.activeElement===s&&(d.top.location.href=t.value))}},d.addEventListener(\"message\",d.wp.receiveEmbedMessage,!1),l.addEventListener(\"DOMContentLoaded\",function(){for(var e,t,s=l.querySelectorAll(\"iframe.wp-embedded-content\"),r=0;r<s.length;r++)(t=(e=s[r]).getAttribute(\"data-secret\"))||(t=Math.random().toString(36).substring(2,12),e.src+=\"#?secret=\"+t,e.setAttribute(\"data-secret\",t)),e.contentWindow.postMessage({message:\"ready\",secret:t},\"*\")},!1)))}(window,document);\n\/\/# sourceURL=https:\/\/quechilero.com\/blog\/wp-includes\/js\/wp-embed.min.js\n<\/script>\n"},"jetpack_publicize_connections":[],"jetpack_shortlink":"https:\/\/wp.me\/pDKli-PE","jetpack_sharing_enabled":true,"jetpack-related-posts":[{"id":19663,"url":"https:\/\/quechilero.com\/blog\/2015\/01\/10\/volver-galilea-sin-miedo\/","url_meta":{"origin":3202,"position":0},"title":"Volver a Galilea sin miedo","author":"Pepe Barrascout Ortiz","date":"10 enero 2015","format":false,"excerpt":"El Evangelio de la resurrecci\u00f3n de Jesucristo comienza con el ir de las mujeres hacia el sepulcro, temprano en la ma\u00f1ana del d\u00eda despu\u00e9s del s\u00e1bado. Se dirigen a la tumba, para honrar el cuerpo del Se\u00f1or, pero la encuentran abierta y vac\u00eda. Un \u00e1ngel poderoso les dice: \"Vosotras no\u2026","rel":"","context":"En \u00abLimones\u00bb","block_context":{"text":"Limones","link":"https:\/\/quechilero.com\/blog\/category\/limones\/"},"img":{"alt_text":"","src":"","width":0,"height":0},"classes":[]},{"id":16890,"url":"https:\/\/quechilero.com\/blog\/2013\/08\/16\/porque-yo-vivo-vosotros-%ef%bb%bftambien-vivireis\/","url_meta":{"origin":3202,"position":1},"title":"Porque yo vivo, vosotros \ufefftambi\u00e9n vivir\u00e9is","author":"Pepe Barrascout Ortiz","date":"16 agosto 2013","format":false,"excerpt":"La vida de los creyentes es tan segura como la del mismo Jes\u00fas. Con la misma seguridad en que vive la cabeza, vivir\u00e1n los miembros. Si Jes\u00fas no ha resucitado de los muertos, estamos muertos en nuestros delitos, mas porque ha resucitado, los creyentes han resucitado tambi\u00e9n en \u00c9l. Su\u2026","rel":"","context":"En \u00abLimones\u00bb","block_context":{"text":"Limones","link":"https:\/\/quechilero.com\/blog\/category\/limones\/"},"img":{"alt_text":"","src":"","width":0,"height":0},"classes":[]},{"id":4619,"url":"https:\/\/quechilero.com\/blog\/2010\/04\/04\/verdaderamente-resucito-jesucristo\/","url_meta":{"origin":3202,"position":2},"title":"\u00bfVerdaderamente resucit\u00f3 Jesucristo?","author":"Pepe Barrascout Ortiz","date":"4 abril 2010","format":false,"excerpt":"Entre uno de los rasgos caracter\u00edsticos de la figura de Jesucristo, que contrasta tremendamente con su condici\u00f3n divina, fue la humillaci\u00f3n extrema que sufri\u00f3 en la hora de su muerte. Una paradoja absoluta. El que ha manifestado ser el propio Hijo de Dios, aquel que reun\u00eda a las multitudes y\u2026","rel":"","context":"En \u00abLimones\u00bb","block_context":{"text":"Limones","link":"https:\/\/quechilero.com\/blog\/category\/limones\/"},"img":{"alt_text":"","src":"","width":0,"height":0},"classes":[]},{"id":8154,"url":"https:\/\/quechilero.com\/blog\/2011\/04\/24\/reflexiones-de-semana-santa-domingo-de-resurreccion\/","url_meta":{"origin":3202,"position":3},"title":"Reflexiones de Semana Santa Domingo de Resurrecci\u00f3n","author":"Pepe Barrascout Ortiz","date":"24 abril 2011","format":false,"excerpt":"Tenemos la suerte de saber, por el evangelio, lo que hizo Jesucristo cada uno de los d\u00edas de esta semana. Aqu\u00ed lo tienes. Es la semana m\u00e1s importante de todo el a\u00f1o. Con cada cosa que hizo y dijo, nos quiso ense\u00f1ar. Habla con \u00c9l de eso. El jueves, viernes\u2026","rel":"","context":"En \u00abLimones por mano\u00bb","block_context":{"text":"Limones por mano","link":"https:\/\/quechilero.com\/blog\/category\/limones-por-mano\/"},"img":{"alt_text":"","src":"","width":0,"height":0},"classes":[]},{"id":27327,"url":"https:\/\/quechilero.com\/blog\/2010\/10\/03\/el-santo-rosario-misterios-gloriosos\/","url_meta":{"origin":3202,"position":4},"title":"El Santo Rosario: Misterios Gloriosos","author":"Pepe Barrascout Ortiz","date":"3 octubre 2010","format":false,"excerpt":"Los Misterios Gloriosos los rezamos los Domingos y Martes \u00a0 En el nombre del Padre, y del Hijo, y del Esp\u00edritu Santo. Am\u00e9n. Dios m\u00edo, ven en mi auxilio. Se\u00f1or, date prisa en socorrerme. Gloria al Padre, Gloria al Hijo y Gloria al Esp\u00edritu Santo, Am\u00e9n. Primer Misterio Glorioso. La\u2026","rel":"","context":"En \u00abEl Santo Rosario\u00bb","block_context":{"text":"El Santo Rosario","link":"https:\/\/quechilero.com\/blog\/category\/podcast\/el-santo-rosario\/"},"img":{"alt_text":"Misterios Gloriosos","src":"https:\/\/i0.wp.com\/i392.photobucket.com\/albums\/pp7\/pepejaguar\/blog\/Misterios-Gloriosos_zps93f1b8d6.jpg?resize=350%2C200","width":350,"height":200,"srcset":"https:\/\/i0.wp.com\/i392.photobucket.com\/albums\/pp7\/pepejaguar\/blog\/Misterios-Gloriosos_zps93f1b8d6.jpg?resize=350%2C200 1x, https:\/\/i0.wp.com\/i392.photobucket.com\/albums\/pp7\/pepejaguar\/blog\/Misterios-Gloriosos_zps93f1b8d6.jpg?resize=525%2C300 1.5x"},"classes":[]},{"id":14379,"url":"https:\/\/quechilero.com\/blog\/2012\/08\/25\/la-alegria-de-la-resurreccion\/","url_meta":{"origin":3202,"position":5},"title":"La alegr\u00eda de la Resurrecci\u00f3n","author":"Pepe Barrascout Ortiz","date":"25 agosto 2012","format":false,"excerpt":"El Se\u00f1or ha resucitado de entre los muertos, como lo hab\u00eda dicho, alegr\u00e9monos y regocij\u00e9monos todos, porque reina para siempre. \u00a1Aleluya! Nuestra Madre la Iglesia nos introduce en estos d\u00edas en la alegr\u00eda pascual a trav\u00e9s de los textos de la liturgia; nos pide que esta alegr\u00eda sea anticipo y\u2026","rel":"","context":"En \u00abLimones\u00bb","block_context":{"text":"Limones","link":"https:\/\/quechilero.com\/blog\/category\/limones\/"},"img":{"alt_text":"","src":"","width":0,"height":0},"classes":[]}],"jetpack_featured_media_url":"","_links":{"self":[{"href":"https:\/\/quechilero.com\/blog\/wp-json\/wp\/v2\/posts\/3202","targetHints":{"allow":["GET"]}}],"collection":[{"href":"https:\/\/quechilero.com\/blog\/wp-json\/wp\/v2\/posts"}],"about":[{"href":"https:\/\/quechilero.com\/blog\/wp-json\/wp\/v2\/types\/post"}],"author":[{"embeddable":true,"href":"https:\/\/quechilero.com\/blog\/wp-json\/wp\/v2\/users\/1"}],"replies":[{"embeddable":true,"href":"https:\/\/quechilero.com\/blog\/wp-json\/wp\/v2\/comments?post=3202"}],"version-history":[{"count":0,"href":"https:\/\/quechilero.com\/blog\/wp-json\/wp\/v2\/posts\/3202\/revisions"}],"wp:attachment":[{"href":"https:\/\/quechilero.com\/blog\/wp-json\/wp\/v2\/media?parent=3202"}],"wp:term":[{"taxonomy":"category","embeddable":true,"href":"https:\/\/quechilero.com\/blog\/wp-json\/wp\/v2\/categories?post=3202"},{"taxonomy":"post_tag","embeddable":true,"href":"https:\/\/quechilero.com\/blog\/wp-json\/wp\/v2\/tags?post=3202"},{"taxonomy":"series","embeddable":true,"href":"https:\/\/quechilero.com\/blog\/wp-json\/wp\/v2\/series?post=3202"}],"curies":[{"name":"wp","href":"https:\/\/api.w.org\/{rel}","templated":true}]}}