{"id":3194,"date":"2009-08-24T15:00:48","date_gmt":"2009-08-24T21:00:48","guid":{"rendered":"http:\/\/quechilero.com\/blog\/?p=3194"},"modified":"2009-08-24T15:00:48","modified_gmt":"2009-08-24T21:00:48","slug":"ensenar-el-nombre-de-dios","status":"publish","type":"post","link":"https:\/\/quechilero.com\/blog\/2009\/08\/24\/ensenar-el-nombre-de-dios\/","title":{"rendered":"Ense\u00f1ar el nombre de Dios"},"content":{"rendered":"<p>Durante la Revoluci\u00f3n Francesa, enjuiciaron a un campesino bret\u00f3n, y uno de  los soldados, observando su firmeza, le dijo desde\u00f1osamente:<\/p>\n<p>&#8211; \u00bfPor qu\u00e9 crees todav\u00eda en esas cosas? Pronto habremos matado a todos los  sacerdotes.<\/p>\n<p>&#8211; Eso ser\u00e1 si Dios lo permite -fue la respuesta.<\/p>\n<p>&#8211; Hollaremos todas tus cruces y estatuas -insisti\u00f3 el soldado.<\/p>\n<p>&#8211; Dios os castigar\u00e1 -contest\u00f3 el campesino.<\/p>\n<p>&#8211; Derribaremos tus campanarios y tus iglesias, y no tendr\u00e1s en d\u00f3nde  continuar con tus pr\u00e1cticas supersticiosas. \u00bfQu\u00e9 har\u00e1s entonces?<\/p>\n<p>A lo que el campesino respondi\u00f3:<\/p>\n<p>&#8211; Hay ciertas cosas que no pueden ustedes destruir.<\/p>\n<p>&#8211; \u00bfCu\u00e1les son esas cosas?<\/p>\n<p>&#8211; No pueden destruir las estrellas; y mientras tengamos ese ABC, ense\u00f1aremos  con \u00e9l a nuestros hijos a deletrear el nombre de Dios<\/p>\n","protected":false},"excerpt":{"rendered":"<p>Durante la Revoluci\u00f3n Francesa, enjuiciaron a un campesino bret\u00f3n, y uno de los soldados, observando su firmeza, le dijo desde\u00f1osamente: &#8211; \u00bfPor qu\u00e9 crees todav\u00eda en esas cosas? Pronto habremos matado a todos los sacerdotes. &#8211; Eso ser\u00e1 si Dios lo permite -fue la respuesta. &#8211; Hollaremos todas tus cruces y estatuas -insisti\u00f3 el soldado. &#8230; <a title=\"Ense\u00f1ar el nombre de Dios\" class=\"read-more\" href=\"https:\/\/quechilero.com\/blog\/2009\/08\/24\/ensenar-el-nombre-de-dios\/\" aria-label=\"Leer m\u00e1s sobre Ense\u00f1ar el nombre de Dios\">Leer m\u00e1s<\/a><\/p>\n","protected":false},"author":1,"featured_media":0,"comment_status":"open","ping_status":"open","sticky":false,"template":"","format":"standard","meta":{"advanced_seo_description":"","jetpack_seo_html_title":"","jetpack_seo_noindex":false,"jetpack_seo_schema_type":"","episode_type":"","audio_file":"","podmotor_file_id":"","podmotor_episode_id":"","cover_image":"","cover_image_id":"","duration":"","filesize":"","filesize_raw":"","date_recorded":"","explicit":"","block":"","_jetpack_newsletter_access":"","_jetpack_dont_email_post_to_subs":false,"_jetpack_newsletter_tier_id":0,"_jetpack_memberships_contains_paywalled_content":false,"_jetpack_feature_clip_id":0,"_jetpack_memberships_contains_paid_content":false,"footnotes":"","jetpack_publicize_message":"","jetpack_publicize_feature_enabled":true,"jetpack_social_post_already_shared":false,"jetpack_social_options":{"image_generator_settings":{"template":"highway","default_image_id":0,"font":"","enabled":false},"version":2},"jetpack_post_was_ever_published":false},"categories":[2],"tags":[12,51,22],"series":[],"class_list":["post-3194","post","type-post","status-publish","format-standard","hentry","category-limones","tag-cosas","tag-dios","tag-respuesta"],"episode_featured_image":false,"episode_player_image":"https:\/\/i0.wp.com\/quechilero.com\/blog\/imagenes\/podcast.png?fit=1831%2C1831&ssl=1","download_link":"","player_link":"","audio_player":false,"episode_data":{"playerMode":"dark","subscribeUrls":{"amazon":{"key":"amazon","url":"","label":"Amazon","class":"amazon","icon":"amazon.png"},"apple_podcasts":{"key":"apple_podcasts","url":"","label":"Apple Podcasts","class":"apple_podcasts","icon":"apple-podcasts.png"},"castbox":{"key":"castbox","url":"","label":"CastBox","class":"castbox","icon":"castbox.png"},"deezer":{"key":"deezer","url":"","label":"Deezer","class":"deezer","icon":"deezer.png"},"google_podcasts":{"key":"google_podcasts","url":"","label":"Google Podcasts","class":"google_podcasts","icon":"google-podcasts.png"},"listen_notes":{"key":"listen_notes","url":"","label":"Listen Notes","class":"listen_notes","icon":"listen-notes.png"},"pandora":{"key":"pandora","url":"","label":"Pandora","class":"pandora","icon":"pandora.png"},"podbean":{"key":"podbean","url":"","label":"Podbean","class":"podbean","icon":"podbean.png"},"podcast_republic":{"key":"podcast_republic","url":"","label":"Podcast Republic","class":"podcast_republic","icon":"podcast-republic.png"},"rss":{"key":"rss","url":"","label":"RSS","class":"rss","icon":"rss.png"},"spotify":{"key":"spotify","url":"","label":"Spotify","class":"spotify","icon":"spotify.png"},"stitcher":{"key":"stitcher","url":"","label":"Stitcher","class":"stitcher","icon":"stitcher.png"},"tunein":{"key":"tunein","url":"","label":"TuneIn","class":"tunein","icon":"tunein.png"},"youtube":{"key":"youtube","url":"","label":"YouTube","class":"youtube","icon":"youtube.png"},"iheartradio":{"key":"iheartradio","url":"","label":"iHeartRadio","class":"iheartradio","icon":"iheartradio.png"},"ivoox":{"key":"ivoox","url":"","label":"iVoox","class":"ivoox","icon":"ivoox.png"}},"rssFeedUrl":"https:\/\/quechilero.com\/blog\/feed\/podcast\/si-la-vida-nos-da-limones","embedCode":"<blockquote class=\"wp-embedded-content\" data-secret=\"UxTqnPPLVI\"><a href=\"https:\/\/quechilero.com\/blog\/2009\/08\/24\/ensenar-el-nombre-de-dios\/\">Ense\u00f1ar el nombre de Dios<\/a><\/blockquote><iframe sandbox=\"allow-scripts\" security=\"restricted\" src=\"https:\/\/quechilero.com\/blog\/2009\/08\/24\/ensenar-el-nombre-de-dios\/embed\/#?secret=UxTqnPPLVI\" width=\"500\" height=\"350\" title=\"\u00abEnse\u00f1ar el nombre de Dios\u00bb \u2014 Si la Vida nos da Limones...\" data-secret=\"UxTqnPPLVI\" frameborder=\"0\" marginwidth=\"0\" marginheight=\"0\" scrolling=\"no\" class=\"wp-embedded-content\"><\/iframe><script>\n\/*! This file is auto-generated *\/\n!function(d,l){\"use strict\";l.querySelector&&d.addEventListener&&\"undefined\"!=typeof URL&&(d.wp=d.wp||{},d.wp.receiveEmbedMessage||(d.wp.receiveEmbedMessage=function(e){var t=e.data;if((t||t.secret||t.message||t.value)&&!\/[^a-zA-Z0-9]\/.test(t.secret)){for(var s,r,n,a=l.querySelectorAll('iframe[data-secret=\"'+t.secret+'\"]'),o=l.querySelectorAll('blockquote[data-secret=\"'+t.secret+'\"]'),c=new RegExp(\"^https?:$\",\"i\"),i=0;i<o.length;i++)o[i].style.display=\"none\";for(i=0;i<a.length;i++)s=a[i],e.source===s.contentWindow&&(s.removeAttribute(\"style\"),\"height\"===t.message?(1e3<(r=parseInt(t.value,10))?r=1e3:~~r<200&&(r=200),s.height=r):\"link\"===t.message&&(r=new URL(s.getAttribute(\"src\")),n=new URL(t.value),c.test(n.protocol))&&n.host===r.host&&l.activeElement===s&&(d.top.location.href=t.value))}},d.addEventListener(\"message\",d.wp.receiveEmbedMessage,!1),l.addEventListener(\"DOMContentLoaded\",function(){for(var e,t,s=l.querySelectorAll(\"iframe.wp-embedded-content\"),r=0;r<s.length;r++)(t=(e=s[r]).getAttribute(\"data-secret\"))||(t=Math.random().toString(36).substring(2,12),e.src+=\"#?secret=\"+t,e.setAttribute(\"data-secret\",t)),e.contentWindow.postMessage({message:\"ready\",secret:t},\"*\")},!1)))}(window,document);\n\/\/# sourceURL=https:\/\/quechilero.com\/blog\/wp-includes\/js\/wp-embed.min.js\n<\/script>\n"},"jetpack_publicize_connections":[],"jetpack_shortlink":"https:\/\/wp.me\/pDKli-Pw","jetpack_sharing_enabled":true,"jetpack-related-posts":[{"id":10460,"url":"https:\/\/quechilero.com\/blog\/2011\/09\/13\/historia-del-rabino\/","url_meta":{"origin":3194,"position":0},"title":"Historia del rabino","author":"Pepe Barrascout Ortiz","date":"13 septiembre 2011","format":false,"excerpt":"Cierta comunidad jud\u00eda estaba intrigada porque su rabino desaparec\u00eda siempre la v\u00edspera del s\u00e1bado. Sospechando que se encontraba en secreto con el Todopoderoso encargaron a alguien que le siguiera. As\u00ed lo hizo el \"esp\u00eda\" y comprob\u00f3 que el viernes, el rabino se disfrazaba de campesino. Luego iba a la casa\u2026","rel":"","context":"En \u00abLimones\u00bb","block_context":{"text":"Limones","link":"https:\/\/quechilero.com\/blog\/category\/limones\/"},"img":{"alt_text":"","src":"","width":0,"height":0},"classes":[]},{"id":8149,"url":"https:\/\/quechilero.com\/blog\/2011\/04\/19\/reflexiones-de-semana-santa-martes-santo\/","url_meta":{"origin":3194,"position":1},"title":"Reflexiones de Semana Santa Martes Santo","author":"Pepe Barrascout Ortiz","date":"19 abril 2011","format":false,"excerpt":"Tenemos la suerte de saber, por el evangelio, lo que hizo Jesucristo cada uno de los d\u00edas de esta semana. Aqu\u00ed lo tienes. Es la semana m\u00e1s importante de todo el a\u00f1o. Con cada cosa que hizo y dijo, nos quiso ense\u00f1ar. Habla con \u00c9l de eso. El jueves, viernes\u2026","rel":"","context":"En \u00abLimones por mano\u00bb","block_context":{"text":"Limones por mano","link":"https:\/\/quechilero.com\/blog\/category\/limones-por-mano\/"},"img":{"alt_text":"","src":"","width":0,"height":0},"classes":[]},{"id":21229,"url":"https:\/\/quechilero.com\/blog\/2015\/06\/25\/el-campesino\/","url_meta":{"origin":3194,"position":2},"title":"El campesino","author":"Pepe Barrascout Ortiz","date":"25 junio 2015","format":false,"excerpt":"En alguna parte hab\u00eda un campesino que ten\u00eda una inmensa extensi\u00f3n de terreno. Viv\u00eda de lo que \u00e9ste le produc\u00eda. Como t\u00fa sabes, los ciclos de la agricultura a veces dan y otras quitan. El campesino de nuestra historia tuvo muchos problemas para subsistir. Desilusionado, pens\u00f3 en vender sus terrenos\u2026","rel":"","context":"En \u00abLimones\u00bb","block_context":{"text":"Limones","link":"https:\/\/quechilero.com\/blog\/category\/limones\/"},"img":{"alt_text":"","src":"","width":0,"height":0},"classes":[]},{"id":609,"url":"https:\/\/quechilero.com\/blog\/2007\/08\/18\/la-fe-del-campesino\/","url_meta":{"origin":3194,"position":3},"title":"La Fe del campesino","author":"Pepe Barrascout Ortiz","date":"18 agosto 2007","format":false,"excerpt":"Los agricultores son un modelo de Fe, paciencia y confianza en el Se\u00f1or, pues no esperan que \u00c9l lo haga todo en un d\u00eda. Han aprendido a tener paciencia y a confiar durante la larga espera a que los cultivos se desarrollen y los animales produzcan. No les queda otra\u2026","rel":"","context":"En \u00abLimones\u00bb","block_context":{"text":"Limones","link":"https:\/\/quechilero.com\/blog\/category\/limones\/"},"img":{"alt_text":"","src":"","width":0,"height":0},"classes":[]},{"id":599,"url":"https:\/\/quechilero.com\/blog\/2007\/07\/31\/dios-es-como-azucar\/","url_meta":{"origin":3194,"position":4},"title":"Dios es como az\u00facar","author":"Pepe Barrascout Ortiz","date":"31 julio 2007","format":false,"excerpt":"Un cierto d\u00eda, la profesora, queriendo saber si todos hab\u00edan estudiado la lecci\u00f3n solicitada, pregunt\u00f3 a los ni\u00f1os qui\u00e9n sabr\u00eda explicar qui\u00e9n es Dios. Uno de los ni\u00f1os levant\u00f3 la mano y dijo: - Dios es nuestro Padre, \u00c9l hizo la tierra, el mar y todo lo que est\u00e1 en\u2026","rel":"","context":"En \u00abLimones\u00bb","block_context":{"text":"Limones","link":"https:\/\/quechilero.com\/blog\/category\/limones\/"},"img":{"alt_text":"","src":"","width":0,"height":0},"classes":[]},{"id":14395,"url":"https:\/\/quechilero.com\/blog\/2012\/09\/11\/la-devocion-a-maria-auxiliadora\/","url_meta":{"origin":3194,"position":5},"title":"La devoci\u00f3n a Mar\u00eda Auxiliadora","author":"Pepe Barrascout Ortiz","date":"11 septiembre 2012","format":false,"excerpt":"El emperador Napole\u00f3n llevado por la ambici\u00f3n y el orgullo se atrevi\u00f3 a poner prisionero al Sumo Pont\u00edfice, el Papa P\u00edo VII. Varios a\u00f1os llevaba en prisi\u00f3n el Vicario de Cristo y no se ve\u00edan esperanzas de obtener la libertad, pues el emperador era el m\u00e1s poderoso gobernante de ese\u2026","rel":"","context":"En \u00abLimones\u00bb","block_context":{"text":"Limones","link":"https:\/\/quechilero.com\/blog\/category\/limones\/"},"img":{"alt_text":"","src":"","width":0,"height":0},"classes":[]}],"jetpack_featured_media_url":"","_links":{"self":[{"href":"https:\/\/quechilero.com\/blog\/wp-json\/wp\/v2\/posts\/3194","targetHints":{"allow":["GET"]}}],"collection":[{"href":"https:\/\/quechilero.com\/blog\/wp-json\/wp\/v2\/posts"}],"about":[{"href":"https:\/\/quechilero.com\/blog\/wp-json\/wp\/v2\/types\/post"}],"author":[{"embeddable":true,"href":"https:\/\/quechilero.com\/blog\/wp-json\/wp\/v2\/users\/1"}],"replies":[{"embeddable":true,"href":"https:\/\/quechilero.com\/blog\/wp-json\/wp\/v2\/comments?post=3194"}],"version-history":[{"count":0,"href":"https:\/\/quechilero.com\/blog\/wp-json\/wp\/v2\/posts\/3194\/revisions"}],"wp:attachment":[{"href":"https:\/\/quechilero.com\/blog\/wp-json\/wp\/v2\/media?parent=3194"}],"wp:term":[{"taxonomy":"category","embeddable":true,"href":"https:\/\/quechilero.com\/blog\/wp-json\/wp\/v2\/categories?post=3194"},{"taxonomy":"post_tag","embeddable":true,"href":"https:\/\/quechilero.com\/blog\/wp-json\/wp\/v2\/tags?post=3194"},{"taxonomy":"series","embeddable":true,"href":"https:\/\/quechilero.com\/blog\/wp-json\/wp\/v2\/series?post=3194"}],"curies":[{"name":"wp","href":"https:\/\/api.w.org\/{rel}","templated":true}]}}