{"id":31846,"date":"2023-07-27T06:00:51","date_gmt":"2023-07-27T12:00:51","guid":{"rendered":"https:\/\/quechilero.com\/blog\/?p=31846"},"modified":"2023-11-20T19:08:30","modified_gmt":"2023-11-21T01:08:30","slug":"con-los-audifonos-en-el-gimnasio-parte-2","status":"publish","type":"post","link":"https:\/\/quechilero.com\/blog\/2023\/07\/27\/con-los-audifonos-en-el-gimnasio-parte-2\/","title":{"rendered":"Con los aud\u00edfonos en el gimnasio, parte 2"},"content":{"rendered":"<p>As\u00ed es amigos, ac\u00e1 les presento las conclusiones, del experimento que hice en el gimnasio, de tratar de llevar los aud\u00edfonos todo el tiempo que estuve haciendo ejercicio.<\/p>\n<p>Les puedo adelantar que no fue una experiencia de lo mejor, aunque no me desagrad\u00f3 completamente, sinceramente pens\u00e9 que iba a ser peor pero no, sali\u00f3 mejor de lo que esperaba.<\/p>\n<p>Tampoco hubo mareo ni desorientaci\u00f3n, aunque debo decir que no todo el tiempo estuve con aud\u00edfonos, principalmente por las personas que me hablaban, no lo puedo evitar y no se como hay quienes se abstraen totalmente del mundo de esa forma. Sin embargo sigo prefiriendo el sonido ambiente, m\u00e1s no la m\u00fasica que \u00faltimamente est\u00e1n poniendo en el gimnasio.<\/p>\n<p>Tener los aud\u00edfonos puestos crea una barrera, eso no me gust\u00f3. En conclusi\u00f3n puedo decir que la experiencia vali\u00f3 un 6.5 de 10 puntos.<\/p>\n<p>Con aud\u00edfonos o sin ellos, denle clic al bot\u00f3n del play y acomp\u00e1\u00f1enme en esta nueva aventura de\u00a0<em>Daily Gym<\/em>.<\/p>\n","protected":false},"excerpt":{"rendered":"<p>As\u00ed es amigos, ac\u00e1 les presento las conclusiones, del experimento que hice en el gimnasio, de tratar de llevar los aud\u00edfonos todo el tiempo que estuve haciendo ejercicio. Les puedo adelantar que no fue una experiencia de lo mejor, aunque no me desagrad\u00f3 completamente, sinceramente pens\u00e9 que iba a ser peor pero no, sali\u00f3 mejor &#8230; <a title=\"Con los aud\u00edfonos en el gimnasio, parte 2\" class=\"read-more\" href=\"https:\/\/quechilero.com\/blog\/2023\/07\/27\/con-los-audifonos-en-el-gimnasio-parte-2\/\" aria-label=\"Leer m\u00e1s sobre Con los aud\u00edfonos en el gimnasio, parte 2\">Leer m\u00e1s<\/a><\/p>\n","protected":false},"author":1,"featured_media":30923,"comment_status":"open","ping_status":"closed","sticky":false,"template":"","format":"standard","meta":{"advanced_seo_description":"","jetpack_seo_html_title":"","jetpack_seo_noindex":false,"jetpack_seo_schema_type":"","episode_type":"audio","audio_file":"https:\/\/chtbl.com\/track\/898133\/http:\/\/media.blubrry.com\/quechilero\/p\/dts.podtrac.com\/redirect.mp3\/archive.org\/download\/DailyGymPodcast\/0153-ConLosAudifonosEnElGimnasioParte2.mp3","podmotor_file_id":"","podmotor_episode_id":"","cover_image":"","cover_image_id":"","duration":"7:24","filesize":"6.99M","filesize_raw":"7331102","date_recorded":"2023-07-27 06:00:51","explicit":"","block":"","_jetpack_newsletter_access":"","_jetpack_dont_email_post_to_subs":false,"_jetpack_newsletter_tier_id":0,"_jetpack_memberships_contains_paywalled_content":false,"_jetpack_feature_clip_id":0,"_jetpack_memberships_contains_paid_content":false,"footnotes":"","jetpack_publicize_message":"Con los aud\u00edfonos en el gimnasio, parte 2","jetpack_publicize_feature_enabled":true,"jetpack_social_post_already_shared":true,"jetpack_social_options":{"image_generator_settings":{"template":"highway","default_image_id":0,"font":"","enabled":false},"version":2},"jetpack_post_was_ever_published":false},"categories":[142,111],"tags":[145,5],"series":[143],"class_list":["post-31846","post","type-post","status-publish","format-standard","has-post-thumbnail","hentry","category-daily-gym","category-podcast","tag-gimnasio","tag-tiempo","series-daily-gym"],"episode_featured_image":"https:\/\/quechilero.com\/blog\/imagenes\/DailyGym.jpg","episode_player_image":"https:\/\/i0.wp.com\/quechilero.com\/blog\/imagenes\/dailygym.png?fit=3000%2C3000&ssl=1","download_link":"https:\/\/quechilero.com\/blog\/podcast-download\/31846\/con-los-audifonos-en-el-gimnasio-parte-2.mp3","player_link":"https:\/\/quechilero.com\/blog\/podcast-player\/31846\/con-los-audifonos-en-el-gimnasio-parte-2.mp3","audio_player":null,"episode_data":{"playerMode":"dark","subscribeUrls":{"amazon":{"key":"amazon","url":"https:\/\/www.amazon.com\/-\/es\/dp\/B0BYPK9ZSM","label":"Amazon","class":"amazon","icon":"amazon.png"},"apple_podcasts":{"key":"apple_podcasts","url":"https:\/\/podcasts.apple.com\/us\/podcast\/daily-gym\/id1677426346","label":"Apple Podcasts","class":"apple_podcasts","icon":"apple-podcasts.png"},"castbox":{"key":"castbox","url":"https:\/\/castbox.fm\/ch\/5357433","label":"CastBox","class":"castbox","icon":"castbox.png"},"deezer":{"key":"deezer","url":"https:\/\/deezer.com\/show\/5852587","label":"Deezer","class":"deezer","icon":"deezer.png"},"google_podcasts":{"key":"google_podcasts","url":"https:\/\/podcasts.google.com\/feed\/aHR0cHM6Ly9mZWVkLnF1ZWNoaWxlcm8uY29tL0RhaWx5R3lt","label":"Google Podcasts","class":"google_podcasts","icon":"google-podcasts.png"},"listen_notes":{"key":"listen_notes","url":"https:\/\/www.listennotes.com\/podcasts\/daily-gym-pepe-barrascout-ortiz-nIA4zXxFo5R\/","label":"Listen Notes","class":"listen_notes","icon":"listen-notes.png"},"pandora":{"key":"pandora","url":"https:\/\/www.pandora.com\/podcast\/daily-gym\/PC:1001061901","label":"Pandora","class":"pandora","icon":"pandora.png"},"podbean":{"key":"podbean","url":"https:\/\/www.podbean.com\/podcast-detail\/ixr58-2a889f\/Daily-Gym-Podcast","label":"Podbean","class":"podbean","icon":"podbean.png"},"podcast_republic":{"key":"podcast_republic","url":"https:\/\/podcastrepublic.net\/podcast\/1677426346","label":"Podcast Republic","class":"podcast_republic","icon":"podcast-republic.png"},"rss":{"key":"rss","url":"https:\/\/feed.quechilero.com\/DailyGym","label":"RSS","class":"rss","icon":"rss.png"},"spotify":{"key":"spotify","url":"https:\/\/open.spotify.com\/show\/4Y1KFDhhQtcd2r6GjPYfwZ","label":"Spotify","class":"spotify","icon":"spotify.png"},"stitcher":{"key":"stitcher","url":"https:\/\/www.stitcher.com\/show\/1061901","label":"Stitcher","class":"stitcher","icon":"stitcher.png"},"tunein":{"key":"tunein","url":"https:\/\/tunein.com\/radio\/Daily-Gym-p3543371\/","label":"TuneIn","class":"tunein","icon":"tunein.png"},"youtube":{"key":"youtube","url":"https:\/\/www.youtube.com\/playlist?list=PLFEyq_4cbW9EybrGOIX93MoUdSd0KiLtB","label":"YouTube","class":"youtube","icon":"youtube.png"},"iheartradio":{"key":"iheartradio","url":"https:\/\/iheart.com\/podcast\/110695694\/","label":"iHeartRadio","class":"iheartradio","icon":"iheartradio.png"},"ivoox":{"key":"ivoox","url":"https:\/\/www.ivoox.com\/podcast-daily-gym_sq_f11872154_1.html","label":"iVoox","class":"ivoox","icon":"ivoox.png"}},"rssFeedUrl":"https:\/\/quechilero.com\/blog\/feed\/podcast\/daily-gym","embedCode":"<blockquote class=\"wp-embedded-content\" data-secret=\"BO6bVGmnzI\"><a href=\"https:\/\/quechilero.com\/blog\/2023\/07\/27\/con-los-audifonos-en-el-gimnasio-parte-2\/\">Con los aud\u00edfonos en el gimnasio, parte 2<\/a><\/blockquote><iframe sandbox=\"allow-scripts\" security=\"restricted\" src=\"https:\/\/quechilero.com\/blog\/2023\/07\/27\/con-los-audifonos-en-el-gimnasio-parte-2\/embed\/#?secret=BO6bVGmnzI\" width=\"500\" height=\"350\" title=\"\u00abCon los aud\u00edfonos en el gimnasio, parte 2\u00bb \u2014 Si la Vida nos da Limones...\" data-secret=\"BO6bVGmnzI\" frameborder=\"0\" marginwidth=\"0\" marginheight=\"0\" scrolling=\"no\" class=\"wp-embedded-content\"><\/iframe><script>\n\/*! This file is auto-generated *\/\n!function(d,l){\"use strict\";l.querySelector&&d.addEventListener&&\"undefined\"!=typeof URL&&(d.wp=d.wp||{},d.wp.receiveEmbedMessage||(d.wp.receiveEmbedMessage=function(e){var t=e.data;if((t||t.secret||t.message||t.value)&&!\/[^a-zA-Z0-9]\/.test(t.secret)){for(var s,r,n,a=l.querySelectorAll('iframe[data-secret=\"'+t.secret+'\"]'),o=l.querySelectorAll('blockquote[data-secret=\"'+t.secret+'\"]'),c=new RegExp(\"^https?:$\",\"i\"),i=0;i<o.length;i++)o[i].style.display=\"none\";for(i=0;i<a.length;i++)s=a[i],e.source===s.contentWindow&&(s.removeAttribute(\"style\"),\"height\"===t.message?(1e3<(r=parseInt(t.value,10))?r=1e3:~~r<200&&(r=200),s.height=r):\"link\"===t.message&&(r=new URL(s.getAttribute(\"src\")),n=new URL(t.value),c.test(n.protocol))&&n.host===r.host&&l.activeElement===s&&(d.top.location.href=t.value))}},d.addEventListener(\"message\",d.wp.receiveEmbedMessage,!1),l.addEventListener(\"DOMContentLoaded\",function(){for(var e,t,s=l.querySelectorAll(\"iframe.wp-embedded-content\"),r=0;r<s.length;r++)(t=(e=s[r]).getAttribute(\"data-secret\"))||(t=Math.random().toString(36).substring(2,12),e.src+=\"#?secret=\"+t,e.setAttribute(\"data-secret\",t)),e.contentWindow.postMessage({message:\"ready\",secret:t},\"*\")},!1)))}(window,document);\n\/\/# sourceURL=https:\/\/quechilero.com\/blog\/wp-includes\/js\/wp-embed.min.js\n<\/script>\n"},"jetpack_publicize_connections":[],"jetpack_shortlink":"https:\/\/wp.me\/pDKli-8hE","jetpack_sharing_enabled":true,"jetpack-related-posts":[{"id":31845,"url":"https:\/\/quechilero.com\/blog\/2023\/07\/26\/con-los-audifonos-en-el-gimnasio\/","url_meta":{"origin":31846,"position":0},"title":"Con los aud\u00edfonos en el gimnasio","author":"Pepe Barrascout Ortiz","date":"26 julio 2023","format":false,"excerpt":"Amigos, en nombre de la ciencia, hoy har\u00e9 un experimento todo el d\u00eda con los aud\u00edfonos. Por hoy\u00a0intentar\u00e9, llevar los aud\u00edfonos todo el tiempo que est\u00e9 en el gimnasio y as\u00ed descubrir de primera mano, el por qu\u00e9 hay muchos que lo llevan. Dir\u00eda que un 40% de las personas\u2026","rel":"","context":"En \u00abDaily Gym\u00bb","block_context":{"text":"Daily Gym","link":"https:\/\/quechilero.com\/blog\/category\/podcast\/daily-gym\/"},"img":{"alt_text":"Daily Gym Podcast","src":"https:\/\/i0.wp.com\/quechilero.com\/blog\/imagenes\/DailyGym.jpg?fit=1200%2C675&ssl=1&resize=350%2C200","width":350,"height":200,"srcset":"https:\/\/i0.wp.com\/quechilero.com\/blog\/imagenes\/DailyGym.jpg?fit=1200%2C675&ssl=1&resize=350%2C200 1x, https:\/\/i0.wp.com\/quechilero.com\/blog\/imagenes\/DailyGym.jpg?fit=1200%2C675&ssl=1&resize=525%2C300 1.5x, https:\/\/i0.wp.com\/quechilero.com\/blog\/imagenes\/DailyGym.jpg?fit=1200%2C675&ssl=1&resize=700%2C400 2x, https:\/\/i0.wp.com\/quechilero.com\/blog\/imagenes\/DailyGym.jpg?fit=1200%2C675&ssl=1&resize=1050%2C600 3x"},"classes":[]},{"id":31212,"url":"https:\/\/quechilero.com\/blog\/2023\/04\/08\/los-audifonos\/","url_meta":{"origin":31846,"position":1},"title":"Los aud\u00edfonos","author":"Pepe Barrascout Ortiz","date":"8 abril 2023","format":false,"excerpt":"Los aud\u00edfonos, esos peque\u00f1os admin\u00edculos que se colocan en los o\u00eddos, sobre los o\u00eddos o incluso dentro de los o\u00eddos. As\u00ed es amigos, al menos la mitad, posiblemente, de los usuarios del gimnasio, en alg\u00fan momento del tiempo que pasan ejercit\u00e1ndose, usan aud\u00edfonos. Por supuesto, yo no los utilizo y\u2026","rel":"","context":"En \u00abDaily Gym\u00bb","block_context":{"text":"Daily Gym","link":"https:\/\/quechilero.com\/blog\/category\/podcast\/daily-gym\/"},"img":{"alt_text":"Daily Gym Podcast","src":"https:\/\/i0.wp.com\/quechilero.com\/blog\/imagenes\/DailyGym.jpg?fit=1200%2C675&ssl=1&resize=350%2C200","width":350,"height":200,"srcset":"https:\/\/i0.wp.com\/quechilero.com\/blog\/imagenes\/DailyGym.jpg?fit=1200%2C675&ssl=1&resize=350%2C200 1x, https:\/\/i0.wp.com\/quechilero.com\/blog\/imagenes\/DailyGym.jpg?fit=1200%2C675&ssl=1&resize=525%2C300 1.5x, https:\/\/i0.wp.com\/quechilero.com\/blog\/imagenes\/DailyGym.jpg?fit=1200%2C675&ssl=1&resize=700%2C400 2x, https:\/\/i0.wp.com\/quechilero.com\/blog\/imagenes\/DailyGym.jpg?fit=1200%2C675&ssl=1&resize=1050%2C600 3x"},"classes":[]},{"id":31216,"url":"https:\/\/quechilero.com\/blog\/2023\/04\/12\/las-notificaciones\/","url_meta":{"origin":31846,"position":2},"title":"Las notificaciones","author":"Pepe Barrascout Ortiz","date":"12 abril 2023","format":false,"excerpt":"En un episodio anterior, comento sobre los anuncios, avisos y recordatorios que regularmente se escuchan en el sonido ambiente. Hoy profundizo un poco m\u00e1s en el tema y hablo sobre como estas\u00a0notificaciones en general pueden llegar a ser poco efectivas, en cuanto al objetivo que persiguen. Hay varios factores que\u2026","rel":"","context":"En \u00abDaily Gym\u00bb","block_context":{"text":"Daily Gym","link":"https:\/\/quechilero.com\/blog\/category\/podcast\/daily-gym\/"},"img":{"alt_text":"Daily Gym Podcast","src":"https:\/\/i0.wp.com\/quechilero.com\/blog\/imagenes\/DailyGym.jpg?fit=1200%2C675&ssl=1&resize=350%2C200","width":350,"height":200,"srcset":"https:\/\/i0.wp.com\/quechilero.com\/blog\/imagenes\/DailyGym.jpg?fit=1200%2C675&ssl=1&resize=350%2C200 1x, https:\/\/i0.wp.com\/quechilero.com\/blog\/imagenes\/DailyGym.jpg?fit=1200%2C675&ssl=1&resize=525%2C300 1.5x, https:\/\/i0.wp.com\/quechilero.com\/blog\/imagenes\/DailyGym.jpg?fit=1200%2C675&ssl=1&resize=700%2C400 2x, https:\/\/i0.wp.com\/quechilero.com\/blog\/imagenes\/DailyGym.jpg?fit=1200%2C675&ssl=1&resize=1050%2C600 3x"},"classes":[]},{"id":31213,"url":"https:\/\/quechilero.com\/blog\/2023\/04\/09\/la-musica\/","url_meta":{"origin":31846,"position":3},"title":"La m\u00fasica","author":"Pepe Barrascout Ortiz","date":"9 abril 2023","format":false,"excerpt":"En otras ocasiones he comentado sobre la m\u00fasica en el gimnasio. En este episodio, hablo con m\u00e1s detalle del tema, sin faltar un an\u00e1lisis somero por cierto, sobre el tipo de m\u00fasica, el volumen, incluso comento sobre los bits de la m\u00fasica y algunos otros detalles t\u00e9cnicos al respecto. En\u2026","rel":"","context":"En \u00abDaily Gym\u00bb","block_context":{"text":"Daily Gym","link":"https:\/\/quechilero.com\/blog\/category\/podcast\/daily-gym\/"},"img":{"alt_text":"Daily Gym Podcast","src":"https:\/\/i0.wp.com\/quechilero.com\/blog\/imagenes\/DailyGym.jpg?fit=1200%2C675&ssl=1&resize=350%2C200","width":350,"height":200,"srcset":"https:\/\/i0.wp.com\/quechilero.com\/blog\/imagenes\/DailyGym.jpg?fit=1200%2C675&ssl=1&resize=350%2C200 1x, https:\/\/i0.wp.com\/quechilero.com\/blog\/imagenes\/DailyGym.jpg?fit=1200%2C675&ssl=1&resize=525%2C300 1.5x, https:\/\/i0.wp.com\/quechilero.com\/blog\/imagenes\/DailyGym.jpg?fit=1200%2C675&ssl=1&resize=700%2C400 2x, https:\/\/i0.wp.com\/quechilero.com\/blog\/imagenes\/DailyGym.jpg?fit=1200%2C675&ssl=1&resize=1050%2C600 3x"},"classes":[]},{"id":31819,"url":"https:\/\/quechilero.com\/blog\/2023\/07\/15\/asi-es-el-gimnasio-un-domingo\/","url_meta":{"origin":31846,"position":4},"title":"As\u00ed es el gimnasio un domingo","author":"Pepe Barrascout Ortiz","date":"15 julio 2023","format":false,"excerpt":"Hola amigos, como les cont\u00e9 en el episodio anterior, despu\u00e9s de m\u00e1s de medio a\u00f1o de asistir al gimnasio, finalmente y por primera vez, asist\u00ed un d\u00eda domingo. En este episodio les cuento cu\u00e1l fue mi plan de ejercicios para este d\u00eda, la intensidad con la que los hice y\u2026","rel":"","context":"En \u00abDaily Gym\u00bb","block_context":{"text":"Daily Gym","link":"https:\/\/quechilero.com\/blog\/category\/podcast\/daily-gym\/"},"img":{"alt_text":"Daily Gym Podcast","src":"https:\/\/i0.wp.com\/quechilero.com\/blog\/imagenes\/DailyGym.jpg?fit=1200%2C675&ssl=1&resize=350%2C200","width":350,"height":200,"srcset":"https:\/\/i0.wp.com\/quechilero.com\/blog\/imagenes\/DailyGym.jpg?fit=1200%2C675&ssl=1&resize=350%2C200 1x, https:\/\/i0.wp.com\/quechilero.com\/blog\/imagenes\/DailyGym.jpg?fit=1200%2C675&ssl=1&resize=525%2C300 1.5x, https:\/\/i0.wp.com\/quechilero.com\/blog\/imagenes\/DailyGym.jpg?fit=1200%2C675&ssl=1&resize=700%2C400 2x, https:\/\/i0.wp.com\/quechilero.com\/blog\/imagenes\/DailyGym.jpg?fit=1200%2C675&ssl=1&resize=1050%2C600 3x"},"classes":[]},{"id":31327,"url":"https:\/\/quechilero.com\/blog\/2023\/05\/11\/las-bicicletas\/","url_meta":{"origin":31846,"position":5},"title":"Las bicicletas","author":"Pepe Barrascout Ortiz","date":"11 mayo 2023","format":false,"excerpt":"Cuando reci\u00e9n vine a vivir a Escuintla, todos los d\u00edas o casi todos, sal\u00eda a recorrer 15 kil\u00f3metros diarios, de eso ya pas\u00f3 mucho tiempo. Tambi\u00e9n ha pasado bastante tiempo, cuando por Ciudad de Guatemala me movilizaba casi exclusivamente en bicicleta, claro que no exist\u00eda el tr\u00e1fico pesado que hay\u2026","rel":"","context":"En \u00abDaily Gym\u00bb","block_context":{"text":"Daily Gym","link":"https:\/\/quechilero.com\/blog\/category\/podcast\/daily-gym\/"},"img":{"alt_text":"Daily Gym Podcast","src":"https:\/\/i0.wp.com\/quechilero.com\/blog\/imagenes\/DailyGym.jpg?fit=1200%2C675&ssl=1&resize=350%2C200","width":350,"height":200,"srcset":"https:\/\/i0.wp.com\/quechilero.com\/blog\/imagenes\/DailyGym.jpg?fit=1200%2C675&ssl=1&resize=350%2C200 1x, https:\/\/i0.wp.com\/quechilero.com\/blog\/imagenes\/DailyGym.jpg?fit=1200%2C675&ssl=1&resize=525%2C300 1.5x, https:\/\/i0.wp.com\/quechilero.com\/blog\/imagenes\/DailyGym.jpg?fit=1200%2C675&ssl=1&resize=700%2C400 2x, https:\/\/i0.wp.com\/quechilero.com\/blog\/imagenes\/DailyGym.jpg?fit=1200%2C675&ssl=1&resize=1050%2C600 3x"},"classes":[]}],"jetpack_featured_media_url":"https:\/\/i0.wp.com\/quechilero.com\/blog\/imagenes\/DailyGym.jpg?fit=1280%2C720&ssl=1","_links":{"self":[{"href":"https:\/\/quechilero.com\/blog\/wp-json\/wp\/v2\/posts\/31846","targetHints":{"allow":["GET"]}}],"collection":[{"href":"https:\/\/quechilero.com\/blog\/wp-json\/wp\/v2\/posts"}],"about":[{"href":"https:\/\/quechilero.com\/blog\/wp-json\/wp\/v2\/types\/post"}],"author":[{"embeddable":true,"href":"https:\/\/quechilero.com\/blog\/wp-json\/wp\/v2\/users\/1"}],"replies":[{"embeddable":true,"href":"https:\/\/quechilero.com\/blog\/wp-json\/wp\/v2\/comments?post=31846"}],"version-history":[{"count":2,"href":"https:\/\/quechilero.com\/blog\/wp-json\/wp\/v2\/posts\/31846\/revisions"}],"predecessor-version":[{"id":31931,"href":"https:\/\/quechilero.com\/blog\/wp-json\/wp\/v2\/posts\/31846\/revisions\/31931"}],"wp:featuredmedia":[{"embeddable":true,"href":"https:\/\/quechilero.com\/blog\/wp-json\/wp\/v2\/media\/30923"}],"wp:attachment":[{"href":"https:\/\/quechilero.com\/blog\/wp-json\/wp\/v2\/media?parent=31846"}],"wp:term":[{"taxonomy":"category","embeddable":true,"href":"https:\/\/quechilero.com\/blog\/wp-json\/wp\/v2\/categories?post=31846"},{"taxonomy":"post_tag","embeddable":true,"href":"https:\/\/quechilero.com\/blog\/wp-json\/wp\/v2\/tags?post=31846"},{"taxonomy":"series","embeddable":true,"href":"https:\/\/quechilero.com\/blog\/wp-json\/wp\/v2\/series?post=31846"}],"curies":[{"name":"wp","href":"https:\/\/api.w.org\/{rel}","templated":true}]}}