{"id":317,"date":"2006-10-24T11:21:09","date_gmt":"2006-10-24T17:21:09","guid":{"rendered":"http:\/\/quechilero.com\/blog\/2006\/10\/24\/una-mala-y-una-buena-de-firefox-2\/"},"modified":"2006-10-24T11:21:09","modified_gmt":"2006-10-24T17:21:09","slug":"una-mala-y-una-buena-de-firefox-2","status":"publish","type":"post","link":"https:\/\/quechilero.com\/blog\/2006\/10\/24\/una-mala-y-una-buena-de-firefox-2\/","title":{"rendered":"Una mala y una buena de Firefox 2"},"content":{"rendered":"<p>Desde hace unos d\u00edas he estado siguiendo los avances que han tenido las diferentes RC1, luego RC2 y finalmente la RC3 de <a target=\"_blank\" title=\"FireFox\" href=\"http:\/\/getfirefox.com\">FireFox<\/a> 2, sin embargo decid\u00ed no instalar ninguno de estos candidatos hasta que no saliera la versi\u00f3n definitiva.<\/p>\n<p>Posteriormente se anunci\u00f3 para hace algunas semanas que ya estar\u00eda disponible la versi\u00f3n 2 oficial, sin embargo se atras\u00f3 por diferentes causas. En lo personal ya estaba deseando que saliera la siguiente versi\u00f3n para instalarla en todas las m\u00e1quinas a las que tengo acceso.<\/p>\n<p>Finalmente le\u00ed que <a target=\"_blank\" href=\"http:\/\/www.techno.mayix.net\/2006\/10\/24\/firefox-2-ya-disponible-antes-de-ser-oficial\/\">ya estaba disponible para descargar<\/a> la versi\u00f3n 2, incluso antes de ser oficial, como la informaci\u00f3n viene de buena fuente, pues decid\u00ed que la espera ya hab\u00eda terminado y me decido descargar y luego instalar el FireFox 2.<\/p>\n<p>Como siempre, la descarga y la instalaci\u00f3n no tardaron m\u00e1s de tres minutos y fue cuando sucedi\u00f3: Todos los marcadores que ten\u00eda guardados, simplemente ya no estaban, las cuatro extensiones que uso, simplemente no funcionaban y los motores de b\u00fasqueda hab\u00edan desaparecido.<\/p>\n<p>Lo que mas me molest\u00f3 fue que hab\u00eda perdido todos los marcadores, mis p\u00e1ginas favoritas pens\u00e9 y trat\u00e9 de recordar las m\u00e1s de cuarenta p\u00e1ginas que normalmente visito para poder agregarlas nuevamente en forma manual, lo de las extensiones no mucho me import\u00f3 porque al ser cuatro, pens\u00e9 que r\u00e1pidamente las volver\u00eda a instalar al igual que los motores de b\u00fasqueda, pero los marcadores&#8230; eso si me molestaba.<\/p>\n<p>Empezamos con mal pie FireFox 2.<\/p>\n<p>Entonces fue cuando pens\u00e9: <em>\u00abya no tengo nada que perder\u00bb<\/em>, voy a reinstalar la versi\u00f3n 1.5.0.7 que era la que ten\u00eda, realmente la versi\u00f3n 2 no me estaba gustando y fue cuando ocurri\u00f3 el milagro, mi querido FireFox estaba como si nada hubiera pasado, todos mis marcadores, mis motores de b\u00fasqueda y mis extensiones intactas, incluso hasta carg\u00f3 la \u00faltima sesi\u00f3n que estaba viendo.<\/p>\n<p>As\u00ed que una mala y una buena de FireFox, definitivamente no creo que con otro software se hubiera podido hacer eso y toda la operaci\u00f3n no me llev\u00f3 m\u00e1s de 12 minutos, incluyendo la descarga de la versi\u00f3n 2, instalaci\u00f3n, descepci\u00f3n, reinstalaci\u00f3n de la 1.5.0.7 y alivio.<\/p>\n<p><strong>Moraleja<\/strong>: voy a esperar a que anuncien oficialmente la salida de la versi\u00f3n 2.<\/p>\n","protected":false},"excerpt":{"rendered":"<p>Desde hace unos d\u00edas he estado siguiendo los avances que han tenido las diferentes RC1, luego RC2 y finalmente la RC3 de FireFox 2, sin embargo decid\u00ed no instalar ninguno de estos candidatos hasta que no saliera la versi\u00f3n definitiva. Posteriormente se anunci\u00f3 para hace algunas semanas que ya estar\u00eda disponible la versi\u00f3n 2 oficial, &#8230; <a title=\"Una mala y una buena de Firefox 2\" class=\"read-more\" href=\"https:\/\/quechilero.com\/blog\/2006\/10\/24\/una-mala-y-una-buena-de-firefox-2\/\" aria-label=\"Leer m\u00e1s sobre Una mala y una buena de Firefox 2\">Leer m\u00e1s<\/a><\/p>\n","protected":false},"author":1,"featured_media":0,"comment_status":"open","ping_status":"open","sticky":false,"template":"","format":"standard","meta":{"advanced_seo_description":"","jetpack_seo_html_title":"","jetpack_seo_noindex":false,"jetpack_seo_schema_type":"","episode_type":"","audio_file":"","podmotor_file_id":"","podmotor_episode_id":"","cover_image":"","cover_image_id":"","duration":"","filesize":"","filesize_raw":"","date_recorded":"","explicit":"","block":"","_jetpack_newsletter_access":"","_jetpack_dont_email_post_to_subs":false,"_jetpack_newsletter_tier_id":0,"_jetpack_memberships_contains_paywalled_content":false,"_jetpack_feature_clip_id":0,"_jetpack_memberships_contains_paid_content":false,"footnotes":"","jetpack_publicize_message":"","jetpack_publicize_feature_enabled":true,"jetpack_social_post_already_shared":false,"jetpack_social_options":{"image_generator_settings":{"template":"highway","default_image_id":0,"font":"","enabled":false},"version":2},"jetpack_post_was_ever_published":false},"categories":[2],"tags":[70],"series":[],"class_list":["post-317","post","type-post","status-publish","format-standard","hentry","category-limones","tag-descarga"],"episode_featured_image":false,"episode_player_image":"https:\/\/i0.wp.com\/quechilero.com\/blog\/imagenes\/podcast.png?fit=1831%2C1831&ssl=1","download_link":"","player_link":"","audio_player":false,"episode_data":{"playerMode":"dark","subscribeUrls":{"amazon":{"key":"amazon","url":"","label":"Amazon","class":"amazon","icon":"amazon.png"},"apple_podcasts":{"key":"apple_podcasts","url":"","label":"Apple Podcasts","class":"apple_podcasts","icon":"apple-podcasts.png"},"castbox":{"key":"castbox","url":"","label":"CastBox","class":"castbox","icon":"castbox.png"},"deezer":{"key":"deezer","url":"","label":"Deezer","class":"deezer","icon":"deezer.png"},"google_podcasts":{"key":"google_podcasts","url":"","label":"Google Podcasts","class":"google_podcasts","icon":"google-podcasts.png"},"listen_notes":{"key":"listen_notes","url":"","label":"Listen Notes","class":"listen_notes","icon":"listen-notes.png"},"pandora":{"key":"pandora","url":"","label":"Pandora","class":"pandora","icon":"pandora.png"},"podbean":{"key":"podbean","url":"","label":"Podbean","class":"podbean","icon":"podbean.png"},"podcast_republic":{"key":"podcast_republic","url":"","label":"Podcast Republic","class":"podcast_republic","icon":"podcast-republic.png"},"rss":{"key":"rss","url":"","label":"RSS","class":"rss","icon":"rss.png"},"spotify":{"key":"spotify","url":"","label":"Spotify","class":"spotify","icon":"spotify.png"},"stitcher":{"key":"stitcher","url":"","label":"Stitcher","class":"stitcher","icon":"stitcher.png"},"tunein":{"key":"tunein","url":"","label":"TuneIn","class":"tunein","icon":"tunein.png"},"youtube":{"key":"youtube","url":"","label":"YouTube","class":"youtube","icon":"youtube.png"},"iheartradio":{"key":"iheartradio","url":"","label":"iHeartRadio","class":"iheartradio","icon":"iheartradio.png"},"ivoox":{"key":"ivoox","url":"","label":"iVoox","class":"ivoox","icon":"ivoox.png"}},"rssFeedUrl":"https:\/\/quechilero.com\/blog\/feed\/podcast\/si-la-vida-nos-da-limones","embedCode":"<blockquote class=\"wp-embedded-content\" data-secret=\"bRlKTDOIL8\"><a href=\"https:\/\/quechilero.com\/blog\/2006\/10\/24\/una-mala-y-una-buena-de-firefox-2\/\">Una mala y una buena de Firefox 2<\/a><\/blockquote><iframe sandbox=\"allow-scripts\" security=\"restricted\" src=\"https:\/\/quechilero.com\/blog\/2006\/10\/24\/una-mala-y-una-buena-de-firefox-2\/embed\/#?secret=bRlKTDOIL8\" width=\"500\" height=\"350\" title=\"\u00abUna mala y una buena de Firefox 2\u00bb \u2014 Si la Vida nos da Limones...\" data-secret=\"bRlKTDOIL8\" frameborder=\"0\" marginwidth=\"0\" marginheight=\"0\" scrolling=\"no\" class=\"wp-embedded-content\"><\/iframe><script>\n\/*! This file is auto-generated *\/\n!function(d,l){\"use strict\";l.querySelector&&d.addEventListener&&\"undefined\"!=typeof URL&&(d.wp=d.wp||{},d.wp.receiveEmbedMessage||(d.wp.receiveEmbedMessage=function(e){var t=e.data;if((t||t.secret||t.message||t.value)&&!\/[^a-zA-Z0-9]\/.test(t.secret)){for(var s,r,n,a=l.querySelectorAll('iframe[data-secret=\"'+t.secret+'\"]'),o=l.querySelectorAll('blockquote[data-secret=\"'+t.secret+'\"]'),c=new RegExp(\"^https?:$\",\"i\"),i=0;i<o.length;i++)o[i].style.display=\"none\";for(i=0;i<a.length;i++)s=a[i],e.source===s.contentWindow&&(s.removeAttribute(\"style\"),\"height\"===t.message?(1e3<(r=parseInt(t.value,10))?r=1e3:~~r<200&&(r=200),s.height=r):\"link\"===t.message&&(r=new URL(s.getAttribute(\"src\")),n=new URL(t.value),c.test(n.protocol))&&n.host===r.host&&l.activeElement===s&&(d.top.location.href=t.value))}},d.addEventListener(\"message\",d.wp.receiveEmbedMessage,!1),l.addEventListener(\"DOMContentLoaded\",function(){for(var e,t,s=l.querySelectorAll(\"iframe.wp-embedded-content\"),r=0;r<s.length;r++)(t=(e=s[r]).getAttribute(\"data-secret\"))||(t=Math.random().toString(36).substring(2,12),e.src+=\"#?secret=\"+t,e.setAttribute(\"data-secret\",t)),e.contentWindow.postMessage({message:\"ready\",secret:t},\"*\")},!1)))}(window,document);\n\/\/# sourceURL=https:\/\/quechilero.com\/blog\/wp-includes\/js\/wp-embed.min.js\n<\/script>\n"},"jetpack_publicize_connections":[],"jetpack_shortlink":"https:\/\/wp.me\/pDKli-57","jetpack_sharing_enabled":true,"jetpack-related-posts":[{"id":321,"url":"https:\/\/quechilero.com\/blog\/2006\/10\/26\/antes-de-instalar-firefox-2\/","url_meta":{"origin":317,"position":0},"title":"Antes de instalar FireFox 2","author":"Pepe Barrascout Ortiz","date":"26 octubre 2006","format":false,"excerpt":"Despu\u00e9s de la decepci\u00f3n que llev\u00e9 cuando instal\u00e9 FireFox 2 por primera vez, y todo por hacerlo antes de tiempo y no esperar el lanzamiento oficial pens\u00e9 en esperar un rato mas. As\u00ed como lo dije en su oportunidad, decid\u00ed que mejor iba a esperar el lanzamiento oficial y luego\u2026","rel":"","context":"En \u00abLimones\u00bb","block_context":{"text":"Limones","link":"https:\/\/quechilero.com\/blog\/category\/limones\/"},"img":{"alt_text":"","src":"","width":0,"height":0},"classes":[]},{"id":472,"url":"https:\/\/quechilero.com\/blog\/2007\/02\/26\/aventrua-linux-dia-2\/","url_meta":{"origin":317,"position":1},"title":"Aventrua Linux. D\u00eda 2","author":"Pepe Barrascout Ortiz","date":"26 febrero 2007","format":false,"excerpt":"Al finalizar el primer d\u00eda de uso de Linux y de estar dando \"vueltas\" en las opciones que tiene de configuraci\u00f3n, me decido a empezar a trabajar ya de lleno y de forma normal. Firefox, no encuentro el navegador FireFox por ning\u00fan lado, definitivamente no est\u00e1 instalado y en el\u2026","rel":"","context":"En \u00abLimones\u00bb","block_context":{"text":"Limones","link":"https:\/\/quechilero.com\/blog\/category\/limones\/"},"img":{"alt_text":"","src":"","width":0,"height":0},"classes":[]},{"id":73,"url":"https:\/\/quechilero.com\/blog\/2006\/07\/29\/actualizacion-de-firefox\/","url_meta":{"origin":317,"position":2},"title":"Actualizaci\u00f3n de Firefox","author":"Pepe Barrascout Ortiz","date":"29 julio 2006","format":false,"excerpt":"Firefox, reci\u00e9n ha sacado la actualizaci\u00f3n 1.5.0.5 en la cual, seg\u00fan el sitio de fixes (Known Vulnerabilities in Mozilla Products), han arreglado 12 deficiencias que ten\u00eda la versi\u00f3n 1.5.0.4 con estas llega a 56 desde que sali\u00f3 la versi\u00f3n 1.0, por mucho sigue siendo menos que las que podemos encontrar\u2026","rel":"","context":"En \u00abLimones\u00bb","block_context":{"text":"Limones","link":"https:\/\/quechilero.com\/blog\/category\/limones\/"},"img":{"alt_text":"Firefox","src":"https:\/\/i0.wp.com\/static.flickr.com\/72\/200608477_ecbbc0093d_o.png?resize=350%2C200","width":350,"height":200},"classes":[]},{"id":100,"url":"https:\/\/quechilero.com\/blog\/2006\/08\/01\/firefox-200000000\/","url_meta":{"origin":317,"position":3},"title":"FireFox &#8211; 200,000,000","author":"Pepe Barrascout Ortiz","date":"1 agosto 2006","format":false,"excerpt":"Parece que ese es el n\u00famero de moda en estos d\u00edas, anteayer coment\u00e1bamos que Flickr el sevicio de hospedaje de im\u00e1genes hab\u00eda llegado a la im\u00e1gen 200,000,000, ahora desde Spread Firefox informan que ayer se alcanz\u00f3 este n\u00famero en las descargas del cada vez m\u00e1s popular navegador. Sin embargo como\u2026","rel":"","context":"En \u00abLimones\u00bb","block_context":{"text":"Limones","link":"https:\/\/quechilero.com\/blog\/category\/limones\/"},"img":{"alt_text":"Firefox 200 millones","src":"https:\/\/i0.wp.com\/static.flickr.com\/76\/203896780_981d5072ed.jpg?resize=350%2C200","width":350,"height":200},"classes":[]},{"id":80,"url":"https:\/\/quechilero.com\/blog\/2006\/07\/31\/el-uso-de-memoria-en-firefox\/","url_meta":{"origin":317,"position":4},"title":"El uso de memoria en Firefox","author":"Pepe Barrascout Ortiz","date":"31 julio 2006","format":false,"excerpt":"Un art\u00edculo interesante sobre las p\u00e9rdidas de memoria en Firefox. Se puede leer como identificarlos y lo que se puede hacer. Incluye un listado de los elementos conocidos de p\u00e9rdida de memoria. El texto fue traducido al espa\u00f1ol del original en ingl\u00e9s. La traducci\u00f3n estubo a cargo de www.enespanol.com.ar El\u2026","rel":"","context":"En \u00abLimones\u00bb","block_context":{"text":"Limones","link":"https:\/\/quechilero.com\/blog\/category\/limones\/"},"img":{"alt_text":"Firefox","src":"https:\/\/i0.wp.com\/static.flickr.com\/72\/200608477_ecbbc0093d_o.png?resize=350%2C200","width":350,"height":200},"classes":[]},{"id":473,"url":"https:\/\/quechilero.com\/blog\/2007\/02\/27\/aventrua-linux-dia-3\/","url_meta":{"origin":317,"position":5},"title":"Aventrua Linux. D\u00eda 3","author":"Pepe Barrascout Ortiz","date":"27 febrero 2007","format":false,"excerpt":"En un inicio tuve problemas con el monitor, todo era muy lento y mover una ventana de un lugar a otro o desplazarse hacia abajo en una p\u00e1gina era horrible, hasta par\u00e9 mareado. Todo se arregl\u00f3 al descargar los drivers para mi tarjeta de video, de tal suerte ya el\u2026","rel":"","context":"En \u00abLimones\u00bb","block_context":{"text":"Limones","link":"https:\/\/quechilero.com\/blog\/category\/limones\/"},"img":{"alt_text":"","src":"","width":0,"height":0},"classes":[]}],"jetpack_featured_media_url":"","_links":{"self":[{"href":"https:\/\/quechilero.com\/blog\/wp-json\/wp\/v2\/posts\/317","targetHints":{"allow":["GET"]}}],"collection":[{"href":"https:\/\/quechilero.com\/blog\/wp-json\/wp\/v2\/posts"}],"about":[{"href":"https:\/\/quechilero.com\/blog\/wp-json\/wp\/v2\/types\/post"}],"author":[{"embeddable":true,"href":"https:\/\/quechilero.com\/blog\/wp-json\/wp\/v2\/users\/1"}],"replies":[{"embeddable":true,"href":"https:\/\/quechilero.com\/blog\/wp-json\/wp\/v2\/comments?post=317"}],"version-history":[{"count":0,"href":"https:\/\/quechilero.com\/blog\/wp-json\/wp\/v2\/posts\/317\/revisions"}],"wp:attachment":[{"href":"https:\/\/quechilero.com\/blog\/wp-json\/wp\/v2\/media?parent=317"}],"wp:term":[{"taxonomy":"category","embeddable":true,"href":"https:\/\/quechilero.com\/blog\/wp-json\/wp\/v2\/categories?post=317"},{"taxonomy":"post_tag","embeddable":true,"href":"https:\/\/quechilero.com\/blog\/wp-json\/wp\/v2\/tags?post=317"},{"taxonomy":"series","embeddable":true,"href":"https:\/\/quechilero.com\/blog\/wp-json\/wp\/v2\/series?post=317"}],"curies":[{"name":"wp","href":"https:\/\/api.w.org\/{rel}","templated":true}]}}