{"id":3163,"date":"2009-07-31T08:00:38","date_gmt":"2009-07-31T14:00:38","guid":{"rendered":"http:\/\/quechilero.com\/blog\/?p=3163"},"modified":"2009-07-31T08:00:38","modified_gmt":"2009-07-31T14:00:38","slug":"maraton-de-blogs-2009","status":"publish","type":"post","link":"https:\/\/quechilero.com\/blog\/2009\/07\/31\/maraton-de-blogs-2009\/","title":{"rendered":"Marat\u00f3n de Blogs 2009"},"content":{"rendered":"<p><a href=\"http:\/\/quechilero.com\/blog\/2009\/07\/31\/maraton-de-blogs-2009\/\"><img data-recalc-dims=\"1\" loading=\"lazy\" decoding=\"async\" class=\"alignnone\" style=\"border: 0pt none;\" src=\"https:\/\/i0.wp.com\/i392.photobucket.com\/albums\/pp7\/pepejaguar\/maraton2009\/maraton2009.jpg?resize=550%2C95\" alt=\"Marat\u00f3n de Blogs 2009\" width=\"550\" height=\"95\" \/><\/a><\/p>\n<p>En el a\u00f1o 2006, inici\u00f3 la <strong>Marat\u00f3n de Blogs<\/strong>, este a\u00f1o en su <em>cuarta edici\u00f3n<\/em> sigue evolucionando la <em>tradici\u00f3n<\/em>. El objetivo principal es la <em>difusi\u00f3n de los blogs<\/em>, aunado a las actividades promovidas por el <em>\u201c<a title=\"Blog Day\" href=\"http:\/\/www.blogday.org\/\" target=\"_blank\">Blog Day<\/a>\u00ab<\/em>.<\/p>\n<p>Haciendo una peque\u00f1a recopilaci\u00f3n y remembranza de los tres a\u00f1os anteriores:<\/p>\n<p><em><span style=\"text-decoration: underline;\"><strong>2006<\/strong><\/span><\/em>, iniciamos publicando un listado de algunos blogs que recomend\u00e9 su lectura en ese momento<strong>. <span style=\"text-decoration: underline;\"><em>2007<\/em><\/span><\/strong>, durante todo el mes, seleccion\u00e9 algunos posts interesantes de <a title=\"Blogs de Guatemala\" href=\"http:\/\/blogsdeguatemala.com\/\" target=\"_blank\">Blogs de Guatemala<\/a>, que en esa \u00e9poca segu\u00eda regularmente. <strong><span style=\"text-decoration: underline;\"><em>2008<\/em><\/span>,<\/strong> con una <a title=\"Marat\u00f3n de Blogs 2008\" href=\"http:\/\/quechilero.com\/blog\/2008\/07\/31\/maraton-de-blogs-2008\/\">lista de mas de 30 blogs<\/a>, a lo largo de <em>agosto<\/em>, publiqu\u00e9 una breve rese\u00f1a dando a conocer algunos de mis blogs favoritos, mostrando sus caracter\u00edsticas mas representativas.<\/p>\n<p><strong><span style=\"text-decoration: underline;\"><em>2009<\/em><\/span>,<\/strong> para este a\u00f1o, la <strong>Marat\u00f3n de Blogs<\/strong>, deseo compartir con todos los lectores de <em>\u00abSi la vida nos da limones&#8230;\u00bb<\/em>, algunos de tantos blogs que <em>me gusta leer y seguir<\/em>, a manera de <em>tributuo y reconocimiento<\/em> al trabajo que realizan d\u00eda a d\u00eda sus respectivos autores.<\/p>\n<p>Aprovecho para invitar a quienes tambi\u00e9n tienen un blog, para que realicen, en la medida de las posibilidades de cada quien, una actividad similar, a fin de dar a conocer, los nuevos blogs emergentes y los ya consolidados, que de una u otra forma son nuestros favoritos.<\/p>\n<p><!--more--><\/p>\n<p>Para <em>referencias<\/em> siguientes, el <strong>Marat\u00f3n de Blogs 2009 <\/strong>queda listado de esta forma, sin ning\u00fan orden en particular: <em>(los textos se publicar\u00e1n en el d\u00eda indicado y a partir de esa fecha a las 8 de la ma\u00f1ana, estar\u00e1 activo el enlace)<\/em><\/p>\n<p><em>1 de agosto:<\/em> <a title=\"Marat\u00f3n de Blogs 2009\" href=\"http:\/\/quechilero.com\/blog\/2009\/08\/01\/maraton-de-blogs-recapitulando\/\">Recapitulando<\/a><\/p>\n<p><em>2 de agosto:<\/em> <a title=\"Marat\u00f3n de Blogs 2009\" href=\"http:\/\/quechilero.com\/blog\/2009\/08\/02\/maraton-de-blogs-rock-100-chapin\/\">Rock 100% Chap\u00ed\u00adn<\/a><\/p>\n<p><em>3 de agosto:<\/em> <a title=\"Marat\u00f3n de Blogs 2009\" href=\"http:\/\/quechilero.com\/blog\/2009\/08\/03\/maraton-de-blogs-commotio-cordis\/\">Commotio Cordis<\/a><\/p>\n<p><em>4 de agosto:<\/em> <a title=\"Marat\u00f3n de Blogs 2009\" href=\"http:\/\/quechilero.com\/blog\/2009\/08\/04\/maraton-de-blogs-historias-citadinas\/\">Historias Citadinas<\/a><\/p>\n<p><em>5 de agosto:<\/em> <a title=\"Marat\u00f3n de Blogs 2009\" href=\"http:\/\/quechilero.com\/blog\/2009\/08\/05\/maraton-de-blogs-inteligencia-catolica\/\">Inteligencia Cat\u00f3lica<\/a><\/p>\n<p><em>6 de agosto:<\/em> <a title=\"Marat\u00f3n de Blogs 2009\" href=\"http:\/\/quechilero.com\/blog\/2009\/08\/06\/maraton-de-blogs-diario-de-un-socialite\/\">Diario de un Socialit\u00e9<\/a><\/p>\n<p><em>7 de agosto:<\/em> <a title=\"Marat\u00f3n de Blogs 2009\" href=\"http:\/\/quechilero.com\/blog\/2009\/08\/07\/maraton-de-blogs-te-prometo-anarquia\/\">Te Prometo Anarqu\u00eda<\/a><\/p>\n<p><em>8 de agosto:<\/em> <a title=\"Marat\u00f3n de Blogs 2009\" href=\"http:\/\/quechilero.com\/blog\/2009\/08\/08\/maraton-de-blogs-el-zacapaneco\/\" target=\"_blank\">El Zacapaneco<\/a><\/p>\n<p><em>9 de agosto:<\/em> <a title=\"Marat\u00f3n de Blogs 2009\" href=\"http:\/\/quechilero.com\/blog\/2009\/08\/09\/maraton-de-blogs-mentes-kreativas\/\">Mentes Kreativas<\/a><\/p>\n<p><em>11 de agosto:<\/em> <a title=\"Marat\u00f3n de Blogs 2009\" href=\"http:\/\/quechilero.com\/blog\/2009\/08\/11\/maraton-de-blogs-mira-pue\/\">Mir\u00e1 pue<\/a><\/p>\n<p><em>12 de agosto:<\/em> <a title=\"Marat\u00f3n de Blogs 2009\" href=\"http:\/\/quechilero.com\/blog\/2009\/08\/12\/maraton-de-blogs-vistazo-chapin-plus\/\">Vistazo Chap\u00edn Plus<\/a><\/p>\n<p><em>13 de agosto:<\/em> <a title=\"Marat\u00f3n de Blogs 2009\" href=\"http:\/\/quechilero.com\/blog\/2009\/08\/13\/maraton-de-blogs-fe-de-rata\/\">Fe de Rata<\/a><\/p>\n<p><em>14 de agosto:<\/em> <a title=\"Marat\u00f3n de Blogs 2009\" href=\"http:\/\/quechilero.com\/blog\/2009\/08\/14\/maraton-de-blogs-luis-villacinda\/\">Luis Villacinda<\/a><\/p>\n<p><em>16 de agosto:<\/em> <a title=\"Marat\u00f3n de Blogs 2009\" href=\"http:\/\/quechilero.com\/blog\/2009\/08\/16\/maraton-de-blogs-el-chiltepe\/\">El Chiltepe<\/a><\/p>\n<p><em>17 de agosto:<\/em> <a title=\"Marat\u00f3n de Blogs 2009\" href=\"http:\/\/quechilero.com\/blog\/2009\/08\/17\/maraton-de-blogs-chamangt\/\">Chaman GT<\/a><\/p>\n<p><em>18 de agosto:<\/em> <a title=\"Marat\u00f3n de Blogs 2009\" href=\"http:\/\/quechilero.com\/blog\/2009\/08\/18\/maraton-de-blogs-todo-por-mi-guate\/\">Todo por mi Guate<\/a><\/p>\n<p><em>19 de agosto:<\/em> <a title=\"Marat\u00f3n de Blogs 2009\" href=\"http:\/\/quechilero.com\/blog\/2009\/08\/19\/maraton-de-blogs-voces-equilibradas\/\">Voces Equilibradas<\/a><\/p>\n<p><em>20 de agosto:<\/em> <a title=\"Marat\u00f3n de Blogs 2009\" href=\"http:\/\/quechilero.com\/blog\/2009\/08\/20\/maraton-de-blogs-magacin\/\">Magac\u00edn<\/a><\/p>\n<p><em>21 de agosto:<\/em> <a title=\"Marat\u00f3n de Blogs 2009\" href=\"http:\/\/quechilero.com\/blog\/2009\/08\/21\/maraton-de-blogs-blog-guatemala\/\">Blog Guatemala<\/a><\/p>\n<p><em>22 de agosto:<\/em> <a title=\"Marat\u00f3n de Blogs 2009\" href=\"http:\/\/quechilero.com\/blog\/2009\/08\/22\/maraton-de-blogs-una-hoja-de-papel\/\">Una Hoja de Papel<\/a><\/p>\n<p><em>23 de agosto:<\/em> <a title=\"Marat\u00f3n de Blogs 2009\" href=\"http:\/\/quechilero.com\/blog\/2009\/08\/23\/maraton-de-blogs-blogiob\/\">Blogiob<\/a><\/p>\n<p><em>24 de agosto:<\/em><a title=\"Marat\u00f3n de Blogs 2009\" href=\"http:\/\/quechilero.com\/blog\/2009\/08\/24\/maraton-de-blogs-inmunda-sua-agape\/\"> S\u00faa Agap\u00e9<\/a><\/p>\n<p><em>25 de agosto:<\/em> <a title=\"Marat\u00f3n de Blogs 2009\" href=\"http:\/\/quechilero.com\/blog\/2009\/08\/25\/maraton-de-blogs-el-blog-del-verde\/\">El Blog del Verde<\/a><\/p>\n<p><em>26 de agosto:<\/em> <a title=\"Marat\u00f3n de Blogs 2009\" href=\"http:\/\/quechilero.com\/blog\/2009\/08\/26\/maraton-de-blogs-obux-hecho-por-jose-kont\/\">ObuX hecho por Jose Kont<\/a><\/p>\n<p><em>27 de agosto:<\/em> <a title=\"Marat\u00f3n de Blogs 2009\" href=\"http:\/\/quechilero.com\/blog\/2009\/08\/27\/maraton-de-blogs-el-ultimo-de-paz\/\">El \u00faltimo De Paz<\/a><\/p>\n<p><em>28 de agosto:<\/em> <a title=\"Marat\u00f3n de Blogs 2009\" href=\"http:\/\/quechilero.com\/blog\/2009\/08\/28\/maraton-de-blogs-la-vida-es-un-soundtrack\/\">La vida es un Soundtrack<\/a><\/p>\n<p><em>29 de agosto:<\/em> <a title=\"Marat\u00f3n de Blogs 2009\" href=\"http:\/\/quechilero.com\/blog\/2009\/08\/29\/maraton-de-blogs-espacio-pq\/\">Espacio PQ<\/a><\/p>\n<p><em>30 de agosto:<\/em> <a title=\"Marat\u00f3n de Blogs 2009\" href=\"http:\/\/quechilero.com\/blog\/2009\/08\/30\/maraton-de-blogs-its-about-fucking-time\/\">It&#8217;s about fucking&#8217; time<\/a><\/p>\n<p><em>31 de agosto:<\/em> <a title=\"Marat\u00f3n de Blogs 2009\" href=\"http:\/\/quechilero.com\/blog\/2009\/08\/20\/maraton-de-blogs-sprint-final\">El Webmarketer, Feryac, Mishu, Caffe Amor, Chiquimula Online<\/a><\/p>\n<p>Al igual que el <a title=\"Marat\u00f3n de Blogs 2008\" href=\"http:\/\/quechilero.com\/blog\/2008\/07\/31\/maraton-de-blogs-2008\/\">a\u00f1o anterior<\/a>, para quienes deseen que haga una rese\u00f1a de su blog, la publicar\u00e9 el 31 de agosto, para celebrar el <em>\u201c<a title=\"Blog Day\" href=\"http:\/\/www.blogday.org\/\" target=\"_blank\">Blog Day<\/a>\u201d <\/em>para los primeros <strong>5 blogs<\/strong> que no se encuentren en el listado anterior y que lo soliciten en los comentarios.<\/p>\n<p>Para este a\u00f1o, como muestra de reconocimiento a los blogs que estar\u00e1n en la rese\u00f1a, estar\u00e9 <em>regalando <\/em><strong>dos nombres de dominio .com,<\/strong> a dos diferentes blogs que aparecen en el listado anterior, para obtenerlo, se seguir\u00e1 el siguiente procedimiento:<\/p>\n<ol>\n<li>Los blogs del listado, que deseen participar, pueden manifestar su inter\u00e9s, escribiendo un post en su propio blog y enlazarlo a esta entrada, motivando a sus lectores a apoyarlo, si el blog no manifiesta su inter\u00e9s, no se tomar\u00e1n en cuenta los comentarios que apoyen a ese blog.<\/li>\n<li>Despu\u00e9s de que el blog, ha manifestado su inter\u00e9s en participar, en el \u00e1rea de comentarios, indicar el blog al que desean apoyar, para que obtenga su <em>dominio<\/em>. No se tomar\u00e1n en cuenta los votos <em>an\u00f3nimos<\/em>, sin correo o con uno falso, solo se acepta un voto por persona. El ganador obtendr\u00e1 <em>un nombre de dominio para su blog<\/em>.<\/li>\n<li>El <em>otro nombre de dominio<\/em>, ser\u00e1 otorgado al blog, del listado anterior, que mas visitantes <em>\u00fanicos<\/em> env\u00ede desde su blog, seg\u00fan los resultados que arroje el sistema <em>Google Analytics<\/em>.<\/li>\n<li>Los comentarios y visitantes, se contabilizar\u00e1n desde el 1 de agosto hasta el 6 de septiembre 2009, el d\u00eda 10 se har\u00e1 oficial el resultado del concurso.<\/li>\n<\/ol>\n<p>Adem\u00e1s pueden dejar en los comentarios, los enlaces a sus<strong> blogs favoritos<\/strong> que quieran <em>recomendar<\/em>. Si quieren conocer, descubrir y seguir a mas de 1,800 blogs producidos por guatemaltecos, pueden visitar <a title=\"Blogs de Guatemala\" href=\"http:\/\/blogsdeguatemala.com\/\"><strong>Blogs de Guatemala<\/strong><\/a>.<\/p>\n","protected":false},"excerpt":{"rendered":"<p>En el a\u00f1o 2006, inici\u00f3 la Marat\u00f3n de Blogs, este a\u00f1o en su cuarta edici\u00f3n sigue evolucionando la tradici\u00f3n. El objetivo principal es la difusi\u00f3n de los blogs, aunado a las actividades promovidas por el \u201cBlog Day\u00ab. Haciendo una peque\u00f1a recopilaci\u00f3n y remembranza de los tres a\u00f1os anteriores: 2006, iniciamos publicando un listado de algunos &#8230; <a title=\"Marat\u00f3n de Blogs 2009\" class=\"read-more\" href=\"https:\/\/quechilero.com\/blog\/2009\/07\/31\/maraton-de-blogs-2009\/\" aria-label=\"Leer m\u00e1s sobre Marat\u00f3n de Blogs 2009\">Leer m\u00e1s<\/a><\/p>\n","protected":false},"author":1,"featured_media":0,"comment_status":"open","ping_status":"open","sticky":false,"template":"","format":"standard","meta":{"advanced_seo_description":"","jetpack_seo_html_title":"","jetpack_seo_noindex":false,"jetpack_seo_schema_type":"","episode_type":"","audio_file":"","podmotor_file_id":"","podmotor_episode_id":"","cover_image":"","cover_image_id":"","duration":"","filesize":"","filesize_raw":"","date_recorded":"","explicit":"","block":"","_jetpack_newsletter_access":"","_jetpack_dont_email_post_to_subs":false,"_jetpack_newsletter_tier_id":0,"_jetpack_memberships_contains_paywalled_content":false,"_jetpack_feature_clip_id":0,"_jetpack_memberships_contains_paid_content":false,"footnotes":"","jetpack_publicize_message":"","jetpack_publicize_feature_enabled":true,"jetpack_social_post_already_shared":false,"jetpack_social_options":{"image_generator_settings":{"template":"highway","default_image_id":0,"font":"","enabled":false},"version":2},"jetpack_post_was_ever_published":false},"categories":[61],"tags":[15,4,123,45,10,17,81,122,62,40,3,36,24],"series":[],"class_list":["post-3163","post","type-post","status-publish","format-standard","hentry","category-blogs-de-guatemala","tag-amor","tag-blog","tag-blogs-de-guatemala","tag-deseo","tag-guatemala","tag-historia","tag-lectura","tag-limones","tag-maraton","tag-paz","tag-resultados","tag-trabajo","tag-vida"],"episode_featured_image":false,"episode_player_image":"https:\/\/i0.wp.com\/quechilero.com\/blog\/imagenes\/podcast.png?fit=1831%2C1831&ssl=1","download_link":"","player_link":"","audio_player":false,"episode_data":{"playerMode":"dark","subscribeUrls":{"amazon":{"key":"amazon","url":"","label":"Amazon","class":"amazon","icon":"amazon.png"},"apple_podcasts":{"key":"apple_podcasts","url":"","label":"Apple Podcasts","class":"apple_podcasts","icon":"apple-podcasts.png"},"castbox":{"key":"castbox","url":"","label":"CastBox","class":"castbox","icon":"castbox.png"},"deezer":{"key":"deezer","url":"","label":"Deezer","class":"deezer","icon":"deezer.png"},"google_podcasts":{"key":"google_podcasts","url":"","label":"Google Podcasts","class":"google_podcasts","icon":"google-podcasts.png"},"listen_notes":{"key":"listen_notes","url":"","label":"Listen Notes","class":"listen_notes","icon":"listen-notes.png"},"pandora":{"key":"pandora","url":"","label":"Pandora","class":"pandora","icon":"pandora.png"},"podbean":{"key":"podbean","url":"","label":"Podbean","class":"podbean","icon":"podbean.png"},"podcast_republic":{"key":"podcast_republic","url":"","label":"Podcast Republic","class":"podcast_republic","icon":"podcast-republic.png"},"rss":{"key":"rss","url":"","label":"RSS","class":"rss","icon":"rss.png"},"spotify":{"key":"spotify","url":"","label":"Spotify","class":"spotify","icon":"spotify.png"},"stitcher":{"key":"stitcher","url":"","label":"Stitcher","class":"stitcher","icon":"stitcher.png"},"tunein":{"key":"tunein","url":"","label":"TuneIn","class":"tunein","icon":"tunein.png"},"youtube":{"key":"youtube","url":"","label":"YouTube","class":"youtube","icon":"youtube.png"},"iheartradio":{"key":"iheartradio","url":"","label":"iHeartRadio","class":"iheartradio","icon":"iheartradio.png"},"ivoox":{"key":"ivoox","url":"","label":"iVoox","class":"ivoox","icon":"ivoox.png"}},"rssFeedUrl":"https:\/\/quechilero.com\/blog\/feed\/podcast\/si-la-vida-nos-da-limones","embedCode":"<blockquote class=\"wp-embedded-content\" data-secret=\"nsukbXTNIL\"><a href=\"https:\/\/quechilero.com\/blog\/2009\/07\/31\/maraton-de-blogs-2009\/\">Marat\u00f3n de Blogs 2009<\/a><\/blockquote><iframe sandbox=\"allow-scripts\" security=\"restricted\" src=\"https:\/\/quechilero.com\/blog\/2009\/07\/31\/maraton-de-blogs-2009\/embed\/#?secret=nsukbXTNIL\" width=\"500\" height=\"350\" title=\"\u00abMarat\u00f3n de Blogs 2009\u00bb \u2014 Si la Vida nos da Limones...\" data-secret=\"nsukbXTNIL\" frameborder=\"0\" marginwidth=\"0\" marginheight=\"0\" scrolling=\"no\" class=\"wp-embedded-content\"><\/iframe><script>\n\/*! This file is auto-generated *\/\n!function(d,l){\"use strict\";l.querySelector&&d.addEventListener&&\"undefined\"!=typeof URL&&(d.wp=d.wp||{},d.wp.receiveEmbedMessage||(d.wp.receiveEmbedMessage=function(e){var t=e.data;if((t||t.secret||t.message||t.value)&&!\/[^a-zA-Z0-9]\/.test(t.secret)){for(var s,r,n,a=l.querySelectorAll('iframe[data-secret=\"'+t.secret+'\"]'),o=l.querySelectorAll('blockquote[data-secret=\"'+t.secret+'\"]'),c=new RegExp(\"^https?:$\",\"i\"),i=0;i<o.length;i++)o[i].style.display=\"none\";for(i=0;i<a.length;i++)s=a[i],e.source===s.contentWindow&&(s.removeAttribute(\"style\"),\"height\"===t.message?(1e3<(r=parseInt(t.value,10))?r=1e3:~~r<200&&(r=200),s.height=r):\"link\"===t.message&&(r=new URL(s.getAttribute(\"src\")),n=new URL(t.value),c.test(n.protocol))&&n.host===r.host&&l.activeElement===s&&(d.top.location.href=t.value))}},d.addEventListener(\"message\",d.wp.receiveEmbedMessage,!1),l.addEventListener(\"DOMContentLoaded\",function(){for(var e,t,s=l.querySelectorAll(\"iframe.wp-embedded-content\"),r=0;r<s.length;r++)(t=(e=s[r]).getAttribute(\"data-secret\"))||(t=Math.random().toString(36).substring(2,12),e.src+=\"#?secret=\"+t,e.setAttribute(\"data-secret\",t)),e.contentWindow.postMessage({message:\"ready\",secret:t},\"*\")},!1)))}(window,document);\n\/\/# sourceURL=https:\/\/quechilero.com\/blog\/wp-includes\/js\/wp-embed.min.js\n<\/script>\n"},"jetpack_publicize_connections":[],"jetpack_shortlink":"https:\/\/wp.me\/pDKli-P1","jetpack_sharing_enabled":true,"jetpack-related-posts":[{"id":617,"url":"https:\/\/quechilero.com\/blog\/2007\/07\/31\/maraton-de-blogs-de-guatemala\/","url_meta":{"origin":3163,"position":0},"title":"Marat\u00f3n de Blogs de Guatemala","author":"Pepe Barrascout Ortiz","date":"31 julio 2007","format":false,"excerpt":"Hace un a\u00f1o aproximadamente, Oscar (DesdeGuate) organiz\u00f3 una Marat\u00f3n de Blogs Guatemaltecos, cuyo objetivo fue el dar a conocer a otros Blogs de Guatemala, impulsar su desarrollo y creaci\u00f3n de nuevos blogs. En esa oportunidad, uno de mis textos \"Ping Pong Matrix\" fue parte de ese marat\u00f3n, cuando mi blog\u2026","rel":"","context":"En \u00abLimones\u00bb","block_context":{"text":"Limones","link":"https:\/\/quechilero.com\/blog\/category\/limones\/"},"img":{"alt_text":"","src":"","width":0,"height":0},"classes":[]},{"id":9790,"url":"https:\/\/quechilero.com\/blog\/2011\/07\/24\/inicia-el-maraton-de-blogs-2011\/","url_meta":{"origin":3163,"position":1},"title":"Inicia el Marat\u00f3n de Blogs 2011","author":"Pepe Barrascout Ortiz","date":"24 julio 2011","format":false,"excerpt":"En el a\u00f1o 2006, cuando se lanz\u00f3 el Primer Marat\u00f3n de Blogs, no ten\u00eda idea que seis a\u00f1os despu\u00e9s, tendr\u00eda el gusto de seguir con esta tradicional actividad, que tiene como objetivo principal, dar a conocer los blogs que son producidos por guatemaltecos. Y es que tenemos tantas cosas que\u2026","rel":"","context":"En \u00abBlogs de Guatemala\u00bb","block_context":{"text":"Blogs de Guatemala","link":"https:\/\/quechilero.com\/blog\/category\/blogs-de-guatemala\/"},"img":{"alt_text":"","src":"https:\/\/i0.wp.com\/i392.photobucket.com\/albums\/pp7\/pepejaguar\/maraton\/maraton2011.png?resize=350%2C200","width":350,"height":200},"classes":[]},{"id":5123,"url":"https:\/\/quechilero.com\/blog\/2010\/07\/19\/maraton-de-blogs-2010\/","url_meta":{"origin":3163,"position":2},"title":"Marat\u00f3n de Blogs 2010","author":"Pepe Barrascout Ortiz","date":"19 julio 2010","format":false,"excerpt":"Por quinto a\u00f1o consecutivo llega la Marat\u00f3n de Blogs, para este 2010, he preparado algunas variantes, que son consecuencia de la evoluci\u00f3n que ha tenido esta tradici\u00f3n. Como siempre, el objetivo principal es la\u00a0difusi\u00f3n de los blogs, aunado a las actividades promovidas por el\u00a0\u201cBlog Day\u201c. Invito a quienes tengan alg\u00fan\u2026","rel":"","context":"En \u00abBlogs de Guatemala\u00bb","block_context":{"text":"Blogs de Guatemala","link":"https:\/\/quechilero.com\/blog\/category\/blogs-de-guatemala\/"},"img":{"alt_text":"","src":"https:\/\/i0.wp.com\/i392.photobucket.com\/albums\/pp7\/pepejaguar\/maraton\/maraton468x602010.jpg?resize=350%2C200","width":350,"height":200},"classes":[]},{"id":3263,"url":"https:\/\/quechilero.com\/blog\/2009\/08\/21\/maraton-de-blogs-blog-guatemala\/","url_meta":{"origin":3163,"position":3},"title":"Marat\u00f3n de Blogs: Blog Guatemala","author":"Pepe Barrascout Ortiz","date":"21 agosto 2009","format":false,"excerpt":"Con mas de 3 a\u00f1os de actividad (febrero 2006) y de la mano de Hugo M\u00e9ndez, Blog Guatemala se ha dedicado a presentar el lado bonito de nuestro pa\u00eds, los temas de inter\u00e9s no se hacen esperar y d\u00eda a d\u00eda, son muchos los art\u00edculos de fondo que podemos leer\u2026","rel":"","context":"En \u00abBlogs de Guatemala\u00bb","block_context":{"text":"Blogs de Guatemala","link":"https:\/\/quechilero.com\/blog\/category\/blogs-de-guatemala\/"},"img":{"alt_text":"Marat\u00f3n de Blogs 2009","src":"https:\/\/i0.wp.com\/i392.photobucket.com\/albums\/pp7\/pepejaguar\/maraton2009\/maraton2009.jpg?resize=350%2C200","width":350,"height":200,"srcset":"https:\/\/i0.wp.com\/i392.photobucket.com\/albums\/pp7\/pepejaguar\/maraton2009\/maraton2009.jpg?resize=350%2C200 1x, https:\/\/i0.wp.com\/i392.photobucket.com\/albums\/pp7\/pepejaguar\/maraton2009\/maraton2009.jpg?resize=525%2C300 1.5x"},"classes":[]},{"id":5184,"url":"https:\/\/quechilero.com\/blog\/2010\/08\/01\/maraton-de-blogs-recapitulando-2\/","url_meta":{"origin":3163,"position":4},"title":"Marat\u00f3n de Blogs: Recapitulando","author":"Pepe Barrascout Ortiz","date":"1 agosto 2010","format":false,"excerpt":"Arranca una vez mas, el Marat\u00f3n de Blogs 2010, que tiene como objetivo, dar a conocer y promocionar, los blogs. En lo personal, me gusta promocionar los Blogs de Guatemala, porque hay tantos de tan buena calidad, que merecen ser conocidos y le\u00eddos, seg\u00fan mi criterio personal. La selecci\u00f3n para\u2026","rel":"","context":"En \u00abBlogs de Guatemala\u00bb","block_context":{"text":"Blogs de Guatemala","link":"https:\/\/quechilero.com\/blog\/category\/blogs-de-guatemala\/"},"img":{"alt_text":"","src":"https:\/\/i0.wp.com\/i392.photobucket.com\/albums\/pp7\/pepejaguar\/maraton\/maraton468x602010.jpg?resize=350%2C200","width":350,"height":200},"classes":[]},{"id":132,"url":"https:\/\/quechilero.com\/blog\/2006\/08\/09\/maraton-de-blogs\/","url_meta":{"origin":3163,"position":5},"title":"Marat\u00f3n de Blogs","author":"Pepe Barrascout Ortiz","date":"9 agosto 2006","format":false,"excerpt":"Durante la semana anterior, Desdeguate organiz\u00f3 un marat\u00f3n de blogs chapines y se cont\u00f3 con la participaci\u00f3n de varios posts de algunos blogs de manufactura guatemalteca, es decir hecho por chapines, aunque no necesariamente ellos se encuentren f\u00edsicamente en el pa\u00eds. Esta iniciativa me pareci\u00f3 muy interesante, tomando en cuenta\u2026","rel":"","context":"En \u00abLimones\u00bb","block_context":{"text":"Limones","link":"https:\/\/quechilero.com\/blog\/category\/limones\/"},"img":{"alt_text":"Blogs Chapines","src":"https:\/\/i0.wp.com\/static.flickr.com\/59\/202075787_c177d7fc9f_o.gif?resize=350%2C200","width":350,"height":200},"classes":[]}],"jetpack_featured_media_url":"","_links":{"self":[{"href":"https:\/\/quechilero.com\/blog\/wp-json\/wp\/v2\/posts\/3163","targetHints":{"allow":["GET"]}}],"collection":[{"href":"https:\/\/quechilero.com\/blog\/wp-json\/wp\/v2\/posts"}],"about":[{"href":"https:\/\/quechilero.com\/blog\/wp-json\/wp\/v2\/types\/post"}],"author":[{"embeddable":true,"href":"https:\/\/quechilero.com\/blog\/wp-json\/wp\/v2\/users\/1"}],"replies":[{"embeddable":true,"href":"https:\/\/quechilero.com\/blog\/wp-json\/wp\/v2\/comments?post=3163"}],"version-history":[{"count":0,"href":"https:\/\/quechilero.com\/blog\/wp-json\/wp\/v2\/posts\/3163\/revisions"}],"wp:attachment":[{"href":"https:\/\/quechilero.com\/blog\/wp-json\/wp\/v2\/media?parent=3163"}],"wp:term":[{"taxonomy":"category","embeddable":true,"href":"https:\/\/quechilero.com\/blog\/wp-json\/wp\/v2\/categories?post=3163"},{"taxonomy":"post_tag","embeddable":true,"href":"https:\/\/quechilero.com\/blog\/wp-json\/wp\/v2\/tags?post=3163"},{"taxonomy":"series","embeddable":true,"href":"https:\/\/quechilero.com\/blog\/wp-json\/wp\/v2\/series?post=3163"}],"curies":[{"name":"wp","href":"https:\/\/api.w.org\/{rel}","templated":true}]}}