{"id":31445,"date":"2023-06-02T06:00:23","date_gmt":"2023-06-02T12:00:23","guid":{"rendered":"https:\/\/quechilero.com\/blog\/?p=31445"},"modified":"2023-06-17T15:22:07","modified_gmt":"2023-06-17T21:22:07","slug":"dormir","status":"publish","type":"post","link":"https:\/\/quechilero.com\/blog\/2023\/06\/02\/dormir\/","title":{"rendered":"Dormir"},"content":{"rendered":"<p>Muchos no lo saben, pero creen que el dormir est\u00e1 en franca oposici\u00f3n al ejercicio y no es as\u00ed amigos. El dormir es tan importante como el ejercicio, el descanso es fundamental, el problema viene cuando se abusa de uno o de otro.<\/p>\n<p>Ac\u00e1 les comparto mis experiencias al respecto y hablamos un poco sobre la importancia de un buen descanso, tambi\u00e9n sobre las consecuencias funestas de no descansar bien, tanto antes, durante y despu\u00e9s del ejercicio.<\/p>\n<p>Gracias a la vida moderna que llevamos, es muy dif\u00edcil lograr ese equilibrio, por mil y una razones, pero en la medida de lo posible, tratemos de tener unos niveles adecuados de sue\u00f1o, descanso y ejercicio. Si tienen la oportunidad, utilicen la <a href=\"https:\/\/quechilero.com\/blog\/2023\/04\/15\/pulseras-electronicas\/\">funci\u00f3n de monitoreo del sue\u00f1o<\/a>, que tienen las <a href=\"https:\/\/quechilero.com\/blog\/2023\/04\/15\/pulseras-electronicas\/\">pulseras electr\u00f3nicas<\/a> que sirven como auxiliar en los entrenamientos diarios.<\/p>\n<p>Pasen adelante, denle al bot\u00f3n del play y no dejen de descansar lo suficiente, dormir las horas reglamentarias y ejercitarse de forma adecuada sin exceso.<\/p>\n","protected":false},"excerpt":{"rendered":"<p>Muchos no lo saben, pero creen que el dormir est\u00e1 en franca oposici\u00f3n al ejercicio y no es as\u00ed amigos. El dormir es tan importante como el ejercicio, el descanso es fundamental, el problema viene cuando se abusa de uno o de otro. Ac\u00e1 les comparto mis experiencias al respecto y hablamos un poco sobre &#8230; <a title=\"Dormir\" class=\"read-more\" href=\"https:\/\/quechilero.com\/blog\/2023\/06\/02\/dormir\/\" aria-label=\"Leer m\u00e1s sobre Dormir\">Leer m\u00e1s<\/a><\/p>\n","protected":false},"author":1,"featured_media":30923,"comment_status":"open","ping_status":"closed","sticky":false,"template":"","format":"standard","meta":{"advanced_seo_description":"","jetpack_seo_html_title":"","jetpack_seo_noindex":false,"jetpack_seo_schema_type":"","episode_type":"audio","audio_file":"https:\/\/chtbl.com\/track\/898133\/http:\/\/media.blubrry.com\/quechilero\/p\/dts.podtrac.com\/redirect.mp3\/archive.org\/download\/DailyGymPodcast\/0098-Dormir.mp3","podmotor_file_id":"","podmotor_episode_id":"","cover_image":"","cover_image_id":"","duration":"7:39","filesize":"7.23M","filesize_raw":"7578745","date_recorded":"2023-06-02 06:00:23","explicit":"","block":"","_jetpack_newsletter_access":"","_jetpack_dont_email_post_to_subs":false,"_jetpack_newsletter_tier_id":0,"_jetpack_memberships_contains_paywalled_content":false,"_jetpack_feature_clip_id":0,"_jetpack_memberships_contains_paid_content":false,"footnotes":"","jetpack_publicize_message":"Dormir - Daily Gym #Podcast","jetpack_publicize_feature_enabled":true,"jetpack_social_post_already_shared":true,"jetpack_social_options":{"image_generator_settings":{"template":"highway","default_image_id":0,"font":"","enabled":false},"version":2},"jetpack_post_was_ever_published":false},"categories":[142,111],"tags":[21,56,24],"series":[143,130],"class_list":["post-31445","post","type-post","status-publish","format-standard","has-post-thumbnail","hentry","category-daily-gym","category-podcast","tag-problema","tag-sueno","tag-vida","series-daily-gym","series-las-6am"],"episode_featured_image":"https:\/\/quechilero.com\/blog\/imagenes\/DailyGym.jpg","episode_player_image":"https:\/\/i0.wp.com\/quechilero.com\/blog\/imagenes\/dailygym.png?fit=3000%2C3000&ssl=1","download_link":"https:\/\/quechilero.com\/blog\/podcast-download\/31445\/dormir.mp3","player_link":"https:\/\/quechilero.com\/blog\/podcast-player\/31445\/dormir.mp3","audio_player":null,"episode_data":{"playerMode":"dark","subscribeUrls":{"amazon":{"key":"amazon","url":"https:\/\/www.amazon.com\/-\/es\/dp\/B0BYPK9ZSM","label":"Amazon","class":"amazon","icon":"amazon.png"},"apple_podcasts":{"key":"apple_podcasts","url":"https:\/\/podcasts.apple.com\/us\/podcast\/daily-gym\/id1677426346","label":"Apple Podcasts","class":"apple_podcasts","icon":"apple-podcasts.png"},"castbox":{"key":"castbox","url":"https:\/\/castbox.fm\/ch\/5357433","label":"CastBox","class":"castbox","icon":"castbox.png"},"deezer":{"key":"deezer","url":"https:\/\/deezer.com\/show\/5852587","label":"Deezer","class":"deezer","icon":"deezer.png"},"google_podcasts":{"key":"google_podcasts","url":"https:\/\/podcasts.google.com\/feed\/aHR0cHM6Ly9mZWVkLnF1ZWNoaWxlcm8uY29tL0RhaWx5R3lt","label":"Google Podcasts","class":"google_podcasts","icon":"google-podcasts.png"},"listen_notes":{"key":"listen_notes","url":"https:\/\/www.listennotes.com\/podcasts\/daily-gym-pepe-barrascout-ortiz-nIA4zXxFo5R\/","label":"Listen Notes","class":"listen_notes","icon":"listen-notes.png"},"pandora":{"key":"pandora","url":"https:\/\/www.pandora.com\/podcast\/daily-gym\/PC:1001061901","label":"Pandora","class":"pandora","icon":"pandora.png"},"podbean":{"key":"podbean","url":"https:\/\/www.podbean.com\/podcast-detail\/ixr58-2a889f\/Daily-Gym-Podcast","label":"Podbean","class":"podbean","icon":"podbean.png"},"podcast_republic":{"key":"podcast_republic","url":"https:\/\/podcastrepublic.net\/podcast\/1677426346","label":"Podcast Republic","class":"podcast_republic","icon":"podcast-republic.png"},"rss":{"key":"rss","url":"https:\/\/feed.quechilero.com\/DailyGym","label":"RSS","class":"rss","icon":"rss.png"},"spotify":{"key":"spotify","url":"https:\/\/open.spotify.com\/show\/4Y1KFDhhQtcd2r6GjPYfwZ","label":"Spotify","class":"spotify","icon":"spotify.png"},"stitcher":{"key":"stitcher","url":"https:\/\/www.stitcher.com\/show\/1061901","label":"Stitcher","class":"stitcher","icon":"stitcher.png"},"tunein":{"key":"tunein","url":"https:\/\/tunein.com\/radio\/Daily-Gym-p3543371\/","label":"TuneIn","class":"tunein","icon":"tunein.png"},"youtube":{"key":"youtube","url":"https:\/\/www.youtube.com\/playlist?list=PLFEyq_4cbW9EybrGOIX93MoUdSd0KiLtB","label":"YouTube","class":"youtube","icon":"youtube.png"},"iheartradio":{"key":"iheartradio","url":"https:\/\/iheart.com\/podcast\/110695694\/","label":"iHeartRadio","class":"iheartradio","icon":"iheartradio.png"},"ivoox":{"key":"ivoox","url":"https:\/\/www.ivoox.com\/podcast-daily-gym_sq_f11872154_1.html","label":"iVoox","class":"ivoox","icon":"ivoox.png"}},"rssFeedUrl":"https:\/\/quechilero.com\/blog\/feed\/podcast\/daily-gym","embedCode":"<blockquote class=\"wp-embedded-content\" data-secret=\"tdfeQvMXHZ\"><a href=\"https:\/\/quechilero.com\/blog\/2023\/06\/02\/dormir\/\">Dormir<\/a><\/blockquote><iframe sandbox=\"allow-scripts\" security=\"restricted\" src=\"https:\/\/quechilero.com\/blog\/2023\/06\/02\/dormir\/embed\/#?secret=tdfeQvMXHZ\" width=\"500\" height=\"350\" title=\"\u00abDormir\u00bb \u2014 Si la Vida nos da Limones...\" data-secret=\"tdfeQvMXHZ\" frameborder=\"0\" marginwidth=\"0\" marginheight=\"0\" scrolling=\"no\" class=\"wp-embedded-content\"><\/iframe><script>\n\/*! This file is auto-generated *\/\n!function(d,l){\"use strict\";l.querySelector&&d.addEventListener&&\"undefined\"!=typeof URL&&(d.wp=d.wp||{},d.wp.receiveEmbedMessage||(d.wp.receiveEmbedMessage=function(e){var t=e.data;if((t||t.secret||t.message||t.value)&&!\/[^a-zA-Z0-9]\/.test(t.secret)){for(var s,r,n,a=l.querySelectorAll('iframe[data-secret=\"'+t.secret+'\"]'),o=l.querySelectorAll('blockquote[data-secret=\"'+t.secret+'\"]'),c=new RegExp(\"^https?:$\",\"i\"),i=0;i<o.length;i++)o[i].style.display=\"none\";for(i=0;i<a.length;i++)s=a[i],e.source===s.contentWindow&&(s.removeAttribute(\"style\"),\"height\"===t.message?(1e3<(r=parseInt(t.value,10))?r=1e3:~~r<200&&(r=200),s.height=r):\"link\"===t.message&&(r=new URL(s.getAttribute(\"src\")),n=new URL(t.value),c.test(n.protocol))&&n.host===r.host&&l.activeElement===s&&(d.top.location.href=t.value))}},d.addEventListener(\"message\",d.wp.receiveEmbedMessage,!1),l.addEventListener(\"DOMContentLoaded\",function(){for(var e,t,s=l.querySelectorAll(\"iframe.wp-embedded-content\"),r=0;r<s.length;r++)(t=(e=s[r]).getAttribute(\"data-secret\"))||(t=Math.random().toString(36).substring(2,12),e.src+=\"#?secret=\"+t,e.setAttribute(\"data-secret\",t)),e.contentWindow.postMessage({message:\"ready\",secret:t},\"*\")},!1)))}(window,document);\n\/\/# sourceURL=https:\/\/quechilero.com\/blog\/wp-includes\/js\/wp-embed.min.js\n<\/script>\n"},"jetpack_publicize_connections":[],"jetpack_shortlink":"https:\/\/wp.me\/sDKli-dormir","jetpack_sharing_enabled":true,"jetpack-related-posts":[{"id":31816,"url":"https:\/\/quechilero.com\/blog\/2023\/07\/12\/durmiendo-mal\/","url_meta":{"origin":31445,"position":0},"title":"Durmiendo mal","author":"Pepe Barrascout Ortiz","date":"12 julio 2023","format":false,"excerpt":"Puede parecer contradictorio, pero en el gimnasio, descansamos m\u00e1s tiempo que lo que hacemos ejercicio, pero no se asusten, es lo normal y as\u00ed debe ser. Y es que el descanso es la parte m\u00e1s importante de cuando nos ejercitamos, eso incluye un buen sue\u00f1o, descansar adecuadamente, para as\u00ed renovar\u2026","rel":"","context":"En \u00abDaily Gym\u00bb","block_context":{"text":"Daily Gym","link":"https:\/\/quechilero.com\/blog\/category\/podcast\/daily-gym\/"},"img":{"alt_text":"Daily Gym Podcast","src":"https:\/\/i0.wp.com\/quechilero.com\/blog\/imagenes\/DailyGym.jpg?fit=1200%2C675&ssl=1&resize=350%2C200","width":350,"height":200,"srcset":"https:\/\/i0.wp.com\/quechilero.com\/blog\/imagenes\/DailyGym.jpg?fit=1200%2C675&ssl=1&resize=350%2C200 1x, https:\/\/i0.wp.com\/quechilero.com\/blog\/imagenes\/DailyGym.jpg?fit=1200%2C675&ssl=1&resize=525%2C300 1.5x, https:\/\/i0.wp.com\/quechilero.com\/blog\/imagenes\/DailyGym.jpg?fit=1200%2C675&ssl=1&resize=700%2C400 2x, https:\/\/i0.wp.com\/quechilero.com\/blog\/imagenes\/DailyGym.jpg?fit=1200%2C675&ssl=1&resize=1050%2C600 3x"},"classes":[]},{"id":417,"url":"https:\/\/quechilero.com\/blog\/2007\/01\/22\/dulces-suenos\/","url_meta":{"origin":31445,"position":1},"title":"Dulces sue\u00f1os","author":"Pepe Barrascout Ortiz","date":"22 enero 2007","format":false,"excerpt":"Si te levantas por la ma\u00f1ana tan agotado como cuando te acostaste la noche anterior, intenta recordar en qu\u00e9 estabas pensando los \u00faltimos cinco minutos antes de dormirte. Lo que pienses durante esos cinco minutos, va a impactar tu dormir y esto determinar\u00e1 c\u00f3mo ser\u00e1 el pr\u00f3ximo d\u00eda. Cuando duermes,\u2026","rel":"","context":"En \u00abLimones\u00bb","block_context":{"text":"Limones","link":"https:\/\/quechilero.com\/blog\/category\/limones\/"},"img":{"alt_text":"","src":"","width":0,"height":0},"classes":[]},{"id":459,"url":"https:\/\/quechilero.com\/blog\/2007\/02\/28\/abdominales-para-el-verano\/","url_meta":{"origin":31445,"position":2},"title":"Abdominales para el verano","author":"Pepe Barrascout Ortiz","date":"28 febrero 2007","format":false,"excerpt":"Llegada la primavera, y ante la gran necesidad de una urgente puesta en forma para el verano, es el tiempo justo de comenzar a eliminar la grasa que cubre y esconde los m\u00fasculos abdominales. En esta nota, te pasamos unos consejos para recibir al verano, luciendo un cuerpo duro y\u2026","rel":"","context":"En \u00abLimones\u00bb","block_context":{"text":"Limones","link":"https:\/\/quechilero.com\/blog\/category\/limones\/"},"img":{"alt_text":"","src":"","width":0,"height":0},"classes":[]},{"id":14092,"url":"https:\/\/quechilero.com\/blog\/2012\/08\/08\/descanso-en-el-trabajo\/","url_meta":{"origin":31445,"position":3},"title":"Descanso en el trabajo","author":"Pepe Barrascout Ortiz","date":"8 agosto 2012","format":false,"excerpt":"Cuando trabajamos en una oficina, en un ambiente que requiere estar mucho tiempo frente a una computadora o en una posici\u00f3n fija, con poco movimiento, podemos llegar a desarrollar ciertas dolencias, entre ellas el s\u00edndrome del t\u00fanel carpiano, adem\u00e1s de aumentar los niveles de estr\u00e9s, repercutiendo en un rendimiento cada\u2026","rel":"","context":"En \u00abLimones\u00bb","block_context":{"text":"Limones","link":"https:\/\/quechilero.com\/blog\/category\/limones\/"},"img":{"alt_text":"","src":"","width":0,"height":0},"classes":[]},{"id":460,"url":"https:\/\/quechilero.com\/blog\/2007\/02\/25\/ejercicios-basicos\/","url_meta":{"origin":31445,"position":4},"title":"Ejercicios b\u00e1sicos","author":"Pepe Barrascout Ortiz","date":"25 febrero 2007","format":false,"excerpt":"La ejercitaci\u00f3n f\u00edsica cotidiana, permite tolerar mejor el esfuerzo y evita que el coraz\u00f3n suba las pulsaciones muy r\u00e1pidamente ante la m\u00ednima exigencia de trabajo f\u00edsico y, gracias a ello, nos capacita sin pensarlo dos veces a realizar esfuerzos, subir escaleras etc. Pero adem\u00e1s de esto nos ayuda a recuperarnos\u2026","rel":"","context":"En \u00abLimones\u00bb","block_context":{"text":"Limones","link":"https:\/\/quechilero.com\/blog\/category\/limones\/"},"img":{"alt_text":"","src":"","width":0,"height":0},"classes":[]},{"id":2654,"url":"https:\/\/quechilero.com\/blog\/2009\/04\/18\/para-que-descanses-placidamente\/","url_meta":{"origin":31445,"position":5},"title":"Para que descanses pl\u00e1cidamente","author":"Pepe Barrascout Ortiz","date":"18 abril 2009","format":false,"excerpt":"Si comienzas a sentir fatiga por el exceso de trabajo intelectual o por tus preocupaciones, haz ejercicios de percepci\u00f3n en los que no analices nada. Sit\u00faate frente a un \u00e1rbol y obs\u00e9rvalo en paz, detallando sus partes integrales, sin pensar en nada m\u00e1s. Det\u00e1llalo de abajo hacia arriba. Siente la\u2026","rel":"","context":"En \u00abLimones\u00bb","block_context":{"text":"Limones","link":"https:\/\/quechilero.com\/blog\/category\/limones\/"},"img":{"alt_text":"","src":"","width":0,"height":0},"classes":[]}],"jetpack_featured_media_url":"https:\/\/i0.wp.com\/quechilero.com\/blog\/imagenes\/DailyGym.jpg?fit=1280%2C720&ssl=1","_links":{"self":[{"href":"https:\/\/quechilero.com\/blog\/wp-json\/wp\/v2\/posts\/31445","targetHints":{"allow":["GET"]}}],"collection":[{"href":"https:\/\/quechilero.com\/blog\/wp-json\/wp\/v2\/posts"}],"about":[{"href":"https:\/\/quechilero.com\/blog\/wp-json\/wp\/v2\/types\/post"}],"author":[{"embeddable":true,"href":"https:\/\/quechilero.com\/blog\/wp-json\/wp\/v2\/users\/1"}],"replies":[{"embeddable":true,"href":"https:\/\/quechilero.com\/blog\/wp-json\/wp\/v2\/comments?post=31445"}],"version-history":[{"count":2,"href":"https:\/\/quechilero.com\/blog\/wp-json\/wp\/v2\/posts\/31445\/revisions"}],"predecessor-version":[{"id":31569,"href":"https:\/\/quechilero.com\/blog\/wp-json\/wp\/v2\/posts\/31445\/revisions\/31569"}],"wp:featuredmedia":[{"embeddable":true,"href":"https:\/\/quechilero.com\/blog\/wp-json\/wp\/v2\/media\/30923"}],"wp:attachment":[{"href":"https:\/\/quechilero.com\/blog\/wp-json\/wp\/v2\/media?parent=31445"}],"wp:term":[{"taxonomy":"category","embeddable":true,"href":"https:\/\/quechilero.com\/blog\/wp-json\/wp\/v2\/categories?post=31445"},{"taxonomy":"post_tag","embeddable":true,"href":"https:\/\/quechilero.com\/blog\/wp-json\/wp\/v2\/tags?post=31445"},{"taxonomy":"series","embeddable":true,"href":"https:\/\/quechilero.com\/blog\/wp-json\/wp\/v2\/series?post=31445"}],"curies":[{"name":"wp","href":"https:\/\/api.w.org\/{rel}","templated":true}]}}