{"id":31227,"date":"2023-04-23T06:00:20","date_gmt":"2023-04-23T12:00:20","guid":{"rendered":"https:\/\/quechilero.com\/blog\/?p=31227"},"modified":"2023-04-25T18:31:15","modified_gmt":"2023-04-26T00:31:15","slug":"un-medico-en-la-sala","status":"publish","type":"post","link":"https:\/\/quechilero.com\/blog\/2023\/04\/23\/un-medico-en-la-sala\/","title":{"rendered":"Un m\u00e9dico en la sala"},"content":{"rendered":"<p>Ustedes saben que si uno se prepara, vale por dos y que es mejor anticiparse al desastre, para que cuando llegue, tener un plan de acci\u00f3n y saber que hacer en ese momento particular.<\/p>\n<p>Hace muchos a\u00f1os ya, algunos de ustedes recordar\u00e1n que, despu\u00e9s de recibir los cursos correspondientes y haberlos aprobados, la Cruz Roja Guatemalteca me certific\u00f3 como\u00a0<em>param\u00e9dico voluntario<\/em>. Algunos recibimos juntos esa certificaci\u00f3n cuando est\u00e1bamos en la\u00a0<em>Operaci\u00f3n Siempre Listos<\/em>. En \u00e9sa \u00e9poca hasta ten\u00edamos turnos en la Cruz Roja y aplicamos nuestros conocimientos en algunos casos.<\/p>\n<p>Y aunque ya ha llovido mucho desde esa buena \u00e9poca, los conocimientos han quedado y una refrescada de vez en cuando no ha ca\u00eddo mal. Ahora, \u00bfqu\u00e9 pasa si uno es el paciente? \u00bfqui\u00e9n me har\u00e1 <a href=\"https:\/\/www.mayoclinic.org\/es-es\/first-aid\/first-aid-cpr\/basics\/art-20056600\">el RCP<\/a> a mi en caso de ser necesario? (espero nunca que no) pues en mis conversaciones con los usuarios, como ya lo platiqu\u00e9 en un episodio anterior, he descubierto diferentes profesiones de los usuarios y entre todos tenemos a una dentista y un pediatra, que espero que act\u00faen en un caso de emergencia, mientras las chicas de la recepci\u00f3n llaman a los bomberos.<\/p>\n<p>Pasen adelante a escuchar y no olviden siempre estar preparados para el desastre, no es que lo busquemos, pero si debemos estar listos y saber que hacer cuando llegue a pasar.<\/p>\n","protected":false},"excerpt":{"rendered":"<p>Ustedes saben que si uno se prepara, vale por dos y que es mejor anticiparse al desastre, para que cuando llegue, tener un plan de acci\u00f3n y saber que hacer en ese momento particular. Hace muchos a\u00f1os ya, algunos de ustedes recordar\u00e1n que, despu\u00e9s de recibir los cursos correspondientes y haberlos aprobados, la Cruz Roja &#8230; <a title=\"Un m\u00e9dico en la sala\" class=\"read-more\" href=\"https:\/\/quechilero.com\/blog\/2023\/04\/23\/un-medico-en-la-sala\/\" aria-label=\"Leer m\u00e1s sobre Un m\u00e9dico en la sala\">Leer m\u00e1s<\/a><\/p>\n","protected":false},"author":1,"featured_media":30923,"comment_status":"open","ping_status":"closed","sticky":false,"template":"","format":"standard","meta":{"advanced_seo_description":"","jetpack_seo_html_title":"","jetpack_seo_noindex":false,"jetpack_seo_schema_type":"","episode_type":"audio","audio_file":"https:\/\/chtbl.com\/track\/898133\/http:\/\/media.blubrry.com\/quechilero\/p\/dts.podtrac.com\/redirect.mp3\/archive.org\/download\/DailyGymPodcast\/0058-UnMedicoEnLaSala.mp3","podmotor_file_id":"","podmotor_episode_id":"","cover_image":"","cover_image_id":"","duration":"6:54","filesize":"6.54M","filesize_raw":"6857224","date_recorded":"2023-04-23 06:00:20","explicit":"","block":"","_jetpack_newsletter_access":"","_jetpack_dont_email_post_to_subs":false,"_jetpack_newsletter_tier_id":0,"_jetpack_memberships_contains_paywalled_content":false,"_jetpack_feature_clip_id":0,"_jetpack_memberships_contains_paid_content":false,"footnotes":"","jetpack_publicize_message":"Un m\u00e9dico en la sala - Daily Gym #Podcast","jetpack_publicize_feature_enabled":true,"jetpack_social_post_already_shared":true,"jetpack_social_options":{"image_generator_settings":{"template":"highway","default_image_id":0,"font":"","enabled":false},"version":2},"jetpack_post_was_ever_published":false},"categories":[142,111],"tags":[14],"series":[143,130],"class_list":["post-31227","post","type-post","status-publish","format-standard","has-post-thumbnail","hentry","category-daily-gym","category-podcast","tag-accion","series-daily-gym","series-las-6am"],"episode_featured_image":"https:\/\/quechilero.com\/blog\/imagenes\/DailyGym.jpg","episode_player_image":"https:\/\/i0.wp.com\/quechilero.com\/blog\/imagenes\/dailygym.png?fit=3000%2C3000&ssl=1","download_link":"https:\/\/quechilero.com\/blog\/podcast-download\/31227\/un-medico-en-la-sala.mp3","player_link":"https:\/\/quechilero.com\/blog\/podcast-player\/31227\/un-medico-en-la-sala.mp3","audio_player":null,"episode_data":{"playerMode":"dark","subscribeUrls":{"amazon":{"key":"amazon","url":"https:\/\/www.amazon.com\/-\/es\/dp\/B0BYPK9ZSM","label":"Amazon","class":"amazon","icon":"amazon.png"},"apple_podcasts":{"key":"apple_podcasts","url":"https:\/\/podcasts.apple.com\/us\/podcast\/daily-gym\/id1677426346","label":"Apple Podcasts","class":"apple_podcasts","icon":"apple-podcasts.png"},"castbox":{"key":"castbox","url":"https:\/\/castbox.fm\/ch\/5357433","label":"CastBox","class":"castbox","icon":"castbox.png"},"deezer":{"key":"deezer","url":"https:\/\/deezer.com\/show\/5852587","label":"Deezer","class":"deezer","icon":"deezer.png"},"google_podcasts":{"key":"google_podcasts","url":"https:\/\/podcasts.google.com\/feed\/aHR0cHM6Ly9mZWVkLnF1ZWNoaWxlcm8uY29tL0RhaWx5R3lt","label":"Google Podcasts","class":"google_podcasts","icon":"google-podcasts.png"},"listen_notes":{"key":"listen_notes","url":"https:\/\/www.listennotes.com\/podcasts\/daily-gym-pepe-barrascout-ortiz-nIA4zXxFo5R\/","label":"Listen Notes","class":"listen_notes","icon":"listen-notes.png"},"pandora":{"key":"pandora","url":"https:\/\/www.pandora.com\/podcast\/daily-gym\/PC:1001061901","label":"Pandora","class":"pandora","icon":"pandora.png"},"podbean":{"key":"podbean","url":"https:\/\/www.podbean.com\/podcast-detail\/ixr58-2a889f\/Daily-Gym-Podcast","label":"Podbean","class":"podbean","icon":"podbean.png"},"podcast_republic":{"key":"podcast_republic","url":"https:\/\/podcastrepublic.net\/podcast\/1677426346","label":"Podcast Republic","class":"podcast_republic","icon":"podcast-republic.png"},"rss":{"key":"rss","url":"https:\/\/feed.quechilero.com\/DailyGym","label":"RSS","class":"rss","icon":"rss.png"},"spotify":{"key":"spotify","url":"https:\/\/open.spotify.com\/show\/4Y1KFDhhQtcd2r6GjPYfwZ","label":"Spotify","class":"spotify","icon":"spotify.png"},"stitcher":{"key":"stitcher","url":"https:\/\/www.stitcher.com\/show\/1061901","label":"Stitcher","class":"stitcher","icon":"stitcher.png"},"tunein":{"key":"tunein","url":"https:\/\/tunein.com\/radio\/Daily-Gym-p3543371\/","label":"TuneIn","class":"tunein","icon":"tunein.png"},"youtube":{"key":"youtube","url":"https:\/\/www.youtube.com\/playlist?list=PLFEyq_4cbW9EybrGOIX93MoUdSd0KiLtB","label":"YouTube","class":"youtube","icon":"youtube.png"},"iheartradio":{"key":"iheartradio","url":"https:\/\/iheart.com\/podcast\/110695694\/","label":"iHeartRadio","class":"iheartradio","icon":"iheartradio.png"},"ivoox":{"key":"ivoox","url":"https:\/\/www.ivoox.com\/podcast-daily-gym_sq_f11872154_1.html","label":"iVoox","class":"ivoox","icon":"ivoox.png"}},"rssFeedUrl":"https:\/\/quechilero.com\/blog\/feed\/podcast\/daily-gym","embedCode":"<blockquote class=\"wp-embedded-content\" data-secret=\"c9CV5w9vDD\"><a href=\"https:\/\/quechilero.com\/blog\/2023\/04\/23\/un-medico-en-la-sala\/\">Un m\u00e9dico en la sala<\/a><\/blockquote><iframe sandbox=\"allow-scripts\" security=\"restricted\" src=\"https:\/\/quechilero.com\/blog\/2023\/04\/23\/un-medico-en-la-sala\/embed\/#?secret=c9CV5w9vDD\" width=\"500\" height=\"350\" title=\"\u00abUn m\u00e9dico en la sala\u00bb \u2014 Si la Vida nos da Limones...\" data-secret=\"c9CV5w9vDD\" frameborder=\"0\" marginwidth=\"0\" marginheight=\"0\" scrolling=\"no\" class=\"wp-embedded-content\"><\/iframe><script>\n\/*! This file is auto-generated *\/\n!function(d,l){\"use strict\";l.querySelector&&d.addEventListener&&\"undefined\"!=typeof URL&&(d.wp=d.wp||{},d.wp.receiveEmbedMessage||(d.wp.receiveEmbedMessage=function(e){var t=e.data;if((t||t.secret||t.message||t.value)&&!\/[^a-zA-Z0-9]\/.test(t.secret)){for(var s,r,n,a=l.querySelectorAll('iframe[data-secret=\"'+t.secret+'\"]'),o=l.querySelectorAll('blockquote[data-secret=\"'+t.secret+'\"]'),c=new RegExp(\"^https?:$\",\"i\"),i=0;i<o.length;i++)o[i].style.display=\"none\";for(i=0;i<a.length;i++)s=a[i],e.source===s.contentWindow&&(s.removeAttribute(\"style\"),\"height\"===t.message?(1e3<(r=parseInt(t.value,10))?r=1e3:~~r<200&&(r=200),s.height=r):\"link\"===t.message&&(r=new URL(s.getAttribute(\"src\")),n=new URL(t.value),c.test(n.protocol))&&n.host===r.host&&l.activeElement===s&&(d.top.location.href=t.value))}},d.addEventListener(\"message\",d.wp.receiveEmbedMessage,!1),l.addEventListener(\"DOMContentLoaded\",function(){for(var e,t,s=l.querySelectorAll(\"iframe.wp-embedded-content\"),r=0;r<s.length;r++)(t=(e=s[r]).getAttribute(\"data-secret\"))||(t=Math.random().toString(36).substring(2,12),e.src+=\"#?secret=\"+t,e.setAttribute(\"data-secret\",t)),e.contentWindow.postMessage({message:\"ready\",secret:t},\"*\")},!1)))}(window,document);\n\/\/# sourceURL=https:\/\/quechilero.com\/blog\/wp-includes\/js\/wp-embed.min.js\n<\/script>\n"},"jetpack_publicize_connections":[],"jetpack_shortlink":"https:\/\/wp.me\/pDKli-87F","jetpack_sharing_enabled":true,"jetpack-related-posts":[{"id":907,"url":"https:\/\/quechilero.com\/blog\/2008\/03\/21\/cuaresma-evangelio-21-mar-08\/","url_meta":{"origin":31227,"position":0},"title":"Cuaresma &#8211; Evangelio 21 mar 08","author":"Pepe Barrascout Ortiz","date":"21 marzo 2008","format":false,"excerpt":"Evangelio seg\u00fan San Juan 18,1-40.19,1-42. Despu\u00e9s de haber dicho esto, Jes\u00fas fue con sus disc\u00edpulos al otro lado del torrente Cedr\u00f3n. Hab\u00eda en ese lugar una huerta y all\u00e1 entr\u00f3 con ellos. Judas, el traidor, tambi\u00e9n conoc\u00eda el lugar porque Jes\u00fas y sus disc\u00edpulos se reun\u00edan all\u00ed con frecuencia. Entonces\u2026","rel":"","context":"En \u00abLimones\u00bb","block_context":{"text":"Limones","link":"https:\/\/quechilero.com\/blog\/category\/limones\/"},"img":{"alt_text":"","src":"","width":0,"height":0},"classes":[]},{"id":12247,"url":"https:\/\/quechilero.com\/blog\/2012\/01\/14\/carta-abierta-al-presidente-de-guatemala\/","url_meta":{"origin":31227,"position":1},"title":"Carta Abierta al Presidente de Guatemala","author":"Pepe Barrascout Ortiz","date":"14 enero 2012","format":false,"excerpt":"Se\u00f1or Otto P\u00e9rez. Ciudadano Presidente. Guatemala. Por medio de la presente, me dirijo a usted, para manifestar mi sentir, hoy que es investido con el cargo de Presidente de la Rep\u00fablica. Como de todos es sabido, usted gan\u00f3 las elecciones, con el voto favorable del 31% de los ciudadanos actualmente\u2026","rel":"","context":"En \u00abLimones\u00bb","block_context":{"text":"Limones","link":"https:\/\/quechilero.com\/blog\/category\/limones\/"},"img":{"alt_text":"","src":"","width":0,"height":0},"classes":[]},{"id":5096,"url":"https:\/\/quechilero.com\/blog\/2010\/07\/16\/lo-que-tiene-que-hacer-es-pedirlo\/","url_meta":{"origin":31227,"position":2},"title":"Lo que tiene que hacer es pedirlo","author":"Pepe Barrascout Ortiz","date":"16 julio 2010","format":false,"excerpt":"Durante la guerra hispanoamericana, Clara Barton estaba supervisando el trabajo de la Cruz Roja Americana en Cuba. Un d\u00eda, el Coronel Theodore Roosevelt acudi\u00f3 a verla, queriendo comprar alimentos para sus enfermos y heridos en Rough Riders. Pero ella rehus\u00f3 venderle nada. Roosevelt qued\u00f3 perplejo. Sus hombres necesitaban ayuda, y\u2026","rel":"","context":"En \u00abLimones\u00bb","block_context":{"text":"Limones","link":"https:\/\/quechilero.com\/blog\/category\/limones\/"},"img":{"alt_text":"","src":"","width":0,"height":0},"classes":[]},{"id":4324,"url":"https:\/\/quechilero.com\/blog\/2010\/02\/09\/por-si-acaso\/","url_meta":{"origin":31227,"position":3},"title":"Por si acaso","author":"Pepe Barrascout Ortiz","date":"9 febrero 2010","format":false,"excerpt":"Un anciano est\u00e1 haciendo cola para subir al autob\u00fas y un joven que est\u00e1 detr\u00e1s de \u00e9l, le pregunta: - \"Perdone, \u00bftiene fuego?\" - \"\u00a1No!\" -le contesta algo enfadado el anciano. El joven piensa: \"No me muerdas\", y pide fuego a otra persona. Unos minutos m\u00e1s tarde, el anciano que\u2026","rel":"","context":"En \u00abLimones\u00bb","block_context":{"text":"Limones","link":"https:\/\/quechilero.com\/blog\/category\/limones\/"},"img":{"alt_text":"","src":"","width":0,"height":0},"classes":[]},{"id":7126,"url":"https:\/\/quechilero.com\/blog\/2011\/03\/06\/hablando-de-fe\/","url_meta":{"origin":31227,"position":4},"title":"Hablando de Fe","author":"Pepe Barrascout Ortiz","date":"6 marzo 2011","format":false,"excerpt":"Se dice que el equilibrista m\u00e1s grande de todos los tiempos estaba haciendo preparativos para fijar un cable a trav\u00e9s de las cataratas del Ni\u00e1gara y cruzarlas haciendo equilibrio. Y al fin lleg\u00f3 el d\u00eda en el que todo estaba preparado, se hab\u00eda convocado a una muchedumbre, tanto periodistas como\u2026","rel":"","context":"En \u00abLimones\u00bb","block_context":{"text":"Limones","link":"https:\/\/quechilero.com\/blog\/category\/limones\/"},"img":{"alt_text":"","src":"","width":0,"height":0},"classes":[]},{"id":5630,"url":"https:\/\/quechilero.com\/blog\/2010\/09\/22\/viaje-en-el-tiempo-internet-hace-15-anos\/","url_meta":{"origin":31227,"position":5},"title":"Viaje en el tiempo: Internet hace 15 a\u00f1os","author":"Pepe Barrascout Ortiz","date":"22 septiembre 2010","format":false,"excerpt":"Hace muchos a\u00f1os, conoc\u00ed el internet, recuerdo que fue principalmente en la casa de mi amigo Gustavo, cuando me muestra su computadora de \u00faltima tecnolog\u00eda, con algo raro y muy llamativo llamado Windows 95, hasta ese momento, apenas hab\u00eda tenido un par de encuentros con Windows 3.1, porque hasta ese\u2026","rel":"","context":"En \u00abLimones\u00bb","block_context":{"text":"Limones","link":"https:\/\/quechilero.com\/blog\/category\/limones\/"},"img":{"alt_text":"","src":"","width":0,"height":0},"classes":[]}],"jetpack_featured_media_url":"https:\/\/i0.wp.com\/quechilero.com\/blog\/imagenes\/DailyGym.jpg?fit=1280%2C720&ssl=1","_links":{"self":[{"href":"https:\/\/quechilero.com\/blog\/wp-json\/wp\/v2\/posts\/31227","targetHints":{"allow":["GET"]}}],"collection":[{"href":"https:\/\/quechilero.com\/blog\/wp-json\/wp\/v2\/posts"}],"about":[{"href":"https:\/\/quechilero.com\/blog\/wp-json\/wp\/v2\/types\/post"}],"author":[{"embeddable":true,"href":"https:\/\/quechilero.com\/blog\/wp-json\/wp\/v2\/users\/1"}],"replies":[{"embeddable":true,"href":"https:\/\/quechilero.com\/blog\/wp-json\/wp\/v2\/comments?post=31227"}],"version-history":[{"count":1,"href":"https:\/\/quechilero.com\/blog\/wp-json\/wp\/v2\/posts\/31227\/revisions"}],"predecessor-version":[{"id":31312,"href":"https:\/\/quechilero.com\/blog\/wp-json\/wp\/v2\/posts\/31227\/revisions\/31312"}],"wp:featuredmedia":[{"embeddable":true,"href":"https:\/\/quechilero.com\/blog\/wp-json\/wp\/v2\/media\/30923"}],"wp:attachment":[{"href":"https:\/\/quechilero.com\/blog\/wp-json\/wp\/v2\/media?parent=31227"}],"wp:term":[{"taxonomy":"category","embeddable":true,"href":"https:\/\/quechilero.com\/blog\/wp-json\/wp\/v2\/categories?post=31227"},{"taxonomy":"post_tag","embeddable":true,"href":"https:\/\/quechilero.com\/blog\/wp-json\/wp\/v2\/tags?post=31227"},{"taxonomy":"series","embeddable":true,"href":"https:\/\/quechilero.com\/blog\/wp-json\/wp\/v2\/series?post=31227"}],"curies":[{"name":"wp","href":"https:\/\/api.w.org\/{rel}","templated":true}]}}