{"id":31226,"date":"2023-04-22T06:00:19","date_gmt":"2023-04-22T12:00:19","guid":{"rendered":"https:\/\/quechilero.com\/blog\/?p=31226"},"modified":"2023-04-25T18:30:29","modified_gmt":"2023-04-26T00:30:29","slug":"dia-de-la-mujer","status":"publish","type":"post","link":"https:\/\/quechilero.com\/blog\/2023\/04\/22\/dia-de-la-mujer\/","title":{"rendered":"D\u00eda de la mujer"},"content":{"rendered":"<p>Despu\u00e9s de las\u00a0<em>fallas de log\u00edstica<\/em>, que pasaron en el <a href=\"https:\/\/quechilero.com\/blog\/2023\/03\/19\/dia-del-carino-dailygym\/\">d\u00eda del cari\u00f1o<\/a>, promet\u00ed que las corregir\u00eda en la celebraci\u00f3n del\u00a0<em>d\u00eda de la mujer<\/em>, pero para no perder la costumbre, ac\u00e1 tambi\u00e9n tuvimos otras\u00a0<em>fallas de log\u00edstica<\/em>, pero diferentes, eso s\u00ed, a las que tuvimos el otro d\u00eda.<\/p>\n<p>En esta oportunidad, como su nombre lo indica, s\u00f3lo fueron las chicas las agasajadas, dig\u00e1moslo as\u00ed. Ojal\u00e1 para la pr\u00f3xima celebraci\u00f3n, logre hacerlo sin ning\u00fan fallo de log\u00edstica ni de concepto.<\/p>\n<p>Si quieren saber en qu\u00e9 consisti\u00f3 la celebraci\u00f3n, pues denle al bot\u00f3n del play y pasen a escuchar, que el podcast ya est\u00e1 listo.<\/p>\n<p>Amigos, los nuevos cap\u00edtulos que he grabado, ya tienen una mejora en el audio, pero tendr\u00e1n que esperar un par de semanas m\u00e1s. Lo siento, mientras tanto, tomen bastante agua y escuchen los episodios que les faltan.<\/p>\n","protected":false},"excerpt":{"rendered":"<p>Despu\u00e9s de las\u00a0fallas de log\u00edstica, que pasaron en el d\u00eda del cari\u00f1o, promet\u00ed que las corregir\u00eda en la celebraci\u00f3n del\u00a0d\u00eda de la mujer, pero para no perder la costumbre, ac\u00e1 tambi\u00e9n tuvimos otras\u00a0fallas de log\u00edstica, pero diferentes, eso s\u00ed, a las que tuvimos el otro d\u00eda. En esta oportunidad, como su nombre lo indica, s\u00f3lo &#8230; <a title=\"D\u00eda de la mujer\" class=\"read-more\" href=\"https:\/\/quechilero.com\/blog\/2023\/04\/22\/dia-de-la-mujer\/\" aria-label=\"Leer m\u00e1s sobre D\u00eda de la mujer\">Leer m\u00e1s<\/a><\/p>\n","protected":false},"author":1,"featured_media":30923,"comment_status":"open","ping_status":"closed","sticky":false,"template":"","format":"standard","meta":{"advanced_seo_description":"","jetpack_seo_html_title":"","jetpack_seo_noindex":false,"jetpack_seo_schema_type":"","episode_type":"audio","audio_file":"https:\/\/chtbl.com\/track\/898133\/http:\/\/media.blubrry.com\/quechilero\/p\/dts.podtrac.com\/redirect.mp3\/archive.org\/download\/DailyGymPodcast\/0057-DiaDeLaMujer.mp3","podmotor_file_id":"","podmotor_episode_id":"","cover_image":"","cover_image_id":"","duration":"9:00","filesize":"8.46M","filesize_raw":"8868611","date_recorded":"2023-04-22 06:00:19","explicit":"","block":"","_jetpack_newsletter_access":"","_jetpack_dont_email_post_to_subs":false,"_jetpack_newsletter_tier_id":0,"_jetpack_memberships_contains_paywalled_content":false,"_jetpack_feature_clip_id":0,"_jetpack_memberships_contains_paid_content":false,"footnotes":"","jetpack_publicize_message":"D\u00eda de la mujer - Daily Gym #Podcast","jetpack_publicize_feature_enabled":true,"jetpack_social_post_already_shared":true,"jetpack_social_options":{"image_generator_settings":{"template":"highway","default_image_id":0,"font":"","enabled":false},"version":2},"jetpack_post_was_ever_published":false},"categories":[142,111],"tags":[20,101],"series":[143,130],"class_list":["post-31226","post","type-post","status-publish","format-standard","has-post-thumbnail","hentry","category-daily-gym","category-podcast","tag-mujer","tag-podcast-2","series-daily-gym","series-las-6am"],"episode_featured_image":"https:\/\/quechilero.com\/blog\/imagenes\/DailyGym.jpg","episode_player_image":"https:\/\/i0.wp.com\/quechilero.com\/blog\/imagenes\/dailygym.png?fit=3000%2C3000&ssl=1","download_link":"https:\/\/quechilero.com\/blog\/podcast-download\/31226\/dia-de-la-mujer.mp3","player_link":"https:\/\/quechilero.com\/blog\/podcast-player\/31226\/dia-de-la-mujer.mp3","audio_player":null,"episode_data":{"playerMode":"dark","subscribeUrls":{"amazon":{"key":"amazon","url":"https:\/\/www.amazon.com\/-\/es\/dp\/B0BYPK9ZSM","label":"Amazon","class":"amazon","icon":"amazon.png"},"apple_podcasts":{"key":"apple_podcasts","url":"https:\/\/podcasts.apple.com\/us\/podcast\/daily-gym\/id1677426346","label":"Apple Podcasts","class":"apple_podcasts","icon":"apple-podcasts.png"},"castbox":{"key":"castbox","url":"https:\/\/castbox.fm\/ch\/5357433","label":"CastBox","class":"castbox","icon":"castbox.png"},"deezer":{"key":"deezer","url":"https:\/\/deezer.com\/show\/5852587","label":"Deezer","class":"deezer","icon":"deezer.png"},"google_podcasts":{"key":"google_podcasts","url":"https:\/\/podcasts.google.com\/feed\/aHR0cHM6Ly9mZWVkLnF1ZWNoaWxlcm8uY29tL0RhaWx5R3lt","label":"Google Podcasts","class":"google_podcasts","icon":"google-podcasts.png"},"listen_notes":{"key":"listen_notes","url":"https:\/\/www.listennotes.com\/podcasts\/daily-gym-pepe-barrascout-ortiz-nIA4zXxFo5R\/","label":"Listen Notes","class":"listen_notes","icon":"listen-notes.png"},"pandora":{"key":"pandora","url":"https:\/\/www.pandora.com\/podcast\/daily-gym\/PC:1001061901","label":"Pandora","class":"pandora","icon":"pandora.png"},"podbean":{"key":"podbean","url":"https:\/\/www.podbean.com\/podcast-detail\/ixr58-2a889f\/Daily-Gym-Podcast","label":"Podbean","class":"podbean","icon":"podbean.png"},"podcast_republic":{"key":"podcast_republic","url":"https:\/\/podcastrepublic.net\/podcast\/1677426346","label":"Podcast Republic","class":"podcast_republic","icon":"podcast-republic.png"},"rss":{"key":"rss","url":"https:\/\/feed.quechilero.com\/DailyGym","label":"RSS","class":"rss","icon":"rss.png"},"spotify":{"key":"spotify","url":"https:\/\/open.spotify.com\/show\/4Y1KFDhhQtcd2r6GjPYfwZ","label":"Spotify","class":"spotify","icon":"spotify.png"},"stitcher":{"key":"stitcher","url":"https:\/\/www.stitcher.com\/show\/1061901","label":"Stitcher","class":"stitcher","icon":"stitcher.png"},"tunein":{"key":"tunein","url":"https:\/\/tunein.com\/radio\/Daily-Gym-p3543371\/","label":"TuneIn","class":"tunein","icon":"tunein.png"},"youtube":{"key":"youtube","url":"https:\/\/www.youtube.com\/playlist?list=PLFEyq_4cbW9EybrGOIX93MoUdSd0KiLtB","label":"YouTube","class":"youtube","icon":"youtube.png"},"iheartradio":{"key":"iheartradio","url":"https:\/\/iheart.com\/podcast\/110695694\/","label":"iHeartRadio","class":"iheartradio","icon":"iheartradio.png"},"ivoox":{"key":"ivoox","url":"https:\/\/www.ivoox.com\/podcast-daily-gym_sq_f11872154_1.html","label":"iVoox","class":"ivoox","icon":"ivoox.png"}},"rssFeedUrl":"https:\/\/quechilero.com\/blog\/feed\/podcast\/daily-gym","embedCode":"<blockquote class=\"wp-embedded-content\" data-secret=\"PgMqDgxt17\"><a href=\"https:\/\/quechilero.com\/blog\/2023\/04\/22\/dia-de-la-mujer\/\">D\u00eda de la mujer<\/a><\/blockquote><iframe sandbox=\"allow-scripts\" security=\"restricted\" src=\"https:\/\/quechilero.com\/blog\/2023\/04\/22\/dia-de-la-mujer\/embed\/#?secret=PgMqDgxt17\" width=\"500\" height=\"350\" title=\"\u00abD\u00eda de la mujer\u00bb \u2014 Si la Vida nos da Limones...\" data-secret=\"PgMqDgxt17\" frameborder=\"0\" marginwidth=\"0\" marginheight=\"0\" scrolling=\"no\" class=\"wp-embedded-content\"><\/iframe><script>\n\/*! This file is auto-generated *\/\n!function(d,l){\"use strict\";l.querySelector&&d.addEventListener&&\"undefined\"!=typeof URL&&(d.wp=d.wp||{},d.wp.receiveEmbedMessage||(d.wp.receiveEmbedMessage=function(e){var t=e.data;if((t||t.secret||t.message||t.value)&&!\/[^a-zA-Z0-9]\/.test(t.secret)){for(var s,r,n,a=l.querySelectorAll('iframe[data-secret=\"'+t.secret+'\"]'),o=l.querySelectorAll('blockquote[data-secret=\"'+t.secret+'\"]'),c=new RegExp(\"^https?:$\",\"i\"),i=0;i<o.length;i++)o[i].style.display=\"none\";for(i=0;i<a.length;i++)s=a[i],e.source===s.contentWindow&&(s.removeAttribute(\"style\"),\"height\"===t.message?(1e3<(r=parseInt(t.value,10))?r=1e3:~~r<200&&(r=200),s.height=r):\"link\"===t.message&&(r=new URL(s.getAttribute(\"src\")),n=new URL(t.value),c.test(n.protocol))&&n.host===r.host&&l.activeElement===s&&(d.top.location.href=t.value))}},d.addEventListener(\"message\",d.wp.receiveEmbedMessage,!1),l.addEventListener(\"DOMContentLoaded\",function(){for(var e,t,s=l.querySelectorAll(\"iframe.wp-embedded-content\"),r=0;r<s.length;r++)(t=(e=s[r]).getAttribute(\"data-secret\"))||(t=Math.random().toString(36).substring(2,12),e.src+=\"#?secret=\"+t,e.setAttribute(\"data-secret\",t)),e.contentWindow.postMessage({message:\"ready\",secret:t},\"*\")},!1)))}(window,document);\n\/\/# sourceURL=https:\/\/quechilero.com\/blog\/wp-includes\/js\/wp-embed.min.js\n<\/script>\n"},"jetpack_publicize_connections":[],"jetpack_shortlink":"https:\/\/wp.me\/pDKli-87E","jetpack_sharing_enabled":true,"jetpack-related-posts":[{"id":30955,"url":"https:\/\/quechilero.com\/blog\/2023\/03\/19\/dia-del-carino-dailygym\/","url_meta":{"origin":31226,"position":0},"title":"D\u00eda del cari\u00f1o","author":"Pepe Barrascout Ortiz","date":"19 marzo 2023","format":false,"excerpt":"Amigos, este episodio trata de un acontecimiento que sucedi\u00f3 hace m\u00e1s de un mes, sin embargo no deja de tener validez, as\u00ed que pasen a escuchar. Conociendo c\u00f3mo es la cultura empresarial en guatemala, pues se me ocurri\u00f3 hacer algo totalmente inesperado para celebrar el d\u00eda del cari\u00f1o en el\u2026","rel":"","context":"En \u00abDaily Gym\u00bb","block_context":{"text":"Daily Gym","link":"https:\/\/quechilero.com\/blog\/category\/podcast\/daily-gym\/"},"img":{"alt_text":"Daily Gym Podcast","src":"https:\/\/i0.wp.com\/quechilero.com\/blog\/imagenes\/DailyGym.jpg?fit=1200%2C675&ssl=1&resize=350%2C200","width":350,"height":200,"srcset":"https:\/\/i0.wp.com\/quechilero.com\/blog\/imagenes\/DailyGym.jpg?fit=1200%2C675&ssl=1&resize=350%2C200 1x, https:\/\/i0.wp.com\/quechilero.com\/blog\/imagenes\/DailyGym.jpg?fit=1200%2C675&ssl=1&resize=525%2C300 1.5x, https:\/\/i0.wp.com\/quechilero.com\/blog\/imagenes\/DailyGym.jpg?fit=1200%2C675&ssl=1&resize=700%2C400 2x, https:\/\/i0.wp.com\/quechilero.com\/blog\/imagenes\/DailyGym.jpg?fit=1200%2C675&ssl=1&resize=1050%2C600 3x"},"classes":[]},{"id":27311,"url":"https:\/\/quechilero.com\/blog\/2013\/10\/17\/podcast-en-la-vida-de-san-agustin-episodio-14\/","url_meta":{"origin":31226,"position":1},"title":"Podcast: En la Vida de San Agust\u00edn, episodio 14","author":"Pepe Barrascout Ortiz","date":"17 octubre 2013","format":false,"excerpt":"Del proceso hacia el autoconocimiento y el sentido de la propia vida Juanico sigue en di\u00e1logo con Alipio y Agust\u00edn. Se revela la castidad de Alipio y escuchamos la respuesta que Agust\u00edn da a Juanico cuando este le pregunta si tiene mujer. Este cap\u00edtulo es ideal para corazones inquietos, acompa\u00f1antes\u2026","rel":"","context":"En \u00abPodcast\u00bb","block_context":{"text":"Podcast","link":"https:\/\/quechilero.com\/blog\/category\/podcast\/"},"img":{"alt_text":"Las 6 de la ma\u00f1ana. Podcast","src":"https:\/\/i0.wp.com\/lh3.googleusercontent.com\/-MuDpgG_t8tg\/Uics8DjfI0I\/AAAAAAAACFg\/DQ_9XUG-gUE\/s800\/san-agustin.png?resize=350%2C200&ssl=1","width":350,"height":200,"srcset":"https:\/\/i0.wp.com\/lh3.googleusercontent.com\/-MuDpgG_t8tg\/Uics8DjfI0I\/AAAAAAAACFg\/DQ_9XUG-gUE\/s800\/san-agustin.png?resize=350%2C200&ssl=1 1x, https:\/\/i0.wp.com\/lh3.googleusercontent.com\/-MuDpgG_t8tg\/Uics8DjfI0I\/AAAAAAAACFg\/DQ_9XUG-gUE\/s800\/san-agustin.png?resize=525%2C300&ssl=1 1.5x"},"classes":[]},{"id":30944,"url":"https:\/\/quechilero.com\/blog\/2023\/03\/08\/aire-acondicionado-apagado\/","url_meta":{"origin":31226,"position":2},"title":"Aire acondicionado apagado","author":"Pepe Barrascout Ortiz","date":"8 marzo 2023","format":false,"excerpt":"Era cuesti\u00f3n de tiempo, sab\u00eda que esto iba a pasar. Parece que el\u00a0aire acondicionado, ser\u00e1 un invitado recurrente en \u00e9ste podcast. Bueno, es que no todo pod\u00eda ser perfecto, en algo ten\u00eda que fallar. Poco a poco iremos analizando y revisando algunos puntos que hacen que el aire acondicionado, sea\u2026","rel":"","context":"En \u00abDaily Gym\u00bb","block_context":{"text":"Daily Gym","link":"https:\/\/quechilero.com\/blog\/category\/podcast\/daily-gym\/"},"img":{"alt_text":"Daily Gym Podcast","src":"https:\/\/i0.wp.com\/quechilero.com\/blog\/imagenes\/DailyGym.jpg?fit=1200%2C675&ssl=1&resize=350%2C200","width":350,"height":200,"srcset":"https:\/\/i0.wp.com\/quechilero.com\/blog\/imagenes\/DailyGym.jpg?fit=1200%2C675&ssl=1&resize=350%2C200 1x, https:\/\/i0.wp.com\/quechilero.com\/blog\/imagenes\/DailyGym.jpg?fit=1200%2C675&ssl=1&resize=525%2C300 1.5x, https:\/\/i0.wp.com\/quechilero.com\/blog\/imagenes\/DailyGym.jpg?fit=1200%2C675&ssl=1&resize=700%2C400 2x, https:\/\/i0.wp.com\/quechilero.com\/blog\/imagenes\/DailyGym.jpg?fit=1200%2C675&ssl=1&resize=1050%2C600 3x"},"classes":[]},{"id":31095,"url":"https:\/\/quechilero.com\/blog\/2023\/04\/05\/elevador-gradas-electricas-escaleras\/","url_meta":{"origin":31226,"position":3},"title":"Elevador + gradas el\u00e9ctricas + escaleras","author":"Pepe Barrascout Ortiz","date":"5 abril 2023","format":false,"excerpt":"Amigos, pasen adelante y escuchen un nuevo episodio de\u00a0Daily Gym. Hoy tenemos en el men\u00fa, un tema que ya les he ido adelantando en episodios anteriores, si a\u00fan no los han escuchado, pongan pausa ac\u00e1 y escuchen que ya tenemos como cuarenta temas que he ido hablando, sobre mis aventuras\u2026","rel":"","context":"En \u00abDaily Gym\u00bb","block_context":{"text":"Daily Gym","link":"https:\/\/quechilero.com\/blog\/category\/podcast\/daily-gym\/"},"img":{"alt_text":"Daily Gym Podcast","src":"https:\/\/i0.wp.com\/quechilero.com\/blog\/imagenes\/DailyGym.jpg?fit=1200%2C675&ssl=1&resize=350%2C200","width":350,"height":200,"srcset":"https:\/\/i0.wp.com\/quechilero.com\/blog\/imagenes\/DailyGym.jpg?fit=1200%2C675&ssl=1&resize=350%2C200 1x, https:\/\/i0.wp.com\/quechilero.com\/blog\/imagenes\/DailyGym.jpg?fit=1200%2C675&ssl=1&resize=525%2C300 1.5x, https:\/\/i0.wp.com\/quechilero.com\/blog\/imagenes\/DailyGym.jpg?fit=1200%2C675&ssl=1&resize=700%2C400 2x, https:\/\/i0.wp.com\/quechilero.com\/blog\/imagenes\/DailyGym.jpg?fit=1200%2C675&ssl=1&resize=1050%2C600 3x"},"classes":[]},{"id":27321,"url":"https:\/\/quechilero.com\/blog\/2013\/09\/12\/podcast-en-la-vida-de-san-agustin-episodio-04\/","url_meta":{"origin":31226,"position":4},"title":"Podcast: En la Vida de San Agust\u00edn, episodio 04","author":"Pepe Barrascout Ortiz","date":"12 septiembre 2013","format":false,"excerpt":"Del proceso educativo en la infancia, natural y formal Agust\u00edn explora las capacidades humanas desde la lactancia y hace una fenomenolog\u00eda del desarrollo humano, la adquisici\u00f3n del lenguaje y la relaci\u00f3n con los otros. Aqu\u00ed vamos al pasado con Agust\u00edn para escuchar a M\u00f3nica, Navigio y Perpetua; la madre y\u2026","rel":"","context":"En \u00abPodcast\u00bb","block_context":{"text":"Podcast","link":"https:\/\/quechilero.com\/blog\/category\/podcast\/"},"img":{"alt_text":"Las 6 de la ma\u00f1ana. Podcast","src":"https:\/\/i0.wp.com\/lh3.googleusercontent.com\/-MuDpgG_t8tg\/Uics8DjfI0I\/AAAAAAAACFg\/DQ_9XUG-gUE\/s800\/san-agustin.png?resize=350%2C200&ssl=1","width":350,"height":200,"srcset":"https:\/\/i0.wp.com\/lh3.googleusercontent.com\/-MuDpgG_t8tg\/Uics8DjfI0I\/AAAAAAAACFg\/DQ_9XUG-gUE\/s800\/san-agustin.png?resize=350%2C200&ssl=1 1x, https:\/\/i0.wp.com\/lh3.googleusercontent.com\/-MuDpgG_t8tg\/Uics8DjfI0I\/AAAAAAAACFg\/DQ_9XUG-gUE\/s800\/san-agustin.png?resize=525%2C300&ssl=1 1.5x"},"classes":[]},{"id":27323,"url":"https:\/\/quechilero.com\/blog\/2013\/09\/06\/podcast-en-la-vida-de-san-agustin-episodio-02\/","url_meta":{"origin":31226,"position":5},"title":"Podcast: En la Vida de San Agust\u00edn, episodio 02","author":"Pepe Barrascout Ortiz","date":"6 septiembre 2013","format":false,"excerpt":"De la escucha de Dios en las Escrituras Conocemos a Alipio y Posidio como los mejores amigos de Agust\u00edn. Los tres conversan sobre las preocupaciones de la \u00e9poca, como obispos, pastores y jueces. Los acompa\u00f1amos en el ambiente del comedor y escuchamos a Agust\u00edn sobre el significado del Cuerpo M\u00edstico\u2026","rel":"","context":"En \u00abPodcast\u00bb","block_context":{"text":"Podcast","link":"https:\/\/quechilero.com\/blog\/category\/podcast\/"},"img":{"alt_text":"Las 6 de la ma\u00f1ana. Podcast","src":"https:\/\/i0.wp.com\/lh3.googleusercontent.com\/-MuDpgG_t8tg\/Uics8DjfI0I\/AAAAAAAACFg\/DQ_9XUG-gUE\/s800\/san-agustin.png?resize=350%2C200&ssl=1","width":350,"height":200,"srcset":"https:\/\/i0.wp.com\/lh3.googleusercontent.com\/-MuDpgG_t8tg\/Uics8DjfI0I\/AAAAAAAACFg\/DQ_9XUG-gUE\/s800\/san-agustin.png?resize=350%2C200&ssl=1 1x, https:\/\/i0.wp.com\/lh3.googleusercontent.com\/-MuDpgG_t8tg\/Uics8DjfI0I\/AAAAAAAACFg\/DQ_9XUG-gUE\/s800\/san-agustin.png?resize=525%2C300&ssl=1 1.5x"},"classes":[]}],"jetpack_featured_media_url":"https:\/\/i0.wp.com\/quechilero.com\/blog\/imagenes\/DailyGym.jpg?fit=1280%2C720&ssl=1","_links":{"self":[{"href":"https:\/\/quechilero.com\/blog\/wp-json\/wp\/v2\/posts\/31226","targetHints":{"allow":["GET"]}}],"collection":[{"href":"https:\/\/quechilero.com\/blog\/wp-json\/wp\/v2\/posts"}],"about":[{"href":"https:\/\/quechilero.com\/blog\/wp-json\/wp\/v2\/types\/post"}],"author":[{"embeddable":true,"href":"https:\/\/quechilero.com\/blog\/wp-json\/wp\/v2\/users\/1"}],"replies":[{"embeddable":true,"href":"https:\/\/quechilero.com\/blog\/wp-json\/wp\/v2\/comments?post=31226"}],"version-history":[{"count":1,"href":"https:\/\/quechilero.com\/blog\/wp-json\/wp\/v2\/posts\/31226\/revisions"}],"predecessor-version":[{"id":31311,"href":"https:\/\/quechilero.com\/blog\/wp-json\/wp\/v2\/posts\/31226\/revisions\/31311"}],"wp:featuredmedia":[{"embeddable":true,"href":"https:\/\/quechilero.com\/blog\/wp-json\/wp\/v2\/media\/30923"}],"wp:attachment":[{"href":"https:\/\/quechilero.com\/blog\/wp-json\/wp\/v2\/media?parent=31226"}],"wp:term":[{"taxonomy":"category","embeddable":true,"href":"https:\/\/quechilero.com\/blog\/wp-json\/wp\/v2\/categories?post=31226"},{"taxonomy":"post_tag","embeddable":true,"href":"https:\/\/quechilero.com\/blog\/wp-json\/wp\/v2\/tags?post=31226"},{"taxonomy":"series","embeddable":true,"href":"https:\/\/quechilero.com\/blog\/wp-json\/wp\/v2\/series?post=31226"}],"curies":[{"name":"wp","href":"https:\/\/api.w.org\/{rel}","templated":true}]}}