{"id":3083,"date":"2009-08-22T15:00:47","date_gmt":"2009-08-22T21:00:47","guid":{"rendered":"http:\/\/quechilero.com\/blog\/?p=3083"},"modified":"2009-08-22T15:00:47","modified_gmt":"2009-08-22T21:00:47","slug":"portadas-de-discos-que-hablan","status":"publish","type":"post","link":"https:\/\/quechilero.com\/blog\/2009\/08\/22\/portadas-de-discos-que-hablan\/","title":{"rendered":"Portadas de discos que hablan"},"content":{"rendered":"<p>Un video que muestra, con una producci\u00f3n muy bien lograda y realizada con pocos recursos, una publicidad para <em>Nokia<\/em>. La idea b\u00e1sica es recrear las <em>Portadas de discos<\/em>, animarlas y <em>hacerlas hablar<\/em>, tomando el t\u00edtulo de una de las canciones inclu\u00eddas en ese disco en particular y al final, uniendo todos los t\u00edtulos, intentar producir un mensaje.<\/p>\n<p><object classid=\"clsid:d27cdb6e-ae6d-11cf-96b8-444553540000\" width=\"550\" height=\"344\" codebase=\"http:\/\/download.macromedia.com\/pub\/shockwave\/cabs\/flash\/swflash.cab#version=6,0,40,0\"><param name=\"allowFullScreen\" value=\"true\" \/><param name=\"allowscriptaccess\" value=\"always\" \/><param name=\"src\" value=\"http:\/\/www.youtube.com\/v\/8JJg0TWAvZU&amp;hl=es&amp;fs=1&amp;rel=0&amp;color1=0x402061&amp;color2=0x9461ca\" \/><param name=\"allowfullscreen\" value=\"true\" \/><\/object><\/p>\n<p>Muy buen experimento y muy creativo.<\/p>\n<p>Reconozco portadas de Nirvana, The Beatles, Bob Marley, The Doors, \u00bfque otros mas reconocen en el video?<\/p>\n<p>El video lo vi en la secci\u00f3n publicitaria de <a title=\"Portadas de discos que hablan\" href=\"http:\/\/trash.sicrono.com\/ads\/tapas-de-discos-que-hablan\/\">Sicrono<\/a><\/p>\n","protected":false},"excerpt":{"rendered":"<p>Un video que muestra, con una producci\u00f3n muy bien lograda y realizada con pocos recursos, una publicidad para Nokia. La idea b\u00e1sica es recrear las Portadas de discos, animarlas y hacerlas hablar, tomando el t\u00edtulo de una de las canciones inclu\u00eddas en ese disco en particular y al final, uniendo todos los t\u00edtulos, intentar producir &#8230; <a title=\"Portadas de discos que hablan\" class=\"read-more\" href=\"https:\/\/quechilero.com\/blog\/2009\/08\/22\/portadas-de-discos-que-hablan\/\" aria-label=\"Leer m\u00e1s sobre Portadas de discos que hablan\">Leer m\u00e1s<\/a><\/p>\n","protected":false},"author":1,"featured_media":0,"comment_status":"open","ping_status":"open","sticky":false,"template":"","format":"standard","meta":{"advanced_seo_description":"","jetpack_seo_html_title":"","jetpack_seo_noindex":false,"jetpack_seo_schema_type":"","episode_type":"","audio_file":"","podmotor_file_id":"","podmotor_episode_id":"","cover_image":"","cover_image_id":"","duration":"","filesize":"","filesize_raw":"","date_recorded":"","explicit":"","block":"","_jetpack_newsletter_access":"","_jetpack_dont_email_post_to_subs":false,"_jetpack_newsletter_tier_id":0,"_jetpack_memberships_contains_paywalled_content":false,"_jetpack_feature_clip_id":0,"_jetpack_memberships_contains_paid_content":false,"footnotes":"","jetpack_publicize_message":"","jetpack_publicize_feature_enabled":true,"jetpack_social_post_already_shared":false,"jetpack_social_options":{"image_generator_settings":{"template":"highway","default_image_id":0,"font":"","enabled":false},"version":2},"jetpack_post_was_ever_published":false},"categories":[2],"tags":[9,25,53],"series":[],"class_list":["post-3083","post","type-post","status-publish","format-standard","hentry","category-limones","tag-idea","tag-video","tag-youtube"],"episode_featured_image":false,"episode_player_image":"https:\/\/i0.wp.com\/quechilero.com\/blog\/imagenes\/podcast.png?fit=1831%2C1831&ssl=1","download_link":"","player_link":"","audio_player":false,"episode_data":{"playerMode":"dark","subscribeUrls":{"amazon":{"key":"amazon","url":"","label":"Amazon","class":"amazon","icon":"amazon.png"},"apple_podcasts":{"key":"apple_podcasts","url":"","label":"Apple Podcasts","class":"apple_podcasts","icon":"apple-podcasts.png"},"castbox":{"key":"castbox","url":"","label":"CastBox","class":"castbox","icon":"castbox.png"},"deezer":{"key":"deezer","url":"","label":"Deezer","class":"deezer","icon":"deezer.png"},"google_podcasts":{"key":"google_podcasts","url":"","label":"Google Podcasts","class":"google_podcasts","icon":"google-podcasts.png"},"listen_notes":{"key":"listen_notes","url":"","label":"Listen Notes","class":"listen_notes","icon":"listen-notes.png"},"pandora":{"key":"pandora","url":"","label":"Pandora","class":"pandora","icon":"pandora.png"},"podbean":{"key":"podbean","url":"","label":"Podbean","class":"podbean","icon":"podbean.png"},"podcast_republic":{"key":"podcast_republic","url":"","label":"Podcast Republic","class":"podcast_republic","icon":"podcast-republic.png"},"rss":{"key":"rss","url":"","label":"RSS","class":"rss","icon":"rss.png"},"spotify":{"key":"spotify","url":"","label":"Spotify","class":"spotify","icon":"spotify.png"},"stitcher":{"key":"stitcher","url":"","label":"Stitcher","class":"stitcher","icon":"stitcher.png"},"tunein":{"key":"tunein","url":"","label":"TuneIn","class":"tunein","icon":"tunein.png"},"youtube":{"key":"youtube","url":"","label":"YouTube","class":"youtube","icon":"youtube.png"},"iheartradio":{"key":"iheartradio","url":"","label":"iHeartRadio","class":"iheartradio","icon":"iheartradio.png"},"ivoox":{"key":"ivoox","url":"","label":"iVoox","class":"ivoox","icon":"ivoox.png"}},"rssFeedUrl":"https:\/\/quechilero.com\/blog\/feed\/podcast\/si-la-vida-nos-da-limones","embedCode":"<blockquote class=\"wp-embedded-content\" data-secret=\"R5QzSSFqoc\"><a href=\"https:\/\/quechilero.com\/blog\/2009\/08\/22\/portadas-de-discos-que-hablan\/\">Portadas de discos que hablan<\/a><\/blockquote><iframe sandbox=\"allow-scripts\" security=\"restricted\" src=\"https:\/\/quechilero.com\/blog\/2009\/08\/22\/portadas-de-discos-que-hablan\/embed\/#?secret=R5QzSSFqoc\" width=\"500\" height=\"350\" title=\"\u00abPortadas de discos que hablan\u00bb \u2014 Si la Vida nos da Limones...\" data-secret=\"R5QzSSFqoc\" frameborder=\"0\" marginwidth=\"0\" marginheight=\"0\" scrolling=\"no\" class=\"wp-embedded-content\"><\/iframe><script>\n\/*! This file is auto-generated *\/\n!function(d,l){\"use strict\";l.querySelector&&d.addEventListener&&\"undefined\"!=typeof URL&&(d.wp=d.wp||{},d.wp.receiveEmbedMessage||(d.wp.receiveEmbedMessage=function(e){var t=e.data;if((t||t.secret||t.message||t.value)&&!\/[^a-zA-Z0-9]\/.test(t.secret)){for(var s,r,n,a=l.querySelectorAll('iframe[data-secret=\"'+t.secret+'\"]'),o=l.querySelectorAll('blockquote[data-secret=\"'+t.secret+'\"]'),c=new RegExp(\"^https?:$\",\"i\"),i=0;i<o.length;i++)o[i].style.display=\"none\";for(i=0;i<a.length;i++)s=a[i],e.source===s.contentWindow&&(s.removeAttribute(\"style\"),\"height\"===t.message?(1e3<(r=parseInt(t.value,10))?r=1e3:~~r<200&&(r=200),s.height=r):\"link\"===t.message&&(r=new URL(s.getAttribute(\"src\")),n=new URL(t.value),c.test(n.protocol))&&n.host===r.host&&l.activeElement===s&&(d.top.location.href=t.value))}},d.addEventListener(\"message\",d.wp.receiveEmbedMessage,!1),l.addEventListener(\"DOMContentLoaded\",function(){for(var e,t,s=l.querySelectorAll(\"iframe.wp-embedded-content\"),r=0;r<s.length;r++)(t=(e=s[r]).getAttribute(\"data-secret\"))||(t=Math.random().toString(36).substring(2,12),e.src+=\"#?secret=\"+t,e.setAttribute(\"data-secret\",t)),e.contentWindow.postMessage({message:\"ready\",secret:t},\"*\")},!1)))}(window,document);\n\/\/# sourceURL=https:\/\/quechilero.com\/blog\/wp-includes\/js\/wp-embed.min.js\n<\/script>\n"},"jetpack_publicize_connections":[],"jetpack_shortlink":"https:\/\/wp.me\/pDKli-NJ","jetpack_sharing_enabled":true,"jetpack-related-posts":[{"id":4893,"url":"https:\/\/quechilero.com\/blog\/2010\/06\/23\/how-to-sleeveface\/","url_meta":{"origin":3083,"position":0},"title":"How To Sleeveface","author":"Pepe Barrascout Ortiz","date":"23 junio 2010","format":false,"excerpt":"How To Sleeveface es un proyecto que pretende, crear una colecci\u00f3n, de fotograf\u00edas donde se mezclan las antiguas portadas de los discos LP y personas con escenas reales. Es muy interesante el resultado que se obtiene, donde la historia que se pretend\u00eda contar en cada\u00a0caratula, se extiende, con resultados muy\u2026","rel":"","context":"En \u00abLimones\u00bb","block_context":{"text":"Limones","link":"https:\/\/quechilero.com\/blog\/category\/limones\/"},"img":{"alt_text":"","src":"","width":0,"height":0},"classes":[]},{"id":346,"url":"https:\/\/quechilero.com\/blog\/2006\/10\/28\/funcionamiento-del-disco-duro\/","url_meta":{"origin":3083,"position":1},"title":"Funcionamiento del Disco Duro","author":"Pepe Barrascout Ortiz","date":"28 octubre 2006","format":false,"excerpt":"Este video nos muestra la forma en la que funciona el disco duro que usamos en nuestras computadoras, una explicaci\u00f3n bastante amplia e im\u00e1genes bastante interesantes e incre\u00edbles en especial me llam\u00f3 la atenci\u00f3n la velocidad con la que se mueve la aguja de lectura.","rel":"","context":"En \u00abLimones\u00bb","block_context":{"text":"Limones","link":"https:\/\/quechilero.com\/blog\/category\/limones\/"},"img":{"alt_text":"","src":"","width":0,"height":0},"classes":[]},{"id":135,"url":"https:\/\/quechilero.com\/blog\/2006\/08\/12\/253-mb\/","url_meta":{"origin":3083,"position":2},"title":"253 Mb","author":"Pepe Barrascout Ortiz","date":"12 agosto 2006","format":false,"excerpt":"Desde hac\u00eda algunos d\u00edas notaba que la compu se pon\u00eda lenta, muy lenta, cuando trabajaba con photoshop era definitivamente un desastre y eso que generalmente tengo que usarlo simult\u00e1neamente con freehand y en el peor de los casos hasta dreamweaver sale a bailar. El mi\u00e9rcoles escribiendo el texto del Marat\u00f3n\u2026","rel":"","context":"En \u00abLimones\u00bb","block_context":{"text":"Limones","link":"https:\/\/quechilero.com\/blog\/category\/limones\/"},"img":{"alt_text":"","src":"","width":0,"height":0},"classes":[]},{"id":9738,"url":"https:\/\/quechilero.com\/blog\/2011\/09\/24\/liberando-espacio-del-disco-duro\/","url_meta":{"origin":3083,"position":3},"title":"Liberando espacio del disco duro","author":"Pepe Barrascout Ortiz","date":"24 septiembre 2011","format":false,"excerpt":"No hay duda que los archivos de m\u00fasica, video y fotos, son los que regularmente ocupan mas espacio en nuestro disco duro, a tal punto, que cada vez necesitamos mas y mas espacio, tanto en discos instalados como en las unidades externas. Ya es com\u00fan ver discos externos que se\u2026","rel":"","context":"En \u00abLimones\u00bb","block_context":{"text":"Limones","link":"https:\/\/quechilero.com\/blog\/category\/limones\/"},"img":{"alt_text":"","src":"","width":0,"height":0},"classes":[]},{"id":9935,"url":"https:\/\/quechilero.com\/blog\/2011\/08\/27\/maraton-de-blogs-fe-de-rata-3\/","url_meta":{"origin":3083,"position":4},"title":"Marat\u00f3n de Blogs: Fe de Rata","author":"Pepe Barrascout Ortiz","date":"27 agosto 2011","format":false,"excerpt":"Una vez mas, Fe de Rata forma parte del Marat\u00f3n de Blogs, este blog es publicado por el estimado y muy connotado escritor guatemalteco, Juan Pablo Dard\u00f3n. Entre sus idas y venidas\u00a0por asuntos de trabajo, sus tuits picantes\u00a0y la publicaci\u00f3n semanal en Siglo XXI,\u00a0Fe de Rata\u00a0se convierte en el espacio\u2026","rel":"","context":"En \u00abBlogs de Guatemala\u00bb","block_context":{"text":"Blogs de Guatemala","link":"https:\/\/quechilero.com\/blog\/category\/blogs-de-guatemala\/"},"img":{"alt_text":"","src":"https:\/\/i0.wp.com\/i392.photobucket.com\/albums\/pp7\/pepejaguar\/maraton\/fe-rata.png?resize=350%2C200","width":350,"height":200,"srcset":"https:\/\/i0.wp.com\/i392.photobucket.com\/albums\/pp7\/pepejaguar\/maraton\/fe-rata.png?resize=350%2C200 1x, https:\/\/i0.wp.com\/i392.photobucket.com\/albums\/pp7\/pepejaguar\/maraton\/fe-rata.png?resize=525%2C300 1.5x"},"classes":[]},{"id":11984,"url":"https:\/\/quechilero.com\/blog\/2012\/02\/04\/ricardo-arjona-y-lo-politicamente-correcto\/","url_meta":{"origin":3083,"position":5},"title":"Ricardo Arjona y lo \u00abpol\u00edticamente correcto\u00bb","author":"Pepe Barrascout Ortiz","date":"4 febrero 2012","format":false,"excerpt":"A finales de diciembre de 2011, corri\u00f3 como la p\u00f3lvora\u00a0el rumor, que despu\u00e9s se confirm\u00f3 como cierto, que Ricardo Arjona\u00a0se encontraba en el pa\u00eds. Como era de esperarse, la noticia llen\u00f3 de orgullo patrio\u00a0a los guanab\u00eds de ocasi\u00f3n, que repentinamente se declaraban como fans incondicionales de Arjona, aunque no se\u2026","rel":"","context":"En \u00abLimones\u00bb","block_context":{"text":"Limones","link":"https:\/\/quechilero.com\/blog\/category\/limones\/"},"img":{"alt_text":"","src":"","width":0,"height":0},"classes":[]}],"jetpack_featured_media_url":"","_links":{"self":[{"href":"https:\/\/quechilero.com\/blog\/wp-json\/wp\/v2\/posts\/3083","targetHints":{"allow":["GET"]}}],"collection":[{"href":"https:\/\/quechilero.com\/blog\/wp-json\/wp\/v2\/posts"}],"about":[{"href":"https:\/\/quechilero.com\/blog\/wp-json\/wp\/v2\/types\/post"}],"author":[{"embeddable":true,"href":"https:\/\/quechilero.com\/blog\/wp-json\/wp\/v2\/users\/1"}],"replies":[{"embeddable":true,"href":"https:\/\/quechilero.com\/blog\/wp-json\/wp\/v2\/comments?post=3083"}],"version-history":[{"count":0,"href":"https:\/\/quechilero.com\/blog\/wp-json\/wp\/v2\/posts\/3083\/revisions"}],"wp:attachment":[{"href":"https:\/\/quechilero.com\/blog\/wp-json\/wp\/v2\/media?parent=3083"}],"wp:term":[{"taxonomy":"category","embeddable":true,"href":"https:\/\/quechilero.com\/blog\/wp-json\/wp\/v2\/categories?post=3083"},{"taxonomy":"post_tag","embeddable":true,"href":"https:\/\/quechilero.com\/blog\/wp-json\/wp\/v2\/tags?post=3083"},{"taxonomy":"series","embeddable":true,"href":"https:\/\/quechilero.com\/blog\/wp-json\/wp\/v2\/series?post=3083"}],"curies":[{"name":"wp","href":"https:\/\/api.w.org\/{rel}","templated":true}]}}