{"id":2995,"date":"2009-07-29T08:00:34","date_gmt":"2009-07-29T14:00:34","guid":{"rendered":"http:\/\/quechilero.com\/blog\/?p=2995"},"modified":"2009-07-29T08:00:34","modified_gmt":"2009-07-29T14:00:34","slug":"efectos-del-consumismo","status":"publish","type":"post","link":"https:\/\/quechilero.com\/blog\/2009\/07\/29\/efectos-del-consumismo\/","title":{"rendered":"Efectos del consumismo"},"content":{"rendered":"<p>Las<em> nuevas econom\u00edas<\/em>, motivan al consumo, sin embargo, hay quienes consideran que sus extremos lo convierten en una enfermedad: <em>el consumismo<\/em>.<\/p>\n<p>Se pierde el respeto y los valores morales. La cortes\u00eda pasa a segundo plano y prevalece el <em>bien individual, sobre el bien colectivo<\/em>, pudiendo llegar a generar un <em>pandem\u00f3nium<\/em>, cuando las personas no llegan a controlar el impulso, que en gran medida ha sido implantado por los medios de comunicaci\u00f3n y por las mismas empresas que <em>por todos los medios<\/em>, intentan captar la atenci\u00f3n del <em>consumidor<\/em>, a sus productos.<\/p>\n<p>Mismo consumidor, que muchas veces <em>no respetan<\/em>, viol\u00e1ndose sus derechos. Siempre he pensado que <strong>un buen producto<\/strong>, no necesita de mucha <em>publicidad<\/em>, el producto en si, su calidad y beneficios son su mejor referencia.<\/p>\n<p>Para mi, la calidad de un producto, es inversamente proporcional, a la cantidad de publicidad que se invierte en \u00e9l. <em>Por ejemplo:<\/em> Google y Microsoft, uno invierte pr\u00e1cticamente nada y el otro grandes cantidades, juzgue cada quien.<\/p>\n<p><object classid=\"clsid:d27cdb6e-ae6d-11cf-96b8-444553540000\" width=\"560\" height=\"344\" codebase=\"http:\/\/download.macromedia.com\/pub\/shockwave\/cabs\/flash\/swflash.cab#version=6,0,40,0\"><param name=\"allowFullScreen\" value=\"true\" \/><param name=\"allowscriptaccess\" value=\"always\" \/><param name=\"src\" value=\"http:\/\/www.youtube.com\/v\/XdO0coOKJXw&amp;hl=es&amp;fs=1\" \/><param name=\"allowfullscreen\" value=\"true\" \/><\/object><\/p>\n","protected":false},"excerpt":{"rendered":"<p>Las nuevas econom\u00edas, motivan al consumo, sin embargo, hay quienes consideran que sus extremos lo convierten en una enfermedad: el consumismo. Se pierde el respeto y los valores morales. La cortes\u00eda pasa a segundo plano y prevalece el bien individual, sobre el bien colectivo, pudiendo llegar a generar un pandem\u00f3nium, cuando las personas no llegan &#8230; <a title=\"Efectos del consumismo\" class=\"read-more\" href=\"https:\/\/quechilero.com\/blog\/2009\/07\/29\/efectos-del-consumismo\/\" aria-label=\"Leer m\u00e1s sobre Efectos del consumismo\">Leer m\u00e1s<\/a><\/p>\n","protected":false},"author":1,"featured_media":0,"comment_status":"open","ping_status":"open","sticky":false,"template":"","format":"standard","meta":{"advanced_seo_description":"","jetpack_seo_html_title":"","jetpack_seo_noindex":false,"jetpack_seo_schema_type":"","episode_type":"","audio_file":"","podmotor_file_id":"","podmotor_episode_id":"","cover_image":"","cover_image_id":"","duration":"","filesize":"","filesize_raw":"","date_recorded":"","explicit":"","block":"","_jetpack_newsletter_access":"","_jetpack_dont_email_post_to_subs":false,"_jetpack_newsletter_tier_id":0,"_jetpack_memberships_contains_paywalled_content":false,"_jetpack_feature_clip_id":0,"_jetpack_memberships_contains_paid_content":false,"footnotes":"","jetpack_publicize_message":"","jetpack_publicize_feature_enabled":true,"jetpack_social_post_already_shared":false,"jetpack_social_options":{"image_generator_settings":{"template":"highway","default_image_id":0,"font":"","enabled":false},"version":2},"jetpack_post_was_ever_published":false},"categories":[2],"tags":[51,53],"series":[],"class_list":["post-2995","post","type-post","status-publish","format-standard","hentry","category-limones","tag-dios","tag-youtube"],"episode_featured_image":false,"episode_player_image":"https:\/\/i0.wp.com\/quechilero.com\/blog\/imagenes\/podcast.png?fit=1831%2C1831&ssl=1","download_link":"","player_link":"","audio_player":false,"episode_data":{"playerMode":"dark","subscribeUrls":{"amazon":{"key":"amazon","url":"","label":"Amazon","class":"amazon","icon":"amazon.png"},"apple_podcasts":{"key":"apple_podcasts","url":"","label":"Apple Podcasts","class":"apple_podcasts","icon":"apple-podcasts.png"},"castbox":{"key":"castbox","url":"","label":"CastBox","class":"castbox","icon":"castbox.png"},"deezer":{"key":"deezer","url":"","label":"Deezer","class":"deezer","icon":"deezer.png"},"google_podcasts":{"key":"google_podcasts","url":"","label":"Google Podcasts","class":"google_podcasts","icon":"google-podcasts.png"},"listen_notes":{"key":"listen_notes","url":"","label":"Listen Notes","class":"listen_notes","icon":"listen-notes.png"},"pandora":{"key":"pandora","url":"","label":"Pandora","class":"pandora","icon":"pandora.png"},"podbean":{"key":"podbean","url":"","label":"Podbean","class":"podbean","icon":"podbean.png"},"podcast_republic":{"key":"podcast_republic","url":"","label":"Podcast Republic","class":"podcast_republic","icon":"podcast-republic.png"},"rss":{"key":"rss","url":"","label":"RSS","class":"rss","icon":"rss.png"},"spotify":{"key":"spotify","url":"","label":"Spotify","class":"spotify","icon":"spotify.png"},"stitcher":{"key":"stitcher","url":"","label":"Stitcher","class":"stitcher","icon":"stitcher.png"},"tunein":{"key":"tunein","url":"","label":"TuneIn","class":"tunein","icon":"tunein.png"},"youtube":{"key":"youtube","url":"","label":"YouTube","class":"youtube","icon":"youtube.png"},"iheartradio":{"key":"iheartradio","url":"","label":"iHeartRadio","class":"iheartradio","icon":"iheartradio.png"},"ivoox":{"key":"ivoox","url":"","label":"iVoox","class":"ivoox","icon":"ivoox.png"}},"rssFeedUrl":"https:\/\/quechilero.com\/blog\/feed\/podcast\/si-la-vida-nos-da-limones","embedCode":"<blockquote class=\"wp-embedded-content\" data-secret=\"l1DkMNyppD\"><a href=\"https:\/\/quechilero.com\/blog\/2009\/07\/29\/efectos-del-consumismo\/\">Efectos del consumismo<\/a><\/blockquote><iframe sandbox=\"allow-scripts\" security=\"restricted\" src=\"https:\/\/quechilero.com\/blog\/2009\/07\/29\/efectos-del-consumismo\/embed\/#?secret=l1DkMNyppD\" width=\"500\" height=\"350\" title=\"\u00abEfectos del consumismo\u00bb \u2014 Si la Vida nos da Limones...\" data-secret=\"l1DkMNyppD\" frameborder=\"0\" marginwidth=\"0\" marginheight=\"0\" scrolling=\"no\" class=\"wp-embedded-content\"><\/iframe><script>\n\/*! This file is auto-generated *\/\n!function(d,l){\"use strict\";l.querySelector&&d.addEventListener&&\"undefined\"!=typeof URL&&(d.wp=d.wp||{},d.wp.receiveEmbedMessage||(d.wp.receiveEmbedMessage=function(e){var t=e.data;if((t||t.secret||t.message||t.value)&&!\/[^a-zA-Z0-9]\/.test(t.secret)){for(var s,r,n,a=l.querySelectorAll('iframe[data-secret=\"'+t.secret+'\"]'),o=l.querySelectorAll('blockquote[data-secret=\"'+t.secret+'\"]'),c=new RegExp(\"^https?:$\",\"i\"),i=0;i<o.length;i++)o[i].style.display=\"none\";for(i=0;i<a.length;i++)s=a[i],e.source===s.contentWindow&&(s.removeAttribute(\"style\"),\"height\"===t.message?(1e3<(r=parseInt(t.value,10))?r=1e3:~~r<200&&(r=200),s.height=r):\"link\"===t.message&&(r=new URL(s.getAttribute(\"src\")),n=new URL(t.value),c.test(n.protocol))&&n.host===r.host&&l.activeElement===s&&(d.top.location.href=t.value))}},d.addEventListener(\"message\",d.wp.receiveEmbedMessage,!1),l.addEventListener(\"DOMContentLoaded\",function(){for(var e,t,s=l.querySelectorAll(\"iframe.wp-embedded-content\"),r=0;r<s.length;r++)(t=(e=s[r]).getAttribute(\"data-secret\"))||(t=Math.random().toString(36).substring(2,12),e.src+=\"#?secret=\"+t,e.setAttribute(\"data-secret\",t)),e.contentWindow.postMessage({message:\"ready\",secret:t},\"*\")},!1)))}(window,document);\n\/\/# sourceURL=https:\/\/quechilero.com\/blog\/wp-includes\/js\/wp-embed.min.js\n<\/script>\n"},"jetpack_publicize_connections":[],"jetpack_shortlink":"https:\/\/wp.me\/pDKli-Mj","jetpack_sharing_enabled":true,"jetpack-related-posts":[{"id":2135,"url":"https:\/\/quechilero.com\/blog\/2008\/12\/26\/especial-navideno-70-anos-de-creatividad-1951-1956\/","url_meta":{"origin":2995,"position":0},"title":"Especial navide\u00f1o, 70 a\u00f1os de creatividad: 1951-1956","author":"Pepe Barrascout Ortiz","date":"26 diciembre 2008","format":false,"excerpt":"Continuando con este especial navide\u00f1o, veremos ahora algunas de las piezas publicitarias que fueron usadas durante el per\u00edo de 1951 a 1956. Pall Mall Cigarettes, 1951: con una imagen por dem\u00e1s grotesca, donde Santa Claus tiene un cigarro en su mano invitando a consumirlo, es la forma en la que\u2026","rel":"","context":"En \u00abLimones por mano\u00bb","block_context":{"text":"Limones por mano","link":"https:\/\/quechilero.com\/blog\/category\/limones-por-mano\/"},"img":{"alt_text":"","src":"","width":0,"height":0},"classes":[]},{"id":3978,"url":"https:\/\/quechilero.com\/blog\/2009\/12\/04\/como-vender-en-internet\/","url_meta":{"origin":2995,"position":1},"title":"C\u00f3mo vender en Internet","author":"Pepe Barrascout Ortiz","date":"4 diciembre 2009","format":false,"excerpt":"Hace muy poquito tiempo, una persona con la que me relaciono casi a diario me preguntaba \u201cOye, t\u00fa que tienes tus negocios y tus webs, c\u00f3mo puede hacer mi hermana para implementar el sistema de pago con tarjeta de cr\u00e9dito en una web que est\u00e1 haciendo?\u201d. Le recomend\u00e9 el sistema\u2026","rel":"","context":"En \u00abLimones\u00bb","block_context":{"text":"Limones","link":"https:\/\/quechilero.com\/blog\/category\/limones\/"},"img":{"alt_text":"","src":"","width":0,"height":0},"classes":[]},{"id":18001,"url":"https:\/\/quechilero.com\/blog\/2014\/07\/10\/sobre-la-propaganda-politica\/","url_meta":{"origin":2995,"position":2},"title":"Sobre la propaganda pol\u00edtica","author":"Pepe Barrascout Ortiz","date":"10 julio 2014","format":false,"excerpt":"El TSE est\u00e1 intentando cumplir con su funci\u00f3n y hacer que se cumplan las normas ya establecidas, eso est\u00e1 bien. Pero dejemos por un lado eso y mi reflexi\u00f3n es: \u00bfpor qu\u00e9 no se permite que se haga proselitismo en todo momento y se restringe a un determinado tiempo? \u00bfno\u2026","rel":"","context":"En \u00abLimones\u00bb","block_context":{"text":"Limones","link":"https:\/\/quechilero.com\/blog\/category\/limones\/"},"img":{"alt_text":"","src":"","width":0,"height":0},"classes":[]},{"id":16576,"url":"https:\/\/quechilero.com\/blog\/2013\/04\/02\/videoblog-el-olor-a-costa-episodio-004\/","url_meta":{"origin":2995,"position":3},"title":"VideoBlog: El olor a Costa. Episodio 004","author":"Pepe Barrascout Ortiz","date":"2 abril 2013","format":false,"excerpt":"https:\/\/youtu.be\/o0N3ozoJt_g VideoBlog: El olor a Costa La\u00a0zafra trae consigo el\u00a0olor a costa, ese aroma tan caracter\u00edstico del sur del pa\u00eds, que por cerca de seis meses invade todo lo que se encuentra a su alrededor. Como todo tiene un precio, ese aroma es el producto del sudor de miles de\u2026","rel":"","context":"En \u00abVideoBlog\u00bb","block_context":{"text":"VideoBlog","link":"https:\/\/quechilero.com\/blog\/category\/videoblog\/"},"img":{"alt_text":"","src":"https:\/\/i0.wp.com\/img.youtube.com\/vi\/o0N3ozoJt_g\/0.jpg?resize=350%2C200","width":350,"height":200},"classes":[]},{"id":4194,"url":"https:\/\/quechilero.com\/blog\/2010\/01\/30\/reinventando-la-pizza-con-la-ayuda-de-las-redes-sociales\/","url_meta":{"origin":2995,"position":4},"title":"Reinventando la pizza con la ayuda de las \u00abredes sociales\u00bb","author":"Pepe Barrascout Ortiz","date":"30 enero 2010","format":false,"excerpt":"De esta forma Domino\u2019s pizza se vali\u00f3 del uso de las \"redes sociales\" para investigar y reinventar sus recetas de pizza, a fin de agradar a sus consumidores. Por cierto, en lo personal no me gusta la versi\u00f3n de Domino's Pizza en Guatemala, de repente hacen una investigaci\u00f3n similar en\u2026","rel":"","context":"En \u00abLimones\u00bb","block_context":{"text":"Limones","link":"https:\/\/quechilero.com\/blog\/category\/limones\/"},"img":{"alt_text":"","src":"","width":0,"height":0},"classes":[]},{"id":3934,"url":"https:\/\/quechilero.com\/blog\/2009\/11\/23\/el-sistema-operativo-mas-rapido\/","url_meta":{"origin":2995,"position":5},"title":"El sistema operativo mas r\u00e1pido","author":"Pepe Barrascout Ortiz","date":"23 noviembre 2009","format":false,"excerpt":"En su publicidad, Microsoft ha dicho que la \u00faltima versi\u00f3n de su sistema operativo, Windows 7, ser\u00eda mas r\u00e1pido, estable y f\u00e1cil de usar, que sus predecesores. Sin embargo, como siempre, no han cumplido con su palabra y siguen invadiendo la mente del consumidor, con propaganda falsa. Microsoft espera resultados\u2026","rel":"","context":"En \u00abLimones\u00bb","block_context":{"text":"Limones","link":"https:\/\/quechilero.com\/blog\/category\/limones\/"},"img":{"alt_text":"","src":"","width":0,"height":0},"classes":[]}],"jetpack_featured_media_url":"","_links":{"self":[{"href":"https:\/\/quechilero.com\/blog\/wp-json\/wp\/v2\/posts\/2995","targetHints":{"allow":["GET"]}}],"collection":[{"href":"https:\/\/quechilero.com\/blog\/wp-json\/wp\/v2\/posts"}],"about":[{"href":"https:\/\/quechilero.com\/blog\/wp-json\/wp\/v2\/types\/post"}],"author":[{"embeddable":true,"href":"https:\/\/quechilero.com\/blog\/wp-json\/wp\/v2\/users\/1"}],"replies":[{"embeddable":true,"href":"https:\/\/quechilero.com\/blog\/wp-json\/wp\/v2\/comments?post=2995"}],"version-history":[{"count":0,"href":"https:\/\/quechilero.com\/blog\/wp-json\/wp\/v2\/posts\/2995\/revisions"}],"wp:attachment":[{"href":"https:\/\/quechilero.com\/blog\/wp-json\/wp\/v2\/media?parent=2995"}],"wp:term":[{"taxonomy":"category","embeddable":true,"href":"https:\/\/quechilero.com\/blog\/wp-json\/wp\/v2\/categories?post=2995"},{"taxonomy":"post_tag","embeddable":true,"href":"https:\/\/quechilero.com\/blog\/wp-json\/wp\/v2\/tags?post=2995"},{"taxonomy":"series","embeddable":true,"href":"https:\/\/quechilero.com\/blog\/wp-json\/wp\/v2\/series?post=2995"}],"curies":[{"name":"wp","href":"https:\/\/api.w.org\/{rel}","templated":true}]}}