{"id":2987,"date":"2009-07-27T08:00:35","date_gmt":"2009-07-27T14:00:35","guid":{"rendered":"http:\/\/quechilero.com\/blog\/?p=2987"},"modified":"2009-07-27T08:00:35","modified_gmt":"2009-07-27T14:00:35","slug":"recreate","status":"publish","type":"post","link":"https:\/\/quechilero.com\/blog\/2009\/07\/27\/recreate\/","title":{"rendered":"\u00a1Recr\u00e9ate!"},"content":{"rendered":"<p>V\u00edstete nuevamente de felicidad y camina con la frente en alto. T\u00fa no eres  menos que nadie. Nadie puede darte lo que t\u00fa no te das. B\u00fascate en el rostro de  un ni\u00f1o, m\u00edrate jugando como cuando apenas mirabas al mundo renacer en cada  ilusi\u00f3n de tu infancia.<\/p>\n<p>Vuelve a creer en los reyes magos, en los \u00e1ngeles, en los duendes del jard\u00edn.  Vuelve a tu divina ra\u00edz y n\u00fatrela otra vez con la ilusi\u00f3n. No permitas que  alguien quiera vivir la vida por ti, porque sabes que no podr\u00e1 hacerlo, adem\u00e1s  de haberte arrebatado un precioso instante en la historia que el universo te ha  dedicado, un espacio para que brilles como una estrella y colmes de luz a las  vidas que a ti se acerquen, nunca nadie podr\u00e1 vivir la vida por ti. Nunca dos  personas podr\u00e1n ocupar el mismo espacio al mismo tiempo.<\/p>\n<p>Lev\u00e1ntate y no te dejes vencer, ni por la lucha diaria, ni por un amor  fallido, no te entregues al sopor de una cama a mirar el techo o cerrar los ojos  voluntariamente en la oscuridad de una habitaci\u00f3n. Lev\u00e1ntate y anda. Anda lejos,  anda cerca, sonr\u00ede con la gente que pasa, acaricia a un ni\u00f1o, date el gusto de  saborear aquello que tanto te gustaba en otros tiempos. C\u00f3mprate algo lindo y  disfr\u00fatalo.<\/p>\n<p><strong><em>Miguel \u00c1ngel Arcel<\/em><\/strong><\/p>\n","protected":false},"excerpt":{"rendered":"<p>V\u00edstete nuevamente de felicidad y camina con la frente en alto. T\u00fa no eres menos que nadie. Nadie puede darte lo que t\u00fa no te das. B\u00fascate en el rostro de un ni\u00f1o, m\u00edrate jugando como cuando apenas mirabas al mundo renacer en cada ilusi\u00f3n de tu infancia. Vuelve a creer en los reyes magos, &#8230; <a title=\"\u00a1Recr\u00e9ate!\" class=\"read-more\" href=\"https:\/\/quechilero.com\/blog\/2009\/07\/27\/recreate\/\" aria-label=\"Leer m\u00e1s sobre \u00a1Recr\u00e9ate!\">Leer m\u00e1s<\/a><\/p>\n","protected":false},"author":1,"featured_media":0,"comment_status":"open","ping_status":"open","sticky":false,"template":"","format":"standard","meta":{"advanced_seo_description":"","jetpack_seo_html_title":"","jetpack_seo_noindex":false,"jetpack_seo_schema_type":"","episode_type":"","audio_file":"","podmotor_file_id":"","podmotor_episode_id":"","cover_image":"","cover_image_id":"","duration":"","filesize":"","filesize_raw":"","date_recorded":"","explicit":"","block":"","_jetpack_newsletter_access":"","_jetpack_dont_email_post_to_subs":false,"_jetpack_newsletter_tier_id":0,"_jetpack_memberships_contains_paywalled_content":false,"_jetpack_feature_clip_id":0,"_jetpack_memberships_contains_paid_content":false,"footnotes":"","jetpack_publicize_message":"","jetpack_publicize_feature_enabled":true,"jetpack_social_post_already_shared":false,"jetpack_social_options":{"image_generator_settings":{"template":"highway","default_image_id":0,"font":"","enabled":false},"version":2},"jetpack_post_was_ever_published":false},"categories":[2],"tags":[15,17,5,24],"series":[],"class_list":["post-2987","post","type-post","status-publish","format-standard","hentry","category-limones","tag-amor","tag-historia","tag-tiempo","tag-vida"],"episode_featured_image":false,"episode_player_image":"https:\/\/i0.wp.com\/quechilero.com\/blog\/imagenes\/podcast.png?fit=1831%2C1831&ssl=1","download_link":"","player_link":"","audio_player":false,"episode_data":{"playerMode":"dark","subscribeUrls":{"amazon":{"key":"amazon","url":"","label":"Amazon","class":"amazon","icon":"amazon.png"},"apple_podcasts":{"key":"apple_podcasts","url":"","label":"Apple Podcasts","class":"apple_podcasts","icon":"apple-podcasts.png"},"castbox":{"key":"castbox","url":"","label":"CastBox","class":"castbox","icon":"castbox.png"},"deezer":{"key":"deezer","url":"","label":"Deezer","class":"deezer","icon":"deezer.png"},"google_podcasts":{"key":"google_podcasts","url":"","label":"Google Podcasts","class":"google_podcasts","icon":"google-podcasts.png"},"listen_notes":{"key":"listen_notes","url":"","label":"Listen Notes","class":"listen_notes","icon":"listen-notes.png"},"pandora":{"key":"pandora","url":"","label":"Pandora","class":"pandora","icon":"pandora.png"},"podbean":{"key":"podbean","url":"","label":"Podbean","class":"podbean","icon":"podbean.png"},"podcast_republic":{"key":"podcast_republic","url":"","label":"Podcast Republic","class":"podcast_republic","icon":"podcast-republic.png"},"rss":{"key":"rss","url":"","label":"RSS","class":"rss","icon":"rss.png"},"spotify":{"key":"spotify","url":"","label":"Spotify","class":"spotify","icon":"spotify.png"},"stitcher":{"key":"stitcher","url":"","label":"Stitcher","class":"stitcher","icon":"stitcher.png"},"tunein":{"key":"tunein","url":"","label":"TuneIn","class":"tunein","icon":"tunein.png"},"youtube":{"key":"youtube","url":"","label":"YouTube","class":"youtube","icon":"youtube.png"},"iheartradio":{"key":"iheartradio","url":"","label":"iHeartRadio","class":"iheartradio","icon":"iheartradio.png"},"ivoox":{"key":"ivoox","url":"","label":"iVoox","class":"ivoox","icon":"ivoox.png"}},"rssFeedUrl":"https:\/\/quechilero.com\/blog\/feed\/podcast\/si-la-vida-nos-da-limones","embedCode":"<blockquote class=\"wp-embedded-content\" data-secret=\"UR7qLKcn0V\"><a href=\"https:\/\/quechilero.com\/blog\/2009\/07\/27\/recreate\/\">\u00a1Recr\u00e9ate!<\/a><\/blockquote><iframe sandbox=\"allow-scripts\" security=\"restricted\" src=\"https:\/\/quechilero.com\/blog\/2009\/07\/27\/recreate\/embed\/#?secret=UR7qLKcn0V\" width=\"500\" height=\"350\" title=\"\u00ab\u00a1Recr\u00e9ate!\u00bb \u2014 Si la Vida nos da Limones...\" data-secret=\"UR7qLKcn0V\" frameborder=\"0\" marginwidth=\"0\" marginheight=\"0\" scrolling=\"no\" class=\"wp-embedded-content\"><\/iframe><script>\n\/*! This file is auto-generated *\/\n!function(d,l){\"use strict\";l.querySelector&&d.addEventListener&&\"undefined\"!=typeof URL&&(d.wp=d.wp||{},d.wp.receiveEmbedMessage||(d.wp.receiveEmbedMessage=function(e){var t=e.data;if((t||t.secret||t.message||t.value)&&!\/[^a-zA-Z0-9]\/.test(t.secret)){for(var s,r,n,a=l.querySelectorAll('iframe[data-secret=\"'+t.secret+'\"]'),o=l.querySelectorAll('blockquote[data-secret=\"'+t.secret+'\"]'),c=new RegExp(\"^https?:$\",\"i\"),i=0;i<o.length;i++)o[i].style.display=\"none\";for(i=0;i<a.length;i++)s=a[i],e.source===s.contentWindow&&(s.removeAttribute(\"style\"),\"height\"===t.message?(1e3<(r=parseInt(t.value,10))?r=1e3:~~r<200&&(r=200),s.height=r):\"link\"===t.message&&(r=new URL(s.getAttribute(\"src\")),n=new URL(t.value),c.test(n.protocol))&&n.host===r.host&&l.activeElement===s&&(d.top.location.href=t.value))}},d.addEventListener(\"message\",d.wp.receiveEmbedMessage,!1),l.addEventListener(\"DOMContentLoaded\",function(){for(var e,t,s=l.querySelectorAll(\"iframe.wp-embedded-content\"),r=0;r<s.length;r++)(t=(e=s[r]).getAttribute(\"data-secret\"))||(t=Math.random().toString(36).substring(2,12),e.src+=\"#?secret=\"+t,e.setAttribute(\"data-secret\",t)),e.contentWindow.postMessage({message:\"ready\",secret:t},\"*\")},!1)))}(window,document);\n\/\/# sourceURL=https:\/\/quechilero.com\/blog\/wp-includes\/js\/wp-embed.min.js\n<\/script>\n"},"jetpack_publicize_connections":[],"jetpack_shortlink":"https:\/\/wp.me\/sDKli-recreate","jetpack_sharing_enabled":true,"jetpack-related-posts":[{"id":19824,"url":"https:\/\/quechilero.com\/blog\/2015\/02\/12\/el-centro-de-la-vida\/","url_meta":{"origin":2987,"position":0},"title":"El centro de la vida","author":"Pepe Barrascout Ortiz","date":"12 febrero 2015","format":false,"excerpt":"Yo, me, m\u00ed, conmigo. El s\u00edndrome de Juan Palomo \"Yo me lo guiso y yo me lo como\" es bastante contempor\u00e1neo. Despu\u00e9s de todo, \u00bfno se me invita a instaurar, al menos de puertas para adentro, la rep\u00fablica independiente de mi vida? Cuando hacemos un mapa tendemos a poner nuestro\u2026","rel":"","context":"En \u00abLimones\u00bb","block_context":{"text":"Limones","link":"https:\/\/quechilero.com\/blog\/category\/limones\/"},"img":{"alt_text":"","src":"","width":0,"height":0},"classes":[]},{"id":16671,"url":"https:\/\/quechilero.com\/blog\/2013\/04\/26\/ser-estrella\/","url_meta":{"origin":2987,"position":1},"title":"Ser Estrella","author":"Pepe Barrascout Ortiz","date":"26 abril 2013","format":false,"excerpt":"Hay personas estrellas y personas cometas. Los cometas pasan. Apenas son recordados por las fechas que pasan y vuelven. Las estrellas permanecen. Hay mucha gente cometa. Pasan por nuestra vida apenas por instantes; no cautivan a nadie, y nadie los cautiva. Gente sin amigos. Que pasan por la vida sin\u2026","rel":"","context":"En \u00abLimones\u00bb","block_context":{"text":"Limones","link":"https:\/\/quechilero.com\/blog\/category\/limones\/"},"img":{"alt_text":"","src":"","width":0,"height":0},"classes":[]},{"id":16756,"url":"https:\/\/quechilero.com\/blog\/2013\/06\/10\/momentos-de-vida-en-la-vida\/","url_meta":{"origin":2987,"position":2},"title":"Momentos de Vida en la Vida","author":"Pepe Barrascout Ortiz","date":"10 junio 2013","format":false,"excerpt":"\u00bfCu\u00e1ntos momentos de vida experimentamos hoy, en la \u00faltima semana \u00f3 mes? \u00a1No recuerdo! Es cierto, porque la mayor\u00eda de nosotros estamos tan ocupados viviendo la vida que lo que realmente hacemos es no vivir sino ponernos al d\u00eda. Estamos tan condicionados a creer que si nos ponemos al d\u00eda\u2026","rel":"","context":"En \u00abLimones\u00bb","block_context":{"text":"Limones","link":"https:\/\/quechilero.com\/blog\/category\/limones\/"},"img":{"alt_text":"","src":"","width":0,"height":0},"classes":[]},{"id":17353,"url":"https:\/\/quechilero.com\/blog\/2013\/10\/23\/tres-sacos\/","url_meta":{"origin":2987,"position":3},"title":"Tres sacos","author":"Pepe Barrascout Ortiz","date":"23 octubre 2013","format":false,"excerpt":"El vivir consiste en aprovechar al m\u00e1ximo el d\u00eda presente, el d\u00eda de hoy, olvidando el pasado y dejando en paz el futuro. Hay personas que suelen cargar sobre sus d\u00e9biles hombros tres sacos a la vez: un saco peque\u00f1o, f\u00e1cil de llevar: es el saco de penas, trabajos y\u2026","rel":"","context":"En \u00abLimones\u00bb","block_context":{"text":"Limones","link":"https:\/\/quechilero.com\/blog\/category\/limones\/"},"img":{"alt_text":"","src":"","width":0,"height":0},"classes":[]},{"id":19314,"url":"https:\/\/quechilero.com\/blog\/2014\/09\/05\/permites-las-llaves-de-tu-vida\/","url_meta":{"origin":2987,"position":4},"title":"\u00bfMe permites las llaves de tu vida?","author":"Pepe Barrascout Ortiz","date":"5 septiembre 2014","format":false,"excerpt":"En un momento crucial de la vida, una mujer clam\u00f3 al Se\u00f1or, desesperada por la falta de fuerza y fructificaci\u00f3n espiritual que estaba experimentando en su vida. De repente sinti\u00f3 a Jes\u00fas parado a su lado, pregunt\u00e1ndole: \u00bfMe permites las llaves de tu vida? La experiencia fue tan real, que\u2026","rel":"","context":"En \u00abLimones\u00bb","block_context":{"text":"Limones","link":"https:\/\/quechilero.com\/blog\/category\/limones\/"},"img":{"alt_text":"","src":"","width":0,"height":0},"classes":[]},{"id":3208,"url":"https:\/\/quechilero.com\/blog\/2009\/08\/31\/renuevate\/","url_meta":{"origin":2987,"position":5},"title":"\u00a1Renu\u00e9vate!","author":"Pepe Barrascout Ortiz","date":"31 agosto 2009","format":false,"excerpt":"No guardes cosas viejas si no las vas a usar nunca. Haz un regalo a alguien que le gusten esas cosas, o v\u00e9ndelas y c\u00f3mprate algo mejor y si no sirven, t\u00edralas, porque de nada sirve quedarse atrapado en objetos del ayer. Tu mayor tesoro es el buen recuerdo, eso\u2026","rel":"","context":"En \u00abLimones\u00bb","block_context":{"text":"Limones","link":"https:\/\/quechilero.com\/blog\/category\/limones\/"},"img":{"alt_text":"","src":"","width":0,"height":0},"classes":[]}],"jetpack_featured_media_url":"","_links":{"self":[{"href":"https:\/\/quechilero.com\/blog\/wp-json\/wp\/v2\/posts\/2987","targetHints":{"allow":["GET"]}}],"collection":[{"href":"https:\/\/quechilero.com\/blog\/wp-json\/wp\/v2\/posts"}],"about":[{"href":"https:\/\/quechilero.com\/blog\/wp-json\/wp\/v2\/types\/post"}],"author":[{"embeddable":true,"href":"https:\/\/quechilero.com\/blog\/wp-json\/wp\/v2\/users\/1"}],"replies":[{"embeddable":true,"href":"https:\/\/quechilero.com\/blog\/wp-json\/wp\/v2\/comments?post=2987"}],"version-history":[{"count":0,"href":"https:\/\/quechilero.com\/blog\/wp-json\/wp\/v2\/posts\/2987\/revisions"}],"wp:attachment":[{"href":"https:\/\/quechilero.com\/blog\/wp-json\/wp\/v2\/media?parent=2987"}],"wp:term":[{"taxonomy":"category","embeddable":true,"href":"https:\/\/quechilero.com\/blog\/wp-json\/wp\/v2\/categories?post=2987"},{"taxonomy":"post_tag","embeddable":true,"href":"https:\/\/quechilero.com\/blog\/wp-json\/wp\/v2\/tags?post=2987"},{"taxonomy":"series","embeddable":true,"href":"https:\/\/quechilero.com\/blog\/wp-json\/wp\/v2\/series?post=2987"}],"curies":[{"name":"wp","href":"https:\/\/api.w.org\/{rel}","templated":true}]}}