{"id":2985,"date":"2009-07-26T08:00:52","date_gmt":"2009-07-26T14:00:52","guid":{"rendered":"http:\/\/quechilero.com\/blog\/?p=2985"},"modified":"2009-07-26T08:00:52","modified_gmt":"2009-07-26T14:00:52","slug":"levantate","status":"publish","type":"post","link":"https:\/\/quechilero.com\/blog\/2009\/07\/26\/levantate\/","title":{"rendered":"\u00a1Lev\u00e1ntate!"},"content":{"rendered":"<p>No te dejes vencer ante las adversidades de la vida, no te dejes arrastrar  por la corriente que parece inefable, ineludible, fatal. Af\u00e9rrate a tus ra\u00edces,  arrem\u00e1ngate y ponte a remar. Sabr\u00e1s que el mundo no se ha hecho por s\u00ed mismo si  la conciencia no lo hubiera moldeado. El mundo es contenido por el pensamiento,  as\u00ed, de tal manera construir\u00e1s tu mundo, tus sue\u00f1os, tus ilusiones.<\/p>\n<p>No te dejes arrastrar por la corriente que parece terrible, porque mientras  m\u00e1s pienses en ella, m\u00e1s fuerza le dar\u00e1s. Tu pensamiento ha obrado siempre a lo  largo de tu vida. \u00bfEs que no lo sabes? \u00bfQui\u00e9n te ha hecho creer que eres lo que  eres? \u00bfAlguien te ha moldeado a su gusto? Es hora de sacarte cosas viejas, cosas  que no funcionan ya. Es hora del cambio y la renovaci\u00f3n, es la hora de tu vida,  es el momento de tus sue\u00f1os, es el tiempo de tu tiempo.<\/p>\n<p>Porque no tienes m\u00e1s que una vida \u00a1V\u00edvela como Dios quisiera! Vive tu vida  porque es el cuaderno en el que quedan muchas hojas en blanco por escribir,  colores a inventar en la paleta de tu alma.<\/p>\n<p><strong><em>Miguel \u00c1ngel Arcel<\/em><\/strong><\/p>\n","protected":false},"excerpt":{"rendered":"<p>No te dejes vencer ante las adversidades de la vida, no te dejes arrastrar por la corriente que parece inefable, ineludible, fatal. Af\u00e9rrate a tus ra\u00edces, arrem\u00e1ngate y ponte a remar. Sabr\u00e1s que el mundo no se ha hecho por s\u00ed mismo si la conciencia no lo hubiera moldeado. El mundo es contenido por el &#8230; <a title=\"\u00a1Lev\u00e1ntate!\" class=\"read-more\" href=\"https:\/\/quechilero.com\/blog\/2009\/07\/26\/levantate\/\" aria-label=\"Leer m\u00e1s sobre \u00a1Lev\u00e1ntate!\">Leer m\u00e1s<\/a><\/p>\n","protected":false},"author":1,"featured_media":0,"comment_status":"open","ping_status":"open","sticky":false,"template":"","format":"standard","meta":{"advanced_seo_description":"","jetpack_seo_html_title":"","jetpack_seo_noindex":false,"jetpack_seo_schema_type":"","episode_type":"","audio_file":"","podmotor_file_id":"","podmotor_episode_id":"","cover_image":"","cover_image_id":"","duration":"","filesize":"","filesize_raw":"","date_recorded":"","explicit":"","block":"","_jetpack_newsletter_access":"","_jetpack_dont_email_post_to_subs":false,"_jetpack_newsletter_tier_id":0,"_jetpack_memberships_contains_paywalled_content":false,"_jetpack_feature_clip_id":0,"_jetpack_memberships_contains_paid_content":false,"footnotes":"","jetpack_publicize_message":"","jetpack_publicize_feature_enabled":true,"jetpack_social_post_already_shared":false,"jetpack_social_options":{"image_generator_settings":{"template":"highway","default_image_id":0,"font":"","enabled":false},"version":2},"jetpack_post_was_ever_published":false},"categories":[2],"tags":[12,51,56,5,24],"series":[],"class_list":["post-2985","post","type-post","status-publish","format-standard","hentry","category-limones","tag-cosas","tag-dios","tag-sueno","tag-tiempo","tag-vida"],"episode_featured_image":false,"episode_player_image":"https:\/\/i0.wp.com\/quechilero.com\/blog\/imagenes\/podcast.png?fit=1831%2C1831&ssl=1","download_link":"","player_link":"","audio_player":false,"episode_data":{"playerMode":"dark","subscribeUrls":{"amazon":{"key":"amazon","url":"","label":"Amazon","class":"amazon","icon":"amazon.png"},"apple_podcasts":{"key":"apple_podcasts","url":"","label":"Apple Podcasts","class":"apple_podcasts","icon":"apple-podcasts.png"},"castbox":{"key":"castbox","url":"","label":"CastBox","class":"castbox","icon":"castbox.png"},"deezer":{"key":"deezer","url":"","label":"Deezer","class":"deezer","icon":"deezer.png"},"google_podcasts":{"key":"google_podcasts","url":"","label":"Google Podcasts","class":"google_podcasts","icon":"google-podcasts.png"},"listen_notes":{"key":"listen_notes","url":"","label":"Listen Notes","class":"listen_notes","icon":"listen-notes.png"},"pandora":{"key":"pandora","url":"","label":"Pandora","class":"pandora","icon":"pandora.png"},"podbean":{"key":"podbean","url":"","label":"Podbean","class":"podbean","icon":"podbean.png"},"podcast_republic":{"key":"podcast_republic","url":"","label":"Podcast Republic","class":"podcast_republic","icon":"podcast-republic.png"},"rss":{"key":"rss","url":"","label":"RSS","class":"rss","icon":"rss.png"},"spotify":{"key":"spotify","url":"","label":"Spotify","class":"spotify","icon":"spotify.png"},"stitcher":{"key":"stitcher","url":"","label":"Stitcher","class":"stitcher","icon":"stitcher.png"},"tunein":{"key":"tunein","url":"","label":"TuneIn","class":"tunein","icon":"tunein.png"},"youtube":{"key":"youtube","url":"","label":"YouTube","class":"youtube","icon":"youtube.png"},"iheartradio":{"key":"iheartradio","url":"","label":"iHeartRadio","class":"iheartradio","icon":"iheartradio.png"},"ivoox":{"key":"ivoox","url":"","label":"iVoox","class":"ivoox","icon":"ivoox.png"}},"rssFeedUrl":"https:\/\/quechilero.com\/blog\/feed\/podcast\/si-la-vida-nos-da-limones","embedCode":"<blockquote class=\"wp-embedded-content\" data-secret=\"GuAWENGWuM\"><a href=\"https:\/\/quechilero.com\/blog\/2009\/07\/26\/levantate\/\">\u00a1Lev\u00e1ntate!<\/a><\/blockquote><iframe sandbox=\"allow-scripts\" security=\"restricted\" src=\"https:\/\/quechilero.com\/blog\/2009\/07\/26\/levantate\/embed\/#?secret=GuAWENGWuM\" width=\"500\" height=\"350\" title=\"\u00ab\u00a1Lev\u00e1ntate!\u00bb \u2014 Si la Vida nos da Limones...\" data-secret=\"GuAWENGWuM\" frameborder=\"0\" marginwidth=\"0\" marginheight=\"0\" scrolling=\"no\" class=\"wp-embedded-content\"><\/iframe><script>\n\/*! This file is auto-generated *\/\n!function(d,l){\"use strict\";l.querySelector&&d.addEventListener&&\"undefined\"!=typeof URL&&(d.wp=d.wp||{},d.wp.receiveEmbedMessage||(d.wp.receiveEmbedMessage=function(e){var t=e.data;if((t||t.secret||t.message||t.value)&&!\/[^a-zA-Z0-9]\/.test(t.secret)){for(var s,r,n,a=l.querySelectorAll('iframe[data-secret=\"'+t.secret+'\"]'),o=l.querySelectorAll('blockquote[data-secret=\"'+t.secret+'\"]'),c=new RegExp(\"^https?:$\",\"i\"),i=0;i<o.length;i++)o[i].style.display=\"none\";for(i=0;i<a.length;i++)s=a[i],e.source===s.contentWindow&&(s.removeAttribute(\"style\"),\"height\"===t.message?(1e3<(r=parseInt(t.value,10))?r=1e3:~~r<200&&(r=200),s.height=r):\"link\"===t.message&&(r=new URL(s.getAttribute(\"src\")),n=new URL(t.value),c.test(n.protocol))&&n.host===r.host&&l.activeElement===s&&(d.top.location.href=t.value))}},d.addEventListener(\"message\",d.wp.receiveEmbedMessage,!1),l.addEventListener(\"DOMContentLoaded\",function(){for(var e,t,s=l.querySelectorAll(\"iframe.wp-embedded-content\"),r=0;r<s.length;r++)(t=(e=s[r]).getAttribute(\"data-secret\"))||(t=Math.random().toString(36).substring(2,12),e.src+=\"#?secret=\"+t,e.setAttribute(\"data-secret\",t)),e.contentWindow.postMessage({message:\"ready\",secret:t},\"*\")},!1)))}(window,document);\n\/\/# sourceURL=https:\/\/quechilero.com\/blog\/wp-includes\/js\/wp-embed.min.js\n<\/script>\n"},"jetpack_publicize_connections":[],"jetpack_shortlink":"https:\/\/wp.me\/pDKli-M9","jetpack_sharing_enabled":true,"jetpack-related-posts":[{"id":478,"url":"https:\/\/quechilero.com\/blog\/2007\/03\/13\/como-cambiar-nuestros-moldes-mentales\/","url_meta":{"origin":2985,"position":0},"title":"C\u00f3mo cambiar nuestros moldes mentales","author":"Pepe Barrascout Ortiz","date":"13 marzo 2007","format":false,"excerpt":"El m\u00e9todo de la asertividad espiritual ense\u00f1a c\u00f3mo orientar nuestra vida seg\u00fan nuestros deseos, y c\u00f3mo adquirir herramientas para cambiar los moldes de pensamiento y con nuevos canales. Autor: Silvia Aber El proceso incluye varios pasos: Con\u00f3cete a ti mismo Este paso requiere valor, puesto que en su transcurso analizamos\u2026","rel":"","context":"En \u00abLimones\u00bb","block_context":{"text":"Limones","link":"https:\/\/quechilero.com\/blog\/category\/limones\/"},"img":{"alt_text":"","src":"","width":0,"height":0},"classes":[]},{"id":1046,"url":"https:\/\/quechilero.com\/blog\/2008\/10\/04\/cargar-y-no-arrastrar\/","url_meta":{"origin":2985,"position":1},"title":"Cargar y no arrastrar","author":"Pepe Barrascout Ortiz","date":"4 octubre 2008","format":false,"excerpt":"\"Carguen su Cruz y s\u00edganme\". Eso dijo Jes\u00fas, sin embargo vivimos en un mundo de anticruces, donde ante todo y sobretodo est\u00e1 la comodidad, la rapidez, la eficiencia y no estamos dispuestos a sufrir o a que las cosas necesiten de sacrificio. Desde colchones que se adaptan a la forma\u2026","rel":"","context":"En \u00abLimones\u00bb","block_context":{"text":"Limones","link":"https:\/\/quechilero.com\/blog\/category\/limones\/"},"img":{"alt_text":"","src":"","width":0,"height":0},"classes":[]},{"id":482,"url":"https:\/\/quechilero.com\/blog\/2007\/04\/03\/como-pedir-perdon\/","url_meta":{"origin":2985,"position":2},"title":"C\u00f3mo pedir perd\u00f3n","author":"Pepe Barrascout Ortiz","date":"3 abril 2007","format":false,"excerpt":"Las disculpas sinceras y sus beneficios para la salud Todos conocemos ese sentimiento. Dijiste algo inapropiado sobre alguien y ese alguien se enter\u00f3. Tal vez, te ayudaste a ti mismo apropi\u00e1ndote del esfuerzo de otra persona. O, en una de esas, robaste. O mentiste. O le\u00edste el diario \u00edntimo de\u2026","rel":"","context":"En \u00abLimones\u00bb","block_context":{"text":"Limones","link":"https:\/\/quechilero.com\/blog\/category\/limones\/"},"img":{"alt_text":"","src":"","width":0,"height":0},"classes":[]},{"id":3209,"url":"https:\/\/quechilero.com\/blog\/2009\/09\/11\/amate\/","url_meta":{"origin":2985,"position":3},"title":"\u00a1\u00c1mate!","author":"Pepe Barrascout Ortiz","date":"11 septiembre 2009","format":false,"excerpt":"No permitas que nada ni nadie destruya ese don precioso que brilla dentro de ti. No permitas que se termine el brillo del amor en tu alma, porque quienes te han amado tanto, a\u00fan, con el paso del tiempo te siguen amando y dese\u00e1ndote el bien. Hazles el homenaje de\u2026","rel":"","context":"En \u00abLimones\u00bb","block_context":{"text":"Limones","link":"https:\/\/quechilero.com\/blog\/category\/limones\/"},"img":{"alt_text":"","src":"","width":0,"height":0},"classes":[]},{"id":18745,"url":"https:\/\/quechilero.com\/blog\/2014\/08\/12\/una-luz-clara\/","url_meta":{"origin":2985,"position":4},"title":"Una luz clara","author":"Pepe Barrascout Ortiz","date":"12 agosto 2014","format":false,"excerpt":"Una luz en medio de la oscuridad. Las formas emergen en medio de la noche. Empezamos a ver con algo de nitidez lo que bulle a nuestro alrededor. Un mundo de prisas y angustias trata de absorbernos, mientras el reloj corre y suena el tel\u00e9fono. Hay ocasiones en que la\u2026","rel":"","context":"En \u00abLimones\u00bb","block_context":{"text":"Limones","link":"https:\/\/quechilero.com\/blog\/category\/limones\/"},"img":{"alt_text":"","src":"","width":0,"height":0},"classes":[]},{"id":6209,"url":"https:\/\/quechilero.com\/blog\/2010\/12\/11\/que-vida-tan-triste-lleva-el-iceberg\/","url_meta":{"origin":2985,"position":5},"title":"\u00a1Qu\u00e9 vida tan triste lleva el iceberg!","author":"Pepe Barrascout Ortiz","date":"11 diciembre 2010","format":false,"excerpt":"Resignado a flotar, es arrastrado por todas las corrientes. Aunque parece duro, va deshaci\u00e9ndose poco a poco. Fr\u00edo y cortante, hace dif\u00edcil y peligrosa toda aproximaci\u00f3n. Cuando choca jam\u00e1s se amolda ni se adapta, simplemente se rompe. Aparenta mucho en la superficie, pero ignora su profundidad, que es tanta. \u00a1Qu\u00e9\u2026","rel":"","context":"En \u00abLimones\u00bb","block_context":{"text":"Limones","link":"https:\/\/quechilero.com\/blog\/category\/limones\/"},"img":{"alt_text":"","src":"","width":0,"height":0},"classes":[]}],"jetpack_featured_media_url":"","_links":{"self":[{"href":"https:\/\/quechilero.com\/blog\/wp-json\/wp\/v2\/posts\/2985","targetHints":{"allow":["GET"]}}],"collection":[{"href":"https:\/\/quechilero.com\/blog\/wp-json\/wp\/v2\/posts"}],"about":[{"href":"https:\/\/quechilero.com\/blog\/wp-json\/wp\/v2\/types\/post"}],"author":[{"embeddable":true,"href":"https:\/\/quechilero.com\/blog\/wp-json\/wp\/v2\/users\/1"}],"replies":[{"embeddable":true,"href":"https:\/\/quechilero.com\/blog\/wp-json\/wp\/v2\/comments?post=2985"}],"version-history":[{"count":0,"href":"https:\/\/quechilero.com\/blog\/wp-json\/wp\/v2\/posts\/2985\/revisions"}],"wp:attachment":[{"href":"https:\/\/quechilero.com\/blog\/wp-json\/wp\/v2\/media?parent=2985"}],"wp:term":[{"taxonomy":"category","embeddable":true,"href":"https:\/\/quechilero.com\/blog\/wp-json\/wp\/v2\/categories?post=2985"},{"taxonomy":"post_tag","embeddable":true,"href":"https:\/\/quechilero.com\/blog\/wp-json\/wp\/v2\/tags?post=2985"},{"taxonomy":"series","embeddable":true,"href":"https:\/\/quechilero.com\/blog\/wp-json\/wp\/v2\/series?post=2985"}],"curies":[{"name":"wp","href":"https:\/\/api.w.org\/{rel}","templated":true}]}}