{"id":2975,"date":"2009-07-22T08:00:16","date_gmt":"2009-07-22T14:00:16","guid":{"rendered":"http:\/\/quechilero.com\/blog\/?p=2975"},"modified":"2009-07-22T08:00:16","modified_gmt":"2009-07-22T14:00:16","slug":"no-estar-a-la-altura","status":"publish","type":"post","link":"https:\/\/quechilero.com\/blog\/2009\/07\/22\/no-estar-a-la-altura\/","title":{"rendered":"No estar a la altura"},"content":{"rendered":"<p>Leonardo Da Vinci sobresali\u00f3 en muchos campos: la pintura, la escultura, la  arquitectura y como inventor.<\/p>\n<p>No obstante, ya cercana su muerte, dec\u00eda: <em>\u00abHe ofendido a Dios y a la  humanidad, porque mi trabajo no fue de la altura que deb\u00eda haber sido y no di  todo de m\u00ed.\u00bb<\/em><\/p>\n<p>Siempre podemos dar de lo que hemos dado y poder <em>estar a la altura<\/em>.<\/p>\n","protected":false},"excerpt":{"rendered":"<p>Leonardo Da Vinci sobresali\u00f3 en muchos campos: la pintura, la escultura, la arquitectura y como inventor. No obstante, ya cercana su muerte, dec\u00eda: \u00abHe ofendido a Dios y a la humanidad, porque mi trabajo no fue de la altura que deb\u00eda haber sido y no di todo de m\u00ed.\u00bb Siempre podemos dar de lo que &#8230; <a title=\"No estar a la altura\" class=\"read-more\" href=\"https:\/\/quechilero.com\/blog\/2009\/07\/22\/no-estar-a-la-altura\/\" aria-label=\"Leer m\u00e1s sobre No estar a la altura\">Leer m\u00e1s<\/a><\/p>\n","protected":false},"author":1,"featured_media":0,"comment_status":"open","ping_status":"open","sticky":false,"template":"","format":"standard","meta":{"advanced_seo_description":"","jetpack_seo_html_title":"","jetpack_seo_noindex":false,"jetpack_seo_schema_type":"","episode_type":"","audio_file":"","podmotor_file_id":"","podmotor_episode_id":"","cover_image":"","cover_image_id":"","duration":"","filesize":"","filesize_raw":"","date_recorded":"","explicit":"","block":"","_jetpack_newsletter_access":"","_jetpack_dont_email_post_to_subs":false,"_jetpack_newsletter_tier_id":0,"_jetpack_memberships_contains_paywalled_content":false,"_jetpack_feature_clip_id":0,"_jetpack_memberships_contains_paid_content":false,"footnotes":"","jetpack_publicize_message":"","jetpack_publicize_feature_enabled":true,"jetpack_social_post_already_shared":false,"jetpack_social_options":{"image_generator_settings":{"template":"highway","default_image_id":0,"font":"","enabled":false},"version":2},"jetpack_post_was_ever_published":false},"categories":[2],"tags":[51,50,36],"series":[],"class_list":["post-2975","post","type-post","status-publish","format-standard","hentry","category-limones","tag-dios","tag-muerte","tag-trabajo"],"episode_featured_image":false,"episode_player_image":"https:\/\/i0.wp.com\/quechilero.com\/blog\/imagenes\/podcast.png?fit=1831%2C1831&ssl=1","download_link":"","player_link":"","audio_player":false,"episode_data":{"playerMode":"dark","subscribeUrls":{"amazon":{"key":"amazon","url":"","label":"Amazon","class":"amazon","icon":"amazon.png"},"apple_podcasts":{"key":"apple_podcasts","url":"","label":"Apple Podcasts","class":"apple_podcasts","icon":"apple-podcasts.png"},"castbox":{"key":"castbox","url":"","label":"CastBox","class":"castbox","icon":"castbox.png"},"deezer":{"key":"deezer","url":"","label":"Deezer","class":"deezer","icon":"deezer.png"},"google_podcasts":{"key":"google_podcasts","url":"","label":"Google Podcasts","class":"google_podcasts","icon":"google-podcasts.png"},"listen_notes":{"key":"listen_notes","url":"","label":"Listen Notes","class":"listen_notes","icon":"listen-notes.png"},"pandora":{"key":"pandora","url":"","label":"Pandora","class":"pandora","icon":"pandora.png"},"podbean":{"key":"podbean","url":"","label":"Podbean","class":"podbean","icon":"podbean.png"},"podcast_republic":{"key":"podcast_republic","url":"","label":"Podcast Republic","class":"podcast_republic","icon":"podcast-republic.png"},"rss":{"key":"rss","url":"","label":"RSS","class":"rss","icon":"rss.png"},"spotify":{"key":"spotify","url":"","label":"Spotify","class":"spotify","icon":"spotify.png"},"stitcher":{"key":"stitcher","url":"","label":"Stitcher","class":"stitcher","icon":"stitcher.png"},"tunein":{"key":"tunein","url":"","label":"TuneIn","class":"tunein","icon":"tunein.png"},"youtube":{"key":"youtube","url":"","label":"YouTube","class":"youtube","icon":"youtube.png"},"iheartradio":{"key":"iheartradio","url":"","label":"iHeartRadio","class":"iheartradio","icon":"iheartradio.png"},"ivoox":{"key":"ivoox","url":"","label":"iVoox","class":"ivoox","icon":"ivoox.png"}},"rssFeedUrl":"https:\/\/quechilero.com\/blog\/feed\/podcast\/si-la-vida-nos-da-limones","embedCode":"<blockquote class=\"wp-embedded-content\" data-secret=\"WCZ7Tt2o29\"><a href=\"https:\/\/quechilero.com\/blog\/2009\/07\/22\/no-estar-a-la-altura\/\">No estar a la altura<\/a><\/blockquote><iframe sandbox=\"allow-scripts\" security=\"restricted\" src=\"https:\/\/quechilero.com\/blog\/2009\/07\/22\/no-estar-a-la-altura\/embed\/#?secret=WCZ7Tt2o29\" width=\"500\" height=\"350\" title=\"\u00abNo estar a la altura\u00bb \u2014 Si la Vida nos da Limones...\" data-secret=\"WCZ7Tt2o29\" frameborder=\"0\" marginwidth=\"0\" marginheight=\"0\" scrolling=\"no\" class=\"wp-embedded-content\"><\/iframe><script>\n\/*! This file is auto-generated *\/\n!function(d,l){\"use strict\";l.querySelector&&d.addEventListener&&\"undefined\"!=typeof URL&&(d.wp=d.wp||{},d.wp.receiveEmbedMessage||(d.wp.receiveEmbedMessage=function(e){var t=e.data;if((t||t.secret||t.message||t.value)&&!\/[^a-zA-Z0-9]\/.test(t.secret)){for(var s,r,n,a=l.querySelectorAll('iframe[data-secret=\"'+t.secret+'\"]'),o=l.querySelectorAll('blockquote[data-secret=\"'+t.secret+'\"]'),c=new RegExp(\"^https?:$\",\"i\"),i=0;i<o.length;i++)o[i].style.display=\"none\";for(i=0;i<a.length;i++)s=a[i],e.source===s.contentWindow&&(s.removeAttribute(\"style\"),\"height\"===t.message?(1e3<(r=parseInt(t.value,10))?r=1e3:~~r<200&&(r=200),s.height=r):\"link\"===t.message&&(r=new URL(s.getAttribute(\"src\")),n=new URL(t.value),c.test(n.protocol))&&n.host===r.host&&l.activeElement===s&&(d.top.location.href=t.value))}},d.addEventListener(\"message\",d.wp.receiveEmbedMessage,!1),l.addEventListener(\"DOMContentLoaded\",function(){for(var e,t,s=l.querySelectorAll(\"iframe.wp-embedded-content\"),r=0;r<s.length;r++)(t=(e=s[r]).getAttribute(\"data-secret\"))||(t=Math.random().toString(36).substring(2,12),e.src+=\"#?secret=\"+t,e.setAttribute(\"data-secret\",t)),e.contentWindow.postMessage({message:\"ready\",secret:t},\"*\")},!1)))}(window,document);\n\/\/# sourceURL=https:\/\/quechilero.com\/blog\/wp-includes\/js\/wp-embed.min.js\n<\/script>\n"},"jetpack_publicize_connections":[],"jetpack_shortlink":"https:\/\/wp.me\/pDKli-LZ","jetpack_sharing_enabled":true,"jetpack-related-posts":[{"id":16006,"url":"https:\/\/quechilero.com\/blog\/2013\/02\/05\/la-escultura\/","url_meta":{"origin":2975,"position":0},"title":"La escultura","author":"Pepe Barrascout Ortiz","date":"5 febrero 2013","format":false,"excerpt":"En el siglo XV, en Florencia (Italia) un grupo de artistas observaba un enorme bloque de m\u00e1rmol muy bueno, de cuatro metros de altura; desgraciadamente hab\u00eda sido estropeado por la mano de un torpe escultor. \"No se puede sacar nada de \u00e9l\", pensaban ellos. Pero una ma\u00f1ana, un joven erigi\u00f3\u2026","rel":"","context":"En \u00abLimones\u00bb","block_context":{"text":"Limones","link":"https:\/\/quechilero.com\/blog\/category\/limones\/"},"img":{"alt_text":"","src":"","width":0,"height":0},"classes":[]},{"id":647,"url":"https:\/\/quechilero.com\/blog\/2007\/08\/03\/blogs-de-guatemala-un-punado-de-volcanes\/","url_meta":{"origin":2975,"position":1},"title":"Marat\u00f3n de Blogs &#8211; Un pu\u00f1ado de volcanes","author":"Pepe Barrascout Ortiz","date":"3 agosto 2007","format":false,"excerpt":"Seguimos el Marat\u00f3n de Blogs, con este texto publicado originalmente en Historias y Opiniones, el art\u00edculo es una bonita remembranza de algunos de los principales volcanes que tenemos en Guatemala, para quien ya ha subido uno, sabe que es una de las mejores experiencias que uno puede tener en la\u2026","rel":"","context":"En \u00abLimones\u00bb","block_context":{"text":"Limones","link":"https:\/\/quechilero.com\/blog\/category\/limones\/"},"img":{"alt_text":"","src":"","width":0,"height":0},"classes":[]},{"id":11414,"url":"https:\/\/quechilero.com\/blog\/2011\/12\/06\/esta-dios-encendiendo-sus-lamparas\/","url_meta":{"origin":2975,"position":2},"title":"\u00bfEst\u00e1 Dios encendiendo sus l\u00e1mparas?","author":"Pepe Barrascout Ortiz","date":"6 diciembre 2011","format":false,"excerpt":"Una calurosa tarde de verano, se cubri\u00f3 el cielo repentinamente de negras nubes y pronto el v\u00edvido resplandor de los rel\u00e1mpagos anunciaba una tempestad que se aproximaba. Retumb\u00f3 el trueno en las alturas y el rel\u00e1mpago en zigzag resplandec\u00eda con siniestro brillo. La se\u00f1ora Moreno estaba en pie al lado\u2026","rel":"","context":"En \u00abLimones\u00bb","block_context":{"text":"Limones","link":"https:\/\/quechilero.com\/blog\/category\/limones\/"},"img":{"alt_text":"","src":"","width":0,"height":0},"classes":[]},{"id":1719,"url":"https:\/\/quechilero.com\/blog\/2008\/12\/10\/heroes-olimpicos-salto-de-altura\/","url_meta":{"origin":2975,"position":3},"title":"H\u00e9roes Ol\u00edmpicos: Salto de Altura","author":"Pepe Barrascout Ortiz","date":"10 diciembre 2008","format":false,"excerpt":"En esta animaci\u00f3n de un poco mas de un minuto, podemos ver un H\u00e9roe Ol\u00edmpico de Salto de Altrua, que al final est\u00e1 en todo menos en su \u00e1rea, muy bueno.","rel":"","context":"En \u00abLimones por mano\u00bb","block_context":{"text":"Limones por mano","link":"https:\/\/quechilero.com\/blog\/category\/limones-por-mano\/"},"img":{"alt_text":"","src":"","width":0,"height":0},"classes":[]},{"id":7616,"url":"https:\/\/quechilero.com\/blog\/2011\/04\/17\/reflexiones-de-cuaresma-dia-40\/","url_meta":{"origin":2975,"position":4},"title":"Reflexiones de Cuaresma d\u00eda 40","author":"Pepe Barrascout Ortiz","date":"17 abril 2011","format":false,"excerpt":"Oraci\u00f3n inicial Se\u00f1or m\u00edo, Jesucristo, creo firmemente que est\u00e1s aqu\u00ed; en estos pocos minutos de oraci\u00f3n que empiezo ahora quiero pedirte y agradecerte. Pedirte\u00a0la gracia de darme m\u00e1s cuenta de que T\u00fa vives, me escuchas y me amas; tanto, que has querido morir libremente por m\u00ed en la cruz y\u2026","rel":"","context":"En \u00abLimones por mano\u00bb","block_context":{"text":"Limones por mano","link":"https:\/\/quechilero.com\/blog\/category\/limones-por-mano\/"},"img":{"alt_text":"","src":"","width":0,"height":0},"classes":[]},{"id":17351,"url":"https:\/\/quechilero.com\/blog\/2013\/10\/21\/el-alpinista-2\/","url_meta":{"origin":2975,"position":5},"title":"El alpinista","author":"Pepe Barrascout Ortiz","date":"21 octubre 2013","format":false,"excerpt":"Cuentan que un alpinista, desesperado por conquistar el Aconcagua, inici\u00f3 su traves\u00eda despu\u00e9s de a\u00f1os de preparaci\u00f3n, pero quer\u00eda la gloria para \u00e9l solo; por lo tanto, subi\u00f3 sin compa\u00f1eros. Empez\u00f3 a subir y se le fue haciendo tarde, y m\u00e1s tarde, y no se prepar\u00f3 para acampar, sino que\u2026","rel":"","context":"En \u00abLimones\u00bb","block_context":{"text":"Limones","link":"https:\/\/quechilero.com\/blog\/category\/limones\/"},"img":{"alt_text":"","src":"","width":0,"height":0},"classes":[]}],"jetpack_featured_media_url":"","_links":{"self":[{"href":"https:\/\/quechilero.com\/blog\/wp-json\/wp\/v2\/posts\/2975","targetHints":{"allow":["GET"]}}],"collection":[{"href":"https:\/\/quechilero.com\/blog\/wp-json\/wp\/v2\/posts"}],"about":[{"href":"https:\/\/quechilero.com\/blog\/wp-json\/wp\/v2\/types\/post"}],"author":[{"embeddable":true,"href":"https:\/\/quechilero.com\/blog\/wp-json\/wp\/v2\/users\/1"}],"replies":[{"embeddable":true,"href":"https:\/\/quechilero.com\/blog\/wp-json\/wp\/v2\/comments?post=2975"}],"version-history":[{"count":0,"href":"https:\/\/quechilero.com\/blog\/wp-json\/wp\/v2\/posts\/2975\/revisions"}],"wp:attachment":[{"href":"https:\/\/quechilero.com\/blog\/wp-json\/wp\/v2\/media?parent=2975"}],"wp:term":[{"taxonomy":"category","embeddable":true,"href":"https:\/\/quechilero.com\/blog\/wp-json\/wp\/v2\/categories?post=2975"},{"taxonomy":"post_tag","embeddable":true,"href":"https:\/\/quechilero.com\/blog\/wp-json\/wp\/v2\/tags?post=2975"},{"taxonomy":"series","embeddable":true,"href":"https:\/\/quechilero.com\/blog\/wp-json\/wp\/v2\/series?post=2975"}],"curies":[{"name":"wp","href":"https:\/\/api.w.org\/{rel}","templated":true}]}}