{"id":291,"date":"2006-11-09T19:05:36","date_gmt":"2006-11-10T01:05:36","guid":{"rendered":"http:\/\/quechilero.com\/blog\/2006\/11\/09\/mas-alla-de-la-ventana\/"},"modified":"2006-11-09T19:05:36","modified_gmt":"2006-11-10T01:05:36","slug":"mas-alla-de-la-ventana","status":"publish","type":"post","link":"https:\/\/quechilero.com\/blog\/2006\/11\/09\/mas-alla-de-la-ventana\/","title":{"rendered":"Mas all\u00e1 de la ventana"},"content":{"rendered":"<blockquote><p><em>\u00abLo que ve\u00eda a trav\u00e9s de esas ventanas no era simplemente un paisaje.    Era mucho m\u00e1s que eso: el futuro que un d\u00eda podr\u00eda ser suyo.<\/em><\/p>\n<p><em>\u00abPodr\u00eda. El hecho de sentarse a pensar y a so\u00f1ar lo dejaba    boquiabierto, especialmente cuando las dudas invad\u00edan su mente. Pero de todas    formas la idea de llegar m\u00e1s all\u00e1 cruzaba las fronteras de su imaginaci\u00f3n y    por momentos lograba palpar aquello tan deseado.<\/em><\/p>\n<p><em>\u00abEs as\u00ed como lleg\u00f3. Es as\u00ed como se fue. Mirando hacia el frente pero    recordando su pasado. Aprendiendo de antiguas lecciones, pero atesorando los    mejores sentimientos en su coraz\u00f3n. Vislumbr\u00f3, se esforz\u00f3, llor\u00f3&#8230;. \u00a1pero    finalmente lo logr\u00f3! \u00a1Vivi\u00f3! Y eso, en un mundo hambriento de sentido y    realizaci\u00f3n, es mucho decir.\u00bb<\/em><\/p><\/blockquote>\n<p>Palabras m\u00e1s, palabras menos, as\u00ed es como deseo que se me recuerde el d\u00eda en  que mis d\u00edas lleguen a su fin. No espero irme pronto, ni tampoco s\u00e9 cu\u00e1ndo ser\u00e1  el momento. Pero mi ruego diario incluye un reclamo \u00edntimo y sincero:  llegar.<\/p>\n<p>Les escribo estas palabras porque hoy (m\u00e1s que ayer) soy consciente del hecho  que muy pocas personas encuentran un prop\u00f3sito por el cual vivir. Y eso no es  broma. Eso es muy preocupante.<\/p>\n<p>Dos a\u00f1os atr\u00e1s me conmovi\u00f3 la muerte de un famoso periodista argentino.  \u00bfSuicidio? \u00bfHomicidio culposo? \u00bfAccidente? Las distintas hip\u00f3tesis implicaron  trabajo para los investigadores y \u00abrating\u00bb para ciertos medios del espect\u00e1culo.  Pero un joven de 33 a\u00f1os est\u00e1 muerto. Sin palabras. Sin m\u00e1s posibilidades.<\/p>\n<p>Me llama la atenci\u00f3n c\u00f3mo lo expres\u00f3 cierto pensador cuando dijo: \u00abSi no  tienes un plan de vida, nunca tendr\u00e1s orden.\u00bb. \u00bfY usted? \u00bfCu\u00e1l es su \u00abplan\u00bb?  \u00bfHacia d\u00f3nde dirige todos sus esfuerzos? \u00bfQu\u00e9 espera lograr con su vida? \u00bfAd\u00f3nde  quiere llegar?<\/p>\n<p><strong><em>Cristian Franco<\/em><\/strong><\/p>\n","protected":false},"excerpt":{"rendered":"<p>\u00abLo que ve\u00eda a trav\u00e9s de esas ventanas no era simplemente un paisaje. Era mucho m\u00e1s que eso: el futuro que un d\u00eda podr\u00eda ser suyo. \u00abPodr\u00eda. El hecho de sentarse a pensar y a so\u00f1ar lo dejaba boquiabierto, especialmente cuando las dudas invad\u00edan su mente. Pero de todas formas la idea de llegar m\u00e1s &#8230; <a title=\"Mas all\u00e1 de la ventana\" class=\"read-more\" href=\"https:\/\/quechilero.com\/blog\/2006\/11\/09\/mas-alla-de-la-ventana\/\" aria-label=\"Leer m\u00e1s sobre Mas all\u00e1 de la ventana\">Leer m\u00e1s<\/a><\/p>\n","protected":false},"author":1,"featured_media":0,"comment_status":"open","ping_status":"open","sticky":false,"template":"","format":"standard","meta":{"advanced_seo_description":"","jetpack_seo_html_title":"","jetpack_seo_noindex":false,"jetpack_seo_schema_type":"","episode_type":"","audio_file":"","podmotor_file_id":"","podmotor_episode_id":"","cover_image":"","cover_image_id":"","duration":"","filesize":"","filesize_raw":"","date_recorded":"","explicit":"","block":"","_jetpack_newsletter_access":"","_jetpack_dont_email_post_to_subs":false,"_jetpack_newsletter_tier_id":0,"_jetpack_memberships_contains_paywalled_content":false,"_jetpack_feature_clip_id":0,"_jetpack_memberships_contains_paid_content":false,"footnotes":"","jetpack_publicize_message":"","jetpack_publicize_feature_enabled":true,"jetpack_social_post_already_shared":false,"jetpack_social_options":{"image_generator_settings":{"template":"highway","default_image_id":0,"font":"","enabled":false},"version":2},"jetpack_post_was_ever_published":false},"categories":[2],"tags":[45,51,49,32,9,50,42,82,36,24],"series":[],"class_list":["post-291","post","type-post","status-publish","format-standard","hentry","category-limones","tag-deseo","tag-dios","tag-esfuerzo","tag-especial","tag-idea","tag-muerte","tag-palabra","tag-sentimiento","tag-trabajo","tag-vida"],"episode_featured_image":false,"episode_player_image":"https:\/\/i0.wp.com\/quechilero.com\/blog\/imagenes\/podcast.png?fit=1831%2C1831&ssl=1","download_link":"","player_link":"","audio_player":false,"episode_data":{"playerMode":"dark","subscribeUrls":{"amazon":{"key":"amazon","url":"","label":"Amazon","class":"amazon","icon":"amazon.png"},"apple_podcasts":{"key":"apple_podcasts","url":"","label":"Apple Podcasts","class":"apple_podcasts","icon":"apple-podcasts.png"},"castbox":{"key":"castbox","url":"","label":"CastBox","class":"castbox","icon":"castbox.png"},"deezer":{"key":"deezer","url":"","label":"Deezer","class":"deezer","icon":"deezer.png"},"google_podcasts":{"key":"google_podcasts","url":"","label":"Google Podcasts","class":"google_podcasts","icon":"google-podcasts.png"},"listen_notes":{"key":"listen_notes","url":"","label":"Listen Notes","class":"listen_notes","icon":"listen-notes.png"},"pandora":{"key":"pandora","url":"","label":"Pandora","class":"pandora","icon":"pandora.png"},"podbean":{"key":"podbean","url":"","label":"Podbean","class":"podbean","icon":"podbean.png"},"podcast_republic":{"key":"podcast_republic","url":"","label":"Podcast Republic","class":"podcast_republic","icon":"podcast-republic.png"},"rss":{"key":"rss","url":"","label":"RSS","class":"rss","icon":"rss.png"},"spotify":{"key":"spotify","url":"","label":"Spotify","class":"spotify","icon":"spotify.png"},"stitcher":{"key":"stitcher","url":"","label":"Stitcher","class":"stitcher","icon":"stitcher.png"},"tunein":{"key":"tunein","url":"","label":"TuneIn","class":"tunein","icon":"tunein.png"},"youtube":{"key":"youtube","url":"","label":"YouTube","class":"youtube","icon":"youtube.png"},"iheartradio":{"key":"iheartradio","url":"","label":"iHeartRadio","class":"iheartradio","icon":"iheartradio.png"},"ivoox":{"key":"ivoox","url":"","label":"iVoox","class":"ivoox","icon":"ivoox.png"}},"rssFeedUrl":"https:\/\/quechilero.com\/blog\/feed\/podcast\/si-la-vida-nos-da-limones","embedCode":"<blockquote class=\"wp-embedded-content\" data-secret=\"7aCY6ozsgI\"><a href=\"https:\/\/quechilero.com\/blog\/2006\/11\/09\/mas-alla-de-la-ventana\/\">Mas all\u00e1 de la ventana<\/a><\/blockquote><iframe sandbox=\"allow-scripts\" security=\"restricted\" src=\"https:\/\/quechilero.com\/blog\/2006\/11\/09\/mas-alla-de-la-ventana\/embed\/#?secret=7aCY6ozsgI\" width=\"500\" height=\"350\" title=\"\u00abMas all\u00e1 de la ventana\u00bb \u2014 Si la Vida nos da Limones...\" data-secret=\"7aCY6ozsgI\" frameborder=\"0\" marginwidth=\"0\" marginheight=\"0\" scrolling=\"no\" class=\"wp-embedded-content\"><\/iframe><script>\n\/*! This file is auto-generated *\/\n!function(d,l){\"use strict\";l.querySelector&&d.addEventListener&&\"undefined\"!=typeof URL&&(d.wp=d.wp||{},d.wp.receiveEmbedMessage||(d.wp.receiveEmbedMessage=function(e){var t=e.data;if((t||t.secret||t.message||t.value)&&!\/[^a-zA-Z0-9]\/.test(t.secret)){for(var s,r,n,a=l.querySelectorAll('iframe[data-secret=\"'+t.secret+'\"]'),o=l.querySelectorAll('blockquote[data-secret=\"'+t.secret+'\"]'),c=new RegExp(\"^https?:$\",\"i\"),i=0;i<o.length;i++)o[i].style.display=\"none\";for(i=0;i<a.length;i++)s=a[i],e.source===s.contentWindow&&(s.removeAttribute(\"style\"),\"height\"===t.message?(1e3<(r=parseInt(t.value,10))?r=1e3:~~r<200&&(r=200),s.height=r):\"link\"===t.message&&(r=new URL(s.getAttribute(\"src\")),n=new URL(t.value),c.test(n.protocol))&&n.host===r.host&&l.activeElement===s&&(d.top.location.href=t.value))}},d.addEventListener(\"message\",d.wp.receiveEmbedMessage,!1),l.addEventListener(\"DOMContentLoaded\",function(){for(var e,t,s=l.querySelectorAll(\"iframe.wp-embedded-content\"),r=0;r<s.length;r++)(t=(e=s[r]).getAttribute(\"data-secret\"))||(t=Math.random().toString(36).substring(2,12),e.src+=\"#?secret=\"+t,e.setAttribute(\"data-secret\",t)),e.contentWindow.postMessage({message:\"ready\",secret:t},\"*\")},!1)))}(window,document);\n\/\/# sourceURL=https:\/\/quechilero.com\/blog\/wp-includes\/js\/wp-embed.min.js\n<\/script>\n"},"jetpack_publicize_connections":[],"jetpack_shortlink":"https:\/\/wp.me\/pDKli-4H","jetpack_sharing_enabled":true,"jetpack-related-posts":[{"id":1228,"url":"https:\/\/quechilero.com\/blog\/2008\/08\/11\/simplemente-asi\/","url_meta":{"origin":291,"position":0},"title":"Marat\u00f3n &#8211; Simplemente As\u00ed","author":"Pepe Barrascout Ortiz","date":"11 agosto 2008","format":false,"excerpt":"Objeto de la vida, noci\u00f3n de la palabra, la burla perfecta... es como Lu! define su blog, Simplemente as\u00ed, simple en t\u00edtulo mas no en contenido. Por mas de tres a\u00f1os, he sido seguidor de este blog que de la mano de Luc\u00eda Reinoso ha proporcionado a sus muchos lectores,\u2026","rel":"","context":"En \u00abBlogs de Guatemala\u00bb","block_context":{"text":"Blogs de Guatemala","link":"https:\/\/quechilero.com\/blog\/category\/blogs-de-guatemala\/"},"img":{"alt_text":"Simplemente as\u00ed","src":"https:\/\/i0.wp.com\/img227.imageshack.us\/img227\/9089\/maratonek5.jpg?resize=350%2C200","width":350,"height":200},"classes":[]},{"id":21528,"url":"https:\/\/quechilero.com\/blog\/2015\/08\/26\/amigos-gracias\/","url_meta":{"origin":291,"position":1},"title":"Amigos, gracias","author":"Pepe Barrascout Ortiz","date":"26 agosto 2015","format":false,"excerpt":"Es reconfortante y alegre, recibir muestras de cari\u00f1o y aprecio en el d\u00eda de nuestro cumplea\u00f1os. Ya sea por tradici\u00f3n, costumbre o sentimiento de agrado, el recibir un saludo, es algo que siempre es bien recibido. Amigos, gracias. Con el paso del tiempo, los saludos de cumplea\u00f1os han ido cambiando,\u2026","rel":"","context":"En \u00abLimones\u00bb","block_context":{"text":"Limones","link":"https:\/\/quechilero.com\/blog\/category\/limones\/"},"img":{"alt_text":"","src":"http:\/\/i392.photobucket.com\/albums\/pp7\/pepejaguar\/blog\/001_zpsexpfswow.jpg~original","width":350,"height":200,"srcset":"http:\/\/i392.photobucket.com\/albums\/pp7\/pepejaguar\/blog\/001_zpsexpfswow.jpg~original 1x, http:\/\/i392.photobucket.com\/albums\/pp7\/pepejaguar\/blog\/001_zpsexpfswow.jpg~original 1.5x, http:\/\/i392.photobucket.com\/albums\/pp7\/pepejaguar\/blog\/001_zpsexpfswow.jpg~original 2x"},"classes":[]},{"id":13505,"url":"https:\/\/quechilero.com\/blog\/2012\/05\/24\/la-mariposa-la-ardilla-el-bosque\/","url_meta":{"origin":291,"position":2},"title":"La mariposa, la ardilla, el bosque","author":"Pepe Barrascout Ortiz","date":"24 mayo 2012","format":false,"excerpt":"En un bosque muy peculiar, viv\u00eda una mariposa, que anunciaba las malas y buenas nuevas de todo lo que suced\u00eda en ese rinc\u00f3n de la naturaleza. Como toda buena mariposa, era admirada por los habitantes del bosque, que d\u00eda a d\u00eda la ve\u00edan, para enterarse de todos los temas de\u2026","rel":"","context":"En \u00abLimones\u00bb","block_context":{"text":"Limones","link":"https:\/\/quechilero.com\/blog\/category\/limones\/"},"img":{"alt_text":"","src":"https:\/\/i0.wp.com\/img.youtube.com\/vi\/ttmM0KYHZAU\/0.jpg?resize=350%2C200","width":350,"height":200},"classes":[]},{"id":804,"url":"https:\/\/quechilero.com\/blog\/2007\/12\/12\/las-5-practicas-fundamentales-del-liderazgo-ejemplar\/","url_meta":{"origin":291,"position":3},"title":"Las 5 pr\u00e1cticas fundamentales del liderazgo ejemplar","author":"Pepe Barrascout Ortiz","date":"12 diciembre 2007","format":false,"excerpt":"Al observar en profundidad el proceso din\u00e1mico del liderazgo mediante el an\u00e1lisis de casos y encuestas, reconocemos cinco pr\u00e1cticas fundamentales a trav\u00e9s de los cuales los l\u00edderes logran realizar cosas extraordinarias. El modelo del liderazgo cobr\u00f3 vida, car\u00e1cter y color cuando empezamos a escuchar las historias de personas corrientes que\u2026","rel":"","context":"En \u00abLimones\u00bb","block_context":{"text":"Limones","link":"https:\/\/quechilero.com\/blog\/category\/limones\/"},"img":{"alt_text":"","src":"","width":0,"height":0},"classes":[]},{"id":602,"url":"https:\/\/quechilero.com\/blog\/2007\/08\/03\/por-que-las-mujeres-somos-brujas\/","url_meta":{"origin":291,"position":4},"title":"\u00bfPor qu\u00e9 las mujeres somos Brujas?","author":"Pepe Barrascout Ortiz","date":"3 agosto 2007","format":false,"excerpt":"Porque llegamos a fin de mes haciendo magia con el dinero; Porque lanzamos conjuros varios contra el alza de precios; Porque estamos al mismo tiempo en varios lugares: lavando ropa, planchando, sirviendo la cena y haciendo tarea escolar; Porque somos capaces de convertir en culebra con la mirada a aquella\u2026","rel":"","context":"En \u00abLimones\u00bb","block_context":{"text":"Limones","link":"https:\/\/quechilero.com\/blog\/category\/limones\/"},"img":{"alt_text":"","src":"","width":0,"height":0},"classes":[]},{"id":17460,"url":"https:\/\/quechilero.com\/blog\/2013\/11\/23\/de-las-definiciones\/","url_meta":{"origin":291,"position":5},"title":"De las definiciones","author":"Pepe Barrascout Ortiz","date":"23 noviembre 2013","format":false,"excerpt":"Dos maestros hind\u00faes y un graffiti definen el amor: Osho: \"Dar amor es una experiencia real -en el sentido mismo de la palabra-, porque usted se comporta como un emperador. Implorar amor es una experiencia de mendigo. No haga como un mendigo; sea siempre un emperador.\" Nisargadatta Maharaj: \"El sufrimiento\u2026","rel":"","context":"En \u00abLimones\u00bb","block_context":{"text":"Limones","link":"https:\/\/quechilero.com\/blog\/category\/limones\/"},"img":{"alt_text":"","src":"","width":0,"height":0},"classes":[]}],"jetpack_featured_media_url":"","_links":{"self":[{"href":"https:\/\/quechilero.com\/blog\/wp-json\/wp\/v2\/posts\/291","targetHints":{"allow":["GET"]}}],"collection":[{"href":"https:\/\/quechilero.com\/blog\/wp-json\/wp\/v2\/posts"}],"about":[{"href":"https:\/\/quechilero.com\/blog\/wp-json\/wp\/v2\/types\/post"}],"author":[{"embeddable":true,"href":"https:\/\/quechilero.com\/blog\/wp-json\/wp\/v2\/users\/1"}],"replies":[{"embeddable":true,"href":"https:\/\/quechilero.com\/blog\/wp-json\/wp\/v2\/comments?post=291"}],"version-history":[{"count":0,"href":"https:\/\/quechilero.com\/blog\/wp-json\/wp\/v2\/posts\/291\/revisions"}],"wp:attachment":[{"href":"https:\/\/quechilero.com\/blog\/wp-json\/wp\/v2\/media?parent=291"}],"wp:term":[{"taxonomy":"category","embeddable":true,"href":"https:\/\/quechilero.com\/blog\/wp-json\/wp\/v2\/categories?post=291"},{"taxonomy":"post_tag","embeddable":true,"href":"https:\/\/quechilero.com\/blog\/wp-json\/wp\/v2\/tags?post=291"},{"taxonomy":"series","embeddable":true,"href":"https:\/\/quechilero.com\/blog\/wp-json\/wp\/v2\/series?post=291"}],"curies":[{"name":"wp","href":"https:\/\/api.w.org\/{rel}","templated":true}]}}