{"id":287,"date":"2006-10-25T19:02:00","date_gmt":"2006-10-26T01:02:00","guid":{"rendered":"http:\/\/quechilero.com\/blog\/2006\/10\/25\/saltar-al-vacio\/"},"modified":"2006-10-25T19:02:00","modified_gmt":"2006-10-26T01:02:00","slug":"saltar-al-vacio","status":"publish","type":"post","link":"https:\/\/quechilero.com\/blog\/2006\/10\/25\/saltar-al-vacio\/","title":{"rendered":"Saltar al vac\u00edo"},"content":{"rendered":"<p>Cada vez que ve\u00eda fotos de hombres lanz\u00e1ndose desde un avi\u00f3n, el joven sent\u00eda  la necesidad interior de estar entre ellos. Quer\u00eda ser paracaidista.<\/p>\n<p>&#8211; \u00bfPor qu\u00e9 ellos s\u00ed y yo no? -se dec\u00eda.<\/p>\n<p>Lo primero que hizo fue conseguir un instructivo sobre diversos tipos de  paraca\u00eddas. Despu\u00e9s inici\u00f3 y concluy\u00f3 un estudio comparativo de aviones  modernos. Como se dio cuenta de que ignoraba muchas cosas, decidi\u00f3 estudiar  tambi\u00e9n un master en ca\u00edda de cuerpos, atracci\u00f3n de masas y fricci\u00f3n. Concluy\u00f3  su preparaci\u00f3n con un a\u00f1o de estudios meteorol\u00f3gicos y movimientos de corrientes  de aire.<\/p>\n<p>Por fin, cuando se sinti\u00f3 preparado, eligi\u00f3 cuidadosamente el avi\u00f3n. Era un  bimotor que a\u00fan segu\u00eda en uso y ten\u00eda buen aspecto.<\/p>\n<p>Al despegar le dijo al piloto que se dirigiera al punto que, ya antes, le  hab\u00eda se\u00f1alado en el mapa con una regla y un comp\u00e1s. El momento se acercaba y al  elevarse el avi\u00f3n, el joven sent\u00eda m\u00e1s y m\u00e1s el v\u00e9rtigo enardeciente de  volar.<\/p>\n<p>Por fin, cuando se encontraban a la altura perfecta, se levant\u00f3 del asiento,  abri\u00f3 la escotilla y sinti\u00f3 el viento helado en la cara. Permaneci\u00f3 all\u00ed unos  instantes llenando los pulmones con el puro azul del cielo&#8230;<\/p>\n<p>Pero no salt\u00f3.<\/p>\n<p>Cerr\u00f3 la escotilla y mand\u00f3 aterrizar. Hab\u00eda olvidado que para saltar hace  falta una cosa m\u00e1s: ser un valiente.<\/p>\n<p>Conozco a quienes pasan la vida prepar\u00e1ndose para orar; buscan m\u00e9todos de  oraci\u00f3n novedosos y consejeros de todo tipo pero, llegado el momento, no hablan  con Dios. Y es que para hablar con Dios hay que ejercitar la fe y olvidan que  para vivir de fe hace falta&#8230; ser un valiente; o sea, pedirla.<\/p>\n<p><strong><em>P. Miguel Segura<\/em><\/strong><\/p>\n","protected":false},"excerpt":{"rendered":"<p>Cada vez que ve\u00eda fotos de hombres lanz\u00e1ndose desde un avi\u00f3n, el joven sent\u00eda la necesidad interior de estar entre ellos. Quer\u00eda ser paracaidista. &#8211; \u00bfPor qu\u00e9 ellos s\u00ed y yo no? -se dec\u00eda. Lo primero que hizo fue conseguir un instructivo sobre diversos tipos de paraca\u00eddas. Despu\u00e9s inici\u00f3 y concluy\u00f3 un estudio comparativo de &#8230; <a title=\"Saltar al vac\u00edo\" class=\"read-more\" href=\"https:\/\/quechilero.com\/blog\/2006\/10\/25\/saltar-al-vacio\/\" aria-label=\"Leer m\u00e1s sobre Saltar al vac\u00edo\">Leer m\u00e1s<\/a><\/p>\n","protected":false},"author":1,"featured_media":0,"comment_status":"open","ping_status":"open","sticky":false,"template":"","format":"standard","meta":{"advanced_seo_description":"","jetpack_seo_html_title":"","jetpack_seo_noindex":false,"jetpack_seo_schema_type":"","episode_type":"","audio_file":"","podmotor_file_id":"","podmotor_episode_id":"","cover_image":"","cover_image_id":"","duration":"","filesize":"","filesize_raw":"","date_recorded":"","explicit":"","block":"","_jetpack_newsletter_access":"","_jetpack_dont_email_post_to_subs":false,"_jetpack_newsletter_tier_id":0,"_jetpack_memberships_contains_paywalled_content":false,"_jetpack_feature_clip_id":0,"_jetpack_memberships_contains_paid_content":false,"footnotes":"","jetpack_publicize_message":"","jetpack_publicize_feature_enabled":true,"jetpack_social_post_already_shared":false,"jetpack_social_options":{"image_generator_settings":{"template":"highway","default_image_id":0,"font":"","enabled":false},"version":2},"jetpack_post_was_ever_published":false},"categories":[2],"tags":[14,12,51,18,47,86,58,24],"series":[],"class_list":["post-287","post","type-post","status-publish","format-standard","hentry","category-limones","tag-accion","tag-cosas","tag-dios","tag-hombre","tag-mapa","tag-oracion","tag-regla","tag-vida"],"episode_featured_image":false,"episode_player_image":"https:\/\/i0.wp.com\/quechilero.com\/blog\/imagenes\/podcast.png?fit=1831%2C1831&ssl=1","download_link":"","player_link":"","audio_player":false,"episode_data":{"playerMode":"dark","subscribeUrls":{"amazon":{"key":"amazon","url":"","label":"Amazon","class":"amazon","icon":"amazon.png"},"apple_podcasts":{"key":"apple_podcasts","url":"","label":"Apple Podcasts","class":"apple_podcasts","icon":"apple-podcasts.png"},"castbox":{"key":"castbox","url":"","label":"CastBox","class":"castbox","icon":"castbox.png"},"deezer":{"key":"deezer","url":"","label":"Deezer","class":"deezer","icon":"deezer.png"},"google_podcasts":{"key":"google_podcasts","url":"","label":"Google Podcasts","class":"google_podcasts","icon":"google-podcasts.png"},"listen_notes":{"key":"listen_notes","url":"","label":"Listen Notes","class":"listen_notes","icon":"listen-notes.png"},"pandora":{"key":"pandora","url":"","label":"Pandora","class":"pandora","icon":"pandora.png"},"podbean":{"key":"podbean","url":"","label":"Podbean","class":"podbean","icon":"podbean.png"},"podcast_republic":{"key":"podcast_republic","url":"","label":"Podcast Republic","class":"podcast_republic","icon":"podcast-republic.png"},"rss":{"key":"rss","url":"","label":"RSS","class":"rss","icon":"rss.png"},"spotify":{"key":"spotify","url":"","label":"Spotify","class":"spotify","icon":"spotify.png"},"stitcher":{"key":"stitcher","url":"","label":"Stitcher","class":"stitcher","icon":"stitcher.png"},"tunein":{"key":"tunein","url":"","label":"TuneIn","class":"tunein","icon":"tunein.png"},"youtube":{"key":"youtube","url":"","label":"YouTube","class":"youtube","icon":"youtube.png"},"iheartradio":{"key":"iheartradio","url":"","label":"iHeartRadio","class":"iheartradio","icon":"iheartradio.png"},"ivoox":{"key":"ivoox","url":"","label":"iVoox","class":"ivoox","icon":"ivoox.png"}},"rssFeedUrl":"https:\/\/quechilero.com\/blog\/feed\/podcast\/si-la-vida-nos-da-limones","embedCode":"<blockquote class=\"wp-embedded-content\" data-secret=\"J10KBoY8mN\"><a href=\"https:\/\/quechilero.com\/blog\/2006\/10\/25\/saltar-al-vacio\/\">Saltar al vac\u00edo<\/a><\/blockquote><iframe sandbox=\"allow-scripts\" security=\"restricted\" src=\"https:\/\/quechilero.com\/blog\/2006\/10\/25\/saltar-al-vacio\/embed\/#?secret=J10KBoY8mN\" width=\"500\" height=\"350\" title=\"\u00abSaltar al vac\u00edo\u00bb \u2014 Si la Vida nos da Limones...\" data-secret=\"J10KBoY8mN\" frameborder=\"0\" marginwidth=\"0\" marginheight=\"0\" scrolling=\"no\" class=\"wp-embedded-content\"><\/iframe><script>\n\/*! This file is auto-generated *\/\n!function(d,l){\"use strict\";l.querySelector&&d.addEventListener&&\"undefined\"!=typeof URL&&(d.wp=d.wp||{},d.wp.receiveEmbedMessage||(d.wp.receiveEmbedMessage=function(e){var t=e.data;if((t||t.secret||t.message||t.value)&&!\/[^a-zA-Z0-9]\/.test(t.secret)){for(var s,r,n,a=l.querySelectorAll('iframe[data-secret=\"'+t.secret+'\"]'),o=l.querySelectorAll('blockquote[data-secret=\"'+t.secret+'\"]'),c=new RegExp(\"^https?:$\",\"i\"),i=0;i<o.length;i++)o[i].style.display=\"none\";for(i=0;i<a.length;i++)s=a[i],e.source===s.contentWindow&&(s.removeAttribute(\"style\"),\"height\"===t.message?(1e3<(r=parseInt(t.value,10))?r=1e3:~~r<200&&(r=200),s.height=r):\"link\"===t.message&&(r=new URL(s.getAttribute(\"src\")),n=new URL(t.value),c.test(n.protocol))&&n.host===r.host&&l.activeElement===s&&(d.top.location.href=t.value))}},d.addEventListener(\"message\",d.wp.receiveEmbedMessage,!1),l.addEventListener(\"DOMContentLoaded\",function(){for(var e,t,s=l.querySelectorAll(\"iframe.wp-embedded-content\"),r=0;r<s.length;r++)(t=(e=s[r]).getAttribute(\"data-secret\"))||(t=Math.random().toString(36).substring(2,12),e.src+=\"#?secret=\"+t,e.setAttribute(\"data-secret\",t)),e.contentWindow.postMessage({message:\"ready\",secret:t},\"*\")},!1)))}(window,document);\n\/\/# sourceURL=https:\/\/quechilero.com\/blog\/wp-includes\/js\/wp-embed.min.js\n<\/script>\n"},"jetpack_publicize_connections":[],"jetpack_shortlink":"https:\/\/wp.me\/pDKli-4D","jetpack_sharing_enabled":true,"jetpack-related-posts":[{"id":15860,"url":"https:\/\/quechilero.com\/blog\/2013\/02\/01\/accidente-de-avion-en-moscu\/","url_meta":{"origin":287,"position":0},"title":"Accidente de Avi\u00f3n en Mosc\u00fa","author":"Pepe Barrascout Ortiz","date":"1 febrero 2013","format":false,"excerpt":"https:\/\/youtu.be\/PHE61lOnOt0 Vas manejando tranquilamente por la autopista, cuando de repente ves como un avi\u00f3n se estrella a tu lado, a escasos metros y luego ese momento, en que las piezas del avi\u00f3n destruido, caen justamente por donde uno en pocos segundos va a pasar. \u00bfQu\u00e9 se hace en estos casos?,\u2026","rel":"","context":"En \u00abLimones\u00bb","block_context":{"text":"Limones","link":"https:\/\/quechilero.com\/blog\/category\/limones\/"},"img":{"alt_text":"","src":"https:\/\/i0.wp.com\/img.youtube.com\/vi\/PHE61lOnOt0\/0.jpg?resize=350%2C200","width":350,"height":200},"classes":[]},{"id":3726,"url":"https:\/\/quechilero.com\/blog\/2009\/10\/18\/sigue-el-mapa\/","url_meta":{"origin":287,"position":1},"title":"Sigue el mapa","author":"Pepe Barrascout Ortiz","date":"18 octubre 2009","format":false,"excerpt":"Si fueras a emprender un largo viaje y desconocieras el camino, llevar\u00edas contigo un mapa, \u00bfno es cierto? La verdad es que en este momento te hallas embarcado en una larga traves\u00eda, la de la vida. El Gu\u00eda que conoce el camino instruy\u00f3 a algunos de Sus hombres para que\u2026","rel":"","context":"En \u00abLimones\u00bb","block_context":{"text":"Limones","link":"https:\/\/quechilero.com\/blog\/category\/limones\/"},"img":{"alt_text":"","src":"","width":0,"height":0},"classes":[]},{"id":18106,"url":"https:\/\/quechilero.com\/blog\/2014\/08\/03\/top-10-de-vuelos-rasantes\/","url_meta":{"origin":287,"position":2},"title":"Top 10 de vuelos rasantes","author":"Pepe Barrascout Ortiz","date":"3 agosto 2014","format":false,"excerpt":"Siempre es sorprendente conocer la mec\u00e1nica y la f\u00edsica que hacen que un avi\u00f3n pueda volar. El ingenio humano proporcionado por Dios, nos permite crear m\u00e1quinas sorprendentes. Esta creatividad siempre se est\u00e1 llevando al l\u00edmite y en este caso un listado con los mejores, con el Top 10 de vuelos\u2026","rel":"","context":"En \u00abVideoBlog\u00bb","block_context":{"text":"VideoBlog","link":"https:\/\/quechilero.com\/blog\/category\/videoblog\/"},"img":{"alt_text":"","src":"https:\/\/i0.wp.com\/img.youtube.com\/vi\/F_8rAgOeVxc\/0.jpg?resize=350%2C200","width":350,"height":200},"classes":[]},{"id":17699,"url":"https:\/\/quechilero.com\/blog\/2014\/01\/26\/del-aeropuerto\/","url_meta":{"origin":287,"position":3},"title":"Del aeropuerto","author":"Pepe Barrascout Ortiz","date":"26 enero 2014","format":false,"excerpt":"Vol\u00e1bamos de Nueva York para Chicago, rumbo a un congreso literario. De repente, un joven se pone de pi\u00e9 en el pasillo del avi\u00f3n.\"Preciso doce voluntarios -dice. Cada uno deber\u00e1 llevar una rosa, cuando aterricemos.\"Varias personas levantaron la mano. Yo tambi\u00e9n. Mas no fui escogido. Pero resolv\u00ed acompa\u00f1ar al grupo.\u2026","rel":"","context":"En \u00abLimones\u00bb","block_context":{"text":"Limones","link":"https:\/\/quechilero.com\/blog\/category\/limones\/"},"img":{"alt_text":"","src":"","width":0,"height":0},"classes":[]},{"id":10792,"url":"https:\/\/quechilero.com\/blog\/2012\/03\/09\/desde-la-ventana-del-avion-052\/","url_meta":{"origin":287,"position":4},"title":"Desde la ventana del avi\u00f3n 052","author":"Pepe Barrascout Ortiz","date":"9 marzo 2012","format":false,"excerpt":"Desde la ventana del avi\u00f3n. Es una impresionante colecci\u00f3n de 100 fotograf\u00edas,\u00a0que han sido tomadas por asiduos viajeros, y que tienen en com\u00fan, el haber sido tomadas desde el aire. Austria Aqu\u00ed la serie completa: Desde la Ventana del Avi\u00f3n. Fotograf\u00eda original. Gracias a Buzzfeed.","rel":"","context":"En \u00abLimones por mano\u00bb","block_context":{"text":"Limones por mano","link":"https:\/\/quechilero.com\/blog\/category\/limones-por-mano\/"},"img":{"alt_text":"","src":"","width":0,"height":0},"classes":[]},{"id":11010,"url":"https:\/\/quechilero.com\/blog\/2012\/05\/02\/desde-la-ventana-del-avion-069\/","url_meta":{"origin":287,"position":5},"title":"Desde la ventana del avi\u00f3n 069","author":"Pepe Barrascout Ortiz","date":"2 mayo 2012","format":false,"excerpt":"Desde la ventana del avi\u00f3n. Es una impresionante colecci\u00f3n de 100 fotograf\u00edas,\u00a0que han sido tomadas por asiduos viajeros, y que tienen en com\u00fan, el haber sido tomadas desde el aire. Singapore Aqu\u00ed la serie completa: Desde la Ventana del Avi\u00f3n. Fotograf\u00eda original. Gracias a Buzzfeed.","rel":"","context":"En \u00abLimones por mano\u00bb","block_context":{"text":"Limones por mano","link":"https:\/\/quechilero.com\/blog\/category\/limones-por-mano\/"},"img":{"alt_text":"","src":"","width":0,"height":0},"classes":[]}],"jetpack_featured_media_url":"","_links":{"self":[{"href":"https:\/\/quechilero.com\/blog\/wp-json\/wp\/v2\/posts\/287","targetHints":{"allow":["GET"]}}],"collection":[{"href":"https:\/\/quechilero.com\/blog\/wp-json\/wp\/v2\/posts"}],"about":[{"href":"https:\/\/quechilero.com\/blog\/wp-json\/wp\/v2\/types\/post"}],"author":[{"embeddable":true,"href":"https:\/\/quechilero.com\/blog\/wp-json\/wp\/v2\/users\/1"}],"replies":[{"embeddable":true,"href":"https:\/\/quechilero.com\/blog\/wp-json\/wp\/v2\/comments?post=287"}],"version-history":[{"count":0,"href":"https:\/\/quechilero.com\/blog\/wp-json\/wp\/v2\/posts\/287\/revisions"}],"wp:attachment":[{"href":"https:\/\/quechilero.com\/blog\/wp-json\/wp\/v2\/media?parent=287"}],"wp:term":[{"taxonomy":"category","embeddable":true,"href":"https:\/\/quechilero.com\/blog\/wp-json\/wp\/v2\/categories?post=287"},{"taxonomy":"post_tag","embeddable":true,"href":"https:\/\/quechilero.com\/blog\/wp-json\/wp\/v2\/tags?post=287"},{"taxonomy":"series","embeddable":true,"href":"https:\/\/quechilero.com\/blog\/wp-json\/wp\/v2\/series?post=287"}],"curies":[{"name":"wp","href":"https:\/\/api.w.org\/{rel}","templated":true}]}}