{"id":2861,"date":"2009-07-05T08:00:38","date_gmt":"2009-07-05T14:00:38","guid":{"rendered":"http:\/\/quechilero.com\/blog\/?p=2861"},"modified":"2009-07-05T08:00:38","modified_gmt":"2009-07-05T14:00:38","slug":"loco-de-alegria","status":"publish","type":"post","link":"https:\/\/quechilero.com\/blog\/2009\/07\/05\/loco-de-alegria\/","title":{"rendered":"Loco de alegr\u00eda"},"content":{"rendered":"<p>Un piadoso rezaba todos los d\u00edas a Dios y le suplicaba una gracia  especial.<\/p>\n<p>Un d\u00eda se le apareci\u00f3 un \u00e1ngel y le dijo: <em>\u00abDios ha decidido no concederte lo  que pides\u00bb.<\/em><\/p>\n<p>Al o\u00edr este mensaje, el buen hombre comenz\u00f3 a dar voces de alegr\u00eda, pues  sab\u00eda que su oraci\u00f3n hab\u00eda llegado hasta Dios.<\/p>\n","protected":false},"excerpt":{"rendered":"<p>Un piadoso rezaba todos los d\u00edas a Dios y le suplicaba una gracia especial. Un d\u00eda se le apareci\u00f3 un \u00e1ngel y le dijo: \u00abDios ha decidido no concederte lo que pides\u00bb. Al o\u00edr este mensaje, el buen hombre comenz\u00f3 a dar voces de alegr\u00eda, pues sab\u00eda que su oraci\u00f3n hab\u00eda llegado hasta Dios.<\/p>\n","protected":false},"author":1,"featured_media":0,"comment_status":"open","ping_status":"open","sticky":false,"template":"","format":"standard","meta":{"advanced_seo_description":"","jetpack_seo_html_title":"","jetpack_seo_noindex":false,"jetpack_seo_schema_type":"","episode_type":"","audio_file":"","podmotor_file_id":"","podmotor_episode_id":"","cover_image":"","cover_image_id":"","duration":"","filesize":"","filesize_raw":"","date_recorded":"","explicit":"","block":"","_jetpack_newsletter_access":"","_jetpack_dont_email_post_to_subs":false,"_jetpack_newsletter_tier_id":0,"_jetpack_memberships_contains_paywalled_content":false,"_jetpack_feature_clip_id":0,"_jetpack_memberships_contains_paid_content":false,"footnotes":"","jetpack_publicize_message":"","jetpack_publicize_feature_enabled":true,"jetpack_social_post_already_shared":false,"jetpack_social_options":{"image_generator_settings":{"template":"highway","default_image_id":0,"font":"","enabled":false},"version":2},"jetpack_post_was_ever_published":false},"categories":[2],"tags":[87,51,32,18,86],"series":[],"class_list":["post-2861","post","type-post","status-publish","format-standard","hentry","category-limones","tag-alegria","tag-dios","tag-especial","tag-hombre","tag-oracion"],"episode_featured_image":false,"episode_player_image":"https:\/\/i0.wp.com\/quechilero.com\/blog\/imagenes\/podcast.png?fit=1831%2C1831&ssl=1","download_link":"","player_link":"","audio_player":false,"episode_data":{"playerMode":"dark","subscribeUrls":{"amazon":{"key":"amazon","url":"","label":"Amazon","class":"amazon","icon":"amazon.png"},"apple_podcasts":{"key":"apple_podcasts","url":"","label":"Apple Podcasts","class":"apple_podcasts","icon":"apple-podcasts.png"},"castbox":{"key":"castbox","url":"","label":"CastBox","class":"castbox","icon":"castbox.png"},"deezer":{"key":"deezer","url":"","label":"Deezer","class":"deezer","icon":"deezer.png"},"google_podcasts":{"key":"google_podcasts","url":"","label":"Google Podcasts","class":"google_podcasts","icon":"google-podcasts.png"},"listen_notes":{"key":"listen_notes","url":"","label":"Listen Notes","class":"listen_notes","icon":"listen-notes.png"},"pandora":{"key":"pandora","url":"","label":"Pandora","class":"pandora","icon":"pandora.png"},"podbean":{"key":"podbean","url":"","label":"Podbean","class":"podbean","icon":"podbean.png"},"podcast_republic":{"key":"podcast_republic","url":"","label":"Podcast Republic","class":"podcast_republic","icon":"podcast-republic.png"},"rss":{"key":"rss","url":"","label":"RSS","class":"rss","icon":"rss.png"},"spotify":{"key":"spotify","url":"","label":"Spotify","class":"spotify","icon":"spotify.png"},"stitcher":{"key":"stitcher","url":"","label":"Stitcher","class":"stitcher","icon":"stitcher.png"},"tunein":{"key":"tunein","url":"","label":"TuneIn","class":"tunein","icon":"tunein.png"},"youtube":{"key":"youtube","url":"","label":"YouTube","class":"youtube","icon":"youtube.png"},"iheartradio":{"key":"iheartradio","url":"","label":"iHeartRadio","class":"iheartradio","icon":"iheartradio.png"},"ivoox":{"key":"ivoox","url":"","label":"iVoox","class":"ivoox","icon":"ivoox.png"}},"rssFeedUrl":"https:\/\/quechilero.com\/blog\/feed\/podcast\/si-la-vida-nos-da-limones","embedCode":"<blockquote class=\"wp-embedded-content\" data-secret=\"ZK7ekEX8LM\"><a href=\"https:\/\/quechilero.com\/blog\/2009\/07\/05\/loco-de-alegria\/\">Loco de alegr\u00eda<\/a><\/blockquote><iframe sandbox=\"allow-scripts\" security=\"restricted\" src=\"https:\/\/quechilero.com\/blog\/2009\/07\/05\/loco-de-alegria\/embed\/#?secret=ZK7ekEX8LM\" width=\"500\" height=\"350\" title=\"\u00abLoco de alegr\u00eda\u00bb \u2014 Si la Vida nos da Limones...\" data-secret=\"ZK7ekEX8LM\" frameborder=\"0\" marginwidth=\"0\" marginheight=\"0\" scrolling=\"no\" class=\"wp-embedded-content\"><\/iframe><script>\n\/*! This file is auto-generated *\/\n!function(d,l){\"use strict\";l.querySelector&&d.addEventListener&&\"undefined\"!=typeof URL&&(d.wp=d.wp||{},d.wp.receiveEmbedMessage||(d.wp.receiveEmbedMessage=function(e){var t=e.data;if((t||t.secret||t.message||t.value)&&!\/[^a-zA-Z0-9]\/.test(t.secret)){for(var s,r,n,a=l.querySelectorAll('iframe[data-secret=\"'+t.secret+'\"]'),o=l.querySelectorAll('blockquote[data-secret=\"'+t.secret+'\"]'),c=new RegExp(\"^https?:$\",\"i\"),i=0;i<o.length;i++)o[i].style.display=\"none\";for(i=0;i<a.length;i++)s=a[i],e.source===s.contentWindow&&(s.removeAttribute(\"style\"),\"height\"===t.message?(1e3<(r=parseInt(t.value,10))?r=1e3:~~r<200&&(r=200),s.height=r):\"link\"===t.message&&(r=new URL(s.getAttribute(\"src\")),n=new URL(t.value),c.test(n.protocol))&&n.host===r.host&&l.activeElement===s&&(d.top.location.href=t.value))}},d.addEventListener(\"message\",d.wp.receiveEmbedMessage,!1),l.addEventListener(\"DOMContentLoaded\",function(){for(var e,t,s=l.querySelectorAll(\"iframe.wp-embedded-content\"),r=0;r<s.length;r++)(t=(e=s[r]).getAttribute(\"data-secret\"))||(t=Math.random().toString(36).substring(2,12),e.src+=\"#?secret=\"+t,e.setAttribute(\"data-secret\",t)),e.contentWindow.postMessage({message:\"ready\",secret:t},\"*\")},!1)))}(window,document);\n\/\/# sourceURL=https:\/\/quechilero.com\/blog\/wp-includes\/js\/wp-embed.min.js\n<\/script>\n"},"jetpack_publicize_connections":[],"jetpack_shortlink":"https:\/\/wp.me\/pDKli-K9","jetpack_sharing_enabled":true,"jetpack-related-posts":[{"id":282,"url":"https:\/\/quechilero.com\/blog\/2006\/10\/20\/que-nos-ensena-la-vida-de-san-francisco-de-asis\/","url_meta":{"origin":2861,"position":0},"title":"\u00bfQue nos ense\u00f1a la vida de San Francisco de As\u00eds?","author":"Pepe Barrascout Ortiz","date":"20 octubre 2006","format":false,"excerpt":"Nos ense\u00f1a a vivir la virtud de la humildad. San Francisco tuvo un coraz\u00f3n alegre y humilde. Supo dejar no s\u00f3lo el dinero de su padre sino que tambi\u00e9n supo aceptar la voluntad de Dios en su vida. Fue capaz de ver la grandeza de Dios y la peque\u00f1ez del\u2026","rel":"","context":"En \u00abLimones\u00bb","block_context":{"text":"Limones","link":"https:\/\/quechilero.com\/blog\/category\/limones\/"},"img":{"alt_text":"","src":"","width":0,"height":0},"classes":[]},{"id":11453,"url":"https:\/\/quechilero.com\/blog\/2011\/12\/24\/oracion-por-el-nacimiento-de-jesus\/","url_meta":{"origin":2861,"position":1},"title":"Oracion por el Nacimiento de Jes\u00fas","author":"Pepe Barrascout Ortiz","date":"24 diciembre 2011","format":false,"excerpt":"Dios Todopoderoso, que derram\u00e1is hoy sobre nosotros la nueva luz de vuestro Verbo encarnado, haced que la fe de este misterio se infunda tambi\u00e9n en nuestros corazones. Se\u00f1or y Dios nuestro, haced del mismo modo, te lo rogarnos, que celebrando con alegr\u00eda la Natividad de nuestro Se\u00f1or Jesucristo, merezcamos, por\u2026","rel":"","context":"En \u00abLimones\u00bb","block_context":{"text":"Limones","link":"https:\/\/quechilero.com\/blog\/category\/limones\/"},"img":{"alt_text":"","src":"","width":0,"height":0},"classes":[]},{"id":7138,"url":"https:\/\/quechilero.com\/blog\/2011\/03\/09\/reflexiones-de-cuaresma-miercoles-de-ceniza\/","url_meta":{"origin":2861,"position":2},"title":"Reflexiones de Cuaresma: Mi\u00e9rcoles de Ceniza","author":"Pepe Barrascout Ortiz","date":"9 marzo 2011","format":false,"excerpt":"Oraci\u00f3n inicial Se\u00f1or m\u00edo, Jesucristo, creo firmemente que est\u00e1s aqu\u00ed; en estos pocos minutos de oraci\u00f3n que empiezo ahora quiero pedirte y agradecerte. Pedirte\u00a0la gracia de darme m\u00e1s cuenta de que T\u00fa vives, me escuchas y me amas; tanto, que has querido morir libremente por m\u00ed en la cruz y\u2026","rel":"","context":"En \u00abLimones por mano\u00bb","block_context":{"text":"Limones por mano","link":"https:\/\/quechilero.com\/blog\/category\/limones-por-mano\/"},"img":{"alt_text":"","src":"","width":0,"height":0},"classes":[]},{"id":20040,"url":"https:\/\/quechilero.com\/blog\/2015\/04\/11\/los-angeles-del-cielo\/","url_meta":{"origin":2861,"position":3},"title":"Los \u00e1ngeles del cielo","author":"Pepe Barrascout Ortiz","date":"11 abril 2015","format":false,"excerpt":"Dios desea que algunos \u00e1ngeles intervengan en nuestras vidas. Por eso en la Biblia encontramos la narraci\u00f3n de presencias ang\u00e9licas. Especialmente bella resulta la salida de san Pedro de la c\u00e1rcel, guiado por un \u00e1ngel. Ya en la calle exclama fuera de s\u00ed: \"Ahora me doy cuenta realmente de que\u2026","rel":"","context":"En \u00abLimones\u00bb","block_context":{"text":"Limones","link":"https:\/\/quechilero.com\/blog\/category\/limones\/"},"img":{"alt_text":"","src":"","width":0,"height":0},"classes":[]},{"id":11476,"url":"https:\/\/quechilero.com\/blog\/2012\/01\/01\/oracion-de-ano-nuevo\/","url_meta":{"origin":2861,"position":4},"title":"Oraci\u00f3n de A\u00f1o Nuevo","author":"Pepe Barrascout Ortiz","date":"1 enero 2012","format":false,"excerpt":"Se\u00f1or Dios, due\u00f1o del tiempo y de la eternidad. Tuyo es el hoy y el ma\u00f1ana, el pasado y el futuro. Al empezar un a\u00f1o mas, detengo mi vida ante el nuevo calendario, aun sin estrenar, y te presento estos d\u00edas que solo Tu sabes si llegare a vivirlos. Hoy\u2026","rel":"","context":"En \u00abLimones\u00bb","block_context":{"text":"Limones","link":"https:\/\/quechilero.com\/blog\/category\/limones\/"},"img":{"alt_text":"","src":"","width":0,"height":0},"classes":[]},{"id":7615,"url":"https:\/\/quechilero.com\/blog\/2011\/04\/16\/reflexiones-de-cuaresma-dia-39\/","url_meta":{"origin":2861,"position":5},"title":"Reflexiones de Cuaresma d\u00eda 39","author":"Pepe Barrascout Ortiz","date":"16 abril 2011","format":false,"excerpt":"Oraci\u00f3n inicial Se\u00f1or m\u00edo, Jesucristo, creo firmemente que est\u00e1s aqu\u00ed; en estos pocos minutos de oraci\u00f3n que empiezo ahora quiero pedirte y agradecerte. Pedirte\u00a0la gracia de darme m\u00e1s cuenta de que T\u00fa vives, me escuchas y me amas; tanto, que has querido morir libremente por m\u00ed en la cruz y\u2026","rel":"","context":"En \u00abLimones por mano\u00bb","block_context":{"text":"Limones por mano","link":"https:\/\/quechilero.com\/blog\/category\/limones-por-mano\/"},"img":{"alt_text":"","src":"","width":0,"height":0},"classes":[]}],"jetpack_featured_media_url":"","_links":{"self":[{"href":"https:\/\/quechilero.com\/blog\/wp-json\/wp\/v2\/posts\/2861","targetHints":{"allow":["GET"]}}],"collection":[{"href":"https:\/\/quechilero.com\/blog\/wp-json\/wp\/v2\/posts"}],"about":[{"href":"https:\/\/quechilero.com\/blog\/wp-json\/wp\/v2\/types\/post"}],"author":[{"embeddable":true,"href":"https:\/\/quechilero.com\/blog\/wp-json\/wp\/v2\/users\/1"}],"replies":[{"embeddable":true,"href":"https:\/\/quechilero.com\/blog\/wp-json\/wp\/v2\/comments?post=2861"}],"version-history":[{"count":0,"href":"https:\/\/quechilero.com\/blog\/wp-json\/wp\/v2\/posts\/2861\/revisions"}],"wp:attachment":[{"href":"https:\/\/quechilero.com\/blog\/wp-json\/wp\/v2\/media?parent=2861"}],"wp:term":[{"taxonomy":"category","embeddable":true,"href":"https:\/\/quechilero.com\/blog\/wp-json\/wp\/v2\/categories?post=2861"},{"taxonomy":"post_tag","embeddable":true,"href":"https:\/\/quechilero.com\/blog\/wp-json\/wp\/v2\/tags?post=2861"},{"taxonomy":"series","embeddable":true,"href":"https:\/\/quechilero.com\/blog\/wp-json\/wp\/v2\/series?post=2861"}],"curies":[{"name":"wp","href":"https:\/\/api.w.org\/{rel}","templated":true}]}}