{"id":286,"date":"2006-10-24T19:01:04","date_gmt":"2006-10-25T01:01:04","guid":{"rendered":"http:\/\/quechilero.com\/blog\/2006\/10\/24\/las-flores-han-brotado\/"},"modified":"2006-10-24T19:01:04","modified_gmt":"2006-10-25T01:01:04","slug":"las-flores-han-brotado","status":"publish","type":"post","link":"https:\/\/quechilero.com\/blog\/2006\/10\/24\/las-flores-han-brotado\/","title":{"rendered":"Las Flores han brotado"},"content":{"rendered":"<p>Un hombre trabajaba en una f\u00e1brica distante cincuenta minutos en \u00f3mnibus de  su casa. En la siguiente parada entraba una se\u00f1ora anciana que siempre se  sentaba junto a la ventana.<\/p>\n<p>Ella abr\u00eda la bolsa, sacaba un paquetito y se pasaba todo el viaje arrojando  alguna cosa para afuera.<\/p>\n<p>La escena siempre se repet\u00eda y un d\u00eda, curioso, le pregunt\u00f3 qu\u00e9 arrojaba por  la ventana.<\/p>\n<p>&#8211; Tiro semillas -respondi\u00f3 ella<\/p>\n<p>&#8211; \u00bfSemillas? \u00bfSemillas de qu\u00e9?<\/p>\n<p>&#8211; De flores. Es que veo para afuera y la calle est\u00e1 tan vac\u00eda&#8230; me gustar\u00eda  poder viajar viendo flores coloridas por todo el camino. \u00a1Imagine cu\u00e1n bello  ser\u00eda!<\/p>\n<p>&#8211; Pero las semillas caen sobre el asfalto son aplastadas por las ruedas de  los autos, devoradas por los p\u00e1jaros&#8230; \u00bfcree usted se\u00f1ora que las semillas  germinar\u00e1n a la vera de la calle?<\/p>\n<p>&#8211; As\u00ed es, hijo m\u00edo. Aunque muchas se pierdan, algunas acaban cayendo en la  tierra y con el tiempo van a brotar.<\/p>\n<p>&#8211; A\u00fan as\u00ed&#8230; demorar\u00e1n en crecer&#8230; necesitan agua&#8230;<\/p>\n<p>&#8211; \u00a1Ah! Yo hago mi parte. Siempre hay d\u00edas de lluvia. Y si alguien arroja las  semillas, las flores nacer\u00e1n.<\/p>\n<p>Diciendo esto, se dio vuelta hacia la ventana y continu\u00f3 su trabajo. El  hombre descendi\u00f3 luego m\u00e1s adelante, pensando que la se\u00f1ora ya estaba senil.<\/p>\n<p>Un tiempo despu\u00e9s, un d\u00eda en el mismo \u00f3mnibus, el hombre al mirar para afuera  percibi\u00f3 flores en la vera del camino&#8230; muchas flores. El paisaje era colorido,  perfumado y lindo. Se acord\u00f3 entonces de aquella se\u00f1ora. La busc\u00f3 en vano. Le  pregunt\u00f3 al chofer que conoc\u00eda a todos los pasajeros del viaje.<\/p>\n<p>&#8211; \u00bfLa viejecita de las semillas?&#8230; Pues muri\u00f3 hace cerca de un mes.<\/p>\n<p>El hombre se volvi\u00f3 a su lugar y continu\u00f3 mirando el paisaje florido por la  ventana. Pens\u00f3: \u00abQui\u00e9n dir\u00eda&#8230; \u00a1las flores han brotado!&#8230; pero \u00bfde qu\u00e9 le  vali\u00f3 su trabajo? Muri\u00f3 y no pudo ver toda esta belleza.\u00bb<\/p>\n<p>En ese instante oy\u00f3 risas de una criatura. En el asiento de enfrente, una  ni\u00f1a se\u00f1alaba por la ventana entusiasmada y dec\u00eda:<\/p>\n<p>&#8211; Mira qu\u00e9 lindo, \u00a1cu\u00e1ntas flores por la calle! \u00bfC\u00f3mo se llaman aquellas?<\/p>\n<p>Entonces entendi\u00f3 lo que aquella se\u00f1ora hab\u00eda hecho. Aunque no estaba ah\u00ed  para ver, hizo su parte&#8230; dej\u00f3 su marca, la belleza para la contemplaci\u00f3n y  felicidad de las personas.<\/p>\n<p>Al d\u00eda siguiente, el hombre subi\u00f3 al \u00f3mnibus, se sent\u00f3 junto a la ventana.  Sac\u00f3 un paquetito de semillas del bolso&#8230; y as\u00ed dio continuidad a la Vida,  sembrando con entusiasmo y alegr\u00eda sus semillas.<\/p>\n<p>El futuro depende de nuestras acciones presentes. Si sembramos buenas  semillas, los frutos ser\u00e1n igualmente buenos.<\/p>\n<p>\u00a1Vayamos a sembrar nuestras semillas ahora!<\/p>\n","protected":false},"excerpt":{"rendered":"<p>Un hombre trabajaba en una f\u00e1brica distante cincuenta minutos en \u00f3mnibus de su casa. En la siguiente parada entraba una se\u00f1ora anciana que siempre se sentaba junto a la ventana. Ella abr\u00eda la bolsa, sacaba un paquetito y se pasaba todo el viaje arrojando alguna cosa para afuera. La escena siempre se repet\u00eda y un &#8230; <a title=\"Las Flores han brotado\" class=\"read-more\" href=\"https:\/\/quechilero.com\/blog\/2006\/10\/24\/las-flores-han-brotado\/\" aria-label=\"Leer m\u00e1s sobre Las Flores han brotado\">Leer m\u00e1s<\/a><\/p>\n","protected":false},"author":1,"featured_media":0,"comment_status":"open","ping_status":"open","sticky":false,"template":"","format":"standard","meta":{"advanced_seo_description":"","jetpack_seo_html_title":"","jetpack_seo_noindex":false,"jetpack_seo_schema_type":"","episode_type":"","audio_file":"","podmotor_file_id":"","podmotor_episode_id":"","cover_image":"","cover_image_id":"","duration":"","filesize":"","filesize_raw":"","date_recorded":"","explicit":"","block":"","_jetpack_newsletter_access":"","_jetpack_dont_email_post_to_subs":false,"_jetpack_newsletter_tier_id":0,"_jetpack_memberships_contains_paywalled_content":false,"_jetpack_feature_clip_id":0,"_jetpack_memberships_contains_paid_content":false,"footnotes":"","jetpack_publicize_message":"","jetpack_publicize_feature_enabled":true,"jetpack_social_post_already_shared":false,"jetpack_social_options":{"image_generator_settings":{"template":"highway","default_image_id":0,"font":"","enabled":false},"version":2},"jetpack_post_was_ever_published":false},"categories":[2],"tags":[87,67,88,18,5,36,24],"series":[],"class_list":["post-286","post","type-post","status-publish","format-standard","hentry","category-limones","tag-alegria","tag-crecer","tag-flores","tag-hombre","tag-tiempo","tag-trabajo","tag-vida"],"episode_featured_image":false,"episode_player_image":"https:\/\/i0.wp.com\/quechilero.com\/blog\/imagenes\/podcast.png?fit=1831%2C1831&ssl=1","download_link":"","player_link":"","audio_player":false,"episode_data":{"playerMode":"dark","subscribeUrls":{"amazon":{"key":"amazon","url":"","label":"Amazon","class":"amazon","icon":"amazon.png"},"apple_podcasts":{"key":"apple_podcasts","url":"","label":"Apple Podcasts","class":"apple_podcasts","icon":"apple-podcasts.png"},"castbox":{"key":"castbox","url":"","label":"CastBox","class":"castbox","icon":"castbox.png"},"deezer":{"key":"deezer","url":"","label":"Deezer","class":"deezer","icon":"deezer.png"},"google_podcasts":{"key":"google_podcasts","url":"","label":"Google Podcasts","class":"google_podcasts","icon":"google-podcasts.png"},"listen_notes":{"key":"listen_notes","url":"","label":"Listen Notes","class":"listen_notes","icon":"listen-notes.png"},"pandora":{"key":"pandora","url":"","label":"Pandora","class":"pandora","icon":"pandora.png"},"podbean":{"key":"podbean","url":"","label":"Podbean","class":"podbean","icon":"podbean.png"},"podcast_republic":{"key":"podcast_republic","url":"","label":"Podcast Republic","class":"podcast_republic","icon":"podcast-republic.png"},"rss":{"key":"rss","url":"","label":"RSS","class":"rss","icon":"rss.png"},"spotify":{"key":"spotify","url":"","label":"Spotify","class":"spotify","icon":"spotify.png"},"stitcher":{"key":"stitcher","url":"","label":"Stitcher","class":"stitcher","icon":"stitcher.png"},"tunein":{"key":"tunein","url":"","label":"TuneIn","class":"tunein","icon":"tunein.png"},"youtube":{"key":"youtube","url":"","label":"YouTube","class":"youtube","icon":"youtube.png"},"iheartradio":{"key":"iheartradio","url":"","label":"iHeartRadio","class":"iheartradio","icon":"iheartradio.png"},"ivoox":{"key":"ivoox","url":"","label":"iVoox","class":"ivoox","icon":"ivoox.png"}},"rssFeedUrl":"https:\/\/quechilero.com\/blog\/feed\/podcast\/si-la-vida-nos-da-limones","embedCode":"<blockquote class=\"wp-embedded-content\" data-secret=\"EIW9aOaBfO\"><a href=\"https:\/\/quechilero.com\/blog\/2006\/10\/24\/las-flores-han-brotado\/\">Las Flores han brotado<\/a><\/blockquote><iframe sandbox=\"allow-scripts\" security=\"restricted\" src=\"https:\/\/quechilero.com\/blog\/2006\/10\/24\/las-flores-han-brotado\/embed\/#?secret=EIW9aOaBfO\" width=\"500\" height=\"350\" title=\"\u00abLas Flores han brotado\u00bb \u2014 Si la Vida nos da Limones...\" data-secret=\"EIW9aOaBfO\" frameborder=\"0\" marginwidth=\"0\" marginheight=\"0\" scrolling=\"no\" class=\"wp-embedded-content\"><\/iframe><script>\n\/*! This file is auto-generated *\/\n!function(d,l){\"use strict\";l.querySelector&&d.addEventListener&&\"undefined\"!=typeof URL&&(d.wp=d.wp||{},d.wp.receiveEmbedMessage||(d.wp.receiveEmbedMessage=function(e){var t=e.data;if((t||t.secret||t.message||t.value)&&!\/[^a-zA-Z0-9]\/.test(t.secret)){for(var s,r,n,a=l.querySelectorAll('iframe[data-secret=\"'+t.secret+'\"]'),o=l.querySelectorAll('blockquote[data-secret=\"'+t.secret+'\"]'),c=new RegExp(\"^https?:$\",\"i\"),i=0;i<o.length;i++)o[i].style.display=\"none\";for(i=0;i<a.length;i++)s=a[i],e.source===s.contentWindow&&(s.removeAttribute(\"style\"),\"height\"===t.message?(1e3<(r=parseInt(t.value,10))?r=1e3:~~r<200&&(r=200),s.height=r):\"link\"===t.message&&(r=new URL(s.getAttribute(\"src\")),n=new URL(t.value),c.test(n.protocol))&&n.host===r.host&&l.activeElement===s&&(d.top.location.href=t.value))}},d.addEventListener(\"message\",d.wp.receiveEmbedMessage,!1),l.addEventListener(\"DOMContentLoaded\",function(){for(var e,t,s=l.querySelectorAll(\"iframe.wp-embedded-content\"),r=0;r<s.length;r++)(t=(e=s[r]).getAttribute(\"data-secret\"))||(t=Math.random().toString(36).substring(2,12),e.src+=\"#?secret=\"+t,e.setAttribute(\"data-secret\",t)),e.contentWindow.postMessage({message:\"ready\",secret:t},\"*\")},!1)))}(window,document);\n\/\/# sourceURL=https:\/\/quechilero.com\/blog\/wp-includes\/js\/wp-embed.min.js\n<\/script>\n"},"jetpack_publicize_connections":[],"jetpack_shortlink":"https:\/\/wp.me\/pDKli-4C","jetpack_sharing_enabled":true,"jetpack-related-posts":[{"id":16049,"url":"https:\/\/quechilero.com\/blog\/2013\/02\/26\/las-dos-semillas\/","url_meta":{"origin":286,"position":0},"title":"Las dos semillas","author":"Pepe Barrascout Ortiz","date":"26 febrero 2013","format":false,"excerpt":"Dos semillas estaban juntas, lado a lado, en la f\u00e9rtil tierra de la primavera. La primera semilla dijo: \"\u00a1Yo quiero crecer! Quiero hundir mis ra\u00edces en la profundidad del suelo que me sostiene y hacer que mis brotes empujen y rompan la capa de tierra que me cubre... Quiero desplegar\u2026","rel":"","context":"En \u00abLimones\u00bb","block_context":{"text":"Limones","link":"https:\/\/quechilero.com\/blog\/category\/limones\/"},"img":{"alt_text":"","src":"","width":0,"height":0},"classes":[]},{"id":14520,"url":"https:\/\/quechilero.com\/blog\/2012\/09\/13\/semillas-y-fe\/","url_meta":{"origin":286,"position":1},"title":"Semillas y Fe","author":"Pepe Barrascout Ortiz","date":"13 septiembre 2012","format":false,"excerpt":"En G\u00e1latas 6, Pablo enfatiz\u00f3 la importancia de sembrar semillas de comportamiento que honren a Dios, porque \"todo lo que el hombre sembrare, eso tambi\u00e9n segar\u00e1\" (v.7). No podemos esperar experimentar el fruto de las bendiciones de Dios si no reconocemos la importancia de hacer nuestra parte. Seguir el ejemplo\u2026","rel":"","context":"En \u00abLimones\u00bb","block_context":{"text":"Limones","link":"https:\/\/quechilero.com\/blog\/category\/limones\/"},"img":{"alt_text":"","src":"","width":0,"height":0},"classes":[]},{"id":17472,"url":"https:\/\/quechilero.com\/blog\/2013\/11\/29\/cesped-mas-verde\/","url_meta":{"origin":286,"position":2},"title":"\u00bfC\u00e9sped m\u00e1s verde?","author":"Pepe Barrascout Ortiz","date":"29 noviembre 2013","format":false,"excerpt":"Un joven que acababa de graduarse de la Universidad, consigui\u00f3 una posici\u00f3n laboral con muy buen sueldo. Trabajaba mucho, observaba a los dem\u00e1s y aprend\u00eda de ellos. Amaba a su esposa y su familia aumentaba. Pero muy pronto comenz\u00f3 a quitarle tiempo a la familia para dedic\u00e1rselo al trabajo. Era\u2026","rel":"","context":"En \u00abLimones\u00bb","block_context":{"text":"Limones","link":"https:\/\/quechilero.com\/blog\/category\/limones\/"},"img":{"alt_text":"","src":"","width":0,"height":0},"classes":[]},{"id":15298,"url":"https:\/\/quechilero.com\/blog\/2012\/12\/02\/la-vasija-agrietada\/","url_meta":{"origin":286,"position":3},"title":"La Vasija Agrietada","author":"Pepe Barrascout Ortiz","date":"2 diciembre 2012","format":false,"excerpt":"Un cargador de agua ten\u00eda dos grandes vasijas que colgaban a los extremos de un palo que \u00e9l llevaba encima de los hombros. Una de las vasijas ten\u00eda una grieta, mientras que la otra era perfecta y entregaba el agua completa al final del largo camino a pie desde el\u2026","rel":"","context":"En \u00abLimones\u00bb","block_context":{"text":"Limones","link":"https:\/\/quechilero.com\/blog\/category\/limones\/"},"img":{"alt_text":"","src":"","width":0,"height":0},"classes":[]},{"id":20038,"url":"https:\/\/quechilero.com\/blog\/2015\/04\/10\/desechos-de-la-sociedad\/","url_meta":{"origin":286,"position":4},"title":"Desechos de la sociedad","author":"Pepe Barrascout Ortiz","date":"10 abril 2015","format":false,"excerpt":"Un hombre le dio a Dios todo su coraz\u00f3n y puso su vida a Su servicio. Dios escuch\u00f3 y le dio la oportunidad. Le puso en una iglesia. Su trabajo era buscar las almas. El hombre esper\u00f3 las instrucciones de Dios. Esper\u00f3 y esper\u00f3... Hasta que Dios le dijo que\u2026","rel":"","context":"En \u00abLimones\u00bb","block_context":{"text":"Limones","link":"https:\/\/quechilero.com\/blog\/category\/limones\/"},"img":{"alt_text":"","src":"","width":0,"height":0},"classes":[]},{"id":10882,"url":"https:\/\/quechilero.com\/blog\/2011\/10\/12\/balas-o-semillas\/","url_meta":{"origin":286,"position":5},"title":"Balas o semillas","author":"Pepe Barrascout Ortiz","date":"12 octubre 2011","format":false,"excerpt":"Uno puede ofrecerle sus ideas a otro como balas o como semillas. Puede dispararlas, o sembrarlas; pegarle en la cabeza a la gente con ellas, o plantarlas en sus corazones. Las ideas usadas como balas matar\u00e1n la inspiraci\u00f3n y neutralizar\u00e1n la motivaci\u00f3n. Usadas como semillas, echar\u00e1n ra\u00edces, crecer\u00e1n y se\u2026","rel":"","context":"En \u00abLimones\u00bb","block_context":{"text":"Limones","link":"https:\/\/quechilero.com\/blog\/category\/limones\/"},"img":{"alt_text":"","src":"","width":0,"height":0},"classes":[]}],"jetpack_featured_media_url":"","_links":{"self":[{"href":"https:\/\/quechilero.com\/blog\/wp-json\/wp\/v2\/posts\/286","targetHints":{"allow":["GET"]}}],"collection":[{"href":"https:\/\/quechilero.com\/blog\/wp-json\/wp\/v2\/posts"}],"about":[{"href":"https:\/\/quechilero.com\/blog\/wp-json\/wp\/v2\/types\/post"}],"author":[{"embeddable":true,"href":"https:\/\/quechilero.com\/blog\/wp-json\/wp\/v2\/users\/1"}],"replies":[{"embeddable":true,"href":"https:\/\/quechilero.com\/blog\/wp-json\/wp\/v2\/comments?post=286"}],"version-history":[{"count":0,"href":"https:\/\/quechilero.com\/blog\/wp-json\/wp\/v2\/posts\/286\/revisions"}],"wp:attachment":[{"href":"https:\/\/quechilero.com\/blog\/wp-json\/wp\/v2\/media?parent=286"}],"wp:term":[{"taxonomy":"category","embeddable":true,"href":"https:\/\/quechilero.com\/blog\/wp-json\/wp\/v2\/categories?post=286"},{"taxonomy":"post_tag","embeddable":true,"href":"https:\/\/quechilero.com\/blog\/wp-json\/wp\/v2\/tags?post=286"},{"taxonomy":"series","embeddable":true,"href":"https:\/\/quechilero.com\/blog\/wp-json\/wp\/v2\/series?post=286"}],"curies":[{"name":"wp","href":"https:\/\/api.w.org\/{rel}","templated":true}]}}