{"id":2852,"date":"2009-07-06T08:00:19","date_gmt":"2009-07-06T14:00:19","guid":{"rendered":"http:\/\/quechilero.com\/blog\/?p=2852"},"modified":"2009-07-06T08:00:19","modified_gmt":"2009-07-06T14:00:19","slug":"ten-hambre-por-unas-horas","status":"publish","type":"post","link":"https:\/\/quechilero.com\/blog\/2009\/07\/06\/ten-hambre-por-unas-horas\/","title":{"rendered":"Ten hambre por unas horas"},"content":{"rendered":"<p>Casi todos estamos inmersos en la cultura de consumir, comprar y adquirir y  entre m\u00e1s tengamos, mejor. Sin embargo olvidamos los principios b\u00e1sicos del ser  humano y nos olvidamos que hay millones que apenas tienen, si acaso, para  cumplir con sus necesidades m\u00e1s b\u00e1sicas como alimento o vestido.<\/p>\n<p>Ni\u00f1os que no tienen ni siquiera un trozo de pan para alimentarse, mujeres  embarazadas que casi pierden el conocimiento por desnutrici\u00f3n y seres humanos  que mueren de hambre y sed.<\/p>\n<p>Amigos y hermanos, hoy es un buen d\u00eda para que reflexionemos sobre todo lo  que Dios nos regala y basta tener hambre por unas 3 horas, a\u00fan sabiendo que  podemos comer en cualquier momento, para entender un poco lo que miles de seres  humanos padecen, mientras nosotros compramos cosas que no necesitamos.<\/p>\n<p>Ama a tu pr\u00f3jimo como a ti mismo nos dijo el Se\u00f1or. \u00bfAcaso lo hacemos? Te  invito a que colabores con alguien, con quien sea, pero que sea alguien que  tiene menos que t\u00fa y est\u00e9s seguro que lo necesita. Alguien con hambre, con  necesidad, con carencia. Comparte un poco de todo lo que Dios te ha dado, pues  en ellos es a Jes\u00fas a quien ayudas, levantas y alimentas.<\/p>\n<p><strong><em>Arturo Quir\u00f3s L\u00e9piz<\/em><\/strong><\/p>\n","protected":false},"excerpt":{"rendered":"<p>Casi todos estamos inmersos en la cultura de consumir, comprar y adquirir y entre m\u00e1s tengamos, mejor. Sin embargo olvidamos los principios b\u00e1sicos del ser humano y nos olvidamos que hay millones que apenas tienen, si acaso, para cumplir con sus necesidades m\u00e1s b\u00e1sicas como alimento o vestido. Ni\u00f1os que no tienen ni siquiera un &#8230; <a title=\"Ten hambre por unas horas\" class=\"read-more\" href=\"https:\/\/quechilero.com\/blog\/2009\/07\/06\/ten-hambre-por-unas-horas\/\" aria-label=\"Leer m\u00e1s sobre Ten hambre por unas horas\">Leer m\u00e1s<\/a><\/p>\n","protected":false},"author":1,"featured_media":0,"comment_status":"open","ping_status":"open","sticky":false,"template":"","format":"standard","meta":{"advanced_seo_description":"","jetpack_seo_html_title":"","jetpack_seo_noindex":false,"jetpack_seo_schema_type":"","episode_type":"","audio_file":"","podmotor_file_id":"","podmotor_episode_id":"","cover_image":"","cover_image_id":"","duration":"","filesize":"","filesize_raw":"","date_recorded":"","explicit":"","block":"","_jetpack_newsletter_access":"","_jetpack_dont_email_post_to_subs":false,"_jetpack_newsletter_tier_id":0,"_jetpack_memberships_contains_paywalled_content":false,"_jetpack_feature_clip_id":0,"_jetpack_memberships_contains_paid_content":false,"footnotes":"","jetpack_publicize_message":"","jetpack_publicize_feature_enabled":true,"jetpack_social_post_already_shared":false,"jetpack_social_options":{"image_generator_settings":{"template":"highway","default_image_id":0,"font":"","enabled":false},"version":2},"jetpack_post_was_ever_published":false},"categories":[2],"tags":[11,37,12,51,33,74,20,24],"series":[],"class_list":["post-2852","post","type-post","status-publish","format-standard","hentry","category-limones","tag-amigo","tag-ayuda","tag-cosas","tag-dios","tag-humanos","tag-jesus","tag-mujer","tag-vida"],"episode_featured_image":false,"episode_player_image":"https:\/\/i0.wp.com\/quechilero.com\/blog\/imagenes\/podcast.png?fit=1831%2C1831&ssl=1","download_link":"","player_link":"","audio_player":false,"episode_data":{"playerMode":"dark","subscribeUrls":{"amazon":{"key":"amazon","url":"","label":"Amazon","class":"amazon","icon":"amazon.png"},"apple_podcasts":{"key":"apple_podcasts","url":"","label":"Apple Podcasts","class":"apple_podcasts","icon":"apple-podcasts.png"},"castbox":{"key":"castbox","url":"","label":"CastBox","class":"castbox","icon":"castbox.png"},"deezer":{"key":"deezer","url":"","label":"Deezer","class":"deezer","icon":"deezer.png"},"google_podcasts":{"key":"google_podcasts","url":"","label":"Google Podcasts","class":"google_podcasts","icon":"google-podcasts.png"},"listen_notes":{"key":"listen_notes","url":"","label":"Listen Notes","class":"listen_notes","icon":"listen-notes.png"},"pandora":{"key":"pandora","url":"","label":"Pandora","class":"pandora","icon":"pandora.png"},"podbean":{"key":"podbean","url":"","label":"Podbean","class":"podbean","icon":"podbean.png"},"podcast_republic":{"key":"podcast_republic","url":"","label":"Podcast Republic","class":"podcast_republic","icon":"podcast-republic.png"},"rss":{"key":"rss","url":"","label":"RSS","class":"rss","icon":"rss.png"},"spotify":{"key":"spotify","url":"","label":"Spotify","class":"spotify","icon":"spotify.png"},"stitcher":{"key":"stitcher","url":"","label":"Stitcher","class":"stitcher","icon":"stitcher.png"},"tunein":{"key":"tunein","url":"","label":"TuneIn","class":"tunein","icon":"tunein.png"},"youtube":{"key":"youtube","url":"","label":"YouTube","class":"youtube","icon":"youtube.png"},"iheartradio":{"key":"iheartradio","url":"","label":"iHeartRadio","class":"iheartradio","icon":"iheartradio.png"},"ivoox":{"key":"ivoox","url":"","label":"iVoox","class":"ivoox","icon":"ivoox.png"}},"rssFeedUrl":"https:\/\/quechilero.com\/blog\/feed\/podcast\/si-la-vida-nos-da-limones","embedCode":"<blockquote class=\"wp-embedded-content\" data-secret=\"6Cdqzv5w54\"><a href=\"https:\/\/quechilero.com\/blog\/2009\/07\/06\/ten-hambre-por-unas-horas\/\">Ten hambre por unas horas<\/a><\/blockquote><iframe sandbox=\"allow-scripts\" security=\"restricted\" src=\"https:\/\/quechilero.com\/blog\/2009\/07\/06\/ten-hambre-por-unas-horas\/embed\/#?secret=6Cdqzv5w54\" width=\"500\" height=\"350\" title=\"\u00abTen hambre por unas horas\u00bb \u2014 Si la Vida nos da Limones...\" data-secret=\"6Cdqzv5w54\" frameborder=\"0\" marginwidth=\"0\" marginheight=\"0\" scrolling=\"no\" class=\"wp-embedded-content\"><\/iframe><script>\n\/*! This file is auto-generated *\/\n!function(d,l){\"use strict\";l.querySelector&&d.addEventListener&&\"undefined\"!=typeof URL&&(d.wp=d.wp||{},d.wp.receiveEmbedMessage||(d.wp.receiveEmbedMessage=function(e){var t=e.data;if((t||t.secret||t.message||t.value)&&!\/[^a-zA-Z0-9]\/.test(t.secret)){for(var s,r,n,a=l.querySelectorAll('iframe[data-secret=\"'+t.secret+'\"]'),o=l.querySelectorAll('blockquote[data-secret=\"'+t.secret+'\"]'),c=new RegExp(\"^https?:$\",\"i\"),i=0;i<o.length;i++)o[i].style.display=\"none\";for(i=0;i<a.length;i++)s=a[i],e.source===s.contentWindow&&(s.removeAttribute(\"style\"),\"height\"===t.message?(1e3<(r=parseInt(t.value,10))?r=1e3:~~r<200&&(r=200),s.height=r):\"link\"===t.message&&(r=new URL(s.getAttribute(\"src\")),n=new URL(t.value),c.test(n.protocol))&&n.host===r.host&&l.activeElement===s&&(d.top.location.href=t.value))}},d.addEventListener(\"message\",d.wp.receiveEmbedMessage,!1),l.addEventListener(\"DOMContentLoaded\",function(){for(var e,t,s=l.querySelectorAll(\"iframe.wp-embedded-content\"),r=0;r<s.length;r++)(t=(e=s[r]).getAttribute(\"data-secret\"))||(t=Math.random().toString(36).substring(2,12),e.src+=\"#?secret=\"+t,e.setAttribute(\"data-secret\",t)),e.contentWindow.postMessage({message:\"ready\",secret:t},\"*\")},!1)))}(window,document);\n\/\/# sourceURL=https:\/\/quechilero.com\/blog\/wp-includes\/js\/wp-embed.min.js\n<\/script>\n"},"jetpack_publicize_connections":[],"jetpack_shortlink":"https:\/\/wp.me\/pDKli-K0","jetpack_sharing_enabled":true,"jetpack-related-posts":[{"id":19549,"url":"https:\/\/quechilero.com\/blog\/2014\/10\/31\/cuando-la-fruta-alcance\/","url_meta":{"origin":2852,"position":0},"title":"Cuando la fruta no alcance","author":"Pepe Barrascout Ortiz","date":"31 octubre 2014","format":false,"excerpt":"Una vez un grupo de tres hombres se perdi\u00f3 en la monta\u00f1a, y hab\u00eda solamente una fruta para alimentarlos a los tres, quienes casi desfallec\u00edan de hambre. Se les apareci\u00f3 entonces Dios y les dijo que probar\u00eda su sabidur\u00eda y que dependiendo de lo que mostraran les salvar\u00eda. Les pregunt\u00f3\u2026","rel":"","context":"En \u00abLimones\u00bb","block_context":{"text":"Limones","link":"https:\/\/quechilero.com\/blog\/category\/limones\/"},"img":{"alt_text":"","src":"","width":0,"height":0},"classes":[]},{"id":14895,"url":"https:\/\/quechilero.com\/blog\/2012\/10\/29\/debilidades-humanas\/","url_meta":{"origin":2852,"position":1},"title":"Debilidades humanas","author":"Pepe Barrascout Ortiz","date":"29 octubre 2012","format":false,"excerpt":"\"Deficiente\" es aquel que no consigue modificar su vida, aceptando las imposiciones de otras personas de la sociedad en que vive, sin tener consciencia de que \u00e9l es due\u00f1o de su destino... \"Loco\" es quien no procura ser feliz con lo que posee. \"Ciego\" es aquel que no ve su\u2026","rel":"","context":"En \u00abLimones\u00bb","block_context":{"text":"Limones","link":"https:\/\/quechilero.com\/blog\/category\/limones\/"},"img":{"alt_text":"","src":"","width":0,"height":0},"classes":[]},{"id":19913,"url":"https:\/\/quechilero.com\/blog\/2015\/03\/09\/los-pelicanos\/","url_meta":{"origin":2852,"position":2},"title":"Los pel\u00edcanos","author":"Pepe Barrascout Ortiz","date":"9 marzo 2015","format":false,"excerpt":"Hace algunos a\u00f1os se suscit\u00f3 un problema en Monterey, California. Esta ciudad se hab\u00eda convertido en un para\u00edso para los pel\u00edcanos. Una vez que los pescadores limpiaban los peces, les arrojaban las v\u00edsceras a los pel\u00edcanos. De esa manera, las aves se volvieron gordas y haraganas. Luego se descubri\u00f3 un\u2026","rel":"","context":"En \u00abLimones\u00bb","block_context":{"text":"Limones","link":"https:\/\/quechilero.com\/blog\/category\/limones\/"},"img":{"alt_text":"","src":"","width":0,"height":0},"classes":[]},{"id":16816,"url":"https:\/\/quechilero.com\/blog\/2013\/07\/11\/comunion-alimento-del-alma\/","url_meta":{"origin":2852,"position":3},"title":"Comuni\u00f3n, alimento del alma","author":"Pepe Barrascout Ortiz","date":"11 julio 2013","format":false,"excerpt":"Me he preguntado muchas veces: \u00bfPor qu\u00e9 los hombres, cuando van a un banquete, saben disfrutar del comer y del beber y, en cambio, cuando van a una iglesia, se aburren soberanamente? \u00bfSer\u00e1 m\u00e1s importante alimentar el cuerpo que alimentar el alma? El hombre es cuerpo y alma. El cuerpo\u2026","rel":"","context":"En \u00abLimones\u00bb","block_context":{"text":"Limones","link":"https:\/\/quechilero.com\/blog\/category\/limones\/"},"img":{"alt_text":"","src":"","width":0,"height":0},"classes":[]},{"id":8641,"url":"https:\/\/quechilero.com\/blog\/2011\/10\/17\/veinte-signos-de-stress\/","url_meta":{"origin":2852,"position":4},"title":"Veinte signos de Stress","author":"Pepe Barrascout Ortiz","date":"17 octubre 2011","format":false,"excerpt":"La gente se absorbe en el trabajo y antes de darse cuenta de su situaci\u00f3n actual, pasan d\u00edas, semanas, meses e incluso a\u00f1os en una tarea de rutina en la que hizo hincapi\u00e9. Lo triste de esto es que las personas que est\u00e1n estresados \u200b\u200bson los primeros en negar su\u2026","rel":"","context":"En \u00abLimones\u00bb","block_context":{"text":"Limones","link":"https:\/\/quechilero.com\/blog\/category\/limones\/"},"img":{"alt_text":"","src":"","width":0,"height":0},"classes":[]},{"id":8171,"url":"https:\/\/quechilero.com\/blog\/2011\/04\/18\/reflexiones-de-semana-santa-lunes-santo\/","url_meta":{"origin":2852,"position":5},"title":"Reflexiones de Semana Santa Lunes Santo","author":"Pepe Barrascout Ortiz","date":"18 abril 2011","format":false,"excerpt":"Tenemos la suerte de saber, por el evangelio, lo que hizo Jesucristo cada uno de los d\u00edas de esta semana. Aqu\u00ed lo tienes. Es la semana m\u00e1s importante de todo el a\u00f1o. Con cada cosa que hizo y dijo, nos quiso ense\u00f1ar. Habla con \u00c9l de eso. El jueves, viernes\u2026","rel":"","context":"En \u00abLimones por mano\u00bb","block_context":{"text":"Limones por mano","link":"https:\/\/quechilero.com\/blog\/category\/limones-por-mano\/"},"img":{"alt_text":"","src":"","width":0,"height":0},"classes":[]}],"jetpack_featured_media_url":"","_links":{"self":[{"href":"https:\/\/quechilero.com\/blog\/wp-json\/wp\/v2\/posts\/2852","targetHints":{"allow":["GET"]}}],"collection":[{"href":"https:\/\/quechilero.com\/blog\/wp-json\/wp\/v2\/posts"}],"about":[{"href":"https:\/\/quechilero.com\/blog\/wp-json\/wp\/v2\/types\/post"}],"author":[{"embeddable":true,"href":"https:\/\/quechilero.com\/blog\/wp-json\/wp\/v2\/users\/1"}],"replies":[{"embeddable":true,"href":"https:\/\/quechilero.com\/blog\/wp-json\/wp\/v2\/comments?post=2852"}],"version-history":[{"count":0,"href":"https:\/\/quechilero.com\/blog\/wp-json\/wp\/v2\/posts\/2852\/revisions"}],"wp:attachment":[{"href":"https:\/\/quechilero.com\/blog\/wp-json\/wp\/v2\/media?parent=2852"}],"wp:term":[{"taxonomy":"category","embeddable":true,"href":"https:\/\/quechilero.com\/blog\/wp-json\/wp\/v2\/categories?post=2852"},{"taxonomy":"post_tag","embeddable":true,"href":"https:\/\/quechilero.com\/blog\/wp-json\/wp\/v2\/tags?post=2852"},{"taxonomy":"series","embeddable":true,"href":"https:\/\/quechilero.com\/blog\/wp-json\/wp\/v2\/series?post=2852"}],"curies":[{"name":"wp","href":"https:\/\/api.w.org\/{rel}","templated":true}]}}