{"id":2848,"date":"2009-07-04T08:00:16","date_gmt":"2009-07-04T14:00:16","guid":{"rendered":"http:\/\/quechilero.com\/blog\/?p=2848"},"modified":"2009-07-04T08:00:16","modified_gmt":"2009-07-04T14:00:16","slug":"la-amabilidad-personificada","status":"publish","type":"post","link":"https:\/\/quechilero.com\/blog\/2009\/07\/04\/la-amabilidad-personificada\/","title":{"rendered":"La amabilidad personificada"},"content":{"rendered":"<p>La amabilidad de san Francisco de Sales lleg\u00f3 a ser tan admirable que san  Vicente de Pa\u00fal exclamaba: <em>\u00abOh Dios m\u00edo, si Francisco de Sales es tan amable,  \u00bfc\u00f3mo ser\u00e1s T\u00fa?\u00bb.<\/em><\/p>\n<p>Parec\u00eda no cansarse de predicar, de ense\u00f1ar catecismo, de visitar enfermos y  de repartir ayuda a los pobres. Ten\u00edan que esconderle sus propias ropas porque  regalaba a los necesitados todo lo que ten\u00eda y quedaba hasta sin ropa para  cambiarse.<\/p>\n","protected":false},"excerpt":{"rendered":"<p>La amabilidad de san Francisco de Sales lleg\u00f3 a ser tan admirable que san Vicente de Pa\u00fal exclamaba: \u00abOh Dios m\u00edo, si Francisco de Sales es tan amable, \u00bfc\u00f3mo ser\u00e1s T\u00fa?\u00bb. Parec\u00eda no cansarse de predicar, de ense\u00f1ar catecismo, de visitar enfermos y de repartir ayuda a los pobres. Ten\u00edan que esconderle sus propias ropas &#8230; <a title=\"La amabilidad personificada\" class=\"read-more\" href=\"https:\/\/quechilero.com\/blog\/2009\/07\/04\/la-amabilidad-personificada\/\" aria-label=\"Leer m\u00e1s sobre La amabilidad personificada\">Leer m\u00e1s<\/a><\/p>\n","protected":false},"author":1,"featured_media":0,"comment_status":"open","ping_status":"open","sticky":false,"template":"","format":"standard","meta":{"advanced_seo_description":"","jetpack_seo_html_title":"","jetpack_seo_noindex":false,"jetpack_seo_schema_type":"","episode_type":"","audio_file":"","podmotor_file_id":"","podmotor_episode_id":"","cover_image":"","cover_image_id":"","duration":"","filesize":"","filesize_raw":"","date_recorded":"","explicit":"","block":"","_jetpack_newsletter_access":"","_jetpack_dont_email_post_to_subs":false,"_jetpack_newsletter_tier_id":0,"_jetpack_memberships_contains_paywalled_content":false,"_jetpack_feature_clip_id":0,"_jetpack_memberships_contains_paid_content":false,"footnotes":"","jetpack_publicize_message":"","jetpack_publicize_feature_enabled":true,"jetpack_social_post_already_shared":false,"jetpack_social_options":{"image_generator_settings":{"template":"highway","default_image_id":0,"font":"","enabled":false},"version":2},"jetpack_post_was_ever_published":false},"categories":[2],"tags":[37,51],"series":[],"class_list":["post-2848","post","type-post","status-publish","format-standard","hentry","category-limones","tag-ayuda","tag-dios"],"episode_featured_image":false,"episode_player_image":"https:\/\/i0.wp.com\/quechilero.com\/blog\/imagenes\/podcast.png?fit=1831%2C1831&ssl=1","download_link":"","player_link":"","audio_player":false,"episode_data":{"playerMode":"dark","subscribeUrls":{"amazon":{"key":"amazon","url":"","label":"Amazon","class":"amazon","icon":"amazon.png"},"apple_podcasts":{"key":"apple_podcasts","url":"","label":"Apple Podcasts","class":"apple_podcasts","icon":"apple-podcasts.png"},"castbox":{"key":"castbox","url":"","label":"CastBox","class":"castbox","icon":"castbox.png"},"deezer":{"key":"deezer","url":"","label":"Deezer","class":"deezer","icon":"deezer.png"},"google_podcasts":{"key":"google_podcasts","url":"","label":"Google Podcasts","class":"google_podcasts","icon":"google-podcasts.png"},"listen_notes":{"key":"listen_notes","url":"","label":"Listen Notes","class":"listen_notes","icon":"listen-notes.png"},"pandora":{"key":"pandora","url":"","label":"Pandora","class":"pandora","icon":"pandora.png"},"podbean":{"key":"podbean","url":"","label":"Podbean","class":"podbean","icon":"podbean.png"},"podcast_republic":{"key":"podcast_republic","url":"","label":"Podcast Republic","class":"podcast_republic","icon":"podcast-republic.png"},"rss":{"key":"rss","url":"","label":"RSS","class":"rss","icon":"rss.png"},"spotify":{"key":"spotify","url":"","label":"Spotify","class":"spotify","icon":"spotify.png"},"stitcher":{"key":"stitcher","url":"","label":"Stitcher","class":"stitcher","icon":"stitcher.png"},"tunein":{"key":"tunein","url":"","label":"TuneIn","class":"tunein","icon":"tunein.png"},"youtube":{"key":"youtube","url":"","label":"YouTube","class":"youtube","icon":"youtube.png"},"iheartradio":{"key":"iheartradio","url":"","label":"iHeartRadio","class":"iheartradio","icon":"iheartradio.png"},"ivoox":{"key":"ivoox","url":"","label":"iVoox","class":"ivoox","icon":"ivoox.png"}},"rssFeedUrl":"https:\/\/quechilero.com\/blog\/feed\/podcast\/si-la-vida-nos-da-limones","embedCode":"<blockquote class=\"wp-embedded-content\" data-secret=\"ClqN3RmkyI\"><a href=\"https:\/\/quechilero.com\/blog\/2009\/07\/04\/la-amabilidad-personificada\/\">La amabilidad personificada<\/a><\/blockquote><iframe sandbox=\"allow-scripts\" security=\"restricted\" src=\"https:\/\/quechilero.com\/blog\/2009\/07\/04\/la-amabilidad-personificada\/embed\/#?secret=ClqN3RmkyI\" width=\"500\" height=\"350\" title=\"\u00abLa amabilidad personificada\u00bb \u2014 Si la Vida nos da Limones...\" data-secret=\"ClqN3RmkyI\" frameborder=\"0\" marginwidth=\"0\" marginheight=\"0\" scrolling=\"no\" class=\"wp-embedded-content\"><\/iframe><script>\n\/*! This file is auto-generated *\/\n!function(d,l){\"use strict\";l.querySelector&&d.addEventListener&&\"undefined\"!=typeof URL&&(d.wp=d.wp||{},d.wp.receiveEmbedMessage||(d.wp.receiveEmbedMessage=function(e){var t=e.data;if((t||t.secret||t.message||t.value)&&!\/[^a-zA-Z0-9]\/.test(t.secret)){for(var s,r,n,a=l.querySelectorAll('iframe[data-secret=\"'+t.secret+'\"]'),o=l.querySelectorAll('blockquote[data-secret=\"'+t.secret+'\"]'),c=new RegExp(\"^https?:$\",\"i\"),i=0;i<o.length;i++)o[i].style.display=\"none\";for(i=0;i<a.length;i++)s=a[i],e.source===s.contentWindow&&(s.removeAttribute(\"style\"),\"height\"===t.message?(1e3<(r=parseInt(t.value,10))?r=1e3:~~r<200&&(r=200),s.height=r):\"link\"===t.message&&(r=new URL(s.getAttribute(\"src\")),n=new URL(t.value),c.test(n.protocol))&&n.host===r.host&&l.activeElement===s&&(d.top.location.href=t.value))}},d.addEventListener(\"message\",d.wp.receiveEmbedMessage,!1),l.addEventListener(\"DOMContentLoaded\",function(){for(var e,t,s=l.querySelectorAll(\"iframe.wp-embedded-content\"),r=0;r<s.length;r++)(t=(e=s[r]).getAttribute(\"data-secret\"))||(t=Math.random().toString(36).substring(2,12),e.src+=\"#?secret=\"+t,e.setAttribute(\"data-secret\",t)),e.contentWindow.postMessage({message:\"ready\",secret:t},\"*\")},!1)))}(window,document);\n\/\/# sourceURL=https:\/\/quechilero.com\/blog\/wp-includes\/js\/wp-embed.min.js\n<\/script>\n"},"jetpack_publicize_connections":[],"jetpack_shortlink":"https:\/\/wp.me\/pDKli-JW","jetpack_sharing_enabled":true,"jetpack-related-posts":[{"id":282,"url":"https:\/\/quechilero.com\/blog\/2006\/10\/20\/que-nos-ensena-la-vida-de-san-francisco-de-asis\/","url_meta":{"origin":2848,"position":0},"title":"\u00bfQue nos ense\u00f1a la vida de San Francisco de As\u00eds?","author":"Pepe Barrascout Ortiz","date":"20 octubre 2006","format":false,"excerpt":"Nos ense\u00f1a a vivir la virtud de la humildad. San Francisco tuvo un coraz\u00f3n alegre y humilde. Supo dejar no s\u00f3lo el dinero de su padre sino que tambi\u00e9n supo aceptar la voluntad de Dios en su vida. Fue capaz de ver la grandeza de Dios y la peque\u00f1ez del\u2026","rel":"","context":"En \u00abLimones\u00bb","block_context":{"text":"Limones","link":"https:\/\/quechilero.com\/blog\/category\/limones\/"},"img":{"alt_text":"","src":"","width":0,"height":0},"classes":[]},{"id":21386,"url":"https:\/\/quechilero.com\/blog\/2015\/07\/20\/buscar-lo-mejor\/","url_meta":{"origin":2848,"position":1},"title":"Buscar lo mejor","author":"Pepe Barrascout Ortiz","date":"20 julio 2015","format":false,"excerpt":"Somos lo que elegimos, lo que optamos. Dios no impone nada, solamente ofrece, dejando al hombre la libertad de decidir. Muchos prefieren las joyas, los coches, los caminos f\u00e1ciles. Hay sendas para los m\u00e1s variados deseos, pero hay cosas que la herrumbre no corroe. Son los ideales nobles, el bien,\u2026","rel":"","context":"En \u00abLimones\u00bb","block_context":{"text":"Limones","link":"https:\/\/quechilero.com\/blog\/category\/limones\/"},"img":{"alt_text":"","src":"","width":0,"height":0},"classes":[]},{"id":3190,"url":"https:\/\/quechilero.com\/blog\/2009\/08\/17\/para-ser-santo\/","url_meta":{"origin":2848,"position":2},"title":"Para ser santo","author":"Pepe Barrascout Ortiz","date":"17 agosto 2009","format":false,"excerpt":"Un labriego le rog\u00f3 a un sabio ermita\u00f1o que le mostrara el camino que ten\u00eda que seguir para alcanzar la santidad en medio del ajetreo cotidiano. Estas fueron las sencillas y elocuentes palabras del anacoreta: - Labre usted los campos con amor. Recoja las cosechas con alegr\u00eda y gratitud. Trate\u2026","rel":"","context":"En \u00abLimones\u00bb","block_context":{"text":"Limones","link":"https:\/\/quechilero.com\/blog\/category\/limones\/"},"img":{"alt_text":"","src":"","width":0,"height":0},"classes":[]},{"id":17844,"url":"https:\/\/quechilero.com\/blog\/2014\/05\/22\/hacer-el-bien\/","url_meta":{"origin":2848,"position":3},"title":"Hacer el bien","author":"Pepe Barrascout Ortiz","date":"22 mayo 2014","format":false,"excerpt":"Cierto d\u00eda, un joven se hallaba en un bote en medio del r\u00edo Sena, en Par\u00eds, tratando de ahogar a un perro. Lo lanz\u00f3 al agua y el animal, nadando, trataba de volver al bote; pero el joven lo rechazaba con uno de los remos. En un golpe en falso,\u2026","rel":"","context":"En \u00abLimones\u00bb","block_context":{"text":"Limones","link":"https:\/\/quechilero.com\/blog\/category\/limones\/"},"img":{"alt_text":"","src":"","width":0,"height":0},"classes":[]},{"id":5977,"url":"https:\/\/quechilero.com\/blog\/2010\/12\/19\/la-amabilidad-no-puede-esperar\/","url_meta":{"origin":2848,"position":4},"title":"La Amabilidad no puede esperar","author":"Pepe Barrascout Ortiz","date":"19 diciembre 2010","format":false,"excerpt":"Piensa por un momento en aquellas especiales palabras que deseas expresar a alguien que ha sido particularmente amable contigo, o esa nota de est\u00edmulo que quieres escribir a un amigo que parece estar un poco desanimado. Tal vez debas realizar esos actos de amabilidad ahora mismo, porque nunca sabes cu\u00e1ndo\u2026","rel":"","context":"En \u00abLimones\u00bb","block_context":{"text":"Limones","link":"https:\/\/quechilero.com\/blog\/category\/limones\/"},"img":{"alt_text":"","src":"","width":0,"height":0},"classes":[]},{"id":16360,"url":"https:\/\/quechilero.com\/blog\/2013\/03\/31\/el-milagro-de-la-ovejita\/","url_meta":{"origin":2848,"position":5},"title":"El milagro de la ovejita","author":"Pepe Barrascout Ortiz","date":"31 marzo 2013","format":false,"excerpt":"San Buenaventura refiere que, cierto d\u00eda, estando San Francisco de As\u00eds en el convento de Nuestra Se\u00f1ora de los \u00c1ngeles, una persona tuvo a bien regalarle una ovejita, y la recibi\u00f3 con mucho agradecimiento, porque le complac\u00eda ver en ella la imagen de la mansedumbre. Despu\u00e9s de recibida, mand\u00f3 San\u2026","rel":"","context":"En \u00abLimones\u00bb","block_context":{"text":"Limones","link":"https:\/\/quechilero.com\/blog\/category\/limones\/"},"img":{"alt_text":"","src":"","width":0,"height":0},"classes":[]}],"jetpack_featured_media_url":"","_links":{"self":[{"href":"https:\/\/quechilero.com\/blog\/wp-json\/wp\/v2\/posts\/2848","targetHints":{"allow":["GET"]}}],"collection":[{"href":"https:\/\/quechilero.com\/blog\/wp-json\/wp\/v2\/posts"}],"about":[{"href":"https:\/\/quechilero.com\/blog\/wp-json\/wp\/v2\/types\/post"}],"author":[{"embeddable":true,"href":"https:\/\/quechilero.com\/blog\/wp-json\/wp\/v2\/users\/1"}],"replies":[{"embeddable":true,"href":"https:\/\/quechilero.com\/blog\/wp-json\/wp\/v2\/comments?post=2848"}],"version-history":[{"count":0,"href":"https:\/\/quechilero.com\/blog\/wp-json\/wp\/v2\/posts\/2848\/revisions"}],"wp:attachment":[{"href":"https:\/\/quechilero.com\/blog\/wp-json\/wp\/v2\/media?parent=2848"}],"wp:term":[{"taxonomy":"category","embeddable":true,"href":"https:\/\/quechilero.com\/blog\/wp-json\/wp\/v2\/categories?post=2848"},{"taxonomy":"post_tag","embeddable":true,"href":"https:\/\/quechilero.com\/blog\/wp-json\/wp\/v2\/tags?post=2848"},{"taxonomy":"series","embeddable":true,"href":"https:\/\/quechilero.com\/blog\/wp-json\/wp\/v2\/series?post=2848"}],"curies":[{"name":"wp","href":"https:\/\/api.w.org\/{rel}","templated":true}]}}