{"id":2842,"date":"2009-07-02T08:00:58","date_gmt":"2009-07-02T14:00:58","guid":{"rendered":"http:\/\/quechilero.com\/blog\/?p=2842"},"modified":"2009-07-02T08:00:58","modified_gmt":"2009-07-02T14:00:58","slug":"le-criticaban-por-ser-bueno","status":"publish","type":"post","link":"https:\/\/quechilero.com\/blog\/2009\/07\/02\/le-criticaban-por-ser-bueno\/","title":{"rendered":"Le criticaban por ser bueno"},"content":{"rendered":"<p>A Luis IX, rey de Francia, le criticaban por ser caritativo y piadoso. Cuando  la cr\u00edtica de esos pocos lleg\u00f3 a o\u00eddos del Rey, \u00e9ste se limit\u00f3 a decir:<\/p>\n<p><em>\u00abSeguro que nadie dir\u00eda nada si emplease el doble de tiempo en jugar a los  dados o en correr por los bosques tras ciervos y perdices, como se supone que  debe hacer un rey en su rato de ocio.\u00bb<\/em><\/p>\n","protected":false},"excerpt":{"rendered":"<p>A Luis IX, rey de Francia, le criticaban por ser caritativo y piadoso. Cuando la cr\u00edtica de esos pocos lleg\u00f3 a o\u00eddos del Rey, \u00e9ste se limit\u00f3 a decir: \u00abSeguro que nadie dir\u00eda nada si emplease el doble de tiempo en jugar a los dados o en correr por los bosques tras ciervos y perdices, &#8230; <a title=\"Le criticaban por ser bueno\" class=\"read-more\" href=\"https:\/\/quechilero.com\/blog\/2009\/07\/02\/le-criticaban-por-ser-bueno\/\" aria-label=\"Leer m\u00e1s sobre Le criticaban por ser bueno\">Leer m\u00e1s<\/a><\/p>\n","protected":false},"author":1,"featured_media":0,"comment_status":"open","ping_status":"open","sticky":false,"template":"","format":"standard","meta":{"advanced_seo_description":"","jetpack_seo_html_title":"","jetpack_seo_noindex":false,"jetpack_seo_schema_type":"","episode_type":"","audio_file":"","podmotor_file_id":"","podmotor_episode_id":"","cover_image":"","cover_image_id":"","duration":"","filesize":"","filesize_raw":"","date_recorded":"","explicit":"","block":"","_jetpack_newsletter_access":"","_jetpack_dont_email_post_to_subs":false,"_jetpack_newsletter_tier_id":0,"_jetpack_memberships_contains_paywalled_content":false,"_jetpack_feature_clip_id":0,"_jetpack_memberships_contains_paid_content":false,"footnotes":"","jetpack_publicize_message":"","jetpack_publicize_feature_enabled":true,"jetpack_social_post_already_shared":false,"jetpack_social_options":{"image_generator_settings":{"template":"highway","default_image_id":0,"font":"","enabled":false},"version":2},"jetpack_post_was_ever_published":false},"categories":[2],"tags":[5],"series":[],"class_list":["post-2842","post","type-post","status-publish","format-standard","hentry","category-limones","tag-tiempo"],"episode_featured_image":false,"episode_player_image":"https:\/\/i0.wp.com\/quechilero.com\/blog\/imagenes\/podcast.png?fit=1831%2C1831&ssl=1","download_link":"","player_link":"","audio_player":false,"episode_data":{"playerMode":"dark","subscribeUrls":{"amazon":{"key":"amazon","url":"","label":"Amazon","class":"amazon","icon":"amazon.png"},"apple_podcasts":{"key":"apple_podcasts","url":"","label":"Apple Podcasts","class":"apple_podcasts","icon":"apple-podcasts.png"},"castbox":{"key":"castbox","url":"","label":"CastBox","class":"castbox","icon":"castbox.png"},"deezer":{"key":"deezer","url":"","label":"Deezer","class":"deezer","icon":"deezer.png"},"google_podcasts":{"key":"google_podcasts","url":"","label":"Google Podcasts","class":"google_podcasts","icon":"google-podcasts.png"},"listen_notes":{"key":"listen_notes","url":"","label":"Listen Notes","class":"listen_notes","icon":"listen-notes.png"},"pandora":{"key":"pandora","url":"","label":"Pandora","class":"pandora","icon":"pandora.png"},"podbean":{"key":"podbean","url":"","label":"Podbean","class":"podbean","icon":"podbean.png"},"podcast_republic":{"key":"podcast_republic","url":"","label":"Podcast Republic","class":"podcast_republic","icon":"podcast-republic.png"},"rss":{"key":"rss","url":"","label":"RSS","class":"rss","icon":"rss.png"},"spotify":{"key":"spotify","url":"","label":"Spotify","class":"spotify","icon":"spotify.png"},"stitcher":{"key":"stitcher","url":"","label":"Stitcher","class":"stitcher","icon":"stitcher.png"},"tunein":{"key":"tunein","url":"","label":"TuneIn","class":"tunein","icon":"tunein.png"},"youtube":{"key":"youtube","url":"","label":"YouTube","class":"youtube","icon":"youtube.png"},"iheartradio":{"key":"iheartradio","url":"","label":"iHeartRadio","class":"iheartradio","icon":"iheartradio.png"},"ivoox":{"key":"ivoox","url":"","label":"iVoox","class":"ivoox","icon":"ivoox.png"}},"rssFeedUrl":"https:\/\/quechilero.com\/blog\/feed\/podcast\/si-la-vida-nos-da-limones","embedCode":"<blockquote class=\"wp-embedded-content\" data-secret=\"eCJ9N3gKEs\"><a href=\"https:\/\/quechilero.com\/blog\/2009\/07\/02\/le-criticaban-por-ser-bueno\/\">Le criticaban por ser bueno<\/a><\/blockquote><iframe sandbox=\"allow-scripts\" security=\"restricted\" src=\"https:\/\/quechilero.com\/blog\/2009\/07\/02\/le-criticaban-por-ser-bueno\/embed\/#?secret=eCJ9N3gKEs\" width=\"500\" height=\"350\" title=\"\u00abLe criticaban por ser bueno\u00bb \u2014 Si la Vida nos da Limones...\" data-secret=\"eCJ9N3gKEs\" frameborder=\"0\" marginwidth=\"0\" marginheight=\"0\" scrolling=\"no\" class=\"wp-embedded-content\"><\/iframe><script>\n\/*! This file is auto-generated *\/\n!function(d,l){\"use strict\";l.querySelector&&d.addEventListener&&\"undefined\"!=typeof URL&&(d.wp=d.wp||{},d.wp.receiveEmbedMessage||(d.wp.receiveEmbedMessage=function(e){var t=e.data;if((t||t.secret||t.message||t.value)&&!\/[^a-zA-Z0-9]\/.test(t.secret)){for(var s,r,n,a=l.querySelectorAll('iframe[data-secret=\"'+t.secret+'\"]'),o=l.querySelectorAll('blockquote[data-secret=\"'+t.secret+'\"]'),c=new RegExp(\"^https?:$\",\"i\"),i=0;i<o.length;i++)o[i].style.display=\"none\";for(i=0;i<a.length;i++)s=a[i],e.source===s.contentWindow&&(s.removeAttribute(\"style\"),\"height\"===t.message?(1e3<(r=parseInt(t.value,10))?r=1e3:~~r<200&&(r=200),s.height=r):\"link\"===t.message&&(r=new URL(s.getAttribute(\"src\")),n=new URL(t.value),c.test(n.protocol))&&n.host===r.host&&l.activeElement===s&&(d.top.location.href=t.value))}},d.addEventListener(\"message\",d.wp.receiveEmbedMessage,!1),l.addEventListener(\"DOMContentLoaded\",function(){for(var e,t,s=l.querySelectorAll(\"iframe.wp-embedded-content\"),r=0;r<s.length;r++)(t=(e=s[r]).getAttribute(\"data-secret\"))||(t=Math.random().toString(36).substring(2,12),e.src+=\"#?secret=\"+t,e.setAttribute(\"data-secret\",t)),e.contentWindow.postMessage({message:\"ready\",secret:t},\"*\")},!1)))}(window,document);\n\/\/# sourceURL=https:\/\/quechilero.com\/blog\/wp-includes\/js\/wp-embed.min.js\n<\/script>\n"},"jetpack_publicize_connections":[],"jetpack_shortlink":"https:\/\/wp.me\/pDKli-JQ","jetpack_sharing_enabled":true,"jetpack-related-posts":[{"id":15563,"url":"https:\/\/quechilero.com\/blog\/2012\/12\/31\/la-puerta\/","url_meta":{"origin":2842,"position":0},"title":"La puerta","author":"Pepe Barrascout Ortiz","date":"31 diciembre 2012","format":false,"excerpt":"En una tierra en guerra, hab\u00eda un rey que causaba espanto. Siempre que hac\u00eda prisioneros, no los mataba, los llevaba a una sala donde hab\u00eda un grupo de arqueros de un lado y una inmensa puerta de hierro del otro, sobre la cual se ve\u00edan grabadas figuras de calaveras cubiertas\u2026","rel":"","context":"En \u00abLimones\u00bb","block_context":{"text":"Limones","link":"https:\/\/quechilero.com\/blog\/category\/limones\/"},"img":{"alt_text":"","src":"","width":0,"height":0},"classes":[]},{"id":2799,"url":"https:\/\/quechilero.com\/blog\/2009\/06\/14\/la-zorra-y-el-cuervo-griton\/","url_meta":{"origin":2842,"position":1},"title":"La zorra y el cuervo grit\u00f3n","author":"Pepe Barrascout Ortiz","date":"14 junio 2009","format":false,"excerpt":"Un cuervo rob\u00f3 a unos pastores un pedazo de carne y se retir\u00f3 a un \u00e1rbol. Lo vio una zorra y, deseando apoderarse de aquella carne, empez\u00f3 a halagar al cuervo, elogiando sus elegantes proporciones y su gran belleza, agregando adem\u00e1s que no hab\u00eda encontrado a nadie mejor dotado que\u2026","rel":"","context":"En \u00abLimones\u00bb","block_context":{"text":"Limones","link":"https:\/\/quechilero.com\/blog\/category\/limones\/"},"img":{"alt_text":"","src":"","width":0,"height":0},"classes":[]},{"id":13664,"url":"https:\/\/quechilero.com\/blog\/2012\/06\/28\/aprendiendo-a-obedecer\/","url_meta":{"origin":2842,"position":2},"title":"Aprendiendo a obedecer","author":"Pepe Barrascout Ortiz","date":"28 junio 2012","format":false,"excerpt":"En el siglo once, el rey Enrique III de Bavaria se cans\u00f3 de sus responsabilidades como rey, de las presiones de la pol\u00edtica internacional y de lo mundanal de la vida de la corte. Hizo una carta de pedido de admisi\u00f3n al monje Richard de un monasterio local para ser\u2026","rel":"","context":"En \u00abLimones\u00bb","block_context":{"text":"Limones","link":"https:\/\/quechilero.com\/blog\/category\/limones\/"},"img":{"alt_text":"","src":"","width":0,"height":0},"classes":[]},{"id":19315,"url":"https:\/\/quechilero.com\/blog\/2014\/09\/10\/el-idolo-dentro-del-corazon\/","url_meta":{"origin":2842,"position":3},"title":"El \u00eddolo dentro del coraz\u00f3n","author":"Pepe Barrascout Ortiz","date":"10 septiembre 2014","format":false,"excerpt":"La tradici\u00f3n de Tailandia ha considerado al elefante blanco como un animal muy sagrado. Le adoraban y le serv\u00edan como a un \u00eddolo. Hace mucho tiempo, estos elefantes eran utilizados por los reyes tailandeses como medio para destruir a sus enemigos pol\u00edticos. Enviaban uno de estos animales, como regalo, a\u2026","rel":"","context":"En \u00abLimones\u00bb","block_context":{"text":"Limones","link":"https:\/\/quechilero.com\/blog\/category\/limones\/"},"img":{"alt_text":"","src":"","width":0,"height":0},"classes":[]},{"id":10108,"url":"https:\/\/quechilero.com\/blog\/2011\/08\/24\/diogenes\/","url_meta":{"origin":2842,"position":4},"title":"Di\u00f3genes","author":"Pepe Barrascout Ortiz","date":"24 agosto 2011","format":false,"excerpt":"Estaba el fil\u00f3sofo Di\u00f3genes cenando lentejas cuando le vio el fil\u00f3sofo Aristipo, que viv\u00eda confortablemente a base de adular al rey. Y le dijo Aristipo: \"Si aprendieras a ser sumiso al rey, no tendr\u00edas que comer esa basura de lentejas.\" A lo que replic\u00f3 Di\u00f3genes: \"Si hubieras t\u00fa aprendido a\u2026","rel":"","context":"En \u00abLimones\u00bb","block_context":{"text":"Limones","link":"https:\/\/quechilero.com\/blog\/category\/limones\/"},"img":{"alt_text":"","src":"","width":0,"height":0},"classes":[]},{"id":4482,"url":"https:\/\/quechilero.com\/blog\/2010\/03\/22\/las-lentejas\/","url_meta":{"origin":2842,"position":5},"title":"Las lentejas","author":"Pepe Barrascout Ortiz","date":"22 marzo 2010","format":false,"excerpt":"Estaba el fil\u00f3sofo Di\u00f3genes comiendo lentejas cuando le vio el fil\u00f3sofo Aristipo, que viv\u00eda confortablemente a base de adular al rey. Y le dijo Aristipo: \"Si aprendieras a ser sumiso al rey, no tendr\u00edas que comer esta basura de lentejas.\" A lo que replic\u00f3 Di\u00f3genes: \"Si hubieras aprendido a comer\u2026","rel":"","context":"En \u00abLimones\u00bb","block_context":{"text":"Limones","link":"https:\/\/quechilero.com\/blog\/category\/limones\/"},"img":{"alt_text":"","src":"","width":0,"height":0},"classes":[]}],"jetpack_featured_media_url":"","_links":{"self":[{"href":"https:\/\/quechilero.com\/blog\/wp-json\/wp\/v2\/posts\/2842","targetHints":{"allow":["GET"]}}],"collection":[{"href":"https:\/\/quechilero.com\/blog\/wp-json\/wp\/v2\/posts"}],"about":[{"href":"https:\/\/quechilero.com\/blog\/wp-json\/wp\/v2\/types\/post"}],"author":[{"embeddable":true,"href":"https:\/\/quechilero.com\/blog\/wp-json\/wp\/v2\/users\/1"}],"replies":[{"embeddable":true,"href":"https:\/\/quechilero.com\/blog\/wp-json\/wp\/v2\/comments?post=2842"}],"version-history":[{"count":0,"href":"https:\/\/quechilero.com\/blog\/wp-json\/wp\/v2\/posts\/2842\/revisions"}],"wp:attachment":[{"href":"https:\/\/quechilero.com\/blog\/wp-json\/wp\/v2\/media?parent=2842"}],"wp:term":[{"taxonomy":"category","embeddable":true,"href":"https:\/\/quechilero.com\/blog\/wp-json\/wp\/v2\/categories?post=2842"},{"taxonomy":"post_tag","embeddable":true,"href":"https:\/\/quechilero.com\/blog\/wp-json\/wp\/v2\/tags?post=2842"},{"taxonomy":"series","embeddable":true,"href":"https:\/\/quechilero.com\/blog\/wp-json\/wp\/v2\/series?post=2842"}],"curies":[{"name":"wp","href":"https:\/\/api.w.org\/{rel}","templated":true}]}}