{"id":283,"date":"2006-10-21T18:57:11","date_gmt":"2006-10-22T00:57:11","guid":{"rendered":"http:\/\/quechilero.com\/blog\/2006\/10\/21\/paseo-dominical\/"},"modified":"2006-10-21T18:57:11","modified_gmt":"2006-10-22T00:57:11","slug":"paseo-dominical","status":"publish","type":"post","link":"https:\/\/quechilero.com\/blog\/2006\/10\/21\/paseo-dominical\/","title":{"rendered":"Paseo Dominical"},"content":{"rendered":"<p>\u00bfCu\u00e1ndo fue la \u00faltima vez que sali\u00f3 un domingo a dar un paseo en auto?<\/p>\n<p>Esta no es una actividad muy popular en estos d\u00edas, pero lo era cuando yo era  joven. Y era la actividad favorita de los Raimey, unos maravillosos vecinos que  tuve cuando era ni\u00f1o.<\/p>\n<p>El se\u00f1or Raimey dec\u00eda: \u00ab\u00a1Todo el mundo arriba! Vamos, s\u00fabanse al auto y vamos  a dar una vuelta\u00bb, mientras reun\u00eda a su familia y ocasionalmente a un ni\u00f1o  vecino como yo que estaba jugando al lado de su casa. Y nos \u00edbamos. Viv\u00edamos en  Circleville, Ohio, y nuestros paseos dominicales nos llevaban a lugares ex\u00f3ticos  como Lanchaste, Chillicithe, y hasta Columbus. Era una gran aventura para  nosotros.<\/p>\n<p>El Sr. Raimey guiaba por caminos de tierra y carreteras que pasaban a trav\u00e9s  de granjas y campos de Ohio. Nunca est\u00e1bamos seguros de lo que ver\u00edamos.<\/p>\n<p>Esos paseos dominicales eran entretenidos. Si ten\u00edamos suerte, y  encontr\u00e1bamos alguna tiendita en el camino, el se\u00f1or Raimey se deten\u00eda, y todos  nos baj\u00e1bamos.<\/p>\n<p>El se\u00f1or Raimey y su esposa nos compraban una Coca Cola o un helado a cada  uno. Era una manera maravillosa de pasar la tarde.<\/p>\n<p>Pero para decirle la verdad, a trav\u00e9s de los a\u00f1os he encontrado a mucha gente  que trata la vida como un paseo dominical. Parece que dijeran: \u00abSalgamos a ver a  d\u00f3nde llegamos\u00bb.<\/p>\n<p>Est\u00e1n dispuestos a dejar que la vida los lleve a donde quiera. No soy  cient\u00edfico, pero he notado que la fuerza de gravedad suele llevar todo hacia  abajo. Y sin planificaci\u00f3n ni direcci\u00f3n, la vida de una persona puede hacer lo  mismo.<\/p>\n<p><strong><em>Del libro \u00abEl mapa para alcanzar el \u00e9xito\u00bb, de John C.  Maxwell<\/em><\/strong><\/p>\n","protected":false},"excerpt":{"rendered":"<p>\u00bfCu\u00e1ndo fue la \u00faltima vez que sali\u00f3 un domingo a dar un paseo en auto? Esta no es una actividad muy popular en estos d\u00edas, pero lo era cuando yo era joven. Y era la actividad favorita de los Raimey, unos maravillosos vecinos que tuve cuando era ni\u00f1o. El se\u00f1or Raimey dec\u00eda: \u00ab\u00a1Todo el mundo &#8230; <a title=\"Paseo Dominical\" class=\"read-more\" href=\"https:\/\/quechilero.com\/blog\/2006\/10\/21\/paseo-dominical\/\" aria-label=\"Leer m\u00e1s sobre Paseo Dominical\">Leer m\u00e1s<\/a><\/p>\n","protected":false},"author":1,"featured_media":0,"comment_status":"open","ping_status":"open","sticky":false,"template":"","format":"standard","meta":{"advanced_seo_description":"","jetpack_seo_html_title":"","jetpack_seo_noindex":false,"jetpack_seo_schema_type":"","episode_type":"","audio_file":"","podmotor_file_id":"","podmotor_episode_id":"","cover_image":"","cover_image_id":"","duration":"","filesize":"","filesize_raw":"","date_recorded":"","explicit":"","block":"","_jetpack_newsletter_access":"","_jetpack_dont_email_post_to_subs":false,"_jetpack_newsletter_tier_id":0,"_jetpack_memberships_contains_paywalled_content":false,"_jetpack_feature_clip_id":0,"_jetpack_memberships_contains_paid_content":false,"footnotes":"","jetpack_publicize_message":"","jetpack_publicize_feature_enabled":true,"jetpack_social_post_already_shared":false,"jetpack_social_options":{"image_generator_settings":{"template":"highway","default_image_id":0,"font":"","enabled":false},"version":2},"jetpack_post_was_ever_published":false},"categories":[2],"tags":[72,47,41,24],"series":[],"class_list":["post-283","post","type-post","status-publish","format-standard","hentry","category-limones","tag-libro","tag-mapa","tag-verdad","tag-vida"],"episode_featured_image":false,"episode_player_image":"https:\/\/i0.wp.com\/quechilero.com\/blog\/imagenes\/podcast.png?fit=1831%2C1831&ssl=1","download_link":"","player_link":"","audio_player":false,"episode_data":{"playerMode":"dark","subscribeUrls":{"amazon":{"key":"amazon","url":"","label":"Amazon","class":"amazon","icon":"amazon.png"},"apple_podcasts":{"key":"apple_podcasts","url":"","label":"Apple Podcasts","class":"apple_podcasts","icon":"apple-podcasts.png"},"castbox":{"key":"castbox","url":"","label":"CastBox","class":"castbox","icon":"castbox.png"},"deezer":{"key":"deezer","url":"","label":"Deezer","class":"deezer","icon":"deezer.png"},"google_podcasts":{"key":"google_podcasts","url":"","label":"Google Podcasts","class":"google_podcasts","icon":"google-podcasts.png"},"listen_notes":{"key":"listen_notes","url":"","label":"Listen Notes","class":"listen_notes","icon":"listen-notes.png"},"pandora":{"key":"pandora","url":"","label":"Pandora","class":"pandora","icon":"pandora.png"},"podbean":{"key":"podbean","url":"","label":"Podbean","class":"podbean","icon":"podbean.png"},"podcast_republic":{"key":"podcast_republic","url":"","label":"Podcast Republic","class":"podcast_republic","icon":"podcast-republic.png"},"rss":{"key":"rss","url":"","label":"RSS","class":"rss","icon":"rss.png"},"spotify":{"key":"spotify","url":"","label":"Spotify","class":"spotify","icon":"spotify.png"},"stitcher":{"key":"stitcher","url":"","label":"Stitcher","class":"stitcher","icon":"stitcher.png"},"tunein":{"key":"tunein","url":"","label":"TuneIn","class":"tunein","icon":"tunein.png"},"youtube":{"key":"youtube","url":"","label":"YouTube","class":"youtube","icon":"youtube.png"},"iheartradio":{"key":"iheartradio","url":"","label":"iHeartRadio","class":"iheartradio","icon":"iheartradio.png"},"ivoox":{"key":"ivoox","url":"","label":"iVoox","class":"ivoox","icon":"ivoox.png"}},"rssFeedUrl":"https:\/\/quechilero.com\/blog\/feed\/podcast\/si-la-vida-nos-da-limones","embedCode":"<blockquote class=\"wp-embedded-content\" data-secret=\"NIHolWEKlf\"><a href=\"https:\/\/quechilero.com\/blog\/2006\/10\/21\/paseo-dominical\/\">Paseo Dominical<\/a><\/blockquote><iframe sandbox=\"allow-scripts\" security=\"restricted\" src=\"https:\/\/quechilero.com\/blog\/2006\/10\/21\/paseo-dominical\/embed\/#?secret=NIHolWEKlf\" width=\"500\" height=\"350\" title=\"\u00abPaseo Dominical\u00bb \u2014 Si la Vida nos da Limones...\" data-secret=\"NIHolWEKlf\" frameborder=\"0\" marginwidth=\"0\" marginheight=\"0\" scrolling=\"no\" class=\"wp-embedded-content\"><\/iframe><script>\n\/*! This file is auto-generated *\/\n!function(d,l){\"use strict\";l.querySelector&&d.addEventListener&&\"undefined\"!=typeof URL&&(d.wp=d.wp||{},d.wp.receiveEmbedMessage||(d.wp.receiveEmbedMessage=function(e){var t=e.data;if((t||t.secret||t.message||t.value)&&!\/[^a-zA-Z0-9]\/.test(t.secret)){for(var s,r,n,a=l.querySelectorAll('iframe[data-secret=\"'+t.secret+'\"]'),o=l.querySelectorAll('blockquote[data-secret=\"'+t.secret+'\"]'),c=new RegExp(\"^https?:$\",\"i\"),i=0;i<o.length;i++)o[i].style.display=\"none\";for(i=0;i<a.length;i++)s=a[i],e.source===s.contentWindow&&(s.removeAttribute(\"style\"),\"height\"===t.message?(1e3<(r=parseInt(t.value,10))?r=1e3:~~r<200&&(r=200),s.height=r):\"link\"===t.message&&(r=new URL(s.getAttribute(\"src\")),n=new URL(t.value),c.test(n.protocol))&&n.host===r.host&&l.activeElement===s&&(d.top.location.href=t.value))}},d.addEventListener(\"message\",d.wp.receiveEmbedMessage,!1),l.addEventListener(\"DOMContentLoaded\",function(){for(var e,t,s=l.querySelectorAll(\"iframe.wp-embedded-content\"),r=0;r<s.length;r++)(t=(e=s[r]).getAttribute(\"data-secret\"))||(t=Math.random().toString(36).substring(2,12),e.src+=\"#?secret=\"+t,e.setAttribute(\"data-secret\",t)),e.contentWindow.postMessage({message:\"ready\",secret:t},\"*\")},!1)))}(window,document);\n\/\/# sourceURL=https:\/\/quechilero.com\/blog\/wp-includes\/js\/wp-embed.min.js\n<\/script>\n"},"jetpack_publicize_connections":[],"jetpack_shortlink":"https:\/\/wp.me\/pDKli-4z","jetpack_sharing_enabled":true,"jetpack-related-posts":[{"id":17593,"url":"https:\/\/quechilero.com\/blog\/2013\/12\/21\/el-mejor-regalo\/","url_meta":{"origin":283,"position":0},"title":"El mejor regalo","author":"Pepe Barrascout Ortiz","date":"21 diciembre 2013","format":false,"excerpt":"A un amigo m\u00edo llamado David, su hermano le dio un autom\u00f3vil como regalo de Navidad. En nochebuena, cuando David sali\u00f3 de su oficina, un ni\u00f1o de la calle estaba caminando alrededor del brillante coche nuevo, admir\u00e1ndolo. - \u00bfEste es su coche se\u00f1or? -pregunt\u00f3. David afirm\u00f3 con la cabeza. -\u2026","rel":"","context":"En \u00abLimones\u00bb","block_context":{"text":"Limones","link":"https:\/\/quechilero.com\/blog\/category\/limones\/"},"img":{"alt_text":"","src":"","width":0,"height":0},"classes":[]},{"id":2007,"url":"https:\/\/quechilero.com\/blog\/2008\/12\/13\/el-semaforo\/","url_meta":{"origin":283,"position":1},"title":"El sem\u00e1foro","author":"Pepe Barrascout Ortiz","date":"13 diciembre 2008","format":false,"excerpt":"Leyendo Blogs de Guatemala, encontr\u00e9 un texto que public\u00f3 el blog \"Aprendiendo de la vida\", escrito por Sergio, trata de una situaci\u00f3n tan cotidiana que se ha vuelto tan com\u00fan y corriente, que ya pasa desapercibida, es sobre una peque\u00f1a conversaci\u00f3n o m\u00e1s bien un mon\u00f3logo. Despu\u00e9s de solicitar la\u2026","rel":"","context":"En \u00abLimones\u00bb","block_context":{"text":"Limones","link":"https:\/\/quechilero.com\/blog\/category\/limones\/"},"img":{"alt_text":"","src":"","width":0,"height":0},"classes":[]},{"id":355,"url":"https:\/\/quechilero.com\/blog\/2006\/12\/22\/ninos-baratos-papas-caros\/","url_meta":{"origin":283,"position":2},"title":"Ni\u00f1os baratos, pap\u00e1s caros","author":"Pepe Barrascout Ortiz","date":"22 diciembre 2006","format":false,"excerpt":"El peri\u00f3dico estadounidense The Wall Street Journal public\u00f3 recientemente un art\u00edculo titulado: \"Para los ni\u00f1os, 'valioso' no significa 'caro'\". El autor, Jeff Opdyke narra dos hechos que le impresionaron. Estaba pensando qu\u00e9 hacer con su hijo de 7 a\u00f1os durante el fin de semana. Se le ocurri\u00f3 llevarlo a un\u2026","rel":"","context":"En \u00abLimones\u00bb","block_context":{"text":"Limones","link":"https:\/\/quechilero.com\/blog\/category\/limones\/"},"img":{"alt_text":"","src":"","width":0,"height":0},"classes":[]},{"id":6234,"url":"https:\/\/quechilero.com\/blog\/2011\/01\/05\/diga-la-verdad\/","url_meta":{"origin":283,"position":3},"title":"\u00a1Diga la verdad!","author":"Pepe Barrascout Ortiz","date":"5 enero 2011","format":false,"excerpt":"Una maestra de escuela dominical una vez le dijo a su clase de adultos: \"El pr\u00f3ximo domingo voy a dar una lecci\u00f3n muy importante. Quiero que todos lean el cap\u00edtulo 17 del Evangelio de San Marcos anticipadamente\" . Los alumnos asintieron. El domingo siguiente la maestra les dijo: Por favor,\u2026","rel":"","context":"En \u00abLimones\u00bb","block_context":{"text":"Limones","link":"https:\/\/quechilero.com\/blog\/category\/limones\/"},"img":{"alt_text":"","src":"","width":0,"height":0},"classes":[]},{"id":15256,"url":"https:\/\/quechilero.com\/blog\/2012\/12\/10\/venta-por-divorcio\/","url_meta":{"origin":283,"position":4},"title":"Venta por Divorcio","author":"Pepe Barrascout Ortiz","date":"10 diciembre 2012","format":false,"excerpt":"Una de las costumbres de la clase media de los Estados Unidos es lo que llaman \"venta en el garaje\". Cuando una familia ha amontonado objetos que ya no necesita, saca todo al garaje de la casa y pone un cartel que dice: \"Venta en el garaje\", y los vecinos\u2026","rel":"","context":"En \u00abLimones\u00bb","block_context":{"text":"Limones","link":"https:\/\/quechilero.com\/blog\/category\/limones\/"},"img":{"alt_text":"","src":"","width":0,"height":0},"classes":[]},{"id":11326,"url":"https:\/\/quechilero.com\/blog\/2011\/11\/10\/transporte-gratis-en-las-elecciones-sabe-quien-lo-paga\/","url_meta":{"origin":283,"position":5},"title":"Transporte Gratis en las Elecciones \u00bfsabe quien lo paga?","author":"Pepe Barrascout Ortiz","date":"10 noviembre 2011","format":false,"excerpt":"Como es ya tradici\u00f3n, una vez mas se ofreci\u00f3 transporte gratuito el d\u00eda de las elecciones. Cuando a\u00fan no ten\u00eda edad para votar, era la oportunidad para ir a dar vueltas gratis por la ciudad.\u00a0Era com\u00fan la reuni\u00f3n con amigos y nos aventur\u00e1bamos a explorar\u00a0la capital del pa\u00eds. Claro que\u2026","rel":"","context":"En \u00abLimones\u00bb","block_context":{"text":"Limones","link":"https:\/\/quechilero.com\/blog\/category\/limones\/"},"img":{"alt_text":"","src":"https:\/\/i0.wp.com\/i392.photobucket.com\/albums\/pp7\/pepejaguar\/blog\/transmetro.png?resize=350%2C200","width":350,"height":200,"srcset":"https:\/\/i0.wp.com\/i392.photobucket.com\/albums\/pp7\/pepejaguar\/blog\/transmetro.png?resize=350%2C200 1x, https:\/\/i0.wp.com\/i392.photobucket.com\/albums\/pp7\/pepejaguar\/blog\/transmetro.png?resize=525%2C300 1.5x"},"classes":[]}],"jetpack_featured_media_url":"","_links":{"self":[{"href":"https:\/\/quechilero.com\/blog\/wp-json\/wp\/v2\/posts\/283","targetHints":{"allow":["GET"]}}],"collection":[{"href":"https:\/\/quechilero.com\/blog\/wp-json\/wp\/v2\/posts"}],"about":[{"href":"https:\/\/quechilero.com\/blog\/wp-json\/wp\/v2\/types\/post"}],"author":[{"embeddable":true,"href":"https:\/\/quechilero.com\/blog\/wp-json\/wp\/v2\/users\/1"}],"replies":[{"embeddable":true,"href":"https:\/\/quechilero.com\/blog\/wp-json\/wp\/v2\/comments?post=283"}],"version-history":[{"count":0,"href":"https:\/\/quechilero.com\/blog\/wp-json\/wp\/v2\/posts\/283\/revisions"}],"wp:attachment":[{"href":"https:\/\/quechilero.com\/blog\/wp-json\/wp\/v2\/media?parent=283"}],"wp:term":[{"taxonomy":"category","embeddable":true,"href":"https:\/\/quechilero.com\/blog\/wp-json\/wp\/v2\/categories?post=283"},{"taxonomy":"post_tag","embeddable":true,"href":"https:\/\/quechilero.com\/blog\/wp-json\/wp\/v2\/tags?post=283"},{"taxonomy":"series","embeddable":true,"href":"https:\/\/quechilero.com\/blog\/wp-json\/wp\/v2\/series?post=283"}],"curies":[{"name":"wp","href":"https:\/\/api.w.org\/{rel}","templated":true}]}}