{"id":2804,"date":"2009-06-17T08:00:45","date_gmt":"2009-06-17T14:00:45","guid":{"rendered":"http:\/\/quechilero.com\/blog\/?p=2804"},"modified":"2009-06-17T08:00:45","modified_gmt":"2009-06-17T14:00:45","slug":"casa-pequena","status":"publish","type":"post","link":"https:\/\/quechilero.com\/blog\/2009\/06\/17\/casa-pequena\/","title":{"rendered":"Casa peque\u00f1a"},"content":{"rendered":"<p>Cuando S\u00f3crates hizo construir su casa, debi\u00f3 conformarse con una morada  peque\u00f1a. Y cuando algunos le hicieron notar que era de dimensiones muy  reducidas, S\u00f3crates replic\u00f3:<\/p>\n<p><em>&#8211; \u00a1Quieran los dioses que est\u00e9 siempre llena de amigos!<\/em><\/p>\n","protected":false},"excerpt":{"rendered":"<p>Cuando S\u00f3crates hizo construir su casa, debi\u00f3 conformarse con una morada peque\u00f1a. Y cuando algunos le hicieron notar que era de dimensiones muy reducidas, S\u00f3crates replic\u00f3: &#8211; \u00a1Quieran los dioses que est\u00e9 siempre llena de amigos!<\/p>\n","protected":false},"author":1,"featured_media":0,"comment_status":"open","ping_status":"open","sticky":false,"template":"","format":"standard","meta":{"advanced_seo_description":"","jetpack_seo_html_title":"","jetpack_seo_noindex":false,"jetpack_seo_schema_type":"","episode_type":"","audio_file":"","podmotor_file_id":"","podmotor_episode_id":"","cover_image":"","cover_image_id":"","duration":"","filesize":"","filesize_raw":"","date_recorded":"","explicit":"","block":"","_jetpack_newsletter_access":"","_jetpack_dont_email_post_to_subs":false,"_jetpack_newsletter_tier_id":0,"_jetpack_memberships_contains_paywalled_content":false,"_jetpack_feature_clip_id":0,"_jetpack_memberships_contains_paid_content":false,"footnotes":"","jetpack_publicize_message":"","jetpack_publicize_feature_enabled":true,"jetpack_social_post_already_shared":false,"jetpack_social_options":{"image_generator_settings":{"template":"highway","default_image_id":0,"font":"","enabled":false},"version":2},"jetpack_post_was_ever_published":false},"categories":[2],"tags":[11,51],"series":[],"class_list":["post-2804","post","type-post","status-publish","format-standard","hentry","category-limones","tag-amigo","tag-dios"],"episode_featured_image":false,"episode_player_image":"https:\/\/i0.wp.com\/quechilero.com\/blog\/imagenes\/podcast.png?fit=1831%2C1831&ssl=1","download_link":"","player_link":"","audio_player":false,"episode_data":{"playerMode":"dark","subscribeUrls":{"amazon":{"key":"amazon","url":"","label":"Amazon","class":"amazon","icon":"amazon.png"},"apple_podcasts":{"key":"apple_podcasts","url":"","label":"Apple Podcasts","class":"apple_podcasts","icon":"apple-podcasts.png"},"castbox":{"key":"castbox","url":"","label":"CastBox","class":"castbox","icon":"castbox.png"},"deezer":{"key":"deezer","url":"","label":"Deezer","class":"deezer","icon":"deezer.png"},"google_podcasts":{"key":"google_podcasts","url":"","label":"Google Podcasts","class":"google_podcasts","icon":"google-podcasts.png"},"listen_notes":{"key":"listen_notes","url":"","label":"Listen Notes","class":"listen_notes","icon":"listen-notes.png"},"pandora":{"key":"pandora","url":"","label":"Pandora","class":"pandora","icon":"pandora.png"},"podbean":{"key":"podbean","url":"","label":"Podbean","class":"podbean","icon":"podbean.png"},"podcast_republic":{"key":"podcast_republic","url":"","label":"Podcast Republic","class":"podcast_republic","icon":"podcast-republic.png"},"rss":{"key":"rss","url":"","label":"RSS","class":"rss","icon":"rss.png"},"spotify":{"key":"spotify","url":"","label":"Spotify","class":"spotify","icon":"spotify.png"},"stitcher":{"key":"stitcher","url":"","label":"Stitcher","class":"stitcher","icon":"stitcher.png"},"tunein":{"key":"tunein","url":"","label":"TuneIn","class":"tunein","icon":"tunein.png"},"youtube":{"key":"youtube","url":"","label":"YouTube","class":"youtube","icon":"youtube.png"},"iheartradio":{"key":"iheartradio","url":"","label":"iHeartRadio","class":"iheartradio","icon":"iheartradio.png"},"ivoox":{"key":"ivoox","url":"","label":"iVoox","class":"ivoox","icon":"ivoox.png"}},"rssFeedUrl":"https:\/\/quechilero.com\/blog\/feed\/podcast\/si-la-vida-nos-da-limones","embedCode":"<blockquote class=\"wp-embedded-content\" data-secret=\"crm0A65I8k\"><a href=\"https:\/\/quechilero.com\/blog\/2009\/06\/17\/casa-pequena\/\">Casa peque\u00f1a<\/a><\/blockquote><iframe sandbox=\"allow-scripts\" security=\"restricted\" src=\"https:\/\/quechilero.com\/blog\/2009\/06\/17\/casa-pequena\/embed\/#?secret=crm0A65I8k\" width=\"500\" height=\"350\" title=\"\u00abCasa peque\u00f1a\u00bb \u2014 Si la Vida nos da Limones...\" data-secret=\"crm0A65I8k\" frameborder=\"0\" marginwidth=\"0\" marginheight=\"0\" scrolling=\"no\" class=\"wp-embedded-content\"><\/iframe><script>\n\/*! This file is auto-generated *\/\n!function(d,l){\"use strict\";l.querySelector&&d.addEventListener&&\"undefined\"!=typeof URL&&(d.wp=d.wp||{},d.wp.receiveEmbedMessage||(d.wp.receiveEmbedMessage=function(e){var t=e.data;if((t||t.secret||t.message||t.value)&&!\/[^a-zA-Z0-9]\/.test(t.secret)){for(var s,r,n,a=l.querySelectorAll('iframe[data-secret=\"'+t.secret+'\"]'),o=l.querySelectorAll('blockquote[data-secret=\"'+t.secret+'\"]'),c=new RegExp(\"^https?:$\",\"i\"),i=0;i<o.length;i++)o[i].style.display=\"none\";for(i=0;i<a.length;i++)s=a[i],e.source===s.contentWindow&&(s.removeAttribute(\"style\"),\"height\"===t.message?(1e3<(r=parseInt(t.value,10))?r=1e3:~~r<200&&(r=200),s.height=r):\"link\"===t.message&&(r=new URL(s.getAttribute(\"src\")),n=new URL(t.value),c.test(n.protocol))&&n.host===r.host&&l.activeElement===s&&(d.top.location.href=t.value))}},d.addEventListener(\"message\",d.wp.receiveEmbedMessage,!1),l.addEventListener(\"DOMContentLoaded\",function(){for(var e,t,s=l.querySelectorAll(\"iframe.wp-embedded-content\"),r=0;r<s.length;r++)(t=(e=s[r]).getAttribute(\"data-secret\"))||(t=Math.random().toString(36).substring(2,12),e.src+=\"#?secret=\"+t,e.setAttribute(\"data-secret\",t)),e.contentWindow.postMessage({message:\"ready\",secret:t},\"*\")},!1)))}(window,document);\n\/\/# sourceURL=https:\/\/quechilero.com\/blog\/wp-includes\/js\/wp-embed.min.js\n<\/script>\n"},"jetpack_publicize_connections":[],"jetpack_shortlink":"https:\/\/wp.me\/pDKli-Je","jetpack_sharing_enabled":true,"jetpack-related-posts":[{"id":21190,"url":"https:\/\/quechilero.com\/blog\/2015\/06\/05\/la-amistad\/","url_meta":{"origin":2804,"position":0},"title":"La amistad","author":"Pepe Barrascout Ortiz","date":"5 junio 2015","format":false,"excerpt":"Constru\u00eda S\u00f3crates una peque\u00f1a casa, en las afueras de Atenas, cuando algunas personas le preguntaron para qu\u00e9 servir\u00eda esa min\u00fascula habitaci\u00f3n. \u00c9l contest\u00f3 que era para sus amigos. Admirados le replicaron que ah\u00ed no cabr\u00eda casi nadie y entonces, con su ya tradicional y fina iron\u00eda, respondi\u00f3: \"\u00a1Qu\u00e9 diera yo\u2026","rel":"","context":"En \u00abLimones\u00bb","block_context":{"text":"Limones","link":"https:\/\/quechilero.com\/blog\/category\/limones\/"},"img":{"alt_text":"","src":"","width":0,"height":0},"classes":[]},{"id":16916,"url":"https:\/\/quechilero.com\/blog\/2013\/08\/27\/caminar-sin-detenerse\/","url_meta":{"origin":2804,"position":1},"title":"Caminar sin detenerse","author":"Pepe Barrascout Ortiz","date":"27 agosto 2013","format":false,"excerpt":"Cuando S\u00f3crates estaba en la c\u00e1rcel, le pidi\u00f3 a un prisionero que cantaba que le ense\u00f1ara una canci\u00f3n. - \"\u00bfPara qu\u00e9?\" -le pregunt\u00f3 el otro. - \"Para que pueda morir sabiendo una cosa m\u00e1s\" -respondi\u00f3 el fil\u00f3sofo. Amigos y hermanos, que la paz de Dios reine en sus vidas. Dicen\u2026","rel":"","context":"En \u00abLimones\u00bb","block_context":{"text":"Limones","link":"https:\/\/quechilero.com\/blog\/category\/limones\/"},"img":{"alt_text":"","src":"","width":0,"height":0},"classes":[]},{"id":2791,"url":"https:\/\/quechilero.com\/blog\/2009\/06\/11\/del-mercado\/","url_meta":{"origin":2804,"position":2},"title":"Del Mercado","author":"Pepe Barrascout Ortiz","date":"11 junio 2009","format":false,"excerpt":"El fil\u00f3sofo S\u00f3crates, que provoc\u00f3 una verdadera revoluci\u00f3n del pensamiento humano (y por causa de esto acab\u00f3 condenado a muerte), era siempre visto paseando por el mercado principal de la ciudad. Cierto d\u00eda, uno de sus disc\u00edpulos pregunt\u00f3: \"Maestro, aprendemos con el se\u00f1or que todo sabio lleva una vida simple.\u2026","rel":"","context":"En \u00abLimones\u00bb","block_context":{"text":"Limones","link":"https:\/\/quechilero.com\/blog\/category\/limones\/"},"img":{"alt_text":"","src":"","width":0,"height":0},"classes":[]},{"id":2627,"url":"https:\/\/quechilero.com\/blog\/2009\/04\/08\/la-ira-no-es-buena-consejera\/","url_meta":{"origin":2804,"position":3},"title":"La ira no es buena consejera","author":"Pepe Barrascout Ortiz","date":"8 abril 2009","format":false,"excerpt":"S\u00f3crates lleg\u00f3 a acostumbrarse a no dejarse dominar por la ira ni el miedo ni la preocupaci\u00f3n. Cuando un d\u00eda lo insult\u00f3 uno de sus alumnos, se qued\u00f3 callado y ni lo rega\u00f1\u00f3 ni lo castig\u00f3. A los tres d\u00edas le llam\u00f3 la atenci\u00f3n y le impuso un castigo. Le\u2026","rel":"","context":"En \u00abLimones\u00bb","block_context":{"text":"Limones","link":"https:\/\/quechilero.com\/blog\/category\/limones\/"},"img":{"alt_text":"","src":"","width":0,"height":0},"classes":[]},{"id":131,"url":"https:\/\/quechilero.com\/blog\/2006\/08\/14\/frases-celebres\/","url_meta":{"origin":2804,"position":4},"title":"Frases c\u00e9lebres","author":"Pepe Barrascout Ortiz","date":"14 agosto 2006","format":false,"excerpt":"Peque\u00f1o recopilatorio de frases que podr\u00edamos clasificar como c\u00e9lebres, solo porque se les ha atribu\u00eddo a alg\u00fan personaje c\u00e9lebre. Otro grupo de frases c\u00e9lebres, dichas por un personaje igual de c\u00e9lebre, las podemos ver haciendo click ac\u00e1. Tambi\u00e9n se puede leer un listado de frases inteligentes sobre la guerra, aqui.\u2026","rel":"","context":"En \u00abLimones\u00bb","block_context":{"text":"Limones","link":"https:\/\/quechilero.com\/blog\/category\/limones\/"},"img":{"alt_text":"","src":"","width":0,"height":0},"classes":[]},{"id":19297,"url":"https:\/\/quechilero.com\/blog\/2014\/09\/02\/la-grandeza-de-lo-pequeno\/","url_meta":{"origin":2804,"position":5},"title":"La grandeza de lo peque\u00f1o","author":"Pepe Barrascout Ortiz","date":"2 septiembre 2014","format":false,"excerpt":"\"Yo te alabo, Padre, porque has ocultado estas cosas a los sabios y entendidos, y las revelaste a los peque\u00f1os.\" (Lc. 10:21) Estas palabras encierran un misterio y una paradoja para la l\u00f3gica humana. Los m\u00e1s grandes acontecimientos de su vida, Cristo no los quiso revelar a quienes, seg\u00fan el\u2026","rel":"","context":"En \u00abLimones\u00bb","block_context":{"text":"Limones","link":"https:\/\/quechilero.com\/blog\/category\/limones\/"},"img":{"alt_text":"","src":"","width":0,"height":0},"classes":[]}],"jetpack_featured_media_url":"","_links":{"self":[{"href":"https:\/\/quechilero.com\/blog\/wp-json\/wp\/v2\/posts\/2804","targetHints":{"allow":["GET"]}}],"collection":[{"href":"https:\/\/quechilero.com\/blog\/wp-json\/wp\/v2\/posts"}],"about":[{"href":"https:\/\/quechilero.com\/blog\/wp-json\/wp\/v2\/types\/post"}],"author":[{"embeddable":true,"href":"https:\/\/quechilero.com\/blog\/wp-json\/wp\/v2\/users\/1"}],"replies":[{"embeddable":true,"href":"https:\/\/quechilero.com\/blog\/wp-json\/wp\/v2\/comments?post=2804"}],"version-history":[{"count":0,"href":"https:\/\/quechilero.com\/blog\/wp-json\/wp\/v2\/posts\/2804\/revisions"}],"wp:attachment":[{"href":"https:\/\/quechilero.com\/blog\/wp-json\/wp\/v2\/media?parent=2804"}],"wp:term":[{"taxonomy":"category","embeddable":true,"href":"https:\/\/quechilero.com\/blog\/wp-json\/wp\/v2\/categories?post=2804"},{"taxonomy":"post_tag","embeddable":true,"href":"https:\/\/quechilero.com\/blog\/wp-json\/wp\/v2\/tags?post=2804"},{"taxonomy":"series","embeddable":true,"href":"https:\/\/quechilero.com\/blog\/wp-json\/wp\/v2\/series?post=2804"}],"curies":[{"name":"wp","href":"https:\/\/api.w.org\/{rel}","templated":true}]}}