{"id":280,"date":"2006-10-18T18:52:46","date_gmt":"2006-10-19T00:52:46","guid":{"rendered":"http:\/\/quechilero.com\/blog\/2006\/10\/18\/cuenta-las-bendiciones\/"},"modified":"2006-10-18T18:52:46","modified_gmt":"2006-10-19T00:52:46","slug":"cuenta-las-bendiciones","status":"publish","type":"post","link":"https:\/\/quechilero.com\/blog\/2006\/10\/18\/cuenta-las-bendiciones\/","title":{"rendered":"Cuenta las bendiciones"},"content":{"rendered":"<p>A la edad de treinta y dos a\u00f1os a Doug McKnight se le diagnostic\u00f3 esclerosis  m\u00faltiple. Los diecis\u00e9is a\u00f1os siguientes le costaron su carrera, su movilidad y  finalmente la vida.<\/p>\n<p>Debido a la esclerosis m\u00faltiple no pod\u00eda comer por s\u00ed mismo ni caminar;  combati\u00f3 la depresi\u00f3n y el temor.<\/p>\n<p>A trav\u00e9s de todo esto, nunca perdi\u00f3 el sentido de la gratitud. La evidencia  de esto es su lista de oraci\u00f3n. Los amigos de su congregaci\u00f3n le pidieron que  compilara una lista de sus peticiones para interceder por \u00e9l. Su respuesta  inclu\u00eda dieciocho bendiciones por las que estaba agradecido, y seis  preocupaciones por las cuales orar. Sus bendiciones superaban a sus necesidades  por tres a una.<\/p>\n<p>Doug McKnight hab\u00eda aprendido a estar contento.<\/p>\n<p>Lo mismo ocurri\u00f3 con la leprosa en la isla de Tobago. Un misionero de corto  plazo la conoci\u00f3 en un viaje misionero.<\/p>\n<p>En el d\u00eda final, \u00e9l conduc\u00eda la adoraci\u00f3n en una colonia de leprosos.  Pregunt\u00f3 si alguien ten\u00eda una canci\u00f3n favorita.<\/p>\n<p>Cuando hizo la pregunta, una mujer se volvi\u00f3 y dej\u00f3 ver el rostro m\u00e1s  desfigurado que se haya visto. No ten\u00eda orejas ni nariz. Los labios hab\u00edan  desaparecido. Pero levant\u00f3 una mano sin dedos y pregunt\u00f3: \u00ab\u00bfPodemos cantar  &#8216;Cuenta las riquezas que el Se\u00f1or te da&#8217;?\u00bb<\/p>\n<p>El misionero comenz\u00f3 a cantar, pero no pudo terminar. Despu\u00e9s alguien  coment\u00f3: \u00abSupongo que nunca podr\u00e1 volver a cantar esa canci\u00f3n\u00bb. \u00abNo\u00bb respondi\u00f3,  \u00abla cantar\u00e9 nuevamente, pero nunca de la forma en que lo hac\u00eda antes\u00bb.<\/p>\n<p>\u00bfEspera que un cambio de circunstancias traer\u00e1 un cambio en su actitud? Si es  as\u00ed, usted est\u00e1 en prisi\u00f3n, y necesita aprender un secreto para aligerar su  equipaje.<\/p>\n<p>Lo que tiene en El Se\u00f1or su Pastor es mayor que lo que no tiene en la  vida.<\/p>\n<p><strong><em>Del libro \u00abAligere su equipaje\u00bb, de Max  Lucado<\/em><\/strong><\/p>\n","protected":false},"excerpt":{"rendered":"<p>A la edad de treinta y dos a\u00f1os a Doug McKnight se le diagnostic\u00f3 esclerosis m\u00faltiple. Los diecis\u00e9is a\u00f1os siguientes le costaron su carrera, su movilidad y finalmente la vida. Debido a la esclerosis m\u00faltiple no pod\u00eda comer por s\u00ed mismo ni caminar; combati\u00f3 la depresi\u00f3n y el temor. A trav\u00e9s de todo esto, nunca &#8230; <a title=\"Cuenta las bendiciones\" class=\"read-more\" href=\"https:\/\/quechilero.com\/blog\/2006\/10\/18\/cuenta-las-bendiciones\/\" aria-label=\"Leer m\u00e1s sobre Cuenta las bendiciones\">Leer m\u00e1s<\/a><\/p>\n","protected":false},"author":1,"featured_media":0,"comment_status":"open","ping_status":"open","sticky":false,"template":"","format":"standard","meta":{"advanced_seo_description":"","jetpack_seo_html_title":"","jetpack_seo_noindex":false,"jetpack_seo_schema_type":"","episode_type":"","audio_file":"","podmotor_file_id":"","podmotor_episode_id":"","cover_image":"","cover_image_id":"","duration":"","filesize":"","filesize_raw":"","date_recorded":"","explicit":"","block":"","_jetpack_newsletter_access":"","_jetpack_dont_email_post_to_subs":false,"_jetpack_newsletter_tier_id":0,"_jetpack_memberships_contains_paywalled_content":false,"_jetpack_feature_clip_id":0,"_jetpack_memberships_contains_paid_content":false,"footnotes":"","jetpack_publicize_message":"","jetpack_publicize_feature_enabled":true,"jetpack_social_post_already_shared":false,"jetpack_social_options":{"image_generator_settings":{"template":"highway","default_image_id":0,"font":"","enabled":false},"version":2},"jetpack_post_was_ever_published":false},"categories":[2],"tags":[11,29,85,72,20,86,22,24],"series":[],"class_list":["post-280","post","type-post","status-publish","format-standard","hentry","category-limones","tag-amigo","tag-aprender","tag-depresion","tag-libro","tag-mujer","tag-oracion","tag-respuesta","tag-vida"],"episode_featured_image":false,"episode_player_image":"https:\/\/i0.wp.com\/quechilero.com\/blog\/imagenes\/podcast.png?fit=1831%2C1831&ssl=1","download_link":"","player_link":"","audio_player":false,"episode_data":{"playerMode":"dark","subscribeUrls":{"amazon":{"key":"amazon","url":"","label":"Amazon","class":"amazon","icon":"amazon.png"},"apple_podcasts":{"key":"apple_podcasts","url":"","label":"Apple Podcasts","class":"apple_podcasts","icon":"apple-podcasts.png"},"castbox":{"key":"castbox","url":"","label":"CastBox","class":"castbox","icon":"castbox.png"},"deezer":{"key":"deezer","url":"","label":"Deezer","class":"deezer","icon":"deezer.png"},"google_podcasts":{"key":"google_podcasts","url":"","label":"Google Podcasts","class":"google_podcasts","icon":"google-podcasts.png"},"listen_notes":{"key":"listen_notes","url":"","label":"Listen Notes","class":"listen_notes","icon":"listen-notes.png"},"pandora":{"key":"pandora","url":"","label":"Pandora","class":"pandora","icon":"pandora.png"},"podbean":{"key":"podbean","url":"","label":"Podbean","class":"podbean","icon":"podbean.png"},"podcast_republic":{"key":"podcast_republic","url":"","label":"Podcast Republic","class":"podcast_republic","icon":"podcast-republic.png"},"rss":{"key":"rss","url":"","label":"RSS","class":"rss","icon":"rss.png"},"spotify":{"key":"spotify","url":"","label":"Spotify","class":"spotify","icon":"spotify.png"},"stitcher":{"key":"stitcher","url":"","label":"Stitcher","class":"stitcher","icon":"stitcher.png"},"tunein":{"key":"tunein","url":"","label":"TuneIn","class":"tunein","icon":"tunein.png"},"youtube":{"key":"youtube","url":"","label":"YouTube","class":"youtube","icon":"youtube.png"},"iheartradio":{"key":"iheartradio","url":"","label":"iHeartRadio","class":"iheartradio","icon":"iheartradio.png"},"ivoox":{"key":"ivoox","url":"","label":"iVoox","class":"ivoox","icon":"ivoox.png"}},"rssFeedUrl":"https:\/\/quechilero.com\/blog\/feed\/podcast\/si-la-vida-nos-da-limones","embedCode":"<blockquote class=\"wp-embedded-content\" data-secret=\"YZ0fu06TVG\"><a href=\"https:\/\/quechilero.com\/blog\/2006\/10\/18\/cuenta-las-bendiciones\/\">Cuenta las bendiciones<\/a><\/blockquote><iframe sandbox=\"allow-scripts\" security=\"restricted\" src=\"https:\/\/quechilero.com\/blog\/2006\/10\/18\/cuenta-las-bendiciones\/embed\/#?secret=YZ0fu06TVG\" width=\"500\" height=\"350\" title=\"\u00abCuenta las bendiciones\u00bb \u2014 Si la Vida nos da Limones...\" data-secret=\"YZ0fu06TVG\" frameborder=\"0\" marginwidth=\"0\" marginheight=\"0\" scrolling=\"no\" class=\"wp-embedded-content\"><\/iframe><script>\n\/*! This file is auto-generated *\/\n!function(d,l){\"use strict\";l.querySelector&&d.addEventListener&&\"undefined\"!=typeof URL&&(d.wp=d.wp||{},d.wp.receiveEmbedMessage||(d.wp.receiveEmbedMessage=function(e){var t=e.data;if((t||t.secret||t.message||t.value)&&!\/[^a-zA-Z0-9]\/.test(t.secret)){for(var s,r,n,a=l.querySelectorAll('iframe[data-secret=\"'+t.secret+'\"]'),o=l.querySelectorAll('blockquote[data-secret=\"'+t.secret+'\"]'),c=new RegExp(\"^https?:$\",\"i\"),i=0;i<o.length;i++)o[i].style.display=\"none\";for(i=0;i<a.length;i++)s=a[i],e.source===s.contentWindow&&(s.removeAttribute(\"style\"),\"height\"===t.message?(1e3<(r=parseInt(t.value,10))?r=1e3:~~r<200&&(r=200),s.height=r):\"link\"===t.message&&(r=new URL(s.getAttribute(\"src\")),n=new URL(t.value),c.test(n.protocol))&&n.host===r.host&&l.activeElement===s&&(d.top.location.href=t.value))}},d.addEventListener(\"message\",d.wp.receiveEmbedMessage,!1),l.addEventListener(\"DOMContentLoaded\",function(){for(var e,t,s=l.querySelectorAll(\"iframe.wp-embedded-content\"),r=0;r<s.length;r++)(t=(e=s[r]).getAttribute(\"data-secret\"))||(t=Math.random().toString(36).substring(2,12),e.src+=\"#?secret=\"+t,e.setAttribute(\"data-secret\",t)),e.contentWindow.postMessage({message:\"ready\",secret:t},\"*\")},!1)))}(window,document);\n\/\/# sourceURL=https:\/\/quechilero.com\/blog\/wp-includes\/js\/wp-embed.min.js\n<\/script>\n"},"jetpack_publicize_connections":[],"jetpack_shortlink":"https:\/\/wp.me\/pDKli-4w","jetpack_sharing_enabled":true,"jetpack-related-posts":[{"id":6452,"url":"https:\/\/quechilero.com\/blog\/2011\/02\/04\/el-hijo-malagradecido\/","url_meta":{"origin":280,"position":0},"title":"El hijo malagradecido","author":"Pepe Barrascout Ortiz","date":"4 febrero 2011","format":false,"excerpt":"Se cuenta que una se\u00f1ora de edad, viviendo en gran pobreza, se quejaba de su hijo que viv\u00eda en Estados Unidos y que era rico. Dec\u00eda que \u00e9l era cruel y malagradecido. \"\u00bf\u00c9l nunca le manda dinero?\" -le preguntaron a ella. \"Ni un centavo...\" -contest\u00f3. \"Manda frecuentemente algunos retratos, pero\u2026","rel":"","context":"En \u00abLimones\u00bb","block_context":{"text":"Limones","link":"https:\/\/quechilero.com\/blog\/category\/limones\/"},"img":{"alt_text":"","src":"","width":0,"height":0},"classes":[]},{"id":11459,"url":"https:\/\/quechilero.com\/blog\/2011\/12\/24\/oracion-de-bendicion-para-la-cena-de-navidad\/","url_meta":{"origin":280,"position":1},"title":"Oraci\u00f3n de Bendici\u00f3n para la Cena de Navidad","author":"Pepe Barrascout Ortiz","date":"24 diciembre 2011","format":false,"excerpt":"Bendice, Se\u00f1or, nuestra mesa.\u00a0Bendice la fraternidad y la armon\u00eda que hay\u00a0entre nosotros. Danos alegr\u00eda, paz, salud, pan\u2026 durante\u00a0toda nuestra vida. Danos fuerza y ternura para ser hombres y\u00a0mujeres justos donde haya buenos d\u00edas y muchas noches-buenas, como \u00e9sta y la que celebraremos con nuestras familias el 24 de diciembre. Queremos\u2026","rel":"","context":"En \u00abLimones\u00bb","block_context":{"text":"Limones","link":"https:\/\/quechilero.com\/blog\/category\/limones\/"},"img":{"alt_text":"","src":"","width":0,"height":0},"classes":[]},{"id":17802,"url":"https:\/\/quechilero.com\/blog\/2014\/04\/27\/oracion-oficial-a-san-juan-pablo-ii\/","url_meta":{"origin":280,"position":2},"title":"Oraci\u00f3n Oficial a San Juan Pablo II","author":"Pepe Barrascout Ortiz","date":"27 abril 2014","format":false,"excerpt":"\u00a1Oh San Juan Pablo, desde la ventana del Cielo d\u00f3nanos tu bendici\u00f3n! Bendice a la Iglesia, que t\u00fa has amado, servido, y guiado, anim\u00e1ndola a caminar con coraje por los senderos del mundo para llevar a Jes\u00fas a todos y a todos a Jes\u00fas. Bendice a los j\u00f3venes, que han\u2026","rel":"","context":"En \u00abLimones\u00bb","block_context":{"text":"Limones","link":"https:\/\/quechilero.com\/blog\/category\/limones\/"},"img":{"alt_text":"","src":"https:\/\/i0.wp.com\/lh6.googleusercontent.com\/-2B9-CvruU-A\/U2Aomq64tyI\/AAAAAAAACcc\/SQtxp0pHbW8\/w500-h375-no\/sanjuanpablooracion.jpg?resize=350%2C200&ssl=1","width":350,"height":200},"classes":[]},{"id":19844,"url":"https:\/\/quechilero.com\/blog\/2015\/02\/21\/la-senal-de-la-cruz\/","url_meta":{"origin":280,"position":3},"title":"La se\u00f1al de la Cruz","author":"Pepe Barrascout Ortiz","date":"21 febrero 2015","format":false,"excerpt":"La se\u00f1al de la Cruz es un gesto precioso por su historia, por su significado y por su poder. Es la se\u00f1al de mi fe; muestra qui\u00e9n soy y lo que creo. Es el resumen del Credo. Es la se\u00f1al de mi agradecimiento. Tengo que hacer con amor y emoci\u00f3n\u2026","rel":"","context":"En \u00abLimones\u00bb","block_context":{"text":"Limones","link":"https:\/\/quechilero.com\/blog\/category\/limones\/"},"img":{"alt_text":"","src":"","width":0,"height":0},"classes":[]},{"id":16343,"url":"https:\/\/quechilero.com\/blog\/2013\/03\/18\/las-primeras-palabras-del-papa-francisco\/","url_meta":{"origin":280,"position":4},"title":"Las primeras palabras del Papa Francisco","author":"Pepe Barrascout Ortiz","date":"18 marzo 2013","format":false,"excerpt":"https:\/\/youtu.be\/fd5kNiBp1Lg Hermanos y hermanas, buenas tardes. Sab\u00e9is que el deber del c\u00f3nclave era dar un Obispo a Roma. Parece que mis hermanos Cardenales han ido a buscarlo casi al fin del mundo..., pero aqu\u00ed estamos. Os agradezco la acogida. La comunidad diocesana de Roma tiene a su Obispo. Gracias. Y\u2026","rel":"","context":"En \u00abLimones\u00bb","block_context":{"text":"Limones","link":"https:\/\/quechilero.com\/blog\/category\/limones\/"},"img":{"alt_text":"","src":"https:\/\/i0.wp.com\/img.youtube.com\/vi\/fd5kNiBp1Lg\/0.jpg?resize=350%2C200","width":350,"height":200},"classes":[]},{"id":2326,"url":"https:\/\/quechilero.com\/blog\/2009\/01\/15\/senor-de-esquipulas-2\/","url_meta":{"origin":280,"position":5},"title":"Se\u00f1or de Esquipulas","author":"Pepe Barrascout Ortiz","date":"15 enero 2009","format":false,"excerpt":"Creo en Ti, Dios Padre, creemos en Ti, Se\u00f1or nuestro, fuente de vida y de esperanzas, creador de nuestro ser y due\u00f1o de nuestra vida, T\u00fa, s\u00f3lo T\u00fa eres quien nos form\u00f3 y quien nos mueve. Creo en Ti, Dios Hijo, creemos en Ti, Amigo fiel, compa\u00f1ero de camino y\u2026","rel":"","context":"En \u00abLimones\u00bb","block_context":{"text":"Limones","link":"https:\/\/quechilero.com\/blog\/category\/limones\/"},"img":{"alt_text":"","src":"https:\/\/i0.wp.com\/img76.imageshack.us\/img76\/3873\/basilicanoche06wn7.jpg?resize=350%2C200","width":350,"height":200},"classes":[]}],"jetpack_featured_media_url":"","_links":{"self":[{"href":"https:\/\/quechilero.com\/blog\/wp-json\/wp\/v2\/posts\/280","targetHints":{"allow":["GET"]}}],"collection":[{"href":"https:\/\/quechilero.com\/blog\/wp-json\/wp\/v2\/posts"}],"about":[{"href":"https:\/\/quechilero.com\/blog\/wp-json\/wp\/v2\/types\/post"}],"author":[{"embeddable":true,"href":"https:\/\/quechilero.com\/blog\/wp-json\/wp\/v2\/users\/1"}],"replies":[{"embeddable":true,"href":"https:\/\/quechilero.com\/blog\/wp-json\/wp\/v2\/comments?post=280"}],"version-history":[{"count":0,"href":"https:\/\/quechilero.com\/blog\/wp-json\/wp\/v2\/posts\/280\/revisions"}],"wp:attachment":[{"href":"https:\/\/quechilero.com\/blog\/wp-json\/wp\/v2\/media?parent=280"}],"wp:term":[{"taxonomy":"category","embeddable":true,"href":"https:\/\/quechilero.com\/blog\/wp-json\/wp\/v2\/categories?post=280"},{"taxonomy":"post_tag","embeddable":true,"href":"https:\/\/quechilero.com\/blog\/wp-json\/wp\/v2\/tags?post=280"},{"taxonomy":"series","embeddable":true,"href":"https:\/\/quechilero.com\/blog\/wp-json\/wp\/v2\/series?post=280"}],"curies":[{"name":"wp","href":"https:\/\/api.w.org\/{rel}","templated":true}]}}