{"id":2799,"date":"2009-06-14T08:00:22","date_gmt":"2009-06-14T14:00:22","guid":{"rendered":"http:\/\/quechilero.com\/blog\/?p=2799"},"modified":"2009-06-14T08:00:22","modified_gmt":"2009-06-14T14:00:22","slug":"la-zorra-y-el-cuervo-griton","status":"publish","type":"post","link":"https:\/\/quechilero.com\/blog\/2009\/06\/14\/la-zorra-y-el-cuervo-griton\/","title":{"rendered":"La zorra y el cuervo grit\u00f3n"},"content":{"rendered":"<p>Un cuervo rob\u00f3 a unos pastores un pedazo de carne y se retir\u00f3 a un \u00e1rbol.<\/p>\n<p>Lo vio una zorra y, deseando apoderarse de aquella carne, empez\u00f3 a halagar al cuervo, elogiando sus elegantes proporciones y su gran belleza, agregando adem\u00e1s que no hab\u00eda encontrado a nadie mejor dotado que \u00e9l para ser el rey de las aves, pero que lo afectaba el hecho de que no tuviera voz.<\/p>\n<p>El cuervo, para demostrarle a la zorra que no le faltaba la voz, solt\u00f3 la carne para lanzar con orgullo fuertes gritos.<\/p>\n<p>La zorra, sin perder tiempo, r\u00e1pidamente cogi\u00f3 la carne y le dijo:<\/p>\n<p><em>&#8211; Amigo cuervo, si adem\u00e1s de vanidad tuvieras entendimiento, nada m\u00e1s te faltar\u00eda realmente para ser el rey de las aves.<\/em><\/p>\n<p><em>Cuando te adulen, es cuando con m\u00e1s raz\u00f3n debes cuidar de tus bienes.<\/em><\/p>\n<p><strong>Esopo<\/strong><\/p>\n","protected":false},"excerpt":{"rendered":"<p>Un cuervo rob\u00f3 a unos pastores un pedazo de carne y se retir\u00f3 a un \u00e1rbol. Lo vio una zorra y, deseando apoderarse de aquella carne, empez\u00f3 a halagar al cuervo, elogiando sus elegantes proporciones y su gran belleza, agregando adem\u00e1s que no hab\u00eda encontrado a nadie mejor dotado que \u00e9l para ser el rey &#8230; <a title=\"La zorra y el cuervo grit\u00f3n\" class=\"read-more\" href=\"https:\/\/quechilero.com\/blog\/2009\/06\/14\/la-zorra-y-el-cuervo-griton\/\" aria-label=\"Leer m\u00e1s sobre La zorra y el cuervo grit\u00f3n\">Leer m\u00e1s<\/a><\/p>\n","protected":false},"author":1,"featured_media":0,"comment_status":"open","ping_status":"open","sticky":false,"template":"","format":"standard","meta":{"advanced_seo_description":"","jetpack_seo_html_title":"","jetpack_seo_noindex":false,"jetpack_seo_schema_type":"","episode_type":"","audio_file":"","podmotor_file_id":"","podmotor_episode_id":"","cover_image":"","cover_image_id":"","duration":"","filesize":"","filesize_raw":"","date_recorded":"","explicit":"","block":"","_jetpack_newsletter_access":"","_jetpack_dont_email_post_to_subs":false,"_jetpack_newsletter_tier_id":0,"_jetpack_memberships_contains_paywalled_content":false,"_jetpack_feature_clip_id":0,"_jetpack_memberships_contains_paid_content":false,"footnotes":"","jetpack_publicize_message":"","jetpack_publicize_feature_enabled":true,"jetpack_social_post_already_shared":false,"jetpack_social_options":{"image_generator_settings":{"template":"highway","default_image_id":0,"font":"","enabled":false},"version":2},"jetpack_post_was_ever_published":false},"categories":[2],"tags":[11,5],"series":[],"class_list":["post-2799","post","type-post","status-publish","format-standard","hentry","category-limones","tag-amigo","tag-tiempo"],"episode_featured_image":false,"episode_player_image":"https:\/\/i0.wp.com\/quechilero.com\/blog\/imagenes\/podcast.png?fit=1831%2C1831&ssl=1","download_link":"","player_link":"","audio_player":false,"episode_data":{"playerMode":"dark","subscribeUrls":{"amazon":{"key":"amazon","url":"","label":"Amazon","class":"amazon","icon":"amazon.png"},"apple_podcasts":{"key":"apple_podcasts","url":"","label":"Apple Podcasts","class":"apple_podcasts","icon":"apple-podcasts.png"},"castbox":{"key":"castbox","url":"","label":"CastBox","class":"castbox","icon":"castbox.png"},"deezer":{"key":"deezer","url":"","label":"Deezer","class":"deezer","icon":"deezer.png"},"google_podcasts":{"key":"google_podcasts","url":"","label":"Google Podcasts","class":"google_podcasts","icon":"google-podcasts.png"},"listen_notes":{"key":"listen_notes","url":"","label":"Listen Notes","class":"listen_notes","icon":"listen-notes.png"},"pandora":{"key":"pandora","url":"","label":"Pandora","class":"pandora","icon":"pandora.png"},"podbean":{"key":"podbean","url":"","label":"Podbean","class":"podbean","icon":"podbean.png"},"podcast_republic":{"key":"podcast_republic","url":"","label":"Podcast Republic","class":"podcast_republic","icon":"podcast-republic.png"},"rss":{"key":"rss","url":"","label":"RSS","class":"rss","icon":"rss.png"},"spotify":{"key":"spotify","url":"","label":"Spotify","class":"spotify","icon":"spotify.png"},"stitcher":{"key":"stitcher","url":"","label":"Stitcher","class":"stitcher","icon":"stitcher.png"},"tunein":{"key":"tunein","url":"","label":"TuneIn","class":"tunein","icon":"tunein.png"},"youtube":{"key":"youtube","url":"","label":"YouTube","class":"youtube","icon":"youtube.png"},"iheartradio":{"key":"iheartradio","url":"","label":"iHeartRadio","class":"iheartradio","icon":"iheartradio.png"},"ivoox":{"key":"ivoox","url":"","label":"iVoox","class":"ivoox","icon":"ivoox.png"}},"rssFeedUrl":"https:\/\/quechilero.com\/blog\/feed\/podcast\/si-la-vida-nos-da-limones","embedCode":"<blockquote class=\"wp-embedded-content\" data-secret=\"yfOqckflbU\"><a href=\"https:\/\/quechilero.com\/blog\/2009\/06\/14\/la-zorra-y-el-cuervo-griton\/\">La zorra y el cuervo grit\u00f3n<\/a><\/blockquote><iframe sandbox=\"allow-scripts\" security=\"restricted\" src=\"https:\/\/quechilero.com\/blog\/2009\/06\/14\/la-zorra-y-el-cuervo-griton\/embed\/#?secret=yfOqckflbU\" width=\"500\" height=\"350\" title=\"\u00abLa zorra y el cuervo grit\u00f3n\u00bb \u2014 Si la Vida nos da Limones...\" data-secret=\"yfOqckflbU\" frameborder=\"0\" marginwidth=\"0\" marginheight=\"0\" scrolling=\"no\" class=\"wp-embedded-content\"><\/iframe><script>\n\/*! This file is auto-generated *\/\n!function(d,l){\"use strict\";l.querySelector&&d.addEventListener&&\"undefined\"!=typeof URL&&(d.wp=d.wp||{},d.wp.receiveEmbedMessage||(d.wp.receiveEmbedMessage=function(e){var t=e.data;if((t||t.secret||t.message||t.value)&&!\/[^a-zA-Z0-9]\/.test(t.secret)){for(var s,r,n,a=l.querySelectorAll('iframe[data-secret=\"'+t.secret+'\"]'),o=l.querySelectorAll('blockquote[data-secret=\"'+t.secret+'\"]'),c=new RegExp(\"^https?:$\",\"i\"),i=0;i<o.length;i++)o[i].style.display=\"none\";for(i=0;i<a.length;i++)s=a[i],e.source===s.contentWindow&&(s.removeAttribute(\"style\"),\"height\"===t.message?(1e3<(r=parseInt(t.value,10))?r=1e3:~~r<200&&(r=200),s.height=r):\"link\"===t.message&&(r=new URL(s.getAttribute(\"src\")),n=new URL(t.value),c.test(n.protocol))&&n.host===r.host&&l.activeElement===s&&(d.top.location.href=t.value))}},d.addEventListener(\"message\",d.wp.receiveEmbedMessage,!1),l.addEventListener(\"DOMContentLoaded\",function(){for(var e,t,s=l.querySelectorAll(\"iframe.wp-embedded-content\"),r=0;r<s.length;r++)(t=(e=s[r]).getAttribute(\"data-secret\"))||(t=Math.random().toString(36).substring(2,12),e.src+=\"#?secret=\"+t,e.setAttribute(\"data-secret\",t)),e.contentWindow.postMessage({message:\"ready\",secret:t},\"*\")},!1)))}(window,document);\n\/\/# sourceURL=https:\/\/quechilero.com\/blog\/wp-includes\/js\/wp-embed.min.js\n<\/script>\n"},"jetpack_publicize_connections":[],"jetpack_shortlink":"https:\/\/wp.me\/pDKli-J9","jetpack_sharing_enabled":true,"jetpack-related-posts":[{"id":21398,"url":"https:\/\/quechilero.com\/blog\/2015\/07\/28\/la-zorra-y-el-cuervo-hambriento\/","url_meta":{"origin":2799,"position":0},"title":"La zorra y el cuervo hambriento","author":"Pepe Barrascout Ortiz","date":"28 julio 2015","format":false,"excerpt":"Un flaco y hambriento cuervo se pos\u00f3 en una higuera, y viendo que los higos a\u00fan estaban verdes, se qued\u00f3 en el sitio a esperar a que maduraran. Vio una zorra al hambriento cuervo eternizado en la higuera, y le pregunt\u00f3 qu\u00e9 hac\u00eda. Una vez que lo supo, le dijo:\u2026","rel":"","context":"En \u00abLimones\u00bb","block_context":{"text":"Limones","link":"https:\/\/quechilero.com\/blog\/category\/limones\/"},"img":{"alt_text":"","src":"","width":0,"height":0},"classes":[]},{"id":521,"url":"https:\/\/quechilero.com\/blog\/2007\/04\/16\/lecciones-gerenciales-de-la-naturaleza\/","url_meta":{"origin":2799,"position":1},"title":"Lecciones Gerenciales de la Naturaleza","author":"Pepe Barrascout Ortiz","date":"16 abril 2007","format":false,"excerpt":"Lecci\u00f3n 1 Un cuervo estaba sentado en un \u00e1rbol, sin hacer nada en todo el d\u00eda. Un conejito vio al cuervo y le pregunt\u00f3: \"\u00bfPodr\u00eda yo tambien sentarme, sin hacer nada, todo el d\u00eda?\" El cuervo respondi\u00f3: \"Claro. \u00bfPor qu\u00e9 no?\" El conejito se tumb\u00f3 a la sombra del \u00e1rbol\u2026","rel":"","context":"En \u00abLimones\u00bb","block_context":{"text":"Limones","link":"https:\/\/quechilero.com\/blog\/category\/limones\/"},"img":{"alt_text":"","src":"","width":0,"height":0},"classes":[]},{"id":16032,"url":"https:\/\/quechilero.com\/blog\/2013\/02\/17\/la-gaviota-y-el-cuervo\/","url_meta":{"origin":2799,"position":2},"title":"La gaviota y el cuervo","author":"Pepe Barrascout Ortiz","date":"17 febrero 2013","format":false,"excerpt":"Una gaviota encerrada en una jaula se jactaba del gran n\u00famero de cr\u00edas que hab\u00eda incubado. Un cuervo que la oy\u00f3, le dijo: - Mi buena amiga, deja esa jactancia intempestiva. Entre m\u00e1s grande el n\u00famero de tu familia, mayor ser\u00e1 tu pena, en vista de que m\u00e1s de los\u2026","rel":"","context":"En \u00abLimones\u00bb","block_context":{"text":"Limones","link":"https:\/\/quechilero.com\/blog\/category\/limones\/"},"img":{"alt_text":"","src":"","width":0,"height":0},"classes":[]},{"id":5099,"url":"https:\/\/quechilero.com\/blog\/2010\/07\/17\/el-leon-y-el-jabali\/","url_meta":{"origin":2799,"position":3},"title":"El le\u00f3n y el jabal\u00ed","author":"Pepe Barrascout Ortiz","date":"17 julio 2010","format":false,"excerpt":"Durante el verano, cuando con el calor aumenta la sed, acudieron a beber a una misma fuente un le\u00f3n y un jabal\u00ed. Discutieron sobre qui\u00e9n deber\u00eda ser el primero en beber, y de la discusi\u00f3n pasaron a una feroz lucha a muerte. Pero, en un momento de descanso, vieron una\u2026","rel":"","context":"En \u00abLimones\u00bb","block_context":{"text":"Limones","link":"https:\/\/quechilero.com\/blog\/category\/limones\/"},"img":{"alt_text":"","src":"","width":0,"height":0},"classes":[]},{"id":4972,"url":"https:\/\/quechilero.com\/blog\/2010\/06\/18\/el-cuervo-y-la-culebra\/","url_meta":{"origin":2799,"position":4},"title":"El cuervo y la culebra","author":"Pepe Barrascout Ortiz","date":"18 junio 2010","format":false,"excerpt":"Andaba un cuervo escaso de comida y vio en el prado a una culebra dormida al sol; cay\u00f3 veloz sobre ella y la rapt\u00f3. Mas la culebra, despertando de su sue\u00f1o, se volvi\u00f3 y la mordi\u00f3. El cuervo vi\u00e9ndose morir dijo: - \u00a1Desdichado de m\u00ed, que encontr\u00e9 un tesoro pero\u2026","rel":"","context":"En \u00abLimones\u00bb","block_context":{"text":"Limones","link":"https:\/\/quechilero.com\/blog\/category\/limones\/"},"img":{"alt_text":"","src":"","width":0,"height":0},"classes":[]},{"id":5674,"url":"https:\/\/quechilero.com\/blog\/2010\/09\/27\/el-aguila-el-cuervo-y-el-pastor\/","url_meta":{"origin":2799,"position":5},"title":"El \u00e1guila, el cuervo y el pastor","author":"Pepe Barrascout Ortiz","date":"27 septiembre 2010","format":false,"excerpt":"Lanz\u00e1ndose desde una cima, un \u00e1guila arrebat\u00f3 a un corderito. La vio un cuervo y tratando de imitar al \u00e1guila, se lanz\u00f3 sobre un carnero, pero con tan mal conocimiento en el arte que sus garras se enredaron en la lana, y batiendo al m\u00e1ximo sus alas no logr\u00f3 soltarse.\u2026","rel":"","context":"En \u00abLimones\u00bb","block_context":{"text":"Limones","link":"https:\/\/quechilero.com\/blog\/category\/limones\/"},"img":{"alt_text":"","src":"","width":0,"height":0},"classes":[]}],"jetpack_featured_media_url":"","_links":{"self":[{"href":"https:\/\/quechilero.com\/blog\/wp-json\/wp\/v2\/posts\/2799","targetHints":{"allow":["GET"]}}],"collection":[{"href":"https:\/\/quechilero.com\/blog\/wp-json\/wp\/v2\/posts"}],"about":[{"href":"https:\/\/quechilero.com\/blog\/wp-json\/wp\/v2\/types\/post"}],"author":[{"embeddable":true,"href":"https:\/\/quechilero.com\/blog\/wp-json\/wp\/v2\/users\/1"}],"replies":[{"embeddable":true,"href":"https:\/\/quechilero.com\/blog\/wp-json\/wp\/v2\/comments?post=2799"}],"version-history":[{"count":0,"href":"https:\/\/quechilero.com\/blog\/wp-json\/wp\/v2\/posts\/2799\/revisions"}],"wp:attachment":[{"href":"https:\/\/quechilero.com\/blog\/wp-json\/wp\/v2\/media?parent=2799"}],"wp:term":[{"taxonomy":"category","embeddable":true,"href":"https:\/\/quechilero.com\/blog\/wp-json\/wp\/v2\/categories?post=2799"},{"taxonomy":"post_tag","embeddable":true,"href":"https:\/\/quechilero.com\/blog\/wp-json\/wp\/v2\/tags?post=2799"},{"taxonomy":"series","embeddable":true,"href":"https:\/\/quechilero.com\/blog\/wp-json\/wp\/v2\/series?post=2799"}],"curies":[{"name":"wp","href":"https:\/\/api.w.org\/{rel}","templated":true}]}}