{"id":2791,"date":"2009-06-11T08:00:51","date_gmt":"2009-06-11T14:00:51","guid":{"rendered":"http:\/\/quechilero.com\/blog\/?p=2791"},"modified":"2009-06-11T08:00:51","modified_gmt":"2009-06-11T14:00:51","slug":"del-mercado","status":"publish","type":"post","link":"https:\/\/quechilero.com\/blog\/2009\/06\/11\/del-mercado\/","title":{"rendered":"Del Mercado"},"content":{"rendered":"<p>El fil\u00f3sofo S\u00f3crates, que provoc\u00f3 una verdadera revoluci\u00f3n del pensamiento  humano (y por causa de esto acab\u00f3 condenado a muerte), era siempre visto  paseando por el mercado principal de la ciudad.<\/p>\n<p>Cierto d\u00eda, uno de sus disc\u00edpulos pregunt\u00f3:<em> \u00abMaestro, aprendemos con el se\u00f1or  que todo sabio lleva una vida simple. El se\u00f1or no tiene tampoco siquiera un par  de zapatos\u00bb. <\/em><\/p>\n<p><em>\u00abCorrecto\u00bb<\/em>, respondi\u00f3 S\u00f3crates.<\/p>\n<p>El disc\u00edpulo continu\u00f3: <em>\u00abEntre  tanto, todos los d\u00edas lo vemos en el mercado principal, admirando las  mercader\u00edas. \u00bfSer\u00e1 que podr\u00edamos juntar dinero para que pueda comprar algo?\u00bb.<\/em><\/p>\n<p><em>\u00abTengo todo lo que deseo\u00bb,<\/em> respondi\u00f3 S\u00f3crates. <em>\u00ab\u00a1Mas adoro ir al mercado, para  descubrir que contin\u00fao completamente feliz sin aquel mont\u00f3n de cosas!\u00bb<\/em><\/p>\n<p><strong><em>Del libro \u00abMaktub\u00bb, de Paulo  Coelho<\/em><\/strong><\/p>\n","protected":false},"excerpt":{"rendered":"<p>El fil\u00f3sofo S\u00f3crates, que provoc\u00f3 una verdadera revoluci\u00f3n del pensamiento humano (y por causa de esto acab\u00f3 condenado a muerte), era siempre visto paseando por el mercado principal de la ciudad. Cierto d\u00eda, uno de sus disc\u00edpulos pregunt\u00f3: \u00abMaestro, aprendemos con el se\u00f1or que todo sabio lleva una vida simple. El se\u00f1or no tiene tampoco &#8230; <a title=\"Del Mercado\" class=\"read-more\" href=\"https:\/\/quechilero.com\/blog\/2009\/06\/11\/del-mercado\/\" aria-label=\"Leer m\u00e1s sobre Del Mercado\">Leer m\u00e1s<\/a><\/p>\n","protected":false},"author":1,"featured_media":0,"comment_status":"open","ping_status":"open","sticky":false,"template":"","format":"standard","meta":{"advanced_seo_description":"","jetpack_seo_html_title":"","jetpack_seo_noindex":false,"jetpack_seo_schema_type":"","episode_type":"","audio_file":"","podmotor_file_id":"","podmotor_episode_id":"","cover_image":"","cover_image_id":"","duration":"","filesize":"","filesize_raw":"","date_recorded":"","explicit":"","block":"","_jetpack_newsletter_access":"","_jetpack_dont_email_post_to_subs":false,"_jetpack_newsletter_tier_id":0,"_jetpack_memberships_contains_paywalled_content":false,"_jetpack_feature_clip_id":0,"_jetpack_memberships_contains_paid_content":false,"footnotes":"","jetpack_publicize_message":"","jetpack_publicize_feature_enabled":true,"jetpack_social_post_already_shared":false,"jetpack_social_options":{"image_generator_settings":{"template":"highway","default_image_id":0,"font":"","enabled":false},"version":2},"jetpack_post_was_ever_published":false},"categories":[2],"tags":[12,45,26,46,72,50,41,24],"series":[],"class_list":["post-2791","post","type-post","status-publish","format-standard","hentry","category-limones","tag-cosas","tag-deseo","tag-dinero","tag-feliz","tag-libro","tag-muerte","tag-verdad","tag-vida"],"episode_featured_image":false,"episode_player_image":"https:\/\/i0.wp.com\/quechilero.com\/blog\/imagenes\/podcast.png?fit=1831%2C1831&ssl=1","download_link":"","player_link":"","audio_player":false,"episode_data":{"playerMode":"dark","subscribeUrls":{"amazon":{"key":"amazon","url":"","label":"Amazon","class":"amazon","icon":"amazon.png"},"apple_podcasts":{"key":"apple_podcasts","url":"","label":"Apple Podcasts","class":"apple_podcasts","icon":"apple-podcasts.png"},"castbox":{"key":"castbox","url":"","label":"CastBox","class":"castbox","icon":"castbox.png"},"deezer":{"key":"deezer","url":"","label":"Deezer","class":"deezer","icon":"deezer.png"},"google_podcasts":{"key":"google_podcasts","url":"","label":"Google Podcasts","class":"google_podcasts","icon":"google-podcasts.png"},"listen_notes":{"key":"listen_notes","url":"","label":"Listen Notes","class":"listen_notes","icon":"listen-notes.png"},"pandora":{"key":"pandora","url":"","label":"Pandora","class":"pandora","icon":"pandora.png"},"podbean":{"key":"podbean","url":"","label":"Podbean","class":"podbean","icon":"podbean.png"},"podcast_republic":{"key":"podcast_republic","url":"","label":"Podcast Republic","class":"podcast_republic","icon":"podcast-republic.png"},"rss":{"key":"rss","url":"","label":"RSS","class":"rss","icon":"rss.png"},"spotify":{"key":"spotify","url":"","label":"Spotify","class":"spotify","icon":"spotify.png"},"stitcher":{"key":"stitcher","url":"","label":"Stitcher","class":"stitcher","icon":"stitcher.png"},"tunein":{"key":"tunein","url":"","label":"TuneIn","class":"tunein","icon":"tunein.png"},"youtube":{"key":"youtube","url":"","label":"YouTube","class":"youtube","icon":"youtube.png"},"iheartradio":{"key":"iheartradio","url":"","label":"iHeartRadio","class":"iheartradio","icon":"iheartradio.png"},"ivoox":{"key":"ivoox","url":"","label":"iVoox","class":"ivoox","icon":"ivoox.png"}},"rssFeedUrl":"https:\/\/quechilero.com\/blog\/feed\/podcast\/si-la-vida-nos-da-limones","embedCode":"<blockquote class=\"wp-embedded-content\" data-secret=\"qehVRWVSOI\"><a href=\"https:\/\/quechilero.com\/blog\/2009\/06\/11\/del-mercado\/\">Del Mercado<\/a><\/blockquote><iframe sandbox=\"allow-scripts\" security=\"restricted\" src=\"https:\/\/quechilero.com\/blog\/2009\/06\/11\/del-mercado\/embed\/#?secret=qehVRWVSOI\" width=\"500\" height=\"350\" title=\"\u00abDel Mercado\u00bb \u2014 Si la Vida nos da Limones...\" data-secret=\"qehVRWVSOI\" frameborder=\"0\" marginwidth=\"0\" marginheight=\"0\" scrolling=\"no\" class=\"wp-embedded-content\"><\/iframe><script>\n\/*! This file is auto-generated *\/\n!function(d,l){\"use strict\";l.querySelector&&d.addEventListener&&\"undefined\"!=typeof URL&&(d.wp=d.wp||{},d.wp.receiveEmbedMessage||(d.wp.receiveEmbedMessage=function(e){var t=e.data;if((t||t.secret||t.message||t.value)&&!\/[^a-zA-Z0-9]\/.test(t.secret)){for(var s,r,n,a=l.querySelectorAll('iframe[data-secret=\"'+t.secret+'\"]'),o=l.querySelectorAll('blockquote[data-secret=\"'+t.secret+'\"]'),c=new RegExp(\"^https?:$\",\"i\"),i=0;i<o.length;i++)o[i].style.display=\"none\";for(i=0;i<a.length;i++)s=a[i],e.source===s.contentWindow&&(s.removeAttribute(\"style\"),\"height\"===t.message?(1e3<(r=parseInt(t.value,10))?r=1e3:~~r<200&&(r=200),s.height=r):\"link\"===t.message&&(r=new URL(s.getAttribute(\"src\")),n=new URL(t.value),c.test(n.protocol))&&n.host===r.host&&l.activeElement===s&&(d.top.location.href=t.value))}},d.addEventListener(\"message\",d.wp.receiveEmbedMessage,!1),l.addEventListener(\"DOMContentLoaded\",function(){for(var e,t,s=l.querySelectorAll(\"iframe.wp-embedded-content\"),r=0;r<s.length;r++)(t=(e=s[r]).getAttribute(\"data-secret\"))||(t=Math.random().toString(36).substring(2,12),e.src+=\"#?secret=\"+t,e.setAttribute(\"data-secret\",t)),e.contentWindow.postMessage({message:\"ready\",secret:t},\"*\")},!1)))}(window,document);\n\/\/# sourceURL=https:\/\/quechilero.com\/blog\/wp-includes\/js\/wp-embed.min.js\n<\/script>\n"},"jetpack_publicize_connections":[],"jetpack_shortlink":"https:\/\/wp.me\/pDKli-J1","jetpack_sharing_enabled":true,"jetpack-related-posts":[{"id":16916,"url":"https:\/\/quechilero.com\/blog\/2013\/08\/27\/caminar-sin-detenerse\/","url_meta":{"origin":2791,"position":0},"title":"Caminar sin detenerse","author":"Pepe Barrascout Ortiz","date":"27 agosto 2013","format":false,"excerpt":"Cuando S\u00f3crates estaba en la c\u00e1rcel, le pidi\u00f3 a un prisionero que cantaba que le ense\u00f1ara una canci\u00f3n. - \"\u00bfPara qu\u00e9?\" -le pregunt\u00f3 el otro. - \"Para que pueda morir sabiendo una cosa m\u00e1s\" -respondi\u00f3 el fil\u00f3sofo. Amigos y hermanos, que la paz de Dios reine en sus vidas. Dicen\u2026","rel":"","context":"En \u00abLimones\u00bb","block_context":{"text":"Limones","link":"https:\/\/quechilero.com\/blog\/category\/limones\/"},"img":{"alt_text":"","src":"","width":0,"height":0},"classes":[]},{"id":2627,"url":"https:\/\/quechilero.com\/blog\/2009\/04\/08\/la-ira-no-es-buena-consejera\/","url_meta":{"origin":2791,"position":1},"title":"La ira no es buena consejera","author":"Pepe Barrascout Ortiz","date":"8 abril 2009","format":false,"excerpt":"S\u00f3crates lleg\u00f3 a acostumbrarse a no dejarse dominar por la ira ni el miedo ni la preocupaci\u00f3n. Cuando un d\u00eda lo insult\u00f3 uno de sus alumnos, se qued\u00f3 callado y ni lo rega\u00f1\u00f3 ni lo castig\u00f3. A los tres d\u00edas le llam\u00f3 la atenci\u00f3n y le impuso un castigo. Le\u2026","rel":"","context":"En \u00abLimones\u00bb","block_context":{"text":"Limones","link":"https:\/\/quechilero.com\/blog\/category\/limones\/"},"img":{"alt_text":"","src":"","width":0,"height":0},"classes":[]},{"id":16355,"url":"https:\/\/quechilero.com\/blog\/2013\/03\/26\/resucito-cristo-mi-esperanza\/","url_meta":{"origin":2791,"position":2},"title":"Resucit\u00f3 Cristo, mi esperanza","author":"Pepe Barrascout Ortiz","date":"26 marzo 2013","format":false,"excerpt":"Llegue a todos vosotros la voz exultante de la Iglesia, con las palabras que el antiguo himno pone en labios de Mar\u00eda Magdalena, la primera en encontrar en la ma\u00f1a de Pascua a Jes\u00fas resucitado. \"Ella corri\u00f3 hacia los otros disc\u00edpulos y, con el coraz\u00f3n sobrecogido, les anunci\u00f3: He visto\u2026","rel":"","context":"En \u00abLimones\u00bb","block_context":{"text":"Limones","link":"https:\/\/quechilero.com\/blog\/category\/limones\/"},"img":{"alt_text":"","src":"","width":0,"height":0},"classes":[]},{"id":131,"url":"https:\/\/quechilero.com\/blog\/2006\/08\/14\/frases-celebres\/","url_meta":{"origin":2791,"position":3},"title":"Frases c\u00e9lebres","author":"Pepe Barrascout Ortiz","date":"14 agosto 2006","format":false,"excerpt":"Peque\u00f1o recopilatorio de frases que podr\u00edamos clasificar como c\u00e9lebres, solo porque se les ha atribu\u00eddo a alg\u00fan personaje c\u00e9lebre. Otro grupo de frases c\u00e9lebres, dichas por un personaje igual de c\u00e9lebre, las podemos ver haciendo click ac\u00e1. Tambi\u00e9n se puede leer un listado de frases inteligentes sobre la guerra, aqui.\u2026","rel":"","context":"En \u00abLimones\u00bb","block_context":{"text":"Limones","link":"https:\/\/quechilero.com\/blog\/category\/limones\/"},"img":{"alt_text":"","src":"","width":0,"height":0},"classes":[]},{"id":893,"url":"https:\/\/quechilero.com\/blog\/2008\/03\/09\/cuaresma-evangelio-09-mar-08\/","url_meta":{"origin":2791,"position":4},"title":"Cuaresma &#8211; Evangelio 09 mar 08","author":"Pepe Barrascout Ortiz","date":"9 marzo 2008","format":false,"excerpt":"Evangelio seg\u00fan San Juan 11,1-45. Hab\u00eda un hombre enfermo, L\u00e1zaro de Betania, del pueblo de Mar\u00eda y de su hermana Marta.\u00a0Mar\u00eda era la misma que derram\u00f3 perfume sobre el Se\u00f1or y le sec\u00f3 los pies con sus cabellos. Su hermano L\u00e1zaro era el que estaba enfermo. Las hermanas enviaron a\u2026","rel":"","context":"En \u00abLimones\u00bb","block_context":{"text":"Limones","link":"https:\/\/quechilero.com\/blog\/category\/limones\/"},"img":{"alt_text":"","src":"","width":0,"height":0},"classes":[]},{"id":6706,"url":"https:\/\/quechilero.com\/blog\/2011\/01\/16\/se-como-un-muerto\/","url_meta":{"origin":2791,"position":5},"title":"S\u00e9 como un muerto","author":"Pepe Barrascout Ortiz","date":"16 enero 2011","format":false,"excerpt":"Era un venerable maestro. En sus ojos hab\u00eda un reconfortante destello de paz permanente. S\u00f3lo ten\u00eda un disc\u00edpulo, al que paulatinamente iba impartiendo la ense\u00f1anza m\u00edstica. El cielo se hab\u00eda te\u00f1ido de una hermosa tonalidad de naranja-oro, cuando el maestro se dirigi\u00f3 al disc\u00edpulo y le orden\u00f3: - Querido m\u00edo,\u2026","rel":"","context":"En \u00abLimones\u00bb","block_context":{"text":"Limones","link":"https:\/\/quechilero.com\/blog\/category\/limones\/"},"img":{"alt_text":"","src":"","width":0,"height":0},"classes":[]}],"jetpack_featured_media_url":"","_links":{"self":[{"href":"https:\/\/quechilero.com\/blog\/wp-json\/wp\/v2\/posts\/2791","targetHints":{"allow":["GET"]}}],"collection":[{"href":"https:\/\/quechilero.com\/blog\/wp-json\/wp\/v2\/posts"}],"about":[{"href":"https:\/\/quechilero.com\/blog\/wp-json\/wp\/v2\/types\/post"}],"author":[{"embeddable":true,"href":"https:\/\/quechilero.com\/blog\/wp-json\/wp\/v2\/users\/1"}],"replies":[{"embeddable":true,"href":"https:\/\/quechilero.com\/blog\/wp-json\/wp\/v2\/comments?post=2791"}],"version-history":[{"count":0,"href":"https:\/\/quechilero.com\/blog\/wp-json\/wp\/v2\/posts\/2791\/revisions"}],"wp:attachment":[{"href":"https:\/\/quechilero.com\/blog\/wp-json\/wp\/v2\/media?parent=2791"}],"wp:term":[{"taxonomy":"category","embeddable":true,"href":"https:\/\/quechilero.com\/blog\/wp-json\/wp\/v2\/categories?post=2791"},{"taxonomy":"post_tag","embeddable":true,"href":"https:\/\/quechilero.com\/blog\/wp-json\/wp\/v2\/tags?post=2791"},{"taxonomy":"series","embeddable":true,"href":"https:\/\/quechilero.com\/blog\/wp-json\/wp\/v2\/series?post=2791"}],"curies":[{"name":"wp","href":"https:\/\/api.w.org\/{rel}","templated":true}]}}