{"id":2788,"date":"2009-06-10T08:00:39","date_gmt":"2009-06-10T14:00:39","guid":{"rendered":"http:\/\/quechilero.com\/blog\/?p=2788"},"modified":"2009-06-10T08:00:39","modified_gmt":"2009-06-10T14:00:39","slug":"la-palabra-shalom","status":"publish","type":"post","link":"https:\/\/quechilero.com\/blog\/2009\/06\/10\/la-palabra-shalom\/","title":{"rendered":"La palabra SHALOM"},"content":{"rendered":"<p>SHALOM es una palabra hebrea que acostumbra a traducirse al portugu\u00e9s\/espa\u00f1ol  como<em> \u00abpaz\u00bb<\/em>. Es verdad&#8230; Pero su profundidad y significado tiene un alcance  mucho mayor. En su ra\u00edz semita (sh-l-m) significa <em>\u00abestar lleno, sentirse  completo, abarcado, en plenitud\u00bb.<\/em><\/p>\n<p>SHALOM no es una simple ausencia de conflicto, entre naciones o entre  personas, ni una simple tranquilidad en nuestros d\u00edas calmos&#8230;<\/p>\n<p>SHALOM es una vivencia plena de todos los dones de Dios: la alegr\u00eda, la  abundancia, la comuni\u00f3n, la fecundidad, la belleza, la compasi\u00f3n, la  creatividad, la esperanza, la libertad&#8230;<\/p>\n<p>SHALOM no es s\u00f3lo un sentimiento o situaci\u00f3n existencial, sino una  experiencia de una vida recreada, llena de sentido&#8230;<\/p>\n<p>SHALOM es vivir entero en la Vida, o sea, estar entero en s\u00ed mismo, poner  todo en todo lo que se es y lo que se hace&#8230;<\/p>\n<p>SHALOM significa habitar cada rinc\u00f3n del propio ser y de su propia  historia&#8230;<\/p>\n<p>SHALOM es la paz de los que dan lo mejor de s\u00ed mismos y no tienen verg\u00fcenza  de no ser infalibles.. .<\/p>\n<p>SHALOM es una experiencia de la totalidad humana, la sensaci\u00f3n de que todas  las dimensiones de nuestra personalidad caminan como una sola en el Amor&#8230;<\/p>\n<p>SHALOM es no sentirse disperso o ca\u00eddo como agua, con varios \u00abyo\u00bb huyendo  para cada lado&#8230;<\/p>\n<p>SHALOM es \u00abestar de bien\u00bb con la Vida, consigo mismo, con Dios, con los  Hombres y con el Universo&#8230;<\/p>\n<p>SHALOM es la paz de los Corazones Sabios que ven todo con su real tama\u00f1o, ven  peque\u00f1o lo que es peque\u00f1o, y ven grande lo que es grande. Por eso, no se asustan  con facilidad y tienen una manera especial para maravillarse. ..<\/p>\n<p>SHALOM es la paz de los Corazones llenos de abundancia de la Vida.<\/p>\n<p>SHALOM es la paz de los viejos sabios que sonr\u00eden con los ojos, y la paz de  los ni\u00f1os cuando en brazos de la madre se alimentan de su leche&#8230;<\/p>\n<p>Un saludo con un cordial \u00abShalom\u00bb para este a\u00f1o que est\u00e1 comenzando.<\/p>\n","protected":false},"excerpt":{"rendered":"<p>SHALOM es una palabra hebrea que acostumbra a traducirse al portugu\u00e9s\/espa\u00f1ol como \u00abpaz\u00bb. Es verdad&#8230; Pero su profundidad y significado tiene un alcance mucho mayor. En su ra\u00edz semita (sh-l-m) significa \u00abestar lleno, sentirse completo, abarcado, en plenitud\u00bb. SHALOM no es una simple ausencia de conflicto, entre naciones o entre personas, ni una simple tranquilidad &#8230; <a title=\"La palabra SHALOM\" class=\"read-more\" href=\"https:\/\/quechilero.com\/blog\/2009\/06\/10\/la-palabra-shalom\/\" aria-label=\"Leer m\u00e1s sobre La palabra SHALOM\">Leer m\u00e1s<\/a><\/p>\n","protected":false},"author":1,"featured_media":0,"comment_status":"open","ping_status":"open","sticky":false,"template":"","format":"standard","meta":{"advanced_seo_description":"","jetpack_seo_html_title":"","jetpack_seo_noindex":false,"jetpack_seo_schema_type":"","episode_type":"","audio_file":"","podmotor_file_id":"","podmotor_episode_id":"","cover_image":"","cover_image_id":"","duration":"","filesize":"","filesize_raw":"","date_recorded":"","explicit":"","block":"","_jetpack_newsletter_access":"","_jetpack_dont_email_post_to_subs":false,"_jetpack_newsletter_tier_id":0,"_jetpack_memberships_contains_paywalled_content":false,"_jetpack_feature_clip_id":0,"_jetpack_memberships_contains_paid_content":false,"footnotes":"","jetpack_publicize_message":"","jetpack_publicize_feature_enabled":true,"jetpack_social_post_already_shared":false,"jetpack_social_options":{"image_generator_settings":{"template":"highway","default_image_id":0,"font":"","enabled":false},"version":2},"jetpack_post_was_ever_published":false},"categories":[2],"tags":[87,15,94,51,32,17,18,39,42,52,40,82,41,24],"series":[],"class_list":["post-2788","post","type-post","status-publish","format-standard","hentry","category-limones","tag-alegria","tag-amor","tag-comunion","tag-dios","tag-especial","tag-historia","tag-hombre","tag-madre","tag-palabra","tag-pasion","tag-paz","tag-sentimiento","tag-verdad","tag-vida"],"episode_featured_image":false,"episode_player_image":"https:\/\/i0.wp.com\/quechilero.com\/blog\/imagenes\/podcast.png?fit=1831%2C1831&ssl=1","download_link":"","player_link":"","audio_player":false,"episode_data":{"playerMode":"dark","subscribeUrls":{"amazon":{"key":"amazon","url":"","label":"Amazon","class":"amazon","icon":"amazon.png"},"apple_podcasts":{"key":"apple_podcasts","url":"","label":"Apple Podcasts","class":"apple_podcasts","icon":"apple-podcasts.png"},"castbox":{"key":"castbox","url":"","label":"CastBox","class":"castbox","icon":"castbox.png"},"deezer":{"key":"deezer","url":"","label":"Deezer","class":"deezer","icon":"deezer.png"},"google_podcasts":{"key":"google_podcasts","url":"","label":"Google Podcasts","class":"google_podcasts","icon":"google-podcasts.png"},"listen_notes":{"key":"listen_notes","url":"","label":"Listen Notes","class":"listen_notes","icon":"listen-notes.png"},"pandora":{"key":"pandora","url":"","label":"Pandora","class":"pandora","icon":"pandora.png"},"podbean":{"key":"podbean","url":"","label":"Podbean","class":"podbean","icon":"podbean.png"},"podcast_republic":{"key":"podcast_republic","url":"","label":"Podcast Republic","class":"podcast_republic","icon":"podcast-republic.png"},"rss":{"key":"rss","url":"","label":"RSS","class":"rss","icon":"rss.png"},"spotify":{"key":"spotify","url":"","label":"Spotify","class":"spotify","icon":"spotify.png"},"stitcher":{"key":"stitcher","url":"","label":"Stitcher","class":"stitcher","icon":"stitcher.png"},"tunein":{"key":"tunein","url":"","label":"TuneIn","class":"tunein","icon":"tunein.png"},"youtube":{"key":"youtube","url":"","label":"YouTube","class":"youtube","icon":"youtube.png"},"iheartradio":{"key":"iheartradio","url":"","label":"iHeartRadio","class":"iheartradio","icon":"iheartradio.png"},"ivoox":{"key":"ivoox","url":"","label":"iVoox","class":"ivoox","icon":"ivoox.png"}},"rssFeedUrl":"https:\/\/quechilero.com\/blog\/feed\/podcast\/si-la-vida-nos-da-limones","embedCode":"<blockquote class=\"wp-embedded-content\" data-secret=\"DPSyqJU2BU\"><a href=\"https:\/\/quechilero.com\/blog\/2009\/06\/10\/la-palabra-shalom\/\">La palabra SHALOM<\/a><\/blockquote><iframe sandbox=\"allow-scripts\" security=\"restricted\" src=\"https:\/\/quechilero.com\/blog\/2009\/06\/10\/la-palabra-shalom\/embed\/#?secret=DPSyqJU2BU\" width=\"500\" height=\"350\" title=\"\u00abLa palabra SHALOM\u00bb \u2014 Si la Vida nos da Limones...\" data-secret=\"DPSyqJU2BU\" frameborder=\"0\" marginwidth=\"0\" marginheight=\"0\" scrolling=\"no\" class=\"wp-embedded-content\"><\/iframe><script>\n\/*! This file is auto-generated *\/\n!function(d,l){\"use strict\";l.querySelector&&d.addEventListener&&\"undefined\"!=typeof URL&&(d.wp=d.wp||{},d.wp.receiveEmbedMessage||(d.wp.receiveEmbedMessage=function(e){var t=e.data;if((t||t.secret||t.message||t.value)&&!\/[^a-zA-Z0-9]\/.test(t.secret)){for(var s,r,n,a=l.querySelectorAll('iframe[data-secret=\"'+t.secret+'\"]'),o=l.querySelectorAll('blockquote[data-secret=\"'+t.secret+'\"]'),c=new RegExp(\"^https?:$\",\"i\"),i=0;i<o.length;i++)o[i].style.display=\"none\";for(i=0;i<a.length;i++)s=a[i],e.source===s.contentWindow&&(s.removeAttribute(\"style\"),\"height\"===t.message?(1e3<(r=parseInt(t.value,10))?r=1e3:~~r<200&&(r=200),s.height=r):\"link\"===t.message&&(r=new URL(s.getAttribute(\"src\")),n=new URL(t.value),c.test(n.protocol))&&n.host===r.host&&l.activeElement===s&&(d.top.location.href=t.value))}},d.addEventListener(\"message\",d.wp.receiveEmbedMessage,!1),l.addEventListener(\"DOMContentLoaded\",function(){for(var e,t,s=l.querySelectorAll(\"iframe.wp-embedded-content\"),r=0;r<s.length;r++)(t=(e=s[r]).getAttribute(\"data-secret\"))||(t=Math.random().toString(36).substring(2,12),e.src+=\"#?secret=\"+t,e.setAttribute(\"data-secret\",t)),e.contentWindow.postMessage({message:\"ready\",secret:t},\"*\")},!1)))}(window,document);\n\/\/# sourceURL=https:\/\/quechilero.com\/blog\/wp-includes\/js\/wp-embed.min.js\n<\/script>\n"},"jetpack_publicize_connections":[],"jetpack_shortlink":"https:\/\/wp.me\/pDKli-IY","jetpack_sharing_enabled":true,"jetpack-related-posts":[{"id":7497,"url":"https:\/\/quechilero.com\/blog\/2011\/04\/11\/le-daras-tiempo-a-dios\/","url_meta":{"origin":2788,"position":0},"title":"\u00bfLe dar\u00e1s tiempo a Dios?","author":"Pepe Barrascout Ortiz","date":"11 abril 2011","format":false,"excerpt":"Si tienes un problema muy agobiante, una necesidad muy grande en tu vida; est\u00e1s orando... esperando... pero tal vez el problema es que no est\u00e1s escuchando a Dios. Algunos creen que orar significa seguir pidiendo y pidiendo, seguir hablando y rezando y rog\u00e1ndole al Se\u00f1or con una gran palabrer\u00eda y\u2026","rel":"","context":"En \u00abLimones\u00bb","block_context":{"text":"Limones","link":"https:\/\/quechilero.com\/blog\/category\/limones\/"},"img":{"alt_text":"","src":"","width":0,"height":0},"classes":[]},{"id":21386,"url":"https:\/\/quechilero.com\/blog\/2015\/07\/20\/buscar-lo-mejor\/","url_meta":{"origin":2788,"position":1},"title":"Buscar lo mejor","author":"Pepe Barrascout Ortiz","date":"20 julio 2015","format":false,"excerpt":"Somos lo que elegimos, lo que optamos. Dios no impone nada, solamente ofrece, dejando al hombre la libertad de decidir. Muchos prefieren las joyas, los coches, los caminos f\u00e1ciles. Hay sendas para los m\u00e1s variados deseos, pero hay cosas que la herrumbre no corroe. Son los ideales nobles, el bien,\u2026","rel":"","context":"En \u00abLimones\u00bb","block_context":{"text":"Limones","link":"https:\/\/quechilero.com\/blog\/category\/limones\/"},"img":{"alt_text":"","src":"","width":0,"height":0},"classes":[]},{"id":11476,"url":"https:\/\/quechilero.com\/blog\/2012\/01\/01\/oracion-de-ano-nuevo\/","url_meta":{"origin":2788,"position":2},"title":"Oraci\u00f3n de A\u00f1o Nuevo","author":"Pepe Barrascout Ortiz","date":"1 enero 2012","format":false,"excerpt":"Se\u00f1or Dios, due\u00f1o del tiempo y de la eternidad. Tuyo es el hoy y el ma\u00f1ana, el pasado y el futuro. Al empezar un a\u00f1o mas, detengo mi vida ante el nuevo calendario, aun sin estrenar, y te presento estos d\u00edas que solo Tu sabes si llegare a vivirlos. Hoy\u2026","rel":"","context":"En \u00abLimones\u00bb","block_context":{"text":"Limones","link":"https:\/\/quechilero.com\/blog\/category\/limones\/"},"img":{"alt_text":"","src":"","width":0,"height":0},"classes":[]},{"id":13233,"url":"https:\/\/quechilero.com\/blog\/2012\/04\/24\/principios-importantes-de-la-oracion\/","url_meta":{"origin":2788,"position":3},"title":"Principios importantes de la Oraci\u00f3n","author":"Pepe Barrascout Ortiz","date":"24 abril 2012","format":false,"excerpt":"Si tienes un problema muy agobiante, una necesidad muy grande en tu vida; tal vez el problema es que monopolizas toda la pl\u00e1tica con Dios y no le est\u00e1s escuchando a \u00c9l para nada. \u00a1Deja de hablar tanto y toma tiempo para escuchar! Escucha la Palabra de Dios. Qu\u00e9date en\u2026","rel":"","context":"En \u00abLimones\u00bb","block_context":{"text":"Limones","link":"https:\/\/quechilero.com\/blog\/category\/limones\/"},"img":{"alt_text":"","src":"","width":0,"height":0},"classes":[]},{"id":11472,"url":"https:\/\/quechilero.com\/blog\/2011\/12\/30\/oracion-de-fin-y-principio-de-ano\/","url_meta":{"origin":2788,"position":4},"title":"Oraci\u00f3n de fin y principio de a\u00f1o","author":"Pepe Barrascout Ortiz","date":"30 diciembre 2011","format":false,"excerpt":"Se\u00f1or, Dios, due\u00f1o del tiempo y de la eternidad, tuyo es el hoy y el ma\u00f1ana, el pasado y el futuro. Al terminar este a\u00f1o quiero darte gracias por todo aquello que recib\u00ed de TI. Gracias por la vida y el amor, por las flores, el aire y el sol,\u2026","rel":"","context":"En \u00abLimones\u00bb","block_context":{"text":"Limones","link":"https:\/\/quechilero.com\/blog\/category\/limones\/"},"img":{"alt_text":"","src":"","width":0,"height":0},"classes":[]},{"id":16924,"url":"https:\/\/quechilero.com\/blog\/2013\/08\/31\/dios-invita-al-hombre-al-%ef%bb%bfdialogo-con-el\/","url_meta":{"origin":2788,"position":5},"title":"Dios invita al hombre al \ufeffdi\u00e1logo con \u00c9l","author":"Pepe Barrascout Ortiz","date":"31 agosto 2013","format":false,"excerpt":"Aqu\u00ed tenemos uno de los misterios m\u00e1s grandes: Dios, que se basta, que no necesita de nada y de nadie, sue\u00f1a al hombre, lo crea y le da la dignidad de hijo suyo para desarrollar una vida familiar con \u00e9l, en el tiempo y en la eternidad. \"Por haber sido\u2026","rel":"","context":"En \u00abLimones\u00bb","block_context":{"text":"Limones","link":"https:\/\/quechilero.com\/blog\/category\/limones\/"},"img":{"alt_text":"","src":"","width":0,"height":0},"classes":[]}],"jetpack_featured_media_url":"","_links":{"self":[{"href":"https:\/\/quechilero.com\/blog\/wp-json\/wp\/v2\/posts\/2788","targetHints":{"allow":["GET"]}}],"collection":[{"href":"https:\/\/quechilero.com\/blog\/wp-json\/wp\/v2\/posts"}],"about":[{"href":"https:\/\/quechilero.com\/blog\/wp-json\/wp\/v2\/types\/post"}],"author":[{"embeddable":true,"href":"https:\/\/quechilero.com\/blog\/wp-json\/wp\/v2\/users\/1"}],"replies":[{"embeddable":true,"href":"https:\/\/quechilero.com\/blog\/wp-json\/wp\/v2\/comments?post=2788"}],"version-history":[{"count":0,"href":"https:\/\/quechilero.com\/blog\/wp-json\/wp\/v2\/posts\/2788\/revisions"}],"wp:attachment":[{"href":"https:\/\/quechilero.com\/blog\/wp-json\/wp\/v2\/media?parent=2788"}],"wp:term":[{"taxonomy":"category","embeddable":true,"href":"https:\/\/quechilero.com\/blog\/wp-json\/wp\/v2\/categories?post=2788"},{"taxonomy":"post_tag","embeddable":true,"href":"https:\/\/quechilero.com\/blog\/wp-json\/wp\/v2\/tags?post=2788"},{"taxonomy":"series","embeddable":true,"href":"https:\/\/quechilero.com\/blog\/wp-json\/wp\/v2\/series?post=2788"}],"curies":[{"name":"wp","href":"https:\/\/api.w.org\/{rel}","templated":true}]}}