{"id":2784,"date":"2009-06-07T08:00:06","date_gmt":"2009-06-07T14:00:06","guid":{"rendered":"http:\/\/quechilero.com\/blog\/?p=2784"},"modified":"2009-06-07T08:00:06","modified_gmt":"2009-06-07T14:00:06","slug":"peor-se-veia","status":"publish","type":"post","link":"https:\/\/quechilero.com\/blog\/2009\/06\/07\/peor-se-veia\/","title":{"rendered":"Peor se ve\u00eda"},"content":{"rendered":"<p>Un escultor franc\u00e9s esculp\u00eda el busto de Ralph Waldo Emerson. Al cuarto d\u00eda  de trabajo, el fil\u00f3sofo vino al lado del artista, mir\u00f3 largo y fijamente al  trabajo incompleto, y finalmente dijo con una sonrisa:<em> \u00abLa dificultad est\u00e1 en  que cuanto m\u00e1s se me parece, peor se ve.\u00bb<\/em><\/p>\n<p>El cuento ser\u00eda diferente si trat\u00e1ramos de esculpir nuestras vidas siguiendo  el mismo origen: <em>\u00abCre\u00f3, pues, Dios al ser humano a imagen Suya, a imagen de Dios  le cre\u00f3\u00bb<\/em> (Gen. 1, 27).<\/p>\n","protected":false},"excerpt":{"rendered":"<p>Un escultor franc\u00e9s esculp\u00eda el busto de Ralph Waldo Emerson. Al cuarto d\u00eda de trabajo, el fil\u00f3sofo vino al lado del artista, mir\u00f3 largo y fijamente al trabajo incompleto, y finalmente dijo con una sonrisa: \u00abLa dificultad est\u00e1 en que cuanto m\u00e1s se me parece, peor se ve.\u00bb El cuento ser\u00eda diferente si trat\u00e1ramos de &#8230; <a title=\"Peor se ve\u00eda\" class=\"read-more\" href=\"https:\/\/quechilero.com\/blog\/2009\/06\/07\/peor-se-veia\/\" aria-label=\"Leer m\u00e1s sobre Peor se ve\u00eda\">Leer m\u00e1s<\/a><\/p>\n","protected":false},"author":1,"featured_media":0,"comment_status":"open","ping_status":"open","sticky":false,"template":"","format":"standard","meta":{"advanced_seo_description":"","jetpack_seo_html_title":"","jetpack_seo_noindex":false,"jetpack_seo_schema_type":"","episode_type":"","audio_file":"","podmotor_file_id":"","podmotor_episode_id":"","cover_image":"","cover_image_id":"","duration":"","filesize":"","filesize_raw":"","date_recorded":"","explicit":"","block":"","_jetpack_newsletter_access":"","_jetpack_dont_email_post_to_subs":false,"_jetpack_newsletter_tier_id":0,"_jetpack_memberships_contains_paywalled_content":false,"_jetpack_feature_clip_id":0,"_jetpack_memberships_contains_paid_content":false,"footnotes":"","jetpack_publicize_message":"","jetpack_publicize_feature_enabled":true,"jetpack_social_post_already_shared":false,"jetpack_social_options":{"image_generator_settings":{"template":"highway","default_image_id":0,"font":"","enabled":false},"version":2},"jetpack_post_was_ever_published":false},"categories":[2],"tags":[51,36,24],"series":[],"class_list":["post-2784","post","type-post","status-publish","format-standard","hentry","category-limones","tag-dios","tag-trabajo","tag-vida"],"episode_featured_image":false,"episode_player_image":"https:\/\/i0.wp.com\/quechilero.com\/blog\/imagenes\/podcast.png?fit=1831%2C1831&ssl=1","download_link":"","player_link":"","audio_player":false,"episode_data":{"playerMode":"dark","subscribeUrls":{"amazon":{"key":"amazon","url":"","label":"Amazon","class":"amazon","icon":"amazon.png"},"apple_podcasts":{"key":"apple_podcasts","url":"","label":"Apple Podcasts","class":"apple_podcasts","icon":"apple-podcasts.png"},"castbox":{"key":"castbox","url":"","label":"CastBox","class":"castbox","icon":"castbox.png"},"deezer":{"key":"deezer","url":"","label":"Deezer","class":"deezer","icon":"deezer.png"},"google_podcasts":{"key":"google_podcasts","url":"","label":"Google Podcasts","class":"google_podcasts","icon":"google-podcasts.png"},"listen_notes":{"key":"listen_notes","url":"","label":"Listen Notes","class":"listen_notes","icon":"listen-notes.png"},"pandora":{"key":"pandora","url":"","label":"Pandora","class":"pandora","icon":"pandora.png"},"podbean":{"key":"podbean","url":"","label":"Podbean","class":"podbean","icon":"podbean.png"},"podcast_republic":{"key":"podcast_republic","url":"","label":"Podcast Republic","class":"podcast_republic","icon":"podcast-republic.png"},"rss":{"key":"rss","url":"","label":"RSS","class":"rss","icon":"rss.png"},"spotify":{"key":"spotify","url":"","label":"Spotify","class":"spotify","icon":"spotify.png"},"stitcher":{"key":"stitcher","url":"","label":"Stitcher","class":"stitcher","icon":"stitcher.png"},"tunein":{"key":"tunein","url":"","label":"TuneIn","class":"tunein","icon":"tunein.png"},"youtube":{"key":"youtube","url":"","label":"YouTube","class":"youtube","icon":"youtube.png"},"iheartradio":{"key":"iheartradio","url":"","label":"iHeartRadio","class":"iheartradio","icon":"iheartradio.png"},"ivoox":{"key":"ivoox","url":"","label":"iVoox","class":"ivoox","icon":"ivoox.png"}},"rssFeedUrl":"https:\/\/quechilero.com\/blog\/feed\/podcast\/si-la-vida-nos-da-limones","embedCode":"<blockquote class=\"wp-embedded-content\" data-secret=\"wPAoPiD9ae\"><a href=\"https:\/\/quechilero.com\/blog\/2009\/06\/07\/peor-se-veia\/\">Peor se ve\u00eda<\/a><\/blockquote><iframe sandbox=\"allow-scripts\" security=\"restricted\" src=\"https:\/\/quechilero.com\/blog\/2009\/06\/07\/peor-se-veia\/embed\/#?secret=wPAoPiD9ae\" width=\"500\" height=\"350\" title=\"\u00abPeor se ve\u00eda\u00bb \u2014 Si la Vida nos da Limones...\" data-secret=\"wPAoPiD9ae\" frameborder=\"0\" marginwidth=\"0\" marginheight=\"0\" scrolling=\"no\" class=\"wp-embedded-content\"><\/iframe><script>\n\/*! This file is auto-generated *\/\n!function(d,l){\"use strict\";l.querySelector&&d.addEventListener&&\"undefined\"!=typeof URL&&(d.wp=d.wp||{},d.wp.receiveEmbedMessage||(d.wp.receiveEmbedMessage=function(e){var t=e.data;if((t||t.secret||t.message||t.value)&&!\/[^a-zA-Z0-9]\/.test(t.secret)){for(var s,r,n,a=l.querySelectorAll('iframe[data-secret=\"'+t.secret+'\"]'),o=l.querySelectorAll('blockquote[data-secret=\"'+t.secret+'\"]'),c=new RegExp(\"^https?:$\",\"i\"),i=0;i<o.length;i++)o[i].style.display=\"none\";for(i=0;i<a.length;i++)s=a[i],e.source===s.contentWindow&&(s.removeAttribute(\"style\"),\"height\"===t.message?(1e3<(r=parseInt(t.value,10))?r=1e3:~~r<200&&(r=200),s.height=r):\"link\"===t.message&&(r=new URL(s.getAttribute(\"src\")),n=new URL(t.value),c.test(n.protocol))&&n.host===r.host&&l.activeElement===s&&(d.top.location.href=t.value))}},d.addEventListener(\"message\",d.wp.receiveEmbedMessage,!1),l.addEventListener(\"DOMContentLoaded\",function(){for(var e,t,s=l.querySelectorAll(\"iframe.wp-embedded-content\"),r=0;r<s.length;r++)(t=(e=s[r]).getAttribute(\"data-secret\"))||(t=Math.random().toString(36).substring(2,12),e.src+=\"#?secret=\"+t,e.setAttribute(\"data-secret\",t)),e.contentWindow.postMessage({message:\"ready\",secret:t},\"*\")},!1)))}(window,document);\n\/\/# sourceURL=https:\/\/quechilero.com\/blog\/wp-includes\/js\/wp-embed.min.js\n<\/script>\n"},"jetpack_publicize_connections":[],"jetpack_shortlink":"https:\/\/wp.me\/pDKli-IU","jetpack_sharing_enabled":true,"jetpack-related-posts":[{"id":21383,"url":"https:\/\/quechilero.com\/blog\/2015\/07\/19\/gracias-a-dios\/","url_meta":{"origin":2784,"position":0},"title":"Gracias a Dios","author":"Pepe Barrascout Ortiz","date":"19 julio 2015","format":false,"excerpt":"Aunque me tapo los o\u00eddos con la almohada y gru\u00f1o de rabia cuando suena el despertador... Gracias a Dios que puedo o\u00edr... Hay muchos que son sordos. Aunque cierro los ojos cuando, al despertar, el sol se mete en mi habitaci\u00f3n... Gracias a Dios que puedo ver... Hay muchos que\u2026","rel":"","context":"En \u00abLimones\u00bb","block_context":{"text":"Limones","link":"https:\/\/quechilero.com\/blog\/category\/limones\/"},"img":{"alt_text":"","src":"","width":0,"height":0},"classes":[]},{"id":16006,"url":"https:\/\/quechilero.com\/blog\/2013\/02\/05\/la-escultura\/","url_meta":{"origin":2784,"position":1},"title":"La escultura","author":"Pepe Barrascout Ortiz","date":"5 febrero 2013","format":false,"excerpt":"En el siglo XV, en Florencia (Italia) un grupo de artistas observaba un enorme bloque de m\u00e1rmol muy bueno, de cuatro metros de altura; desgraciadamente hab\u00eda sido estropeado por la mano de un torpe escultor. \"No se puede sacar nada de \u00e9l\", pensaban ellos. Pero una ma\u00f1ana, un joven erigi\u00f3\u2026","rel":"","context":"En \u00abLimones\u00bb","block_context":{"text":"Limones","link":"https:\/\/quechilero.com\/blog\/category\/limones\/"},"img":{"alt_text":"","src":"","width":0,"height":0},"classes":[]},{"id":17149,"url":"https:\/\/quechilero.com\/blog\/2013\/09\/27\/superficial\/","url_meta":{"origin":2784,"position":2},"title":"Superficial","author":"Pepe Barrascout Ortiz","date":"27 septiembre 2013","format":false,"excerpt":"La superficialidad es la moda del sistema actual... Lo aparente y visible \u00a1es lo que m\u00e1s importa hoy en d\u00eda! Lo peor del caso es que todo se va derrumbando poco a poco, pues no hay base que sustente en la profundidad. El ser humano ha luchado toda su vida\u2026","rel":"","context":"En \u00abLimones\u00bb","block_context":{"text":"Limones","link":"https:\/\/quechilero.com\/blog\/category\/limones\/"},"img":{"alt_text":"","src":"","width":0,"height":0},"classes":[]},{"id":12002,"url":"https:\/\/quechilero.com\/blog\/2012\/01\/23\/gracias-a-dios-por-el-trabajo\/","url_meta":{"origin":2784,"position":3},"title":"Gracias a Dios por el trabajo","author":"Pepe Barrascout Ortiz","date":"23 enero 2012","format":false,"excerpt":"Cuando creemos que tenemos todo bajo control, que somos los due\u00f1os de nuestra vida y que somos capaces de alcanzar y hacer cualquier cosa, caemos inevitablemente en el relativismo ideol\u00f3gico, que principalmente los medios de comunicaci\u00f3n seculares, nos implantan como si fuera la verdad absoluta. Cada d\u00eda, muchas personas se\u2026","rel":"","context":"En \u00abLimones\u00bb","block_context":{"text":"Limones","link":"https:\/\/quechilero.com\/blog\/category\/limones\/"},"img":{"alt_text":"","src":"","width":0,"height":0},"classes":[]},{"id":5601,"url":"https:\/\/quechilero.com\/blog\/2010\/09\/09\/belleza-en-el-quebranto\/","url_meta":{"origin":2784,"position":4},"title":"Belleza en el quebranto","author":"Pepe Barrascout Ortiz","date":"9 septiembre 2010","format":false,"excerpt":"En el palacio real de Teher\u00e1n, en Ir\u00e1n, puede verse uno de los m\u00e1s hermosos trabajos en mosaico del mundo. Los techos y paredes resplandecen como diamantes en reflejos multifac\u00e9ticos. Originalmente, cuando fue dise\u00f1ado, el arquitecto hizo colocar grandes paneles de espejos en las paredes. Cuando lleg\u00f3 el primer embarque\u2026","rel":"","context":"En \u00abLimones\u00bb","block_context":{"text":"Limones","link":"https:\/\/quechilero.com\/blog\/category\/limones\/"},"img":{"alt_text":"","src":"","width":0,"height":0},"classes":[]},{"id":14895,"url":"https:\/\/quechilero.com\/blog\/2012\/10\/29\/debilidades-humanas\/","url_meta":{"origin":2784,"position":5},"title":"Debilidades humanas","author":"Pepe Barrascout Ortiz","date":"29 octubre 2012","format":false,"excerpt":"\"Deficiente\" es aquel que no consigue modificar su vida, aceptando las imposiciones de otras personas de la sociedad en que vive, sin tener consciencia de que \u00e9l es due\u00f1o de su destino... \"Loco\" es quien no procura ser feliz con lo que posee. \"Ciego\" es aquel que no ve su\u2026","rel":"","context":"En \u00abLimones\u00bb","block_context":{"text":"Limones","link":"https:\/\/quechilero.com\/blog\/category\/limones\/"},"img":{"alt_text":"","src":"","width":0,"height":0},"classes":[]}],"jetpack_featured_media_url":"","_links":{"self":[{"href":"https:\/\/quechilero.com\/blog\/wp-json\/wp\/v2\/posts\/2784","targetHints":{"allow":["GET"]}}],"collection":[{"href":"https:\/\/quechilero.com\/blog\/wp-json\/wp\/v2\/posts"}],"about":[{"href":"https:\/\/quechilero.com\/blog\/wp-json\/wp\/v2\/types\/post"}],"author":[{"embeddable":true,"href":"https:\/\/quechilero.com\/blog\/wp-json\/wp\/v2\/users\/1"}],"replies":[{"embeddable":true,"href":"https:\/\/quechilero.com\/blog\/wp-json\/wp\/v2\/comments?post=2784"}],"version-history":[{"count":0,"href":"https:\/\/quechilero.com\/blog\/wp-json\/wp\/v2\/posts\/2784\/revisions"}],"wp:attachment":[{"href":"https:\/\/quechilero.com\/blog\/wp-json\/wp\/v2\/media?parent=2784"}],"wp:term":[{"taxonomy":"category","embeddable":true,"href":"https:\/\/quechilero.com\/blog\/wp-json\/wp\/v2\/categories?post=2784"},{"taxonomy":"post_tag","embeddable":true,"href":"https:\/\/quechilero.com\/blog\/wp-json\/wp\/v2\/tags?post=2784"},{"taxonomy":"series","embeddable":true,"href":"https:\/\/quechilero.com\/blog\/wp-json\/wp\/v2\/series?post=2784"}],"curies":[{"name":"wp","href":"https:\/\/api.w.org\/{rel}","templated":true}]}}