{"id":2761,"date":"2009-04-29T18:00:30","date_gmt":"2009-04-30T00:00:30","guid":{"rendered":"http:\/\/quechilero.com\/blog\/?p=2761"},"modified":"2009-04-29T18:00:30","modified_gmt":"2009-04-30T00:00:30","slug":"dermodepilacion","status":"publish","type":"post","link":"https:\/\/quechilero.com\/blog\/2009\/04\/29\/dermodepilacion\/","title":{"rendered":"Dermodepilaci\u00f3n"},"content":{"rendered":"<p>Como parte de la est\u00e9tica personal y del cuidado, una de las opciones principales es la dermodepilaci\u00f3n.<\/p>\n<p>A lo largo de la historia se han utilizado m\u00faltiples m\u00e9todos para la eliminaci\u00f3n del vello no deseado, pero hasta ahora \u00e9stos no han sido procedimientos duraderos. Gracias a los avances tecnol\u00f3gicos en medicina est\u00e9tica, se ha desarrollado un sistema de <a title=\"Depilaci\u00f3n\" href=\"http:\/\/www.corporaciondermoestetica.com\/\" target=\"_blank\">depilaci\u00f3n laser<\/a> duradero c\u00f3modo, r\u00e1pido e indoloro. Es el sistema de Dermodepilaci\u00f3n M\u00e9dica, una de las t\u00e9cnicas m\u00e1s solicitadas en esta especialidad.<\/p>\n<p>La Dermodepilaci\u00f3n est\u00e1 indicada en aquellas personas que persiguen la comodidad de olvidarse de la <a title=\"Depilaci\u00f3n\" href=\"http:\/\/www.corporaciondermoestetica.com\/\" target=\"_blank\">depilaci\u00f3n<\/a>, pero tambi\u00e9n es eficaz para tratar a los pacientes que padecen patolog\u00edas de crecimiento anormal de los fol\u00edculos pilosos como el hirsutismo. Para quienes, en muchas ocasiones, el vello llega a constituir un importante problema est\u00e9tico y psicol\u00f3gico, que puede afectar incluso a las relaciones interpersonales y a la propia autoestima.<\/p>\n<p><strong>\u00bfCu\u00e1l es el tratamiento?<\/strong><\/p>\n<p>Este tratamiento, basado en la utilizaci\u00f3n de una fuente de luz pulsada intensa, produce un da\u00f1o irreversible en las estructuras del pelo, evitando que se produzca un nuevo crecimiento. Esto se consigue mediante un haz de luz intensa que penetra en el fol\u00edculo destruy\u00e9ndolo, pero sin afectar el tejido circundante, produciendo un efecto denominando fototerm\u00f3lisis selectiva.<\/p>\n<p>Cuando el fol\u00edculo piloso est\u00e1 destruido es muy dif\u00edcil que se vuelva a regenerar, por lo que resulta muy improbable que el pelo nazca nuevamente, s\u00f3lo podr\u00eda suceder en casos excepcionales donde el paciente sufra graves trastornos hormonales.<\/p>\n<p>Es un tratamiento totalmente personalizado ya que el m\u00e9dico debe ajustar los par\u00e1metros tales como longitud de onda, intensidad y tiempo, bas\u00e1ndose en las caracter\u00edsticas individuales de cada paciente; fototipo de piel y color, densidad y localizaci\u00f3n del pelo.<\/p>\n<p><strong>Posteriormente, \u00bfcu\u00e1l es la evoluci\u00f3n?<\/strong><\/p>\n<p>Una de las grandes ventajas que presenta este tratamiento es que se puede realizar en cualquier parte del cuerpo, tanto de mujeres como de hombres: piernas, muslos, ingles, brazos, axilas, etc.<\/p>\n<p>Se lleva a cabo en c\u00f3modas sesiones de menos de una hora de duraci\u00f3n tras las cuales el paciente vuelve inmediatamente a su ritmo de vida. Como precauci\u00f3n conviene evitar la exposici\u00f3n solar en la zona tratada.<\/p>\n<p>Se puede encontrar mayor informaci\u00f3n relacionada con la <a title=\"Depilaci\u00f3n\" href=\"http:\/\/www.corporaciondermoestetica.com\/\" target=\"_blank\">depilaci\u00f3n laser<\/a> y la <a title=\"Depilaci\u00f3n\" href=\"http:\/\/www.corporaciondermoestetica.com\/\" target=\"_blank\">foto depilaci\u00f3n<\/a> en el sitio web de <a title=\"Depilaci\u00f3n\" href=\"http:\/\/www.corporaciondermoestetica.com\/\" target=\"_blank\">Corporaci\u00f3n Dermoest\u00e9tica<\/a><\/p>\n<p><img data-recalc-dims=\"1\" decoding=\"async\" src=\"https:\/\/i0.wp.com\/zync.es\/imagen\/patrocinado\/img_xmYj5We6l2YvJHdhBnM4gTNvZw%3D%3D.gif?w=1200\" alt=\"\" \/><\/p>\n","protected":false},"excerpt":{"rendered":"<p>Como parte de la est\u00e9tica personal y del cuidado, una de las opciones principales es la dermodepilaci\u00f3n. A lo largo de la historia se han utilizado m\u00faltiples m\u00e9todos para la eliminaci\u00f3n del vello no deseado, pero hasta ahora \u00e9stos no han sido procedimientos duraderos. Gracias a los avances tecnol\u00f3gicos en medicina est\u00e9tica, se ha desarrollado &#8230; <a title=\"Dermodepilaci\u00f3n\" class=\"read-more\" href=\"https:\/\/quechilero.com\/blog\/2009\/04\/29\/dermodepilacion\/\" aria-label=\"Leer m\u00e1s sobre Dermodepilaci\u00f3n\">Leer m\u00e1s<\/a><\/p>\n","protected":false},"author":1,"featured_media":0,"comment_status":"open","ping_status":"open","sticky":false,"template":"","format":"standard","meta":{"advanced_seo_description":"","jetpack_seo_html_title":"","jetpack_seo_noindex":false,"jetpack_seo_schema_type":"","episode_type":"","audio_file":"","podmotor_file_id":"","podmotor_episode_id":"","cover_image":"","cover_image_id":"","duration":"","filesize":"","filesize_raw":"","date_recorded":"","explicit":"","block":"","_jetpack_newsletter_access":"","_jetpack_dont_email_post_to_subs":false,"_jetpack_newsletter_tier_id":0,"_jetpack_memberships_contains_paywalled_content":false,"_jetpack_feature_clip_id":0,"_jetpack_memberships_contains_paid_content":false,"footnotes":"","jetpack_publicize_message":"","jetpack_publicize_feature_enabled":true,"jetpack_social_post_already_shared":false,"jetpack_social_options":{"image_generator_settings":{"template":"highway","default_image_id":0,"font":"","enabled":false},"version":2},"jetpack_post_was_ever_published":false},"categories":[2],"tags":[32,17,18,20,86,21,5,24],"series":[],"class_list":["post-2761","post","type-post","status-publish","format-standard","hentry","category-limones","tag-especial","tag-historia","tag-hombre","tag-mujer","tag-oracion","tag-problema","tag-tiempo","tag-vida"],"episode_featured_image":false,"episode_player_image":"https:\/\/i0.wp.com\/quechilero.com\/blog\/imagenes\/podcast.png?fit=1831%2C1831&ssl=1","download_link":"","player_link":"","audio_player":false,"episode_data":{"playerMode":"dark","subscribeUrls":{"amazon":{"key":"amazon","url":"","label":"Amazon","class":"amazon","icon":"amazon.png"},"apple_podcasts":{"key":"apple_podcasts","url":"","label":"Apple Podcasts","class":"apple_podcasts","icon":"apple-podcasts.png"},"castbox":{"key":"castbox","url":"","label":"CastBox","class":"castbox","icon":"castbox.png"},"deezer":{"key":"deezer","url":"","label":"Deezer","class":"deezer","icon":"deezer.png"},"google_podcasts":{"key":"google_podcasts","url":"","label":"Google Podcasts","class":"google_podcasts","icon":"google-podcasts.png"},"listen_notes":{"key":"listen_notes","url":"","label":"Listen Notes","class":"listen_notes","icon":"listen-notes.png"},"pandora":{"key":"pandora","url":"","label":"Pandora","class":"pandora","icon":"pandora.png"},"podbean":{"key":"podbean","url":"","label":"Podbean","class":"podbean","icon":"podbean.png"},"podcast_republic":{"key":"podcast_republic","url":"","label":"Podcast Republic","class":"podcast_republic","icon":"podcast-republic.png"},"rss":{"key":"rss","url":"","label":"RSS","class":"rss","icon":"rss.png"},"spotify":{"key":"spotify","url":"","label":"Spotify","class":"spotify","icon":"spotify.png"},"stitcher":{"key":"stitcher","url":"","label":"Stitcher","class":"stitcher","icon":"stitcher.png"},"tunein":{"key":"tunein","url":"","label":"TuneIn","class":"tunein","icon":"tunein.png"},"youtube":{"key":"youtube","url":"","label":"YouTube","class":"youtube","icon":"youtube.png"},"iheartradio":{"key":"iheartradio","url":"","label":"iHeartRadio","class":"iheartradio","icon":"iheartradio.png"},"ivoox":{"key":"ivoox","url":"","label":"iVoox","class":"ivoox","icon":"ivoox.png"}},"rssFeedUrl":"https:\/\/quechilero.com\/blog\/feed\/podcast\/si-la-vida-nos-da-limones","embedCode":"<blockquote class=\"wp-embedded-content\" data-secret=\"fcGJ53uXAK\"><a href=\"https:\/\/quechilero.com\/blog\/2009\/04\/29\/dermodepilacion\/\">Dermodepilaci\u00f3n<\/a><\/blockquote><iframe sandbox=\"allow-scripts\" security=\"restricted\" src=\"https:\/\/quechilero.com\/blog\/2009\/04\/29\/dermodepilacion\/embed\/#?secret=fcGJ53uXAK\" width=\"500\" height=\"350\" title=\"\u00abDermodepilaci\u00f3n\u00bb \u2014 Si la Vida nos da Limones...\" data-secret=\"fcGJ53uXAK\" frameborder=\"0\" marginwidth=\"0\" marginheight=\"0\" scrolling=\"no\" class=\"wp-embedded-content\"><\/iframe><script>\n\/*! This file is auto-generated *\/\n!function(d,l){\"use strict\";l.querySelector&&d.addEventListener&&\"undefined\"!=typeof URL&&(d.wp=d.wp||{},d.wp.receiveEmbedMessage||(d.wp.receiveEmbedMessage=function(e){var t=e.data;if((t||t.secret||t.message||t.value)&&!\/[^a-zA-Z0-9]\/.test(t.secret)){for(var s,r,n,a=l.querySelectorAll('iframe[data-secret=\"'+t.secret+'\"]'),o=l.querySelectorAll('blockquote[data-secret=\"'+t.secret+'\"]'),c=new RegExp(\"^https?:$\",\"i\"),i=0;i<o.length;i++)o[i].style.display=\"none\";for(i=0;i<a.length;i++)s=a[i],e.source===s.contentWindow&&(s.removeAttribute(\"style\"),\"height\"===t.message?(1e3<(r=parseInt(t.value,10))?r=1e3:~~r<200&&(r=200),s.height=r):\"link\"===t.message&&(r=new URL(s.getAttribute(\"src\")),n=new URL(t.value),c.test(n.protocol))&&n.host===r.host&&l.activeElement===s&&(d.top.location.href=t.value))}},d.addEventListener(\"message\",d.wp.receiveEmbedMessage,!1),l.addEventListener(\"DOMContentLoaded\",function(){for(var e,t,s=l.querySelectorAll(\"iframe.wp-embedded-content\"),r=0;r<s.length;r++)(t=(e=s[r]).getAttribute(\"data-secret\"))||(t=Math.random().toString(36).substring(2,12),e.src+=\"#?secret=\"+t,e.setAttribute(\"data-secret\",t)),e.contentWindow.postMessage({message:\"ready\",secret:t},\"*\")},!1)))}(window,document);\n\/\/# sourceURL=https:\/\/quechilero.com\/blog\/wp-includes\/js\/wp-embed.min.js\n<\/script>\n"},"jetpack_publicize_connections":[],"jetpack_shortlink":"https:\/\/wp.me\/pDKli-Ix","jetpack_sharing_enabled":true,"jetpack-related-posts":[{"id":69,"url":"https:\/\/quechilero.com\/blog\/2006\/08\/17\/utopias-1910-rasuradoras\/","url_meta":{"origin":2761,"position":0},"title":"Utop\u00edas 1910 &#8211; Rasuradoras","author":"Pepe Barrascout Ortiz","date":"17 agosto 2006","format":false,"excerpt":"Otro post m\u00e1s de la serie de Utop\u00edas de principios del Siglo XX, siguiendo este link pueden leer la primera. Ahora vemos que desde hace a\u00f1os se habla de la automatizaci\u00f3n y en este caso en una barber\u00eda (de las que alguna vez fuimos que estaban en los barrios), una\u2026","rel":"","context":"En \u00abLimones\u00bb","block_context":{"text":"Limones","link":"https:\/\/quechilero.com\/blog\/category\/limones\/"},"img":{"alt_text":"Utopia Barber\u00eda Autom\u00e1tica","src":"https:\/\/i0.wp.com\/static.flickr.com\/72\/198883725_74d97ac362.jpg?resize=350%2C200","width":350,"height":200},"classes":[]},{"id":18078,"url":"https:\/\/quechilero.com\/blog\/2014\/08\/06\/colapso-de-un-glaciar\/","url_meta":{"origin":2761,"position":1},"title":"Colapso de un Glaciar","author":"Pepe Barrascout Ortiz","date":"6 agosto 2014","format":false,"excerpt":"Nunca deja de impresionar la gran liberaci\u00f3n de energ\u00eda, que en distintos fen\u00f3menos naturales, como en el colapso de un glaciar, se pueden ver. Toda esa energ\u00eda contenida en un bloque de hielo, que por el proceso natural y cotidiano del deshielo, empieza a resquebrajarse y en un momento determinado\u2026","rel":"","context":"En \u00abVideoBlog\u00bb","block_context":{"text":"VideoBlog","link":"https:\/\/quechilero.com\/blog\/category\/videoblog\/"},"img":{"alt_text":"","src":"https:\/\/i0.wp.com\/img.youtube.com\/vi\/XEk5mNVc2Hk\/0.jpg?resize=350%2C200","width":350,"height":200},"classes":[]},{"id":128,"url":"https:\/\/quechilero.com\/blog\/2006\/08\/11\/mapa-en-relieve\/","url_meta":{"origin":2761,"position":2},"title":"Mapa en Relieve","author":"Pepe Barrascout Ortiz","date":"11 agosto 2006","format":false,"excerpt":"No hay nada que me recuerde m\u00e1s mi infancia que el Mapa en Relieve y el \"Hipodromo del Norte\". No se porqu\u00e9 se le llamaba hip\u00f3dromo si nunca supe que se corrieran caballos all\u00ed, aunque seg\u00fan cuenta la leyenda alguna vez as\u00ed fue, al final de la avenida Sime\u00f3n Ca\u00f1as\u2026","rel":"","context":"En \u00abLimones\u00bb","block_context":{"text":"Limones","link":"https:\/\/quechilero.com\/blog\/category\/limones\/"},"img":{"alt_text":"Mapa en Relieve","src":"https:\/\/i0.wp.com\/static.flickr.com\/74\/210588966_22e5705f78.jpg?resize=350%2C200","width":350,"height":200},"classes":[]},{"id":347,"url":"https:\/\/quechilero.com\/blog\/2006\/10\/31\/historia-de-microsoft\/","url_meta":{"origin":2761,"position":3},"title":"Historia de Microsoft","author":"Pepe Barrascout Ortiz","date":"31 octubre 2006","format":false,"excerpt":"Resumido en poco mas de dos minutos, toda la historia de Microsoft, sus or\u00edgenes, filosof\u00eda, prop\u00f3sitos e incluso el nombre del siguiente sistema operativo (despu\u00e9s de Windows Vista). Incluye las utilidades de la corporaci\u00f3n y del mero due\u00f1o de todo :). Especial de Hallowen. P.D.: No se lo vayan a\u2026","rel":"","context":"En \u00abLimones\u00bb","block_context":{"text":"Limones","link":"https:\/\/quechilero.com\/blog\/category\/limones\/"},"img":{"alt_text":"","src":"","width":0,"height":0},"classes":[]},{"id":15265,"url":"https:\/\/quechilero.com\/blog\/2012\/12\/21\/cultiva-las-palabras-bondadosas\/","url_meta":{"origin":2761,"position":4},"title":"Cultiva las palabras bondadosas","author":"Pepe Barrascout Ortiz","date":"21 diciembre 2012","format":false,"excerpt":"Una palabra bondadosa tiene el poder divino de calmar las tempestades del odio y de la lucha, y \"de cambiar a simples mortales en \u00e1ngeles visibles\". El padre Faber dice: \"\u00a1El poder de las palabras bondadosas! En verdad, dif\u00edcilmente hay en la tierra igual poder. Pueden realizar lo que s\u00f3lo\u2026","rel":"","context":"En \u00abLimones\u00bb","block_context":{"text":"Limones","link":"https:\/\/quechilero.com\/blog\/category\/limones\/"},"img":{"alt_text":"","src":"","width":0,"height":0},"classes":[]},{"id":6451,"url":"https:\/\/quechilero.com\/blog\/2011\/02\/05\/la-vida-dentro-de-microsoft\/","url_meta":{"origin":2761,"position":5},"title":"La vida dentro de Microsoft","author":"Pepe Barrascout Ortiz","date":"5 febrero 2011","format":false,"excerpt":"Muchas veces hemos le\u00eddo, visto y escuchado, muchas historias sobre como es la vida en las grandes corporaciones, en especial las relacionadas con tecnolog\u00eda. Dentro de las mas famosas y populares, est\u00e1n las historias, sobre como trabajan en Google. Algo que pareciera inveros\u00edmil, en especial en nuestros pa\u00edses latinoamericanos y\u2026","rel":"","context":"En \u00abLimones\u00bb","block_context":{"text":"Limones","link":"https:\/\/quechilero.com\/blog\/category\/limones\/"},"img":{"alt_text":"","src":"","width":0,"height":0},"classes":[]}],"jetpack_featured_media_url":"","_links":{"self":[{"href":"https:\/\/quechilero.com\/blog\/wp-json\/wp\/v2\/posts\/2761","targetHints":{"allow":["GET"]}}],"collection":[{"href":"https:\/\/quechilero.com\/blog\/wp-json\/wp\/v2\/posts"}],"about":[{"href":"https:\/\/quechilero.com\/blog\/wp-json\/wp\/v2\/types\/post"}],"author":[{"embeddable":true,"href":"https:\/\/quechilero.com\/blog\/wp-json\/wp\/v2\/users\/1"}],"replies":[{"embeddable":true,"href":"https:\/\/quechilero.com\/blog\/wp-json\/wp\/v2\/comments?post=2761"}],"version-history":[{"count":0,"href":"https:\/\/quechilero.com\/blog\/wp-json\/wp\/v2\/posts\/2761\/revisions"}],"wp:attachment":[{"href":"https:\/\/quechilero.com\/blog\/wp-json\/wp\/v2\/media?parent=2761"}],"wp:term":[{"taxonomy":"category","embeddable":true,"href":"https:\/\/quechilero.com\/blog\/wp-json\/wp\/v2\/categories?post=2761"},{"taxonomy":"post_tag","embeddable":true,"href":"https:\/\/quechilero.com\/blog\/wp-json\/wp\/v2\/tags?post=2761"},{"taxonomy":"series","embeddable":true,"href":"https:\/\/quechilero.com\/blog\/wp-json\/wp\/v2\/series?post=2761"}],"curies":[{"name":"wp","href":"https:\/\/api.w.org\/{rel}","templated":true}]}}