{"id":27532,"date":"2012-12-04T10:00:48","date_gmt":"2012-12-04T16:00:48","guid":{"rendered":"https:\/\/quechilero.com\/blog\/?post_type=podcast&#038;p=27532"},"modified":"2018-08-14T12:50:26","modified_gmt":"2018-08-14T18:50:26","slug":"podcast-punto-de-vista-episodio-1-la-corrupcion","status":"publish","type":"post","link":"https:\/\/quechilero.com\/blog\/2012\/12\/04\/podcast-punto-de-vista-episodio-1-la-corrupcion\/","title":{"rendered":"Podcast: Punto de Vista, episodio 1 &#8211; La Corrupci\u00f3n"},"content":{"rendered":"<p>Junto a Cristina De Paz, entusiasta de la libertad y el derecho, iniciamos con el podcast <strong>\u00abPunto de Vista\u00bb<\/strong>, donde a lo largo de veinte minutos en promedio, estaremos comentando diversos temas del acontecer nacional en Guatemala.<\/p>\n<p>Con ideas, sugerencias para hacer, que muchas veces por ser tan obvias y de sentido com\u00fan, las olvidamos, las dejamos pasar o simplemente no las conocemos.<\/p>\n<p><strong>Episodio 1: La Corrupci\u00f3n.<\/strong><\/p>\n<p>De todos es sabido, que <em>la corrupci\u00f3n<\/em> es uno de los principales flagelos que atacan a la sociedad en general. Guatemala no es la excepci\u00f3n y por momentos, sentimos que es tan agobiante por estar presentes en todos los aspectos de la vida cotidiana. Sin embargo, hay formas de combatirla y es nuestro deber como ciudadanos hacerlo.<\/p>\n<p>En este episodio hablamos de los tipos de corrupci\u00f3n, el aspecto moral, los principios, la forma de denunciarla. Los invitamos a escuchar el episodio y a dejarnos sus opiniones, las estaremos comentando en los siguientes episodios.<\/p>\n<p><a title=\"Podcast Punto de Vista\" href=\"http:\/\/quechilero.com\/blog\/category\/podcast\/\" target=\"_blank\" rel=\"noopener\">Descarga este y otros episodios<\/a>.<\/p>\n<p><a title=\"Podcast Punto de Vista\" href=\"http:\/\/feeds.feedburner.com\/las6am\" rel=\"alternate\" type=\"application\/rss+xml\"><img data-recalc-dims=\"1\" decoding=\"async\" title=\"Podcast Punto de Vista\" src=\"https:\/\/i0.wp.com\/www.feedburner.com\/fb\/images\/pub\/feed-icon16x16.png?w=1200&#038;ssl=1\" alt=\"\" \/><\/a> <a href=\"http:\/\/feed.quechilero.com\/PodcasteandoGT\" rel=\"alternate\" type=\"application\/rss+xml\">Suscr\u00edbete al podcast<\/a><\/p>\n","protected":false},"excerpt":{"rendered":"<p>Junto a Cristina De Paz, entusiasta de la libertad y el derecho, iniciamos con el podcast \u00abPunto de Vista\u00bb, donde a lo largo de veinte minutos en promedio, estaremos comentando diversos temas del acontecer nacional en Guatemala. Con ideas, sugerencias para hacer, que muchas veces por ser tan obvias y de sentido com\u00fan, las olvidamos, &#8230; <a title=\"Podcast: Punto de Vista, episodio 1 &#8211; La Corrupci\u00f3n\" class=\"read-more\" href=\"https:\/\/quechilero.com\/blog\/2012\/12\/04\/podcast-punto-de-vista-episodio-1-la-corrupcion\/\" aria-label=\"Leer m\u00e1s sobre Podcast: Punto de Vista, episodio 1 &#8211; La Corrupci\u00f3n\">Leer m\u00e1s<\/a><\/p>\n","protected":false},"author":1,"featured_media":0,"comment_status":"open","ping_status":"open","sticky":false,"template":"","format":"standard","meta":{"advanced_seo_description":"","jetpack_seo_html_title":"","jetpack_seo_noindex":false,"jetpack_seo_schema_type":"","episode_type":"audio","audio_file":"http:\/\/media.blubrry.com\/quechilero\/p\/dts.podtrac.com\/redirect.mp3\/archive.org\/download\/PodcastPuntoDeVista\/001-Punto-de-Vista.mp3","podmotor_file_id":"","podmotor_episode_id":"","cover_image":"","cover_image_id":"","duration":"26:00","filesize":"23.8M","filesize_raw":"","date_recorded":"","explicit":"","block":"","_jetpack_newsletter_access":"","_jetpack_dont_email_post_to_subs":false,"_jetpack_newsletter_tier_id":0,"_jetpack_memberships_contains_paywalled_content":false,"_jetpack_feature_clip_id":0,"_jetpack_memberships_contains_paid_content":false,"footnotes":"","jetpack_publicize_message":"","jetpack_publicize_feature_enabled":true,"jetpack_social_post_already_shared":true,"jetpack_social_options":{"image_generator_settings":{"template":"highway","default_image_id":0,"font":"","enabled":false},"version":2},"jetpack_post_was_ever_published":false},"categories":[111,126,121],"tags":[70,51,10,9,40,101,24],"series":[132],"class_list":["post-27532","post","type-post","status-publish","format-standard","hentry","category-podcast","category-podcasteando","category-punto-de-vista","tag-descarga","tag-dios","tag-guatemala","tag-idea","tag-paz","tag-podcast-2","tag-vida","series-podcasteando"],"episode_featured_image":false,"episode_player_image":"https:\/\/i0.wp.com\/quechilero.com\/blog\/imagenes\/podcast.png?fit=1831%2C1831&ssl=1","download_link":"https:\/\/quechilero.com\/blog\/podcast-download\/27532\/podcast-punto-de-vista-episodio-1-la-corrupcion.mp3","player_link":"https:\/\/quechilero.com\/blog\/podcast-player\/27532\/podcast-punto-de-vista-episodio-1-la-corrupcion.mp3","audio_player":null,"episode_data":{"playerMode":"dark","subscribeUrls":{"amazon":{"key":"amazon","url":"","label":"Amazon","class":"amazon","icon":"amazon.png"},"apple_podcasts":{"key":"apple_podcasts","url":"https:\/\/itunes.apple.com\/gt\/podcast\/podcasteando\/id1432095311","label":"Apple Podcasts","class":"apple_podcasts","icon":"apple-podcasts.png"},"castbox":{"key":"castbox","url":"","label":"CastBox","class":"castbox","icon":"castbox.png"},"deezer":{"key":"deezer","url":"","label":"Deezer","class":"deezer","icon":"deezer.png"},"google_podcasts":{"key":"google_podcasts","url":"https:\/\/play.google.com\/music\/m\/Ihdoxa4hlu332zmigcy5jmbj7di","label":"Google Podcasts","class":"google_podcasts","icon":"google-podcasts.png"},"listen_notes":{"key":"listen_notes","url":"","label":"Listen Notes","class":"listen_notes","icon":"listen-notes.png"},"pandora":{"key":"pandora","url":"","label":"Pandora","class":"pandora","icon":"pandora.png"},"podbean":{"key":"podbean","url":"","label":"Podbean","class":"podbean","icon":"podbean.png"},"podcast_republic":{"key":"podcast_republic","url":"","label":"Podcast Republic","class":"podcast_republic","icon":"podcast-republic.png"},"rss":{"key":"rss","url":"","label":"RSS","class":"rss","icon":"rss.png"},"spotify":{"key":"spotify","url":"","label":"Spotify","class":"spotify","icon":"spotify.png"},"stitcher":{"key":"stitcher","url":"https:\/\/www.stitcher.com\/s?fid=223044&refid=stpr","label":"Stitcher","class":"stitcher","icon":"stitcher.png"},"tunein":{"key":"tunein","url":"","label":"TuneIn","class":"tunein","icon":"tunein.png"},"youtube":{"key":"youtube","url":"","label":"YouTube","class":"youtube","icon":"youtube.png"},"iheartradio":{"key":"iheartradio","url":"","label":"iHeartRadio","class":"iheartradio","icon":"iheartradio.png"},"ivoox":{"key":"ivoox","url":"","label":"iVoox","class":"ivoox","icon":"ivoox.png"}},"rssFeedUrl":"https:\/\/quechilero.com\/blog\/feed\/podcast\/podcasteando","embedCode":"<blockquote class=\"wp-embedded-content\" data-secret=\"ZibkP39ddc\"><a href=\"https:\/\/quechilero.com\/blog\/2012\/12\/04\/podcast-punto-de-vista-episodio-1-la-corrupcion\/\">Podcast: Punto de Vista, episodio 1 &#8211; La Corrupci\u00f3n<\/a><\/blockquote><iframe sandbox=\"allow-scripts\" security=\"restricted\" src=\"https:\/\/quechilero.com\/blog\/2012\/12\/04\/podcast-punto-de-vista-episodio-1-la-corrupcion\/embed\/#?secret=ZibkP39ddc\" width=\"500\" height=\"350\" title=\"\u00abPodcast: Punto de Vista, episodio 1 &#8211; La Corrupci\u00f3n\u00bb \u2014 Si la Vida nos da Limones...\" data-secret=\"ZibkP39ddc\" frameborder=\"0\" marginwidth=\"0\" marginheight=\"0\" scrolling=\"no\" class=\"wp-embedded-content\"><\/iframe><script>\n\/*! This file is auto-generated *\/\n!function(d,l){\"use strict\";l.querySelector&&d.addEventListener&&\"undefined\"!=typeof URL&&(d.wp=d.wp||{},d.wp.receiveEmbedMessage||(d.wp.receiveEmbedMessage=function(e){var t=e.data;if((t||t.secret||t.message||t.value)&&!\/[^a-zA-Z0-9]\/.test(t.secret)){for(var s,r,n,a=l.querySelectorAll('iframe[data-secret=\"'+t.secret+'\"]'),o=l.querySelectorAll('blockquote[data-secret=\"'+t.secret+'\"]'),c=new RegExp(\"^https?:$\",\"i\"),i=0;i<o.length;i++)o[i].style.display=\"none\";for(i=0;i<a.length;i++)s=a[i],e.source===s.contentWindow&&(s.removeAttribute(\"style\"),\"height\"===t.message?(1e3<(r=parseInt(t.value,10))?r=1e3:~~r<200&&(r=200),s.height=r):\"link\"===t.message&&(r=new URL(s.getAttribute(\"src\")),n=new URL(t.value),c.test(n.protocol))&&n.host===r.host&&l.activeElement===s&&(d.top.location.href=t.value))}},d.addEventListener(\"message\",d.wp.receiveEmbedMessage,!1),l.addEventListener(\"DOMContentLoaded\",function(){for(var e,t,s=l.querySelectorAll(\"iframe.wp-embedded-content\"),r=0;r<s.length;r++)(t=(e=s[r]).getAttribute(\"data-secret\"))||(t=Math.random().toString(36).substring(2,12),e.src+=\"#?secret=\"+t,e.setAttribute(\"data-secret\",t)),e.contentWindow.postMessage({message:\"ready\",secret:t},\"*\")},!1)))}(window,document);\n\/\/# sourceURL=https:\/\/quechilero.com\/blog\/wp-includes\/js\/wp-embed.min.js\n<\/script>\n"},"jetpack_publicize_connections":[],"jetpack_shortlink":"https:\/\/wp.me\/pDKli-7a4","jetpack_sharing_enabled":true,"jetpack-related-posts":[{"id":27531,"url":"https:\/\/quechilero.com\/blog\/2012\/12\/11\/podcast-punto-de-vista-episodio-2-la-corrupcion-en-obras\/","url_meta":{"origin":27532,"position":0},"title":"Podcast: Punto de Vista, episodio 2 &#8211; La Corrupci\u00f3n en Obras","author":"Pepe Barrascout Ortiz","date":"11 diciembre 2012","format":false,"excerpt":"Episodio 2: La Corrupci\u00f3n en Obras. Las distintas instituciones del Estado encargadas de ejecutar obra f\u00edsica, en muchos casos y en varios niveles, se han visto envueltas en casos de corrupci\u00f3n de varios tipos, desde la sobrevaloraci\u00f3n hasta el desv\u00edo de dinero, recursos y materiales, sin dejar a un lado\u2026","rel":"","context":"En \u00abPodcast\u00bb","block_context":{"text":"Podcast","link":"https:\/\/quechilero.com\/blog\/category\/podcast\/"},"img":{"alt_text":"","src":"","width":0,"height":0},"classes":[]},{"id":27529,"url":"https:\/\/quechilero.com\/blog\/2013\/01\/22\/podcast-punto-de-vista-episodio-4-informe-primer-ano-presidente-perez\/","url_meta":{"origin":27532,"position":1},"title":"Podcast: Punto de Vista, episodio 4 &#8211; Informe primer a\u00f1o Presidente P\u00e9rez","author":"Pepe Barrascout Ortiz","date":"22 enero 2013","format":false,"excerpt":"Episodio 4: Informe primer a\u00f1o Presidente P\u00e9rez En esta semana, el Presidente P\u00e9rez, rindi\u00f3 el informe de su primer a\u00f1o de gesti\u00f3n. Tuvo varias\u00a0peculiaridades muy pintorescas, entre ellas, el d\u00eda anterior en una de los sectores mas violentos de Ciudad Guatemala, realiz\u00f3 una presentaci\u00f3n, que por muchos fue calificado como\u00a0mit\u00edn\u2026","rel":"","context":"En \u00abPodcast\u00bb","block_context":{"text":"Podcast","link":"https:\/\/quechilero.com\/blog\/category\/podcast\/"},"img":{"alt_text":"","src":"","width":0,"height":0},"classes":[]},{"id":27546,"url":"https:\/\/quechilero.com\/blog\/2014\/06\/11\/el-decimo-sentido-podcast-episodio-003\/","url_meta":{"origin":27532,"position":2},"title":"El D\u00e9cimo Sentido &#8211; Podcast &#8211; Episodio 003","author":"Pepe Barrascout Ortiz","date":"11 junio 2014","format":false,"excerpt":"El D\u00e9cimo Sentido es un\u00a0podcast\u00a0con un concepto ecl\u00e9ctico de m\u00fasica. Incluye\u00a0un listado de diez canciones, siguiendo un tema diferente para cada episodio. En esta ocasi\u00f3n, este episodio trata de \"canciones para bailar y disfrutar\",\u00a0hemos reunido una lista con nuestras canciones favoritas, con las que nos gusta compartir con nuestros amigos\u2026","rel":"","context":"En \u00abPodcast\u00bb","block_context":{"text":"Podcast","link":"https:\/\/quechilero.com\/blog\/category\/podcast\/"},"img":{"alt_text":"","src":"","width":0,"height":0},"classes":[]},{"id":27547,"url":"https:\/\/quechilero.com\/blog\/2014\/06\/06\/el-decimo-sentido-podcast-episodio-002\/","url_meta":{"origin":27532,"position":3},"title":"El D\u00e9cimo Sentido &#8211; Podcast &#8211; Episodio 002","author":"Pepe Barrascout Ortiz","date":"6 junio 2014","format":false,"excerpt":"Inicia este\u00a0podcast\u00a0con un concepto ecl\u00e9ctico de m\u00fasica. Es un listado de diez canciones, siguiendo un tema diferente para cada episodio. Estamos en invierno y este episodio trata de \"canciones para no dedicar\",\u00a0hemos reunido una lista con nuestras canciones favoritas, que no debi\u00e9ramos dedicar ac\u00e1 te explicamos por qu\u00e9 y\u00a0aunque todas\u2026","rel":"","context":"En \u00abPodcast\u00bb","block_context":{"text":"Podcast","link":"https:\/\/quechilero.com\/blog\/category\/podcast\/"},"img":{"alt_text":"","src":"","width":0,"height":0},"classes":[]},{"id":27548,"url":"https:\/\/quechilero.com\/blog\/2014\/05\/26\/el-decimo-sentido-podcast-episodio-001\/","url_meta":{"origin":27532,"position":4},"title":"El D\u00e9cimo Sentido &#8211; Podcast &#8211; Episodio 001","author":"Pepe Barrascout Ortiz","date":"26 mayo 2014","format":false,"excerpt":"Inicia este\u00a0podcast\u00a0con un concepto ecl\u00e9ctico de m\u00fasica. Es un listado de diez canciones, siguiendo un tema diferente para cada episodio. Estamos en invierno y este episodio trata de \"canciones para cuando llueve\",\u00a0hemos reunido una lista con nuestras canciones favoritas, para pasar la lluvia, para traer de nuevo la nostalgia y\u2026","rel":"","context":"En \u00abPodcast\u00bb","block_context":{"text":"Podcast","link":"https:\/\/quechilero.com\/blog\/category\/podcast\/"},"img":{"alt_text":"","src":"","width":0,"height":0},"classes":[]},{"id":27545,"url":"https:\/\/quechilero.com\/blog\/2014\/06\/20\/el-decimo-sentido-podcast-episodio-004\/","url_meta":{"origin":27532,"position":5},"title":"El D\u00e9cimo Sentido &#8211; Podcast &#8211; Episodio 004","author":"Pepe Barrascout Ortiz","date":"20 junio 2014","format":false,"excerpt":"El D\u00e9cimo Sentido es un\u00a0podcast\u00a0con un concepto ecl\u00e9ctico de m\u00fasica. Incluye\u00a0un listado de diez canciones, siguiendo un tema diferente para cada episodio. En esta ocasi\u00f3n, este episodio trata de \"los a\u00f1os 80's recargados\",\u00a0hemos reunido una lista con nuestras canciones favoritas, cl\u00e1sicos que marcaron esta \u00e9poca que sirvi\u00f3 de transici\u00f3n entren\u2026","rel":"","context":"En \u00abPodcast\u00bb","block_context":{"text":"Podcast","link":"https:\/\/quechilero.com\/blog\/category\/podcast\/"},"img":{"alt_text":"","src":"","width":0,"height":0},"classes":[]}],"jetpack_featured_media_url":"","_links":{"self":[{"href":"https:\/\/quechilero.com\/blog\/wp-json\/wp\/v2\/posts\/27532","targetHints":{"allow":["GET"]}}],"collection":[{"href":"https:\/\/quechilero.com\/blog\/wp-json\/wp\/v2\/posts"}],"about":[{"href":"https:\/\/quechilero.com\/blog\/wp-json\/wp\/v2\/types\/post"}],"author":[{"embeddable":true,"href":"https:\/\/quechilero.com\/blog\/wp-json\/wp\/v2\/users\/1"}],"replies":[{"embeddable":true,"href":"https:\/\/quechilero.com\/blog\/wp-json\/wp\/v2\/comments?post=27532"}],"version-history":[{"count":0,"href":"https:\/\/quechilero.com\/blog\/wp-json\/wp\/v2\/posts\/27532\/revisions"}],"wp:attachment":[{"href":"https:\/\/quechilero.com\/blog\/wp-json\/wp\/v2\/media?parent=27532"}],"wp:term":[{"taxonomy":"category","embeddable":true,"href":"https:\/\/quechilero.com\/blog\/wp-json\/wp\/v2\/categories?post=27532"},{"taxonomy":"post_tag","embeddable":true,"href":"https:\/\/quechilero.com\/blog\/wp-json\/wp\/v2\/tags?post=27532"},{"taxonomy":"series","embeddable":true,"href":"https:\/\/quechilero.com\/blog\/wp-json\/wp\/v2\/series?post=27532"}],"curies":[{"name":"wp","href":"https:\/\/api.w.org\/{rel}","templated":true}]}}