{"id":27325,"date":"2011-06-21T08:00:44","date_gmt":"2011-06-21T14:00:44","guid":{"rendered":"https:\/\/quechilero.com\/blog\/?post_type=podcast&#038;p=27325"},"modified":"2018-08-14T10:03:03","modified_gmt":"2018-08-14T16:03:03","slug":"en-el-momento-justo-con-el-angulo-exacto-156","status":"publish","type":"post","link":"https:\/\/quechilero.com\/blog\/2011\/06\/21\/en-el-momento-justo-con-el-angulo-exacto-156\/","title":{"rendered":"En el momento justo, con el \u00e1ngulo exacto"},"content":{"rendered":"<p><em>Tercermundismo que le dicen.<\/em><\/p>\n<p><a href=\"https:\/\/picasaweb.google.com\/lh\/photo\/xHQ9M3Tw77M0ofwcOXfBiw?feat=directlink\"><img data-recalc-dims=\"1\" decoding=\"async\" title=\"Mercado Bloquea Bomberos\" src=\"https:\/\/i0.wp.com\/lh3.googleusercontent.com\/-IeD_Mqs6QZQ\/TgI66BTAiFI\/AAAAAAAAArQ\/ZfE1tNJHT-0\/s800\/mercado.jpg?w=600&#038;ssl=1\" alt=\"Mercado Guatemala\"  \/><\/a><\/p>\n<p>Gracias a el total e impune irrespeto a las leyes del pa\u00eds, con personas incapaces de cumplirlas y autoridades incapaces de hacerlas cumplir, por eso es que es posible ver esta y muchas otras escenas similares en Guatemala. \u00bfEstas personas ind\u00edgenas, son las mismas que se sienten \u00aborgullosas\u00bb de su herencia maya?<\/p>\n<p>\u00bfDonde est\u00e1 la Polic\u00eda Nacional Civil, el Ministerio P\u00fablico, el Procurador de los Derechos Humanos, el Alcalde de esa localidad, el Gobernador de ese departamento?, todos ellos son culpables tambi\u00e9n, por no hacer cumplir las leyes, por no defender nuestros derechos, por no evitar que por una mala atenci\u00f3n de los bomberos, alguna persona pueda llegar a morir.<\/p>\n<p>\u00bfQue pasa con estos ind\u00edgenas que no cumplen con la ley?<\/p>\n<p>A continuaci\u00f3n una peque\u00f1a entrevista con el Sr.\u00a0Celso Cuxilic Morales de la <em>Estaci\u00f3n de Bomberos de Solol\u00e1<\/em>, donde explica las peripecias que deben sortear para prestar el servicio y que este problema tiene mas de <em>diez a\u00f1os<\/em>, agrav\u00e1ndose en los \u00faltimos <em>cinco a\u00f1os<\/em>. Incluso algunos da\u00f1os ocasionados por la irresponsabilidad de los <em>vendedores ind\u00edgenas<\/em>, han tenido que ser pagados por los mismos bomberos.<\/p>\n<p>La entrevista deja un sentimiento de impotencia y de como la impunidad campea a sus anchas en todos los niveles y aspectos de nuestra sociedad.<\/p>\n<p>Sumamente lamentable, \u00bfhasta cuando permitiremos que cualquiera atente contra la seguridad y la vida?<\/p>\n<p><span style=\"color: #444444;\"><\/span><\/p>\n<p><a href=\"https:\/\/picasaweb.google.com\/lh\/photo\/PojwOxg0GdELX0gpi2v5cA?feat=directlink\"><img data-recalc-dims=\"1\" decoding=\"async\" class=\"alignnone\" title=\"Mercado Bloquea Bomberos\" src=\"https:\/\/i0.wp.com\/lh6.googleusercontent.com\/-roE0k4IdoAU\/Ths8wKn6RFI\/AAAAAAAAA1s\/eIp_doOGlyA\/s800\/bomberos-solola.jpg?w=600&#038;ssl=1\" alt=\"\"  \/><\/a><\/p>\n<p>Esto ocurre desde hace <em>diez a\u00f1os<\/em> en la trig\u00e9simo cuarta compa\u00f1\u00eda de Bomberos Voluntarios en Solol\u00e1.<\/p>\n<p>Fotograf\u00eda tomada en el momento justo, con el \u00e1ngulo exacto. Publicada originalmente por: <a title=\"En el momento jsuto, con el \u00e1ngulo exacto\" href=\"http:\/\/noticiasdebomberosgua.blogspot.com\/2009\/07\/bomberos-voluntarios-de-solola-realizan.html\" target=\"_blank\">Noticias de Bomberos<\/a><\/p>\n","protected":false},"excerpt":{"rendered":"<p>Tercermundismo que le dicen. Gracias a el total e impune irrespeto a las leyes del pa\u00eds, con personas incapaces de cumplirlas y autoridades incapaces de hacerlas cumplir, por eso es que es posible ver esta y muchas otras escenas similares en Guatemala. \u00bfEstas personas ind\u00edgenas, son las mismas que se sienten \u00aborgullosas\u00bb de su herencia &#8230; <a title=\"En el momento justo, con el \u00e1ngulo exacto\" class=\"read-more\" href=\"https:\/\/quechilero.com\/blog\/2011\/06\/21\/en-el-momento-justo-con-el-angulo-exacto-156\/\" aria-label=\"Leer m\u00e1s sobre En el momento justo, con el \u00e1ngulo exacto\">Leer m\u00e1s<\/a><\/p>\n","protected":false},"author":1,"featured_media":0,"comment_status":"open","ping_status":"closed","sticky":false,"template":"","format":"standard","meta":{"advanced_seo_description":"","jetpack_seo_html_title":"","jetpack_seo_noindex":false,"jetpack_seo_schema_type":"","episode_type":"","audio_file":"","podmotor_file_id":"","podmotor_episode_id":"","cover_image":"","cover_image_id":"","duration":"","filesize":"","filesize_raw":"","date_recorded":"","explicit":"","block":"","_jetpack_newsletter_access":"","_jetpack_dont_email_post_to_subs":false,"_jetpack_newsletter_tier_id":0,"_jetpack_memberships_contains_paywalled_content":false,"_jetpack_feature_clip_id":0,"_jetpack_memberships_contains_paid_content":false,"footnotes":"","jetpack_publicize_message":"","jetpack_publicize_feature_enabled":true,"jetpack_social_post_already_shared":true,"jetpack_social_options":{"image_generator_settings":{"template":"highway","default_image_id":0,"font":"","enabled":false},"version":2},"jetpack_post_was_ever_published":false},"categories":[119,98],"tags":[8,10,33,21,82,24],"series":[],"class_list":["post-27325","post","type-post","status-publish","format-standard","hentry","category-momento-justo","category-limones-por-mano","tag-fotografia","tag-guatemala","tag-humanos","tag-problema","tag-sentimiento","tag-vida"],"episode_featured_image":false,"episode_player_image":"https:\/\/i0.wp.com\/quechilero.com\/blog\/imagenes\/podcast.png?fit=1831%2C1831&ssl=1","download_link":"","player_link":"","audio_player":false,"episode_data":{"playerMode":"dark","subscribeUrls":{"amazon":{"key":"amazon","url":"","label":"Amazon","class":"amazon","icon":"amazon.png"},"apple_podcasts":{"key":"apple_podcasts","url":"","label":"Apple Podcasts","class":"apple_podcasts","icon":"apple-podcasts.png"},"castbox":{"key":"castbox","url":"","label":"CastBox","class":"castbox","icon":"castbox.png"},"deezer":{"key":"deezer","url":"","label":"Deezer","class":"deezer","icon":"deezer.png"},"google_podcasts":{"key":"google_podcasts","url":"","label":"Google Podcasts","class":"google_podcasts","icon":"google-podcasts.png"},"listen_notes":{"key":"listen_notes","url":"","label":"Listen Notes","class":"listen_notes","icon":"listen-notes.png"},"pandora":{"key":"pandora","url":"","label":"Pandora","class":"pandora","icon":"pandora.png"},"podbean":{"key":"podbean","url":"","label":"Podbean","class":"podbean","icon":"podbean.png"},"podcast_republic":{"key":"podcast_republic","url":"","label":"Podcast Republic","class":"podcast_republic","icon":"podcast-republic.png"},"rss":{"key":"rss","url":"","label":"RSS","class":"rss","icon":"rss.png"},"spotify":{"key":"spotify","url":"","label":"Spotify","class":"spotify","icon":"spotify.png"},"stitcher":{"key":"stitcher","url":"","label":"Stitcher","class":"stitcher","icon":"stitcher.png"},"tunein":{"key":"tunein","url":"","label":"TuneIn","class":"tunein","icon":"tunein.png"},"youtube":{"key":"youtube","url":"","label":"YouTube","class":"youtube","icon":"youtube.png"},"iheartradio":{"key":"iheartradio","url":"","label":"iHeartRadio","class":"iheartradio","icon":"iheartradio.png"},"ivoox":{"key":"ivoox","url":"","label":"iVoox","class":"ivoox","icon":"ivoox.png"}},"rssFeedUrl":"https:\/\/quechilero.com\/blog\/feed\/podcast\/si-la-vida-nos-da-limones","embedCode":"<blockquote class=\"wp-embedded-content\" data-secret=\"KwDNo8Ku84\"><a href=\"https:\/\/quechilero.com\/blog\/2011\/06\/21\/en-el-momento-justo-con-el-angulo-exacto-156\/\">En el momento justo, con el \u00e1ngulo exacto<\/a><\/blockquote><iframe sandbox=\"allow-scripts\" security=\"restricted\" src=\"https:\/\/quechilero.com\/blog\/2011\/06\/21\/en-el-momento-justo-con-el-angulo-exacto-156\/embed\/#?secret=KwDNo8Ku84\" width=\"500\" height=\"350\" title=\"\u00abEn el momento justo, con el \u00e1ngulo exacto\u00bb \u2014 Si la Vida nos da Limones...\" data-secret=\"KwDNo8Ku84\" frameborder=\"0\" marginwidth=\"0\" marginheight=\"0\" scrolling=\"no\" class=\"wp-embedded-content\"><\/iframe><script>\n\/*! This file is auto-generated *\/\n!function(d,l){\"use strict\";l.querySelector&&d.addEventListener&&\"undefined\"!=typeof URL&&(d.wp=d.wp||{},d.wp.receiveEmbedMessage||(d.wp.receiveEmbedMessage=function(e){var t=e.data;if((t||t.secret||t.message||t.value)&&!\/[^a-zA-Z0-9]\/.test(t.secret)){for(var s,r,n,a=l.querySelectorAll('iframe[data-secret=\"'+t.secret+'\"]'),o=l.querySelectorAll('blockquote[data-secret=\"'+t.secret+'\"]'),c=new RegExp(\"^https?:$\",\"i\"),i=0;i<o.length;i++)o[i].style.display=\"none\";for(i=0;i<a.length;i++)s=a[i],e.source===s.contentWindow&&(s.removeAttribute(\"style\"),\"height\"===t.message?(1e3<(r=parseInt(t.value,10))?r=1e3:~~r<200&&(r=200),s.height=r):\"link\"===t.message&&(r=new URL(s.getAttribute(\"src\")),n=new URL(t.value),c.test(n.protocol))&&n.host===r.host&&l.activeElement===s&&(d.top.location.href=t.value))}},d.addEventListener(\"message\",d.wp.receiveEmbedMessage,!1),l.addEventListener(\"DOMContentLoaded\",function(){for(var e,t,s=l.querySelectorAll(\"iframe.wp-embedded-content\"),r=0;r<s.length;r++)(t=(e=s[r]).getAttribute(\"data-secret\"))||(t=Math.random().toString(36).substring(2,12),e.src+=\"#?secret=\"+t,e.setAttribute(\"data-secret\",t)),e.contentWindow.postMessage({message:\"ready\",secret:t},\"*\")},!1)))}(window,document);\n\/\/# sourceURL=https:\/\/quechilero.com\/blog\/wp-includes\/js\/wp-embed.min.js\n<\/script>\n"},"jetpack_publicize_connections":[],"jetpack_shortlink":"https:\/\/wp.me\/pDKli-76J","jetpack_sharing_enabled":true,"jetpack-related-posts":[{"id":243,"url":"https:\/\/quechilero.com\/blog\/2006\/09\/15\/las-chocas-de-a-25\/","url_meta":{"origin":27325,"position":0},"title":"Las Chocas de a 25","author":"Pepe Barrascout Ortiz","date":"15 septiembre 2006","format":false,"excerpt":"El art\u00edculo que escribi\u00f3 El mundo de macros y que habla sobre un detalle que observ\u00f3 en una moneda de 25 centavos acu\u00f1ada en 1981, si desean saber m\u00e1s sobre este art\u00edculo titulado: \"El misterio de las chocas del 81\", los invito a que lo visiten. Al leer este texto\u2026","rel":"","context":"En \u00abLimones\u00bb","block_context":{"text":"Limones","link":"https:\/\/quechilero.com\/blog\/category\/limones\/"},"img":{"alt_text":"Choca","src":"https:\/\/i0.wp.com\/static.flickr.com\/84\/243491321_9e812c12e7_o.jpg?resize=350%2C200","width":350,"height":200},"classes":[]},{"id":3133,"url":"https:\/\/quechilero.com\/blog\/2009\/11\/24\/en-el-momento-justo-con-el-angulo-exacto-77\/","url_meta":{"origin":27325,"position":1},"title":"En el momento justo, con el \u00e1ngulo exacto","author":"Pepe Barrascout Ortiz","date":"24 noviembre 2009","format":false,"excerpt":"Solo uno en moto... Con la ley que dicta (en Guatemala), que solo una persona puede usar la motocicleta, entonces este se\u00f1or, \"aprovech\u00f3\" el espacio extra para abastecerse de agua embotellada. Fotograf\u00eda tomada en el momento justo, con el \u00e1ngulo exacto.","rel":"","context":"En \u00abLimones por mano\u00bb","block_context":{"text":"Limones por mano","link":"https:\/\/quechilero.com\/blog\/category\/limones-por-mano\/"},"img":{"alt_text":"","src":"","width":0,"height":0},"classes":[]},{"id":31225,"url":"https:\/\/quechilero.com\/blog\/2023\/04\/21\/datos-encriptados\/","url_meta":{"origin":27325,"position":2},"title":"Datos encriptados","author":"Pepe Barrascout Ortiz","date":"21 abril 2023","format":false,"excerpt":"Hola amigos, hoy nos ponemos bastante t\u00e9cnicos y vamos a platicar sobre\u00a0encriptaci\u00f3n en los datos. Claro que si, el gimnasio tiene un sin fin de informaci\u00f3n sensible e importante de cada uno de los usuarios y no sabemos a ciencia cierta c\u00f3mo es el manejo de esa informaci\u00f3n, qui\u00e9n tiene\u2026","rel":"","context":"En \u00abDaily Gym\u00bb","block_context":{"text":"Daily Gym","link":"https:\/\/quechilero.com\/blog\/category\/podcast\/daily-gym\/"},"img":{"alt_text":"Daily Gym Podcast","src":"https:\/\/i0.wp.com\/quechilero.com\/blog\/imagenes\/DailyGym.jpg?fit=1200%2C675&ssl=1&resize=350%2C200","width":350,"height":200,"srcset":"https:\/\/i0.wp.com\/quechilero.com\/blog\/imagenes\/DailyGym.jpg?fit=1200%2C675&ssl=1&resize=350%2C200 1x, https:\/\/i0.wp.com\/quechilero.com\/blog\/imagenes\/DailyGym.jpg?fit=1200%2C675&ssl=1&resize=525%2C300 1.5x, https:\/\/i0.wp.com\/quechilero.com\/blog\/imagenes\/DailyGym.jpg?fit=1200%2C675&ssl=1&resize=700%2C400 2x, https:\/\/i0.wp.com\/quechilero.com\/blog\/imagenes\/DailyGym.jpg?fit=1200%2C675&ssl=1&resize=1050%2C600 3x"},"classes":[]},{"id":5653,"url":"https:\/\/quechilero.com\/blog\/2010\/09\/15\/guatemala-ojala-no-fueramos-independientes\/","url_meta":{"origin":27325,"position":3},"title":"Guatemala: ojal\u00e1 no fu\u00e9ramos independientes","author":"Pepe Barrascout Ortiz","date":"15 septiembre 2010","format":false,"excerpt":"\"...Nuestros padres lucharon un d\u00eda, encendidos en patrio ardimiento y lograron sin choque sangriento...\" Me gusta mas la versi\u00f3n rom\u00e1ntica, de que la independencia, fue para ser aut\u00f3nomos con propia autodeterminaci\u00f3n y no la que dice que los sectores econ\u00f3micos y pudientes de la \u00e9poca, provocaron la independencia, con la\u2026","rel":"","context":"En \u00abLimones\u00bb","block_context":{"text":"Limones","link":"https:\/\/quechilero.com\/blog\/category\/limones\/"},"img":{"alt_text":"","src":"","width":0,"height":0},"classes":[]},{"id":12247,"url":"https:\/\/quechilero.com\/blog\/2012\/01\/14\/carta-abierta-al-presidente-de-guatemala\/","url_meta":{"origin":27325,"position":4},"title":"Carta Abierta al Presidente de Guatemala","author":"Pepe Barrascout Ortiz","date":"14 enero 2012","format":false,"excerpt":"Se\u00f1or Otto P\u00e9rez. Ciudadano Presidente. Guatemala. Por medio de la presente, me dirijo a usted, para manifestar mi sentir, hoy que es investido con el cargo de Presidente de la Rep\u00fablica. Como de todos es sabido, usted gan\u00f3 las elecciones, con el voto favorable del 31% de los ciudadanos actualmente\u2026","rel":"","context":"En \u00abLimones\u00bb","block_context":{"text":"Limones","link":"https:\/\/quechilero.com\/blog\/category\/limones\/"},"img":{"alt_text":"","src":"","width":0,"height":0},"classes":[]},{"id":18001,"url":"https:\/\/quechilero.com\/blog\/2014\/07\/10\/sobre-la-propaganda-politica\/","url_meta":{"origin":27325,"position":5},"title":"Sobre la propaganda pol\u00edtica","author":"Pepe Barrascout Ortiz","date":"10 julio 2014","format":false,"excerpt":"El TSE est\u00e1 intentando cumplir con su funci\u00f3n y hacer que se cumplan las normas ya establecidas, eso est\u00e1 bien. Pero dejemos por un lado eso y mi reflexi\u00f3n es: \u00bfpor qu\u00e9 no se permite que se haga proselitismo en todo momento y se restringe a un determinado tiempo? \u00bfno\u2026","rel":"","context":"En \u00abLimones\u00bb","block_context":{"text":"Limones","link":"https:\/\/quechilero.com\/blog\/category\/limones\/"},"img":{"alt_text":"","src":"","width":0,"height":0},"classes":[]}],"jetpack_featured_media_url":"","_links":{"self":[{"href":"https:\/\/quechilero.com\/blog\/wp-json\/wp\/v2\/posts\/27325","targetHints":{"allow":["GET"]}}],"collection":[{"href":"https:\/\/quechilero.com\/blog\/wp-json\/wp\/v2\/posts"}],"about":[{"href":"https:\/\/quechilero.com\/blog\/wp-json\/wp\/v2\/types\/post"}],"author":[{"embeddable":true,"href":"https:\/\/quechilero.com\/blog\/wp-json\/wp\/v2\/users\/1"}],"replies":[{"embeddable":true,"href":"https:\/\/quechilero.com\/blog\/wp-json\/wp\/v2\/comments?post=27325"}],"version-history":[{"count":0,"href":"https:\/\/quechilero.com\/blog\/wp-json\/wp\/v2\/posts\/27325\/revisions"}],"wp:attachment":[{"href":"https:\/\/quechilero.com\/blog\/wp-json\/wp\/v2\/media?parent=27325"}],"wp:term":[{"taxonomy":"category","embeddable":true,"href":"https:\/\/quechilero.com\/blog\/wp-json\/wp\/v2\/categories?post=27325"},{"taxonomy":"post_tag","embeddable":true,"href":"https:\/\/quechilero.com\/blog\/wp-json\/wp\/v2\/tags?post=27325"},{"taxonomy":"series","embeddable":true,"href":"https:\/\/quechilero.com\/blog\/wp-json\/wp\/v2\/series?post=27325"}],"curies":[{"name":"wp","href":"https:\/\/api.w.org\/{rel}","templated":true}]}}