{"id":27311,"date":"2013-10-17T09:00:49","date_gmt":"2013-10-17T15:00:49","guid":{"rendered":"https:\/\/quechilero.com\/blog\/?post_type=podcast&#038;p=27311"},"modified":"2018-08-13T21:51:46","modified_gmt":"2018-08-14T03:51:46","slug":"podcast-en-la-vida-de-san-agustin-episodio-14","status":"publish","type":"post","link":"https:\/\/quechilero.com\/blog\/2013\/10\/17\/podcast-en-la-vida-de-san-agustin-episodio-14\/","title":{"rendered":"Podcast: En la Vida de San Agust\u00edn, episodio 14"},"content":{"rendered":"<p><a href=\"http:\/\/quechilero.com\/blog\/2013\/09\/04\/podcast-en-la-vida-de-san-agustin\/\"><img data-recalc-dims=\"1\" loading=\"lazy\" decoding=\"async\" class=\"alignnone\" title=\"Las 6 de la ma\u00f1ana. Podcast\" src=\"https:\/\/i0.wp.com\/lh3.googleusercontent.com\/-MuDpgG_t8tg\/Uics8DjfI0I\/AAAAAAAACFg\/DQ_9XUG-gUE\/s800\/san-agustin.png?resize=560%2C170&#038;ssl=1\" alt=\"Las 6 de la ma\u00f1ana. Podcast\" width=\"560\" height=\"170\" \/><\/a><\/p>\n<p><strong>Del proceso hacia el autoconocimiento y el sentido de la propia vida<\/strong><\/p>\n<p>Juanico sigue en di\u00e1logo con Alipio y Agust\u00edn. Se revela la castidad de Alipio y escuchamos la respuesta que Agust\u00edn da a Juanico cuando este le pregunta si tiene mujer. Este cap\u00edtulo es ideal para corazones inquietos, acompa\u00f1antes y directores espirituales.<\/p>\n<p>***<\/p>\n<p><a title=\"Radionovela: En la Vida de San Agust\u00edn\" href=\"http:\/\/www.agustinosrecoletos.com\/blog\/category\/monograficos\/radionovela-san-agustin\/\" target=\"_blank\" rel=\"noopener\">La radionovela \u00abEn la Vida de San Agust\u00edn\u00bb<\/a>, escrita por Tere Garc\u00eda Ruiz, Seglar Agustina Recoleta, revisada y autorizada por fray Enrique Eguiarte, traslada las Confesiones a una serie de di\u00e1logos y situaciones que van del presente al pasado en Tagaste, Cartago, Mil\u00e1n e Hipona, con la familia, los amigos, la mujer, el hijo, las sectas y los conversos, con quienes Agust\u00edn comparte un contexto hist\u00f3rico complejo.<\/p>\n<p>La obra coloca al oyente en un ambiente fraterno, en el que Agust\u00edn y sus mejores amigos hacen vida de comunidad mientras forman a sus seguidores, en la verdadera libertad, la humildad y el amor.<\/p>\n<p>Esta radionovela fue creada para la\u00a0<a title=\"Agustinos Recoletos\" href=\"http:\/\/www.agustinosrecoletos.com\/\" target=\"_blank\" rel=\"noopener\">Orden de los Agustinos Recoletos<\/a> y promovida en su sitio web.<\/p>\n<p><a title=\"Podcast En la Vida de San Agust\u00edn\" href=\"http:\/\/quechilero.com\/blog\/2013\/09\/04\/podcast-en-la-vida-de-san-agustin\/\" target=\"_blank\" rel=\"noopener\">Descarga este y otros episodios<\/a>.<\/p>\n<p><a title=\"Podcast En la Vida de San Agust\u00edn\" href=\"http:\/\/feeds.feedburner.com\/las6am\" rel=\"alternate\"><img data-recalc-dims=\"1\" decoding=\"async\" title=\"Podcast En la Vida de San Agust\u00edn\" src=\"https:\/\/i0.wp.com\/www.feedburner.com\/fb\/images\/pub\/feed-icon16x16.png?w=1200&#038;ssl=1\" alt=\"\" \/><\/a>\u00a0<a href=\"http:\/\/feeds.feedburner.com\/las6am\" rel=\"alternate\">Suscr\u00edbete al podcast<\/a><\/p>\n","protected":false},"excerpt":{"rendered":"<p>Del proceso hacia el autoconocimiento y el sentido de la propia vida Juanico sigue en di\u00e1logo con Alipio y Agust\u00edn. Se revela la castidad de Alipio y escuchamos la respuesta que Agust\u00edn da a Juanico cuando este le pregunta si tiene mujer. Este cap\u00edtulo es ideal para corazones inquietos, acompa\u00f1antes y directores espirituales. *** La &#8230; <a title=\"Podcast: En la Vida de San Agust\u00edn, episodio 14\" class=\"read-more\" href=\"https:\/\/quechilero.com\/blog\/2013\/10\/17\/podcast-en-la-vida-de-san-agustin-episodio-14\/\" aria-label=\"Leer m\u00e1s sobre Podcast: En la Vida de San Agust\u00edn, episodio 14\">Leer m\u00e1s<\/a><\/p>\n","protected":false},"author":1,"featured_media":0,"comment_status":"open","ping_status":"open","sticky":false,"template":"","format":"standard","meta":{"advanced_seo_description":"","jetpack_seo_html_title":"","jetpack_seo_noindex":false,"jetpack_seo_schema_type":"","episode_type":"audio","audio_file":"http:\/\/media.blubrry.com\/quechilero\/p\/dts.podtrac.com\/redirect.mp3\/archive.org\/download\/PepeBarrascoutOrtiz\/14-DelProcesoHaciaElAutoconocimientoYSentidoDeLaPropiaVida-SanAgustn.mp3","podmotor_file_id":"","podmotor_episode_id":"","cover_image":"","cover_image_id":"","duration":"10:50","filesize":"4.96M","filesize_raw":"5201503","date_recorded":"","explicit":"","block":"","_jetpack_newsletter_access":"","_jetpack_dont_email_post_to_subs":false,"_jetpack_newsletter_tier_id":0,"_jetpack_memberships_contains_paywalled_content":false,"_jetpack_feature_clip_id":0,"_jetpack_memberships_contains_paid_content":false,"footnotes":"","jetpack_publicize_message":"","jetpack_publicize_feature_enabled":true,"jetpack_social_post_already_shared":true,"jetpack_social_options":{"image_generator_settings":{"template":"highway","default_image_id":0,"font":"","enabled":false},"version":2},"jetpack_post_was_ever_published":false},"categories":[111,128],"tags":[11,15,70,51,9,20,101,22,41,24],"series":[131],"class_list":["post-27311","post","type-post","status-publish","format-standard","hentry","category-podcast","category-vida-de-san-agustin","tag-amigo","tag-amor","tag-descarga","tag-dios","tag-idea","tag-mujer","tag-podcast-2","tag-respuesta","tag-verdad","tag-vida","series-vida-de-san-agustin"],"episode_featured_image":false,"episode_player_image":"https:\/\/i0.wp.com\/quechilero.com\/blog\/imagenes\/podcast.png?fit=1831%2C1831&ssl=1","download_link":"https:\/\/quechilero.com\/blog\/podcast-download\/27311\/podcast-en-la-vida-de-san-agustin-episodio-14.mp3","player_link":"https:\/\/quechilero.com\/blog\/podcast-player\/27311\/podcast-en-la-vida-de-san-agustin-episodio-14.mp3","audio_player":null,"episode_data":{"playerMode":"dark","subscribeUrls":{"amazon":{"key":"amazon","url":"","label":"Amazon","class":"amazon","icon":"amazon.png"},"apple_podcasts":{"key":"apple_podcasts","url":"https:\/\/itunes.apple.com\/gt\/podcast\/la-vida-de-san-agust\u00edn\/id1432102523","label":"Apple Podcasts","class":"apple_podcasts","icon":"apple-podcasts.png"},"castbox":{"key":"castbox","url":"","label":"CastBox","class":"castbox","icon":"castbox.png"},"deezer":{"key":"deezer","url":"","label":"Deezer","class":"deezer","icon":"deezer.png"},"google_podcasts":{"key":"google_podcasts","url":"https:\/\/play.google.com\/music\/m\/Ipptv6m2sy6kxnvbyzsbuehtzhu","label":"Google Podcasts","class":"google_podcasts","icon":"google-podcasts.png"},"listen_notes":{"key":"listen_notes","url":"","label":"Listen Notes","class":"listen_notes","icon":"listen-notes.png"},"pandora":{"key":"pandora","url":"","label":"Pandora","class":"pandora","icon":"pandora.png"},"podbean":{"key":"podbean","url":"","label":"Podbean","class":"podbean","icon":"podbean.png"},"podcast_republic":{"key":"podcast_republic","url":"","label":"Podcast Republic","class":"podcast_republic","icon":"podcast-republic.png"},"rss":{"key":"rss","url":"","label":"RSS","class":"rss","icon":"rss.png"},"spotify":{"key":"spotify","url":"","label":"Spotify","class":"spotify","icon":"spotify.png"},"stitcher":{"key":"stitcher","url":"https:\/\/www.stitcher.com\/s?fid=223047&refid=stpr","label":"Stitcher","class":"stitcher","icon":"stitcher.png"},"tunein":{"key":"tunein","url":"","label":"TuneIn","class":"tunein","icon":"tunein.png"},"youtube":{"key":"youtube","url":"","label":"YouTube","class":"youtube","icon":"youtube.png"},"iheartradio":{"key":"iheartradio","url":"","label":"iHeartRadio","class":"iheartradio","icon":"iheartradio.png"},"ivoox":{"key":"ivoox","url":"","label":"iVoox","class":"ivoox","icon":"ivoox.png"}},"rssFeedUrl":"https:\/\/quechilero.com\/blog\/feed\/podcast\/vida-de-san-agustin","embedCode":"<blockquote class=\"wp-embedded-content\" data-secret=\"i2q4A2GPwn\"><a href=\"https:\/\/quechilero.com\/blog\/2013\/10\/17\/podcast-en-la-vida-de-san-agustin-episodio-14\/\">Podcast: En la Vida de San Agust\u00edn, episodio 14<\/a><\/blockquote><iframe sandbox=\"allow-scripts\" security=\"restricted\" src=\"https:\/\/quechilero.com\/blog\/2013\/10\/17\/podcast-en-la-vida-de-san-agustin-episodio-14\/embed\/#?secret=i2q4A2GPwn\" width=\"500\" height=\"350\" title=\"\u00abPodcast: En la Vida de San Agust\u00edn, episodio 14\u00bb \u2014 Si la Vida nos da Limones...\" data-secret=\"i2q4A2GPwn\" frameborder=\"0\" marginwidth=\"0\" marginheight=\"0\" scrolling=\"no\" class=\"wp-embedded-content\"><\/iframe><script>\n\/*! This file is auto-generated *\/\n!function(d,l){\"use strict\";l.querySelector&&d.addEventListener&&\"undefined\"!=typeof URL&&(d.wp=d.wp||{},d.wp.receiveEmbedMessage||(d.wp.receiveEmbedMessage=function(e){var t=e.data;if((t||t.secret||t.message||t.value)&&!\/[^a-zA-Z0-9]\/.test(t.secret)){for(var s,r,n,a=l.querySelectorAll('iframe[data-secret=\"'+t.secret+'\"]'),o=l.querySelectorAll('blockquote[data-secret=\"'+t.secret+'\"]'),c=new RegExp(\"^https?:$\",\"i\"),i=0;i<o.length;i++)o[i].style.display=\"none\";for(i=0;i<a.length;i++)s=a[i],e.source===s.contentWindow&&(s.removeAttribute(\"style\"),\"height\"===t.message?(1e3<(r=parseInt(t.value,10))?r=1e3:~~r<200&&(r=200),s.height=r):\"link\"===t.message&&(r=new URL(s.getAttribute(\"src\")),n=new URL(t.value),c.test(n.protocol))&&n.host===r.host&&l.activeElement===s&&(d.top.location.href=t.value))}},d.addEventListener(\"message\",d.wp.receiveEmbedMessage,!1),l.addEventListener(\"DOMContentLoaded\",function(){for(var e,t,s=l.querySelectorAll(\"iframe.wp-embedded-content\"),r=0;r<s.length;r++)(t=(e=s[r]).getAttribute(\"data-secret\"))||(t=Math.random().toString(36).substring(2,12),e.src+=\"#?secret=\"+t,e.setAttribute(\"data-secret\",t)),e.contentWindow.postMessage({message:\"ready\",secret:t},\"*\")},!1)))}(window,document);\n\/\/# sourceURL=https:\/\/quechilero.com\/blog\/wp-includes\/js\/wp-embed.min.js\n<\/script>\n"},"jetpack_publicize_connections":[],"jetpack_shortlink":"https:\/\/wp.me\/pDKli-76v","jetpack_sharing_enabled":true,"jetpack-related-posts":[{"id":27317,"url":"https:\/\/quechilero.com\/blog\/2013\/09\/26\/podcast-en-la-vida-de-san-agustin-episodio-08\/","url_meta":{"origin":27311,"position":0},"title":"Podcast: En la Vida de San Agust\u00edn, episodio 08","author":"Pepe Barrascout Ortiz","date":"26 septiembre 2013","format":false,"excerpt":"De la superstici\u00f3n y el amor comunitario Un mensajero llega con Agust\u00edn denunciando a los paganos que matan por recuperar a H\u00e9rcules. De inmediato, Agust\u00edn le dicta una carta y gira instrucciones para resolver el caso. En el inter, Faustino platica con Alipio sobre los valores de la comunidad Agustiniana\u2026","rel":"","context":"En \u00abPodcast\u00bb","block_context":{"text":"Podcast","link":"https:\/\/quechilero.com\/blog\/category\/podcast\/"},"img":{"alt_text":"Las 6 de la ma\u00f1ana. Podcast","src":"https:\/\/i0.wp.com\/lh3.googleusercontent.com\/-MuDpgG_t8tg\/Uics8DjfI0I\/AAAAAAAACFg\/DQ_9XUG-gUE\/s800\/san-agustin.png?resize=350%2C200&ssl=1","width":350,"height":200,"srcset":"https:\/\/i0.wp.com\/lh3.googleusercontent.com\/-MuDpgG_t8tg\/Uics8DjfI0I\/AAAAAAAACFg\/DQ_9XUG-gUE\/s800\/san-agustin.png?resize=350%2C200&ssl=1 1x, https:\/\/i0.wp.com\/lh3.googleusercontent.com\/-MuDpgG_t8tg\/Uics8DjfI0I\/AAAAAAAACFg\/DQ_9XUG-gUE\/s800\/san-agustin.png?resize=525%2C300&ssl=1 1.5x"},"classes":[]},{"id":27318,"url":"https:\/\/quechilero.com\/blog\/2013\/09\/24\/podcast-en-la-vida-de-san-agustin-episodio-07\/","url_meta":{"origin":27311,"position":1},"title":"Podcast: En la Vida de San Agust\u00edn, episodio 07","author":"Pepe Barrascout Ortiz","date":"24 septiembre 2013","format":false,"excerpt":"De la caridad que libera y la universalidad cristiana San Agust\u00edn se acerca a un grupo de ex esclavos y nos da ejemplo del modo en el que la verdadera caridad libera. Sobre los sectarios, conversa con Alipio y nos enteramos de lo que ocasiona divisiones en la Iglesia. Faustino\u2026","rel":"","context":"En \u00abPodcast\u00bb","block_context":{"text":"Podcast","link":"https:\/\/quechilero.com\/blog\/category\/podcast\/"},"img":{"alt_text":"Las 6 de la ma\u00f1ana. Podcast","src":"https:\/\/i0.wp.com\/lh3.googleusercontent.com\/-MuDpgG_t8tg\/Uics8DjfI0I\/AAAAAAAACFg\/DQ_9XUG-gUE\/s800\/san-agustin.png?resize=350%2C200&ssl=1","width":350,"height":200,"srcset":"https:\/\/i0.wp.com\/lh3.googleusercontent.com\/-MuDpgG_t8tg\/Uics8DjfI0I\/AAAAAAAACFg\/DQ_9XUG-gUE\/s800\/san-agustin.png?resize=350%2C200&ssl=1 1x, https:\/\/i0.wp.com\/lh3.googleusercontent.com\/-MuDpgG_t8tg\/Uics8DjfI0I\/AAAAAAAACFg\/DQ_9XUG-gUE\/s800\/san-agustin.png?resize=525%2C300&ssl=1 1.5x"},"classes":[]},{"id":27274,"url":"https:\/\/quechilero.com\/blog\/2014\/03\/11\/podcast-en-la-vida-de-san-agustin-episodio-51\/","url_meta":{"origin":27311,"position":2},"title":"Podcast: En la Vida de San Agust\u00edn, episodio 51","author":"Pepe Barrascout Ortiz","date":"11 marzo 2014","format":false,"excerpt":"De la vida feliz Nos hallamos en ambiente de despedida. Nos enteramos de las conclusiones de Juanico y H\u00e9ctor sobre su vocaci\u00f3n. Seguimos el di\u00e1logo de Casiciaco sobre la vida feliz y nos impacta una pregunta de Juanico sobre la muerte. *** La radionovela \"En la Vida de San Agust\u00edn\",\u2026","rel":"","context":"En \u00abPodcast\u00bb","block_context":{"text":"Podcast","link":"https:\/\/quechilero.com\/blog\/category\/podcast\/"},"img":{"alt_text":"Las 6 de la ma\u00f1ana. Podcast","src":"https:\/\/i0.wp.com\/lh3.googleusercontent.com\/-MuDpgG_t8tg\/Uics8DjfI0I\/AAAAAAAACFg\/DQ_9XUG-gUE\/s800\/san-agustin.png?resize=350%2C200&ssl=1","width":350,"height":200,"srcset":"https:\/\/i0.wp.com\/lh3.googleusercontent.com\/-MuDpgG_t8tg\/Uics8DjfI0I\/AAAAAAAACFg\/DQ_9XUG-gUE\/s800\/san-agustin.png?resize=350%2C200&ssl=1 1x, https:\/\/i0.wp.com\/lh3.googleusercontent.com\/-MuDpgG_t8tg\/Uics8DjfI0I\/AAAAAAAACFg\/DQ_9XUG-gUE\/s800\/san-agustin.png?resize=525%2C300&ssl=1 1.5x"},"classes":[]},{"id":27300,"url":"https:\/\/quechilero.com\/blog\/2013\/11\/26\/podcast-en-la-vida-de-san-agustin-episodio-25\/","url_meta":{"origin":27311,"position":3},"title":"Podcast: En la Vida de San Agust\u00edn, episodio 25","author":"Pepe Barrascout Ortiz","date":"26 noviembre 2013","format":false,"excerpt":"Sobre el amor incondicional y la verdadera vocaci\u00f3n Es el momento culminante del acompa\u00f1amiento que Agust\u00edn presta a Juanico. Agust\u00edn le describe varias formas de amor. Juanico descubre el valor del amor desinteresado. *** La radionovela \"En la Vida de San Agust\u00edn\", escrita por Tere Garc\u00eda Ruiz, Seglar Agustina Recoleta,\u2026","rel":"","context":"En \u00abPodcast\u00bb","block_context":{"text":"Podcast","link":"https:\/\/quechilero.com\/blog\/category\/podcast\/"},"img":{"alt_text":"Las 6 de la ma\u00f1ana. Podcast","src":"https:\/\/i0.wp.com\/lh3.googleusercontent.com\/-MuDpgG_t8tg\/Uics8DjfI0I\/AAAAAAAACFg\/DQ_9XUG-gUE\/s800\/san-agustin.png?resize=350%2C200&ssl=1","width":350,"height":200,"srcset":"https:\/\/i0.wp.com\/lh3.googleusercontent.com\/-MuDpgG_t8tg\/Uics8DjfI0I\/AAAAAAAACFg\/DQ_9XUG-gUE\/s800\/san-agustin.png?resize=350%2C200&ssl=1 1x, https:\/\/i0.wp.com\/lh3.googleusercontent.com\/-MuDpgG_t8tg\/Uics8DjfI0I\/AAAAAAAACFg\/DQ_9XUG-gUE\/s800\/san-agustin.png?resize=525%2C300&ssl=1 1.5x"},"classes":[]},{"id":27316,"url":"https:\/\/quechilero.com\/blog\/2013\/10\/01\/podcast-en-la-vida-de-san-agustin-episodio-09\/","url_meta":{"origin":27311,"position":4},"title":"Podcast: En la Vida de San Agust\u00edn, episodio 09","author":"Pepe Barrascout Ortiz","date":"1 octubre 2013","format":false,"excerpt":"De la pureza y la correcci\u00f3n fraterna El cap\u00edtulo comienza en el recreo de los formandos. A lo lejos, Juanico llora mientras H\u00e9ctor le acompa\u00f1a. Juanico revela los puntos de la Regla que le han confrontado al grado de provocarle el llanto. H\u00e9ctor se muestra conmovido, arrepentido de sus imprudencias\u2026","rel":"","context":"En \u00abPodcast\u00bb","block_context":{"text":"Podcast","link":"https:\/\/quechilero.com\/blog\/category\/podcast\/"},"img":{"alt_text":"Las 6 de la ma\u00f1ana. Podcast","src":"https:\/\/i0.wp.com\/lh3.googleusercontent.com\/-MuDpgG_t8tg\/Uics8DjfI0I\/AAAAAAAACFg\/DQ_9XUG-gUE\/s800\/san-agustin.png?resize=350%2C200&ssl=1","width":350,"height":200,"srcset":"https:\/\/i0.wp.com\/lh3.googleusercontent.com\/-MuDpgG_t8tg\/Uics8DjfI0I\/AAAAAAAACFg\/DQ_9XUG-gUE\/s800\/san-agustin.png?resize=350%2C200&ssl=1 1x, https:\/\/i0.wp.com\/lh3.googleusercontent.com\/-MuDpgG_t8tg\/Uics8DjfI0I\/AAAAAAAACFg\/DQ_9XUG-gUE\/s800\/san-agustin.png?resize=525%2C300&ssl=1 1.5x"},"classes":[]},{"id":27319,"url":"https:\/\/quechilero.com\/blog\/2013\/09\/19\/podcast-en-la-vida-de-san-agustin-episodio-06\/","url_meta":{"origin":27311,"position":5},"title":"Podcast: En la Vida de San Agust\u00edn, episodio 06","author":"Pepe Barrascout Ortiz","date":"19 septiembre 2013","format":false,"excerpt":"De la injuria y el disimulo En el ambiente del convento, escuchamos la frase tal cual fue escrita en el comedor, donde Agust\u00edn rechaza terminantemente las cr\u00edticas e injurias contra los ausentes. En este cap\u00edtulo se revelan algunos puntos de la Regla e inicia la historia de dos novicios que\u2026","rel":"","context":"En \u00abPodcast\u00bb","block_context":{"text":"Podcast","link":"https:\/\/quechilero.com\/blog\/category\/podcast\/"},"img":{"alt_text":"Las 6 de la ma\u00f1ana. Podcast","src":"https:\/\/i0.wp.com\/lh3.googleusercontent.com\/-MuDpgG_t8tg\/Uics8DjfI0I\/AAAAAAAACFg\/DQ_9XUG-gUE\/s800\/san-agustin.png?resize=350%2C200&ssl=1","width":350,"height":200,"srcset":"https:\/\/i0.wp.com\/lh3.googleusercontent.com\/-MuDpgG_t8tg\/Uics8DjfI0I\/AAAAAAAACFg\/DQ_9XUG-gUE\/s800\/san-agustin.png?resize=350%2C200&ssl=1 1x, https:\/\/i0.wp.com\/lh3.googleusercontent.com\/-MuDpgG_t8tg\/Uics8DjfI0I\/AAAAAAAACFg\/DQ_9XUG-gUE\/s800\/san-agustin.png?resize=525%2C300&ssl=1 1.5x"},"classes":[]}],"jetpack_featured_media_url":"","_links":{"self":[{"href":"https:\/\/quechilero.com\/blog\/wp-json\/wp\/v2\/posts\/27311","targetHints":{"allow":["GET"]}}],"collection":[{"href":"https:\/\/quechilero.com\/blog\/wp-json\/wp\/v2\/posts"}],"about":[{"href":"https:\/\/quechilero.com\/blog\/wp-json\/wp\/v2\/types\/post"}],"author":[{"embeddable":true,"href":"https:\/\/quechilero.com\/blog\/wp-json\/wp\/v2\/users\/1"}],"replies":[{"embeddable":true,"href":"https:\/\/quechilero.com\/blog\/wp-json\/wp\/v2\/comments?post=27311"}],"version-history":[{"count":0,"href":"https:\/\/quechilero.com\/blog\/wp-json\/wp\/v2\/posts\/27311\/revisions"}],"wp:attachment":[{"href":"https:\/\/quechilero.com\/blog\/wp-json\/wp\/v2\/media?parent=27311"}],"wp:term":[{"taxonomy":"category","embeddable":true,"href":"https:\/\/quechilero.com\/blog\/wp-json\/wp\/v2\/categories?post=27311"},{"taxonomy":"post_tag","embeddable":true,"href":"https:\/\/quechilero.com\/blog\/wp-json\/wp\/v2\/tags?post=27311"},{"taxonomy":"series","embeddable":true,"href":"https:\/\/quechilero.com\/blog\/wp-json\/wp\/v2\/series?post=27311"}],"curies":[{"name":"wp","href":"https:\/\/api.w.org\/{rel}","templated":true}]}}