{"id":271,"date":"2006-10-05T18:13:48","date_gmt":"2006-10-06T00:13:48","guid":{"rendered":"http:\/\/quechilero.com\/blog\/2006\/10\/05\/cuidado-con-el-toro\/"},"modified":"2006-10-05T18:13:48","modified_gmt":"2006-10-06T00:13:48","slug":"cuidado-con-el-toro","status":"publish","type":"post","link":"https:\/\/quechilero.com\/blog\/2006\/10\/05\/cuidado-con-el-toro\/","title":{"rendered":"Cuidado con el toro"},"content":{"rendered":"<p>Siempre <em>aguas<\/em> con los toros, uno nunca sabe por donde le van a salir, ya ni en la granja se puede estar tranquilo \ud83d\ude42<\/p>\n<p><object data=\"http:\/\/www.youtube.com\/v\/wotgKWWbtAs\" style=\"width: 425px; height: 350px\" type=\"application\/x-shockwave-flash\"><\/object><\/p>\n","protected":false},"excerpt":{"rendered":"<p>Siempre aguas con los toros, uno nunca sabe por donde le van a salir, ya ni en la granja se puede estar tranquilo \ud83d\ude42<\/p>\n","protected":false},"author":1,"featured_media":0,"comment_status":"open","ping_status":"open","sticky":false,"template":"","format":"standard","meta":{"advanced_seo_description":"","jetpack_seo_html_title":"","jetpack_seo_noindex":false,"jetpack_seo_schema_type":"","episode_type":"","audio_file":"","podmotor_file_id":"","podmotor_episode_id":"","cover_image":"","cover_image_id":"","duration":"","filesize":"","filesize_raw":"","date_recorded":"","explicit":"","block":"","_jetpack_newsletter_access":"","_jetpack_dont_email_post_to_subs":false,"_jetpack_newsletter_tier_id":0,"_jetpack_memberships_contains_paywalled_content":false,"_jetpack_feature_clip_id":0,"_jetpack_memberships_contains_paid_content":false,"footnotes":"","jetpack_publicize_message":"","jetpack_publicize_feature_enabled":true,"jetpack_social_post_already_shared":false,"jetpack_social_options":{"image_generator_settings":{"template":"highway","default_image_id":0,"font":"","enabled":false},"version":2},"jetpack_post_was_ever_published":false},"categories":[2],"tags":[53],"series":[],"class_list":["post-271","post","type-post","status-publish","format-standard","hentry","category-limones","tag-youtube"],"episode_featured_image":false,"episode_player_image":"https:\/\/i0.wp.com\/quechilero.com\/blog\/imagenes\/podcast.png?fit=1831%2C1831&ssl=1","download_link":"","player_link":"","audio_player":false,"episode_data":{"playerMode":"dark","subscribeUrls":{"amazon":{"key":"amazon","url":"","label":"Amazon","class":"amazon","icon":"amazon.png"},"apple_podcasts":{"key":"apple_podcasts","url":"","label":"Apple Podcasts","class":"apple_podcasts","icon":"apple-podcasts.png"},"castbox":{"key":"castbox","url":"","label":"CastBox","class":"castbox","icon":"castbox.png"},"deezer":{"key":"deezer","url":"","label":"Deezer","class":"deezer","icon":"deezer.png"},"google_podcasts":{"key":"google_podcasts","url":"","label":"Google Podcasts","class":"google_podcasts","icon":"google-podcasts.png"},"listen_notes":{"key":"listen_notes","url":"","label":"Listen Notes","class":"listen_notes","icon":"listen-notes.png"},"pandora":{"key":"pandora","url":"","label":"Pandora","class":"pandora","icon":"pandora.png"},"podbean":{"key":"podbean","url":"","label":"Podbean","class":"podbean","icon":"podbean.png"},"podcast_republic":{"key":"podcast_republic","url":"","label":"Podcast Republic","class":"podcast_republic","icon":"podcast-republic.png"},"rss":{"key":"rss","url":"","label":"RSS","class":"rss","icon":"rss.png"},"spotify":{"key":"spotify","url":"","label":"Spotify","class":"spotify","icon":"spotify.png"},"stitcher":{"key":"stitcher","url":"","label":"Stitcher","class":"stitcher","icon":"stitcher.png"},"tunein":{"key":"tunein","url":"","label":"TuneIn","class":"tunein","icon":"tunein.png"},"youtube":{"key":"youtube","url":"","label":"YouTube","class":"youtube","icon":"youtube.png"},"iheartradio":{"key":"iheartradio","url":"","label":"iHeartRadio","class":"iheartradio","icon":"iheartradio.png"},"ivoox":{"key":"ivoox","url":"","label":"iVoox","class":"ivoox","icon":"ivoox.png"}},"rssFeedUrl":"https:\/\/quechilero.com\/blog\/feed\/podcast\/si-la-vida-nos-da-limones","embedCode":"<blockquote class=\"wp-embedded-content\" data-secret=\"gRN73kXmTF\"><a href=\"https:\/\/quechilero.com\/blog\/2006\/10\/05\/cuidado-con-el-toro\/\">Cuidado con el toro<\/a><\/blockquote><iframe sandbox=\"allow-scripts\" security=\"restricted\" src=\"https:\/\/quechilero.com\/blog\/2006\/10\/05\/cuidado-con-el-toro\/embed\/#?secret=gRN73kXmTF\" width=\"500\" height=\"350\" title=\"\u00abCuidado con el toro\u00bb \u2014 Si la Vida nos da Limones...\" data-secret=\"gRN73kXmTF\" frameborder=\"0\" marginwidth=\"0\" marginheight=\"0\" scrolling=\"no\" class=\"wp-embedded-content\"><\/iframe><script>\n\/*! This file is auto-generated *\/\n!function(d,l){\"use strict\";l.querySelector&&d.addEventListener&&\"undefined\"!=typeof URL&&(d.wp=d.wp||{},d.wp.receiveEmbedMessage||(d.wp.receiveEmbedMessage=function(e){var t=e.data;if((t||t.secret||t.message||t.value)&&!\/[^a-zA-Z0-9]\/.test(t.secret)){for(var s,r,n,a=l.querySelectorAll('iframe[data-secret=\"'+t.secret+'\"]'),o=l.querySelectorAll('blockquote[data-secret=\"'+t.secret+'\"]'),c=new RegExp(\"^https?:$\",\"i\"),i=0;i<o.length;i++)o[i].style.display=\"none\";for(i=0;i<a.length;i++)s=a[i],e.source===s.contentWindow&&(s.removeAttribute(\"style\"),\"height\"===t.message?(1e3<(r=parseInt(t.value,10))?r=1e3:~~r<200&&(r=200),s.height=r):\"link\"===t.message&&(r=new URL(s.getAttribute(\"src\")),n=new URL(t.value),c.test(n.protocol))&&n.host===r.host&&l.activeElement===s&&(d.top.location.href=t.value))}},d.addEventListener(\"message\",d.wp.receiveEmbedMessage,!1),l.addEventListener(\"DOMContentLoaded\",function(){for(var e,t,s=l.querySelectorAll(\"iframe.wp-embedded-content\"),r=0;r<s.length;r++)(t=(e=s[r]).getAttribute(\"data-secret\"))||(t=Math.random().toString(36).substring(2,12),e.src+=\"#?secret=\"+t,e.setAttribute(\"data-secret\",t)),e.contentWindow.postMessage({message:\"ready\",secret:t},\"*\")},!1)))}(window,document);\n\/\/# sourceURL=https:\/\/quechilero.com\/blog\/wp-includes\/js\/wp-embed.min.js\n<\/script>\n"},"jetpack_publicize_connections":[],"jetpack_shortlink":"https:\/\/wp.me\/pDKli-4n","jetpack_sharing_enabled":true,"jetpack-related-posts":[{"id":15126,"url":"https:\/\/quechilero.com\/blog\/2012\/11\/16\/el-toro-y-el-chivo\/","url_meta":{"origin":271,"position":0},"title":"El toro y el chivo","author":"Pepe Barrascout Ortiz","date":"16 noviembre 2012","format":false,"excerpt":"Un Toro, que hu\u00eda de un Le\u00f3n, se escondi\u00f3 en una cueva que algunos pastores hab\u00edan ocupado recientemente. Tan pronto como \u00e9l entr\u00f3 a la cueva, un Chivo que hab\u00eda quedado abandonado en la cueva, bruscamente lo atac\u00f3 con sus cuernos. El Toro serenamente se dirigi\u00f3 a \u00e9l: - Deja\u2026","rel":"","context":"En \u00abLimones\u00bb","block_context":{"text":"Limones","link":"https:\/\/quechilero.com\/blog\/category\/limones\/"},"img":{"alt_text":"","src":"","width":0,"height":0},"classes":[]},{"id":11466,"url":"https:\/\/quechilero.com\/blog\/2011\/12\/27\/el-raton-y-el-toro\/","url_meta":{"origin":271,"position":1},"title":"El rat\u00f3n y el toro","author":"Pepe Barrascout Ortiz","date":"27 diciembre 2011","format":false,"excerpt":"Un toro fue mordido por un rat\u00f3n, y enfadado por la herida, intent\u00f3 capturarlo. Pero el Rat\u00f3n alcanz\u00f3 su seguridad en su agujero. Aunque el toro cav\u00f3 en las paredes con sus cuernos, se cans\u00f3 antes de que pudiera alcanzar al rat\u00f3n, y poni\u00e9ndose de cuclillas, se qued\u00f3 durmiendo fuera\u2026","rel":"","context":"En \u00abLimones\u00bb","block_context":{"text":"Limones","link":"https:\/\/quechilero.com\/blog\/category\/limones\/"},"img":{"alt_text":"","src":"","width":0,"height":0},"classes":[]},{"id":5327,"url":"https:\/\/quechilero.com\/blog\/2010\/10\/22\/limonada-135\/","url_meta":{"origin":271,"position":2},"title":"Limonada # 135","author":"Pepe Barrascout Ortiz","date":"22 octubre 2010","format":false,"excerpt":"Torturar toros es cultura, copiar libros o m\u00fasica es delito. Desde Twitter","rel":"","context":"En \u00abLimonadas\u00bb","block_context":{"text":"Limonadas","link":"https:\/\/quechilero.com\/blog\/category\/limonadas\/"},"img":{"alt_text":"Libros","src":"https:\/\/i0.wp.com\/static.flickr.com\/57\/216091344_c2ca864164_m.jpg?resize=350%2C200","width":350,"height":200},"classes":[]},{"id":3015,"url":"https:\/\/quechilero.com\/blog\/2009\/10\/06\/en-el-momento-justo-con-el-angulo-exacto-70\/","url_meta":{"origin":271,"position":3},"title":"En el momento justo, con el \u00e1ngulo exacto","author":"Pepe Barrascout Ortiz","date":"6 octubre 2009","format":false,"excerpt":"Al toro por los cuernos... Fotograf\u00eda tomada en el momento justo, con el \u00e1ngulo exacto.","rel":"","context":"En \u00abLimones por mano\u00bb","block_context":{"text":"Limones por mano","link":"https:\/\/quechilero.com\/blog\/category\/limones-por-mano\/"},"img":{"alt_text":"","src":"https:\/\/i0.wp.com\/i392.photobucket.com\/albums\/pp7\/pepejaguar\/blog\/19.jpg?resize=350%2C200","width":350,"height":200,"srcset":"https:\/\/i0.wp.com\/i392.photobucket.com\/albums\/pp7\/pepejaguar\/blog\/19.jpg?resize=350%2C200 1x, https:\/\/i0.wp.com\/i392.photobucket.com\/albums\/pp7\/pepejaguar\/blog\/19.jpg?resize=525%2C300 1.5x"},"classes":[]},{"id":3099,"url":"https:\/\/quechilero.com\/blog\/2009\/10\/20\/en-el-momento-justo-con-el-angulo-exacto-73\/","url_meta":{"origin":271,"position":4},"title":"En el momento justo, con el \u00e1ngulo exacto","author":"Pepe Barrascout Ortiz","date":"20 octubre 2009","format":false,"excerpt":"Ol\u00e9... El torero espa\u00f1ol conocido como El Cid es corneado en la entrepierna por un toro llamado EL Ventorrilo, durante una corrida en el festival de San Ferm\u00edn en Pamplona. Fotograf\u00eda tomada en el momento justo, con el \u00e1ngulo exacto.","rel":"","context":"En \u00abLimones por mano\u00bb","block_context":{"text":"Limones por mano","link":"https:\/\/quechilero.com\/blog\/category\/limones-por-mano\/"},"img":{"alt_text":"","src":"https:\/\/i0.wp.com\/i392.photobucket.com\/albums\/pp7\/pepejaguar\/blog\/matadoe-gored_1440922i.jpg?resize=350%2C200","width":350,"height":200,"srcset":"https:\/\/i0.wp.com\/i392.photobucket.com\/albums\/pp7\/pepejaguar\/blog\/matadoe-gored_1440922i.jpg?resize=350%2C200 1x, https:\/\/i0.wp.com\/i392.photobucket.com\/albums\/pp7\/pepejaguar\/blog\/matadoe-gored_1440922i.jpg?resize=525%2C300 1.5x"},"classes":[]},{"id":1657,"url":"https:\/\/quechilero.com\/blog\/2008\/09\/14\/la-bandera-mas-bonita-del-mundo\/","url_meta":{"origin":271,"position":5},"title":"La bandera mas bonita del mundo","author":"Pepe Barrascout Ortiz","date":"14 septiembre 2008","format":false,"excerpt":"Hace unos meses se realiz\u00f3 un \"\u00bfconcurso?\" para elegir la bandera mas bonita del mundo, el cual tuvo muchas reacciones de todo tipo, desde los que llamaban a votar hasta los que consideraban rid\u00edculo participar en ese tipo de actividad. Por un lado los que se sent\u00edan profundamente identificados con\u2026","rel":"","context":"En \u00abLimones\u00bb","block_context":{"text":"Limones","link":"https:\/\/quechilero.com\/blog\/category\/limones\/"},"img":{"alt_text":"","src":"","width":0,"height":0},"classes":[]}],"jetpack_featured_media_url":"","_links":{"self":[{"href":"https:\/\/quechilero.com\/blog\/wp-json\/wp\/v2\/posts\/271","targetHints":{"allow":["GET"]}}],"collection":[{"href":"https:\/\/quechilero.com\/blog\/wp-json\/wp\/v2\/posts"}],"about":[{"href":"https:\/\/quechilero.com\/blog\/wp-json\/wp\/v2\/types\/post"}],"author":[{"embeddable":true,"href":"https:\/\/quechilero.com\/blog\/wp-json\/wp\/v2\/users\/1"}],"replies":[{"embeddable":true,"href":"https:\/\/quechilero.com\/blog\/wp-json\/wp\/v2\/comments?post=271"}],"version-history":[{"count":0,"href":"https:\/\/quechilero.com\/blog\/wp-json\/wp\/v2\/posts\/271\/revisions"}],"wp:attachment":[{"href":"https:\/\/quechilero.com\/blog\/wp-json\/wp\/v2\/media?parent=271"}],"wp:term":[{"taxonomy":"category","embeddable":true,"href":"https:\/\/quechilero.com\/blog\/wp-json\/wp\/v2\/categories?post=271"},{"taxonomy":"post_tag","embeddable":true,"href":"https:\/\/quechilero.com\/blog\/wp-json\/wp\/v2\/tags?post=271"},{"taxonomy":"series","embeddable":true,"href":"https:\/\/quechilero.com\/blog\/wp-json\/wp\/v2\/series?post=271"}],"curies":[{"name":"wp","href":"https:\/\/api.w.org\/{rel}","templated":true}]}}