{"id":2679,"date":"2009-06-04T08:00:32","date_gmt":"2009-06-04T14:00:32","guid":{"rendered":"http:\/\/quechilero.com\/blog\/?p=2679"},"modified":"2009-06-04T08:00:32","modified_gmt":"2009-06-04T14:00:32","slug":"paciencia-hermano","status":"publish","type":"post","link":"https:\/\/quechilero.com\/blog\/2009\/06\/04\/paciencia-hermano\/","title":{"rendered":"Paciencia, hermano"},"content":{"rendered":"<p>Un pastor apacentaba su reba\u00f1o en el campo cuando un forastero se acerc\u00f3 y le  hizo varias preguntas sobre sus ovejas: cu\u00e1nto com\u00edan, cu\u00e1nto caminaban, cu\u00e1nta  leche daban.<\/p>\n<p>A todas respond\u00eda el pastor:<em> \u00ab\u00bfSe refiere usted a las blancas o las  negras?\u00bb<\/em>. Siendo la misma respuesta para ambas, le pregunt\u00f3 enojado el  forastero:<\/p>\n<p>&#8211; <em>\u00bfHay alguna diferencia entre las blancas y las negras o no?<\/em><\/p>\n<p>&#8211; <em>Claro que s\u00ed<\/em> -contest\u00f3 el pastor. <em>Las blancas son m\u00edas<\/em>.<\/p>\n<p>&#8211; <em>\u00bfY las negras?<\/em> -pregunt\u00f3 de nuevo el forastero.<\/p>\n<p>El pastor contest\u00f3:<\/p>\n<p>&#8211; <em>Las negras tambi\u00e9n son m\u00edas<\/em>.<\/p>\n","protected":false},"excerpt":{"rendered":"<p>Un pastor apacentaba su reba\u00f1o en el campo cuando un forastero se acerc\u00f3 y le hizo varias preguntas sobre sus ovejas: cu\u00e1nto com\u00edan, cu\u00e1nto caminaban, cu\u00e1nta leche daban. A todas respond\u00eda el pastor: \u00ab\u00bfSe refiere usted a las blancas o las negras?\u00bb. Siendo la misma respuesta para ambas, le pregunt\u00f3 enojado el forastero: &#8211; \u00bfHay &#8230; <a title=\"Paciencia, hermano\" class=\"read-more\" href=\"https:\/\/quechilero.com\/blog\/2009\/06\/04\/paciencia-hermano\/\" aria-label=\"Leer m\u00e1s sobre Paciencia, hermano\">Leer m\u00e1s<\/a><\/p>\n","protected":false},"author":1,"featured_media":0,"comment_status":"open","ping_status":"open","sticky":false,"template":"","format":"standard","meta":{"advanced_seo_description":"","jetpack_seo_html_title":"","jetpack_seo_noindex":false,"jetpack_seo_schema_type":"","episode_type":"","audio_file":"","podmotor_file_id":"","podmotor_episode_id":"","cover_image":"","cover_image_id":"","duration":"","filesize":"","filesize_raw":"","date_recorded":"","explicit":"","block":"","_jetpack_newsletter_access":"","_jetpack_dont_email_post_to_subs":false,"_jetpack_newsletter_tier_id":0,"_jetpack_memberships_contains_paywalled_content":false,"_jetpack_feature_clip_id":0,"_jetpack_memberships_contains_paid_content":false,"footnotes":"","jetpack_publicize_message":"","jetpack_publicize_feature_enabled":true,"jetpack_social_post_already_shared":false,"jetpack_social_options":{"image_generator_settings":{"template":"highway","default_image_id":0,"font":"","enabled":false},"version":2},"jetpack_post_was_ever_published":false},"categories":[2],"tags":[60,22],"series":[],"class_list":["post-2679","post","type-post","status-publish","format-standard","hentry","category-limones","tag-paciencia","tag-respuesta"],"episode_featured_image":false,"episode_player_image":"https:\/\/i0.wp.com\/quechilero.com\/blog\/imagenes\/podcast.png?fit=1831%2C1831&ssl=1","download_link":"","player_link":"","audio_player":false,"episode_data":{"playerMode":"dark","subscribeUrls":{"amazon":{"key":"amazon","url":"","label":"Amazon","class":"amazon","icon":"amazon.png"},"apple_podcasts":{"key":"apple_podcasts","url":"","label":"Apple Podcasts","class":"apple_podcasts","icon":"apple-podcasts.png"},"castbox":{"key":"castbox","url":"","label":"CastBox","class":"castbox","icon":"castbox.png"},"deezer":{"key":"deezer","url":"","label":"Deezer","class":"deezer","icon":"deezer.png"},"google_podcasts":{"key":"google_podcasts","url":"","label":"Google Podcasts","class":"google_podcasts","icon":"google-podcasts.png"},"listen_notes":{"key":"listen_notes","url":"","label":"Listen Notes","class":"listen_notes","icon":"listen-notes.png"},"pandora":{"key":"pandora","url":"","label":"Pandora","class":"pandora","icon":"pandora.png"},"podbean":{"key":"podbean","url":"","label":"Podbean","class":"podbean","icon":"podbean.png"},"podcast_republic":{"key":"podcast_republic","url":"","label":"Podcast Republic","class":"podcast_republic","icon":"podcast-republic.png"},"rss":{"key":"rss","url":"","label":"RSS","class":"rss","icon":"rss.png"},"spotify":{"key":"spotify","url":"","label":"Spotify","class":"spotify","icon":"spotify.png"},"stitcher":{"key":"stitcher","url":"","label":"Stitcher","class":"stitcher","icon":"stitcher.png"},"tunein":{"key":"tunein","url":"","label":"TuneIn","class":"tunein","icon":"tunein.png"},"youtube":{"key":"youtube","url":"","label":"YouTube","class":"youtube","icon":"youtube.png"},"iheartradio":{"key":"iheartradio","url":"","label":"iHeartRadio","class":"iheartradio","icon":"iheartradio.png"},"ivoox":{"key":"ivoox","url":"","label":"iVoox","class":"ivoox","icon":"ivoox.png"}},"rssFeedUrl":"https:\/\/quechilero.com\/blog\/feed\/podcast\/si-la-vida-nos-da-limones","embedCode":"<blockquote class=\"wp-embedded-content\" data-secret=\"ODCus0wzzR\"><a href=\"https:\/\/quechilero.com\/blog\/2009\/06\/04\/paciencia-hermano\/\">Paciencia, hermano<\/a><\/blockquote><iframe sandbox=\"allow-scripts\" security=\"restricted\" src=\"https:\/\/quechilero.com\/blog\/2009\/06\/04\/paciencia-hermano\/embed\/#?secret=ODCus0wzzR\" width=\"500\" height=\"350\" title=\"\u00abPaciencia, hermano\u00bb \u2014 Si la Vida nos da Limones...\" data-secret=\"ODCus0wzzR\" frameborder=\"0\" marginwidth=\"0\" marginheight=\"0\" scrolling=\"no\" class=\"wp-embedded-content\"><\/iframe><script>\n\/*! This file is auto-generated *\/\n!function(d,l){\"use strict\";l.querySelector&&d.addEventListener&&\"undefined\"!=typeof URL&&(d.wp=d.wp||{},d.wp.receiveEmbedMessage||(d.wp.receiveEmbedMessage=function(e){var t=e.data;if((t||t.secret||t.message||t.value)&&!\/[^a-zA-Z0-9]\/.test(t.secret)){for(var s,r,n,a=l.querySelectorAll('iframe[data-secret=\"'+t.secret+'\"]'),o=l.querySelectorAll('blockquote[data-secret=\"'+t.secret+'\"]'),c=new RegExp(\"^https?:$\",\"i\"),i=0;i<o.length;i++)o[i].style.display=\"none\";for(i=0;i<a.length;i++)s=a[i],e.source===s.contentWindow&&(s.removeAttribute(\"style\"),\"height\"===t.message?(1e3<(r=parseInt(t.value,10))?r=1e3:~~r<200&&(r=200),s.height=r):\"link\"===t.message&&(r=new URL(s.getAttribute(\"src\")),n=new URL(t.value),c.test(n.protocol))&&n.host===r.host&&l.activeElement===s&&(d.top.location.href=t.value))}},d.addEventListener(\"message\",d.wp.receiveEmbedMessage,!1),l.addEventListener(\"DOMContentLoaded\",function(){for(var e,t,s=l.querySelectorAll(\"iframe.wp-embedded-content\"),r=0;r<s.length;r++)(t=(e=s[r]).getAttribute(\"data-secret\"))||(t=Math.random().toString(36).substring(2,12),e.src+=\"#?secret=\"+t,e.setAttribute(\"data-secret\",t)),e.contentWindow.postMessage({message:\"ready\",secret:t},\"*\")},!1)))}(window,document);\n\/\/# sourceURL=https:\/\/quechilero.com\/blog\/wp-includes\/js\/wp-embed.min.js\n<\/script>\n"},"jetpack_publicize_connections":[],"jetpack_shortlink":"https:\/\/wp.me\/pDKli-Hd","jetpack_sharing_enabled":true,"jetpack-related-posts":[{"id":299,"url":"https:\/\/quechilero.com\/blog\/2006\/11\/01\/atender-la-llamada\/","url_meta":{"origin":2679,"position":0},"title":"Atender la llamada","author":"Pepe Barrascout Ortiz","date":"1 noviembre 2006","format":false,"excerpt":"En una noche de s\u00e1bado hace varias semanas, se encontraba un pastor trabajando hasta tarde, y decidi\u00f3 llamar a su esposa para avisarle que en ese momento sal\u00eda para irse a casa. Eran cerca de las 10:00 p.m., y a pesar que dej\u00f3 que sonara varias veces, su esposa no\u2026","rel":"","context":"En \u00abLimones\u00bb","block_context":{"text":"Limones","link":"https:\/\/quechilero.com\/blog\/category\/limones\/"},"img":{"alt_text":"","src":"","width":0,"height":0},"classes":[]},{"id":19926,"url":"https:\/\/quechilero.com\/blog\/2015\/03\/18\/el-caballo-y-el-venado\/","url_meta":{"origin":2679,"position":1},"title":"El caballo y el venado","author":"Pepe Barrascout Ortiz","date":"18 marzo 2015","format":false,"excerpt":"En un tiempo el caballo ten\u00eda todo el pasto de la llanura solamente para \u00e9l. Sucedi\u00f3 entonces que un venado se meti\u00f3 en su territorio y comparti\u00f3 su pasto. El caballo, deseando vengarse del forastero, pregunt\u00f3 a un hombre si \u00e9l quisiera ayudarle a castigar al venado. El hombre contest\u00f3\u2026","rel":"","context":"En \u00abLimones\u00bb","block_context":{"text":"Limones","link":"https:\/\/quechilero.com\/blog\/category\/limones\/"},"img":{"alt_text":"","src":"","width":0,"height":0},"classes":[]},{"id":19517,"url":"https:\/\/quechilero.com\/blog\/2014\/10\/11\/cuando-hay-que-empezar\/","url_meta":{"origin":2679,"position":2},"title":"\u00bfCu\u00e1ndo hay que empezar?","author":"Pepe Barrascout Ortiz","date":"11 octubre 2014","format":false,"excerpt":"El misionero Hudson Taylor cuenta que un pastor chino, interrogando a un joven convertido, le pregunt\u00f3 si era verdad que conoc\u00eda al Se\u00f1or Jes\u00fas desde hac\u00eda tres meses. \u00c9ste replic\u00f3: - Si, afortunadamente, es as\u00ed. El pastor continu\u00f3... - \u00bfY cuantas personas ha ganado usted para Jes\u00fas? - \u00a1Oh! -dijo\u2026","rel":"","context":"En \u00abLimones\u00bb","block_context":{"text":"Limones","link":"https:\/\/quechilero.com\/blog\/category\/limones\/"},"img":{"alt_text":"","src":"","width":0,"height":0},"classes":[]},{"id":19644,"url":"https:\/\/quechilero.com\/blog\/2015\/01\/06\/no-hay-acepcion-de-personas\/","url_meta":{"origin":2679,"position":3},"title":"No hay acepci\u00f3n de personas","author":"Pepe Barrascout Ortiz","date":"6 enero 2015","format":false,"excerpt":"Cierto pastor dijo que en su congregaci\u00f3n hab\u00eda un hombre muy rico, que si \u00e9ste hubiera sido pobre \u00e9l le habr\u00eda hablado acerca de la salvaci\u00f3n de su alma, pero que \u00e9l como pastor cre\u00eda que ser\u00eda presuntuoso hablarle de eso a dicho rico. Un d\u00eda uno de los miembros\u2026","rel":"","context":"En \u00abLimones\u00bb","block_context":{"text":"Limones","link":"https:\/\/quechilero.com\/blog\/category\/limones\/"},"img":{"alt_text":"","src":"","width":0,"height":0},"classes":[]},{"id":932,"url":"https:\/\/quechilero.com\/blog\/2008\/04\/10\/instinto-de-manada\/","url_meta":{"origin":2679,"position":4},"title":"Instinto de manada","author":"Pepe Barrascout Ortiz","date":"10 abril 2008","format":false,"excerpt":"Cerca del poblado de Gevas al este de Turqu\u00eda, mientras los pastores tomaban su desayuno, una de sus ovejas salt\u00f3 por un precipicio de casi 14 metros y se mat\u00f3. Luego, ante la mirada de asombro de los pastores, el resto del reba\u00f1o la sigui\u00f3. En total, 1,500 ovejas se\u2026","rel":"","context":"En \u00abLimones\u00bb","block_context":{"text":"Limones","link":"https:\/\/quechilero.com\/blog\/category\/limones\/"},"img":{"alt_text":"","src":"","width":0,"height":0},"classes":[]},{"id":5674,"url":"https:\/\/quechilero.com\/blog\/2010\/09\/27\/el-aguila-el-cuervo-y-el-pastor\/","url_meta":{"origin":2679,"position":5},"title":"El \u00e1guila, el cuervo y el pastor","author":"Pepe Barrascout Ortiz","date":"27 septiembre 2010","format":false,"excerpt":"Lanz\u00e1ndose desde una cima, un \u00e1guila arrebat\u00f3 a un corderito. La vio un cuervo y tratando de imitar al \u00e1guila, se lanz\u00f3 sobre un carnero, pero con tan mal conocimiento en el arte que sus garras se enredaron en la lana, y batiendo al m\u00e1ximo sus alas no logr\u00f3 soltarse.\u2026","rel":"","context":"En \u00abLimones\u00bb","block_context":{"text":"Limones","link":"https:\/\/quechilero.com\/blog\/category\/limones\/"},"img":{"alt_text":"","src":"","width":0,"height":0},"classes":[]}],"jetpack_featured_media_url":"","_links":{"self":[{"href":"https:\/\/quechilero.com\/blog\/wp-json\/wp\/v2\/posts\/2679","targetHints":{"allow":["GET"]}}],"collection":[{"href":"https:\/\/quechilero.com\/blog\/wp-json\/wp\/v2\/posts"}],"about":[{"href":"https:\/\/quechilero.com\/blog\/wp-json\/wp\/v2\/types\/post"}],"author":[{"embeddable":true,"href":"https:\/\/quechilero.com\/blog\/wp-json\/wp\/v2\/users\/1"}],"replies":[{"embeddable":true,"href":"https:\/\/quechilero.com\/blog\/wp-json\/wp\/v2\/comments?post=2679"}],"version-history":[{"count":0,"href":"https:\/\/quechilero.com\/blog\/wp-json\/wp\/v2\/posts\/2679\/revisions"}],"wp:attachment":[{"href":"https:\/\/quechilero.com\/blog\/wp-json\/wp\/v2\/media?parent=2679"}],"wp:term":[{"taxonomy":"category","embeddable":true,"href":"https:\/\/quechilero.com\/blog\/wp-json\/wp\/v2\/categories?post=2679"},{"taxonomy":"post_tag","embeddable":true,"href":"https:\/\/quechilero.com\/blog\/wp-json\/wp\/v2\/tags?post=2679"},{"taxonomy":"series","embeddable":true,"href":"https:\/\/quechilero.com\/blog\/wp-json\/wp\/v2\/series?post=2679"}],"curies":[{"name":"wp","href":"https:\/\/api.w.org\/{rel}","templated":true}]}}